{"id":658331,"date":"2023-11-18T19:29:10","date_gmt":"2023-11-18T15:29:10","guid":{"rendered":"https:\/\/arantv.az\/?p=658331"},"modified":"2023-11-18T19:29:10","modified_gmt":"2023-11-18T15:29:10","slug":"berlin-s%c9%99h%c9%99rind%c9%99-almaniyadaki-az%c9%99rbaycanli-h%c9%99kiml%c9%99rin-ii-forumu-baslayib-foto","status":"publish","type":"post","link":"https:\/\/arantv.az\/?p=658331","title":{"rendered":"Berlin \u015f\u0259h\u0259rind\u0259 Almaniyadak\u0131 Az\u0259rbaycanl\u0131 H\u0259kiml\u0259rin II Forumu ba\u015flay\u0131b &#8211; FOTO"},"content":{"rendered":"<p>\u201cHeyd\u0259r \u018fliyev \u0130li\u201d \u00e7\u0259r\u00e7iv\u0259sind\u0259 Berlin \u015f\u0259h\u0259rind\u0259ki Az\u0259rbaycan M\u0259d\u0259niyy\u0259t M\u0259rk\u0259zind\u0259 Almaniyadak\u0131 Az\u0259rbaycanl\u0131 H\u0259kiml\u0259rin II Forumu \u00f6z i\u015fin\u0259 ba\u015flay\u0131b.<\/p>\n<p><strong>ARANTV.AZ <\/strong>x\u0259b\u0259r verir ki, t\u0259dbird\u0259 Diasporla \u0130\u015f \u00fczr\u0259 D\u00f6vl\u0259t Komit\u0259sinin, Az\u0259rbaycan\u0131n Almaniyadak\u0131 s\u0259firliyinin, \u018fm\u0259k v\u0259 \u018fhalinin Sosial M\u00fcdafi\u0259si Nazirliyinin, \u0130cbari Tibbi S\u0131\u011forta \u00fczr\u0259 D\u00f6vl\u0259t Agentliyinin, Tibbi \u018frazi B\u00f6lm\u0259l\u0259rini \u0130dar\u0259etm\u0259 Birliyinin \u0259m\u0259kda\u015flar\u0131, Almaniyan\u0131n 70-\u0259 yax\u0131n \u015f\u0259h\u0259rind\u0259n g\u0259l\u0259n tibb m\u00fct\u0259x\u0259ssisl\u0259ri v\u0259 qonaqlar i\u015ftirak edibl\u0259r.<\/p>\n<p>Az\u0259rbaycan\u0131n D\u00f6vl\u0259t Himninin s\u0259sl\u0259ndirilm\u0259si il\u0259 ba\u015flayan t\u0259dbird\u0259 ulu \u00f6nd\u0259r Heyd\u0259r \u018fliyevin v\u0259 \u00f6lk\u0259mizin \u0259razi b\u00fct\u00f6vl\u00fcy\u00fc u\u011frunda canlar\u0131ndan ke\u00e7mi\u015f \u015f\u0259hidl\u0259rimizin \u0259ziz xatir\u0259si bir d\u0259qiq\u0259lik s\u00fckutla yad edilib.<\/p>\n<p>Ard\u0131nca \u00fcmummilli liderin anadan olmas\u0131n\u0131n 100 illiyin\u0259 Diasporla \u0130\u015f \u00fczr\u0259 D\u00f6vl\u0259t Komit\u0259sinin h\u0259sr etdiyi \u201cHeyd\u0259r \u018fliyev v\u0259 Az\u0259rbaycan diasporu\u201d s\u0259n\u0259dli filmi v\u0259 \u015fanl\u0131 Z\u0259f\u0259rimizi \u0259ks etdir\u0259n \u201cXalqa veril\u0259n s\u00f6z h\u0259qiq\u0259t\u0259 \u00e7evrildi\u201d video\u00e7arx\u0131 n\u00fcmayi\u015f olunub.<\/p>\n<p>Sonra t\u0259dbirin moderatoru Dr. Nuran Abdullayev Almaniya Az\u0259rbaycanl\u0131lar\u0131 Alyans\u0131n\u0131n v\u0259 Almaniyadak\u0131 az\u0259rbaycanl\u0131 h\u0259kiml\u0259rin f\u0259aliyy\u0259tind\u0259n b\u0259hs ed\u0259n video\u00e7arx\u0131 t\u0259qdim edib.<\/p>\n<p>Forumda \u00e7\u0131x\u0131\u015f ed\u0259n Az\u0259rbaycan\u0131n Almaniyadak\u0131 f\u00f6vq\u0259lad\u0259 v\u0259 s\u0259lahiyy\u0259tli s\u0259firi N\u0259simi A\u011fayev bildirib ki, Almaniyada ya\u015fayan az\u0259rbaycanl\u0131lar\u0131n birliyini m\u00fc\u015fahid\u0259 edirl\u0259r: \u201cBizim h\u0259r birimizin v\u0259zif\u0259si Az\u0259rbaycanla ba\u011fl\u0131 h\u0259qiq\u0259tl\u0259rin d\u00fcr\u00fcst \u015f\u0259kild\u0259 yerli ictimaiyy\u0259t\u0259 \u00e7atd\u0131r\u0131lmas\u0131d\u0131r. Almaniyadak\u0131 Az\u0259rbaycan diiasporu x\u00fcsusi f\u0259all\u0131\u011f\u0131 il\u0259 se\u00e7ilir v\u0259 m\u00fch\u00fcm i\u015fl\u0259r g\u00f6r\u00fcr. Bundan sonra da bu f\u0259aliyy\u0259tl\u0259rin birg\u0259, s\u0131x v\u0259 \u0259laq\u0259l\u0259ndirilmi\u015f \u015f\u0259kild\u0259 davam etdirilm\u0259si v\u0259 g\u00fccl\u0259ndirilm\u0259si z\u0259ruridir\u201d.<\/p>\n<p>T\u0259dbir d\u00fcnya az\u0259rbaycanl\u0131lar\u0131n\u0131n v\u0259 Az\u0259rbaycan diaspor t\u0259\u015fkilatlar\u0131n\u0131n m\u00fcxt\u0259lif \u00f6lk\u0259l\u0259rd\u0259 f\u0259aliyy\u0259tini \u0259ks etdir\u0259n m\u0259lumat xarakterli video\u00e7arx\u0131n n\u00fcmayi\u015fi il\u0259 davam etdirilib.<\/p>\n<p>Forum i\u015ftirak\u00e7\u0131lar\u0131n\u0131 salamlayan Diasporla \u0130\u015f \u00fczr\u0259 D\u00f6vl\u0259t Komit\u0259sinin s\u0259dri Fuad Muradov bu \u0259lam\u0259tdar hadis\u0259 m\u00fcnasib\u0259til\u0259 soyda\u015flar\u0131m\u0131z\u0131 t\u0259brik edib v\u0259 forumun i\u015fin\u0259 u\u011furlar arzulay\u0131b. Bu il v\u0259t\u0259nimizd\u0259 v\u0259 xarici \u00f6lk\u0259l\u0259rd\u0259 100 illik yubileyi qeyd olunan g\u00f6rk\u0259mli d\u00f6vl\u0259t xadimi Heyd\u0259r \u018fliyevin az\u0259rbaycanl\u0131lar\u0131n xaricd\u0259 t\u0259hsil almas\u0131na x\u00fcsusi diqq\u0259t yetirdiyini xat\u0131rlad\u0131b. Haz\u0131rda xaricd\u0259 f\u0259aliyy\u0259t g\u00f6st\u0259r\u0259n Az\u0259rbaycan icmalar\u0131n\u0131n Prezident \u0130lham \u018fliyevin v\u0259 Birinci vitse-prezidenti Mehriban xan\u0131m \u018fliyevan\u0131n diqq\u0259tind\u0259 oldu\u011funu vur\u011fulayan Komit\u0259 s\u0259dri forumun i\u015fini v\u0259 Almaniyadak\u0131 Az\u0259rbaycan icmas\u0131n\u0131n f\u0259aliyy\u0259tini y\u00fcks\u0259k qiym\u0259tl\u0259ndirib. Az\u0259rbaycan icmas\u0131n\u0131n yerli c\u0259miyy\u0259t\u0259 v\u0259 ictimai-siyasi dair\u0259l\u0259r\u0259 t\u0259sir imkan\u0131n\u0131n art\u0131r\u0131lmas\u0131 istiqam\u0259tind\u0259 g\u00fcc\u0259 v\u0259 potensiala malik oldu\u011funu n\u0259z\u0259r\u0259 \u00e7atd\u0131r\u0131b.<\/p>\n<p>\u201c\u00dcmid edir\u0259m ki, Berlind\u0259 ke\u00e7iril\u0259n Almaniyadak\u0131 Az\u0259rbaycanl\u0131 H\u0259kiml\u0259rin II Forumu xaricd\u0259 \u00e7al\u0131\u015fan az\u0259rbaycanl\u0131 h\u0259kiml\u0259rl\u0259 \u00f6lk\u0259mizin bu sah\u0259d\u0259 f\u0259aliyy\u0259t g\u00f6st\u0259r\u0259n qurumlar\u0131 aras\u0131nda daha s\u0131x \u0259laq\u0259l\u0259rin qurulmas\u0131na v\u0259 xaricd\u0259 ya\u015fayan az\u0259rbaycanl\u0131 h\u0259kiml\u0259rin milli s\u0259hiyy\u0259 sisteminin inki\u015faf\u0131nda g\u00f6r\u00fcl\u0259n i\u015fl\u0259r\u0259 t\u00f6hf\u0259 verm\u0259sin\u0259 k\u00f6m\u0259k ed\u0259c\u0259k. \u0130nan\u0131ram ki, h\u0259r biriniz milli-m\u0259n\u0259vi v\u0259 d\u00f6vl\u0259t\u00e7ilik d\u0259y\u0259rl\u0259rimizi d\u0259 layiqinc\u0259 t\u0259msil etm\u0259k \u00fc\u00e7\u00fcn \u0259m\u0259yinizi \u0259sirg\u0259m\u0259y\u0259c\u0259ksiniz\u201d, &#8211; Komit\u0259 s\u0259dri s\u00f6yl\u0259yib.<\/p>\n<p>Daha sonra Az\u0259rbaycan\u0131n \u0259m\u0259k v\u0259 \u0259halinin sosial m\u00fcdafi\u0259si naziri Sahil Babayevin forum i\u015ftirak\u00e7\u0131lar\u0131na m\u00fcraci\u0259ti t\u0259qdim edilib. Forumun i\u015fin\u0259 u\u011furlar arzulayan nazir \u00f6lk\u0259mizd\u0259 h\u0259yata ke\u00e7iril\u0259n sosial islahatlar bar\u0259d\u0259 geni\u015f m\u0259lumat verib.<\/p>\n<p>\u0130cbari Tibbi S\u0131\u011forta \u00fczr\u0259 D\u00f6vl\u0259t Agentliyinin \u0130dar\u0259 Hey\u0259ti s\u0259drinin m\u00fcavini Nigar Bayramova \u00e7\u0131x\u0131\u015f\u0131nda bildirib ki, Az\u0259rbaycan\u0131n d\u00f6vl\u0259t b\u00fcdc\u0259sind\u0259n s\u0259hiyy\u0259y\u0259 ayr\u0131lan x\u0259rcl\u0259r getdikc\u0259 art\u0131r v\u0259 bu, \u00f6lk\u0259 v\u0259t\u0259nda\u015flar\u0131n\u0131n sa\u011flaml\u0131\u011f\u0131n\u0131n daha y\u00fcks\u0259k s\u0259viyy\u0259d\u0259 qorunmas\u0131na ciddi t\u0259sir edir.<\/p>\n<p>Tibbi \u018frazi B\u00f6lm\u0259l\u0259rini \u0130dar\u0259etm\u0259 Birliyinin (T\u018fB\u0130B) icra\u00e7\u0131 direktoru V\u00fcqar Qurbanov bildirib ki, xaricd\u0259 t\u0259hsil alan v\u0259 \u00e7al\u0131\u015fan az\u0259rbaycanl\u0131 h\u0259kiml\u0259rin bir qrupu art\u0131q Az\u0259rbaycanda T\u018fB\u0130B-in tabeliyind\u0259 olan tibb m\u00fc\u0259ssis\u0259l\u0259rind\u0259 f\u0259aliyy\u0259t g\u00f6st\u0259rir. O, Almaniyada \u00e7al\u0131\u015fan az\u0259rbaycanl\u0131 h\u0259kiml\u0259rin bir qrupunun da bu niyy\u0259td\u0259 oldu\u011funu qeyd edib. Az\u0259rbaycanda s\u0259hiyy\u0259nin yeni d\u00f6vr\u00fcn t\u0259l\u0259bl\u0259rin\u0259 uy\u011fun inki\u015faf etdirildiyi, Qaraba\u011fa k\u00f6\u00e7\u0259n Az\u0259rbaycan v\u0259t\u0259nda\u015flar\u0131na s\u0259hiyy\u0259 xidm\u0259tinin g\u00f6st\u0259rildiyi vur\u011fulan\u0131b.<\/p>\n<p>Alman-Az\u0259rbaycan C\u0259miyy\u0259ti \u0130dar\u0259 Hey\u0259tinin s\u0259dri, professor \u00c7ingiz Abdullayev \u00e7\u0131x\u0131\u015f\u0131nda Almaniyadak\u0131 Az\u0259rbaycan icmas\u0131n\u0131n uzun illik f\u0259aliyy\u0259ti bar\u0259d\u0259 m\u0259lumat verib.<\/p>\n<p>II Forumun r\u0259smi a\u00e7\u0131l\u0131\u015f m\u0259rasimi Alman-Az\u0259rbaycan C\u0259miyy\u0259ti ad\u0131ndan Diasporla \u0130\u015f \u00fczr\u0259 D\u00f6vl\u0259t Komit\u0259sinin s\u0259drin\u0259 v\u0259 Az\u0259rbaycan\u0131n Almaniyadak\u0131 s\u0259firin\u0259 xatir\u0259 h\u0259diyy\u0259sinin t\u0259qdim olunmas\u0131 il\u0259 yekunla\u015f\u0131b.<\/p>\n<p>Xat\u0131rladaq ki, Diasporla \u0130\u015f \u00fczr\u0259 D\u00f6vl\u0259t Komit\u0259sinin d\u0259st\u0259yi il\u0259 Almaniyada Az\u0259rbaycanl\u0131 H\u0259kiml\u0259rin I Forumu 5 may 2022-ci il tarixind\u0259 K\u00f6ln \u015f\u0259h\u0259rind\u0259 t\u0259\u015fkil edilib.<\/p>\n<p>&nbsp;<\/p>\n<div class=\"gallery\">\n<div class=\"gallery-i\"><img src=\"https:\/\/cdn.oxu.az\/uploads\/W1siZiIsIjIwMjMvMTEvMTgvMTkvMDAvMDQvM2Y5MjIwZmMtOTdiOS00MzJlLTg5MjEtZTdjNjEyYWM3ZjE5L2ExLmpwZWciXSxbInAiLCJlbmNvZGUiLCJqcGciLCItcXVhbGl0eSA4MCJdLFsicCIsInRodW1iIiwiNTkweDU5MFx1MDAzZSJdXQ?sha=bad2704a7c349c2f\" alt=\"\" \/><\/p>\n<div class=\"gallery-i-caption\"><\/div>\n<\/div>\n<div class=\"gallery-i\"><img src=\"https:\/\/cdn.oxu.az\/uploads\/W1siZiIsIjIwMjMvMTEvMTgvMTkvMDAvMDUvNzQwN2ZmMzctYmM3NS00NzQ3LWEzYWUtMzdmYWM4YTEyODg1L2EyLmpwZWciXSxbInAiLCJlbmNvZGUiLCJqcGciLCItcXVhbGl0eSA4MCJdLFsicCIsInRodW1iIiwiNTkweDU5MFx1MDAzZSJdXQ?sha=ad9a2bd6ccfd13da\" alt=\"\" \/><\/p>\n<div class=\"gallery-i-caption\"><\/div>\n<\/div>\n<div class=\"gallery-i\"><img src=\"https:\/\/cdn.oxu.az\/uploads\/W1siZiIsIjIwMjMvMTEvMTgvMTkvMDAvMDUvZjRiMmJhZDctNTllZC00NDRhLWE4NDgtOGU4NGJmNGY2YWEwL2EzLmpwZWciXSxbInAiLCJlbmNvZGUiLCJqcGciLCItcXVhbGl0eSA4MCJdLFsicCIsInRodW1iIiwiNTkweDU5MFx1MDAzZSJdXQ?sha=11e0b32db1819076\" alt=\"\" \/><\/p>\n<div class=\"gallery-i-caption\"><\/div>\n<\/div>\n<div class=\"gallery-i\"><img src=\"https:\/\/cdn.oxu.az\/uploads\/W1siZiIsIjIwMjMvMTEvMTgvMTkvMDAvMDUvYWQxM2Y4NjItYjQ5Zi00Yzc5LWIzMWItOGIzYTZhOGE5ZDliL2E0LmpwZWciXSxbInAiLCJlbmNvZGUiLCJqcGciLCItcXVhbGl0eSA4MCJdLFsicCIsInRodW1iIiwiNTkweDU5MFx1MDAzZSJdXQ?sha=7071f1fd26613151\" alt=\"\" \/><\/p>\n<div class=\"gallery-i-caption\"><\/div>\n<\/div>\n<div class=\"gallery-i\"><img src=\"https:\/\/cdn.oxu.az\/uploads\/W1siZiIsIjIwMjMvMTEvMTgvMTkvMDAvMDUvYzVjY2ViYTEtYTMxMS00YzliLWFkYmQtZTk1NmIzZTJmYTA3L2E1LmpwZWciXSxbInAiLCJlbmNvZGUiLCJqcGciLCItcXVhbGl0eSA4MCJdLFsicCIsInRodW1iIiwiNTkweDU5MFx1MDAzZSJdXQ?sha=b71be2a6f70713b1\" alt=\"\" \/><\/p>\n<div class=\"gallery-i-caption\"><\/div>\n<\/div>\n<div class=\"gallery-i\"><img src=\"https:\/\/cdn.oxu.az\/uploads\/W1siZiIsIjIwMjMvMTEvMTgvMTkvMDAvMDUvMjU1OGExZDUtNTZmMy00MmY0LWJiYjMtZWJiYTcxYWE3YTZhL2E2LmpwZWciXSxbInAiLCJlbmNvZGUiLCJqcGciLCItcXVhbGl0eSA4MCJdLFsicCIsInRodW1iIiwiNTkweDU5MFx1MDAzZSJdXQ?sha=0ed0a591be213f58\" alt=\"\" \/><\/p>\n<div class=\"gallery-i-caption\"><\/div>\n<\/div>\n<div class=\"gallery-i\"><img src=\"https:\/\/cdn.oxu.az\/uploads\/W1siZiIsIjIwMjMvMTEvMTgvMTkvMDAvMDUvNjQ2M2UxMjItOTY2ZC00NGQ4LTg2OWEtYWI3MjZlMmVmNmM4L2E3LmpwZWciXSxbInAiLCJlbmNvZGUiLCJqcGciLCItcXVhbGl0eSA4MCJdLFsicCIsInRodW1iIiwiNTkweDU5MFx1MDAzZSJdXQ?sha=839b6e058e2b563d\" alt=\"\" \/><\/p>\n<div class=\"gallery-i-caption\"><\/div>\n<\/div>\n<div class=\"gallery-i\"><img src=\"https:\/\/cdn.oxu.az\/uploads\/W1siZiIsIjIwMjMvMTEvMTgvMTkvMDAvMDUvYjVjZGJjOGYtYzYxMS00ZmZhLTkzMTUtMmNmMGUxNWNjYTNjL2E4LmpwZWciXSxbInAiLCJlbmNvZGUiLCJqcGciLCItcXVhbGl0eSA4MCJdLFsicCIsInRodW1iIiwiNTkweDU5MFx1MDAzZSJdXQ?sha=45ada032e070d89d\" alt=\"\" \/><\/p>\n<div class=\"gallery-i-caption\"><\/div>\n<\/div>\n<div class=\"gallery-i\"><img src=\"https:\/\/cdn.oxu.az\/uploads\/W1siZiIsIjIwMjMvMTEvMTgvMTkvMDAvMDUvNWQ4ZjQxYTYtYjJkZC00ZDMyLThlNGYtODhmYmRiYTcxOGZmL2E5LmpwZWciXSxbInAiLCJlbmNvZGUiLCJqcGciLCItcXVhbGl0eSA4MCJdLFsicCIsInRodW1iIiwiNTkweDU5MFx1MDAzZSJdXQ?sha=2bc22b5e0dc3452c\" alt=\"\" \/><\/div>\n<\/div>\n","protected":false},"excerpt":{"rendered":"<p>\u201cHeyd\u0259r \u018fliyev \u0130li\u201d \u00e7\u0259r\u00e7iv\u0259sind\u0259 Berlin \u015f\u0259h\u0259rind\u0259ki Az\u0259rbaycan M\u0259d\u0259niyy\u0259t M\u0259rk\u0259zind\u0259 Almaniyadak\u0131 Az\u0259rbaycanl\u0131 H\u0259kiml\u0259rin II Forumu \u00f6z i\u015fin\u0259 ba\u015flay\u0131b. ARANTV.AZ x\u0259b\u0259r verir ki, t\u0259dbird\u0259 Diasporla \u0130\u015f \u00fczr\u0259 D\u00f6vl\u0259t Komit\u0259sinin, Az\u0259rbaycan\u0131n Almaniyadak\u0131 s\u0259firliyinin, \u018fm\u0259k v\u0259 \u018fhalinin Sosial M\u00fcdafi\u0259si Nazirliyinin, \u0130cbari Tibbi S\u0131\u011forta \u00fczr\u0259 D\u00f6vl\u0259t Agentliyinin, Tibbi \u018frazi B\u00f6lm\u0259l\u0259rini \u0130dar\u0259etm\u0259 Birliyinin \u0259m\u0259kda\u015flar\u0131, Almaniyan\u0131n 70-\u0259 yax\u0131n \u015f\u0259h\u0259rind\u0259n g\u0259l\u0259n tibb m\u00fct\u0259x\u0259ssisl\u0259ri v\u0259 qonaqlar i\u015ftirak edibl\u0259r. Az\u0259rbaycan\u0131n D\u00f6vl\u0259t Himninin s\u0259sl\u0259ndirilm\u0259si il\u0259 ba\u015flayan t\u0259dbird\u0259 ulu \u00f6nd\u0259r Heyd\u0259r \u018fliyevin v\u0259 \u00f6lk\u0259mizin \u0259razi b\u00fct\u00f6vl\u00fcy\u00fc u\u011frunda canlar\u0131ndan ke\u00e7mi\u015f \u015f\u0259hidl\u0259rimizin \u0259ziz xatir\u0259si bir d\u0259qiq\u0259lik s\u00fckutla yad edilib. Ard\u0131nca \u00fcmummilli liderin anadan olmas\u0131n\u0131n&hellip;<\/p>\n","protected":false},"author":2,"featured_media":658332,"comment_status":"closed","ping_status":"closed","sticky":false,"template":"","format":"standard","meta":{"om_disable_all_campaigns":false,"_monsterinsights_skip_tracking":false,"_monsterinsights_sitenote_active":false,"_monsterinsights_sitenote_note":"","_monsterinsights_sitenote_category":0},"categories":[1],"tags":[],"aioseo_notices":[],"gutentor_comment":0,"rttpg_featured_image_url":{"full":["https:\/\/arantv.az\/wp-content\/uploads\/2023\/11\/FotoJet-3-10.jpg",620,413,false],"landscape":["https:\/\/arantv.az\/wp-content\/uploads\/2023\/11\/FotoJet-3-10.jpg",620,413,false],"portraits":["https:\/\/arantv.az\/wp-content\/uploads\/2023\/11\/FotoJet-3-10.jpg",620,413,false],"thumbnail":["https:\/\/arantv.az\/wp-content\/uploads\/2023\/11\/FotoJet-3-10-500x280.jpg",500,280,true],"medium":["https:\/\/arantv.az\/wp-content\/uploads\/2023\/11\/FotoJet-3-10-548x365.jpg",548,365,true],"large":["https:\/\/arantv.az\/wp-content\/uploads\/2023\/11\/FotoJet-3-10.jpg",620,413,false],"1536x1536":["https:\/\/arantv.az\/wp-content\/uploads\/2023\/11\/FotoJet-3-10.jpg",620,413,false],"2048x2048":["https:\/\/arantv.az\/wp-content\/uploads\/2023\/11\/FotoJet-3-10.jpg",620,413,false],"post-thumbnail":["https:\/\/arantv.az\/wp-content\/uploads\/2023\/11\/FotoJet-3-10-240x172.jpg",240,172,true],"advps-thumb-one":["https:\/\/arantv.az\/wp-content\/uploads\/2023\/11\/FotoJet-3-10.jpg",620,413,false]},"rttpg_author":{"display_name":"V\u00fcsal Rafiqo\u011flu","author_link":"https:\/\/arantv.az\/?author=2"},"rttpg_comment":0,"rttpg_category":"<a href=\"https:\/\/arantv.az\/?cat=1\" rel=\"category\">C\u0259miyy\u0259t<\/a>","rttpg_excerpt":"\u201cHeyd\u0259r \u018fliyev \u0130li\u201d \u00e7\u0259r\u00e7iv\u0259sind\u0259 Berlin \u015f\u0259h\u0259rind\u0259ki Az\u0259rbaycan M\u0259d\u0259niyy\u0259t M\u0259rk\u0259zind\u0259 Almaniyadak\u0131 Az\u0259rbaycanl\u0131 H\u0259kiml\u0259rin II Forumu \u00f6z i\u015fin\u0259 ba\u015flay\u0131b. ARANTV.AZ x\u0259b\u0259r verir ki, t\u0259dbird\u0259 Diasporla \u0130\u015f \u00fczr\u0259 D\u00f6vl\u0259t Komit\u0259sinin, Az\u0259rbaycan\u0131n Almaniyadak\u0131 s\u0259firliyinin, \u018fm\u0259k v\u0259 \u018fhalinin Sosial M\u00fcdafi\u0259si Nazirliyinin, \u0130cbari Tibbi S\u0131\u011forta \u00fczr\u0259 D\u00f6vl\u0259t Agentliyinin, Tibbi \u018frazi B\u00f6lm\u0259l\u0259rini \u0130dar\u0259etm\u0259 Birliyinin \u0259m\u0259kda\u015flar\u0131, Almaniyan\u0131n 70-\u0259 yax\u0131n \u015f\u0259h\u0259rind\u0259n g\u0259l\u0259n tibb m\u00fct\u0259x\u0259ssisl\u0259ri&hellip;","_links":{"self":[{"href":"https:\/\/arantv.az\/index.php?rest_route=\/wp\/v2\/posts\/658331"}],"collection":[{"href":"https:\/\/arantv.az\/index.php?rest_route=\/wp\/v2\/posts"}],"about":[{"href":"https:\/\/arantv.az\/index.php?rest_route=\/wp\/v2\/types\/post"}],"author":[{"embeddable":true,"href":"https:\/\/arantv.az\/index.php?rest_route=\/wp\/v2\/users\/2"}],"replies":[{"embeddable":true,"href":"https:\/\/arantv.az\/index.php?rest_route=%2Fwp%2Fv2%2Fcomments&post=658331"}],"version-history":[{"count":0,"href":"https:\/\/arantv.az\/index.php?rest_route=\/wp\/v2\/posts\/658331\/revisions"}],"wp:featuredmedia":[{"embeddable":true,"href":"https:\/\/arantv.az\/index.php?rest_route=\/wp\/v2\/media\/658332"}],"wp:attachment":[{"href":"https:\/\/arantv.az\/index.php?rest_route=%2Fwp%2Fv2%2Fmedia&parent=658331"}],"wp:term":[{"taxonomy":"category","embeddable":true,"href":"https:\/\/arantv.az\/index.php?rest_route=%2Fwp%2Fv2%2Fcategories&post=658331"},{"taxonomy":"post_tag","embeddable":true,"href":"https:\/\/arantv.az\/index.php?rest_route=%2Fwp%2Fv2%2Ftags&post=658331"}],"curies":[{"name":"wp","href":"https:\/\/api.w.org\/{rel}","templated":true}]}}