{"id":658335,"date":"2023-11-18T19:48:49","date_gmt":"2023-11-18T15:48:49","guid":{"rendered":"https:\/\/arantv.az\/?p=658335"},"modified":"2023-11-18T19:48:49","modified_gmt":"2023-11-18T15:48:49","slug":"az%c9%99rbaycan-v%c9%99-iran-xin-r%c9%99hb%c9%99rl%c9%99ri-regional-%c9%99m%c9%99kdasligi-muzakir%c9%99-edibl%c9%99r","status":"publish","type":"post","link":"https:\/\/arantv.az\/?p=658335","title":{"rendered":"Az\u0259rbaycan v\u0259 \u0130ran X\u0130N r\u0259hb\u0259rl\u0259ri regional \u0259m\u0259kda\u015fl\u0131\u011f\u0131 m\u00fczakir\u0259 edibl\u0259r"},"content":{"rendered":"<p>Az\u0259rbaycan xarici i\u015fl\u0259r naziri Ceyhun Bayramov iranl\u0131 h\u0259mkar\u0131 H\u00fcseyn \u018fmir Abdullahian il\u0259 telefonla dan\u0131\u015f\u0131b.<\/p>\n<p>Bu bar\u0259d\u0259 \u0130ran Xarici \u0130\u015fl\u0259r Nazirliyi m\u0259lumat yay\u0131b.<\/p>\n<p>Bildirilib ki, telefon dan\u0131\u015f\u0131\u011f\u0131 zaman\u0131 Az\u0259rbaycanla \u0130ran aras\u0131nda m\u00fcnasib\u0259tl\u0259rin cari v\u0259ziyy\u0259ti v\u0259 perspektivl\u0259ri m\u00fczakir\u0259 edilib.<\/p>\n<p>B\u00f6lg\u0259d\u0259 s\u00fclh\u00fcn g\u00fccl\u0259ndirilm\u0259si \u00fc\u00e7\u00fcn regional formatlar\u0131n aktivl\u0259\u015fdirilm\u0259sinin \u0259h\u0259miyy\u0259ti qeyd olunub.<\/p>\n<p>H\u0259m\u00e7inin, regional dialoqun v\u0259 regiondank\u0259nar \u00f6lk\u0259l\u0259rin m\u00fcdaxil\u0259sind\u0259n uzaq formatlar\u0131n g\u00fccl\u0259ndirilm\u0259sinin vacibliyi vur\u011fulan\u0131b.<\/p>\n","protected":false},"excerpt":{"rendered":"<p>Az\u0259rbaycan xarici i\u015fl\u0259r naziri Ceyhun Bayramov iranl\u0131 h\u0259mkar\u0131 H\u00fcseyn \u018fmir Abdullahian il\u0259 telefonla dan\u0131\u015f\u0131b. Bu bar\u0259d\u0259 \u0130ran Xarici \u0130\u015fl\u0259r Nazirliyi m\u0259lumat yay\u0131b. Bildirilib ki, telefon dan\u0131\u015f\u0131\u011f\u0131 zaman\u0131 Az\u0259rbaycanla \u0130ran aras\u0131nda m\u00fcnasib\u0259tl\u0259rin cari v\u0259ziyy\u0259ti v\u0259 perspektivl\u0259ri m\u00fczakir\u0259 edilib. B\u00f6lg\u0259d\u0259 s\u00fclh\u00fcn g\u00fccl\u0259ndirilm\u0259si \u00fc\u00e7\u00fcn regional formatlar\u0131n aktivl\u0259\u015fdirilm\u0259sinin \u0259h\u0259miyy\u0259ti qeyd olunub. H\u0259m\u00e7inin, regional dialoqun v\u0259 regiondank\u0259nar \u00f6lk\u0259l\u0259rin m\u00fcdaxil\u0259sind\u0259n uzaq formatlar\u0131n g\u00fccl\u0259ndirilm\u0259sinin vacibliyi vur\u011fulan\u0131b.<\/p>\n","protected":false},"author":2,"featured_media":658336,"comment_status":"closed","ping_status":"closed","sticky":false,"template":"","format":"standard","meta":{"om_disable_all_campaigns":false,"_monsterinsights_skip_tracking":false,"_monsterinsights_sitenote_active":false,"_monsterinsights_sitenote_note":"","_monsterinsights_sitenote_category":0},"categories":[4],"tags":[],"aioseo_notices":[],"gutentor_comment":0,"rttpg_featured_image_url":{"full":["https:\/\/arantv.az\/wp-content\/uploads\/2023\/11\/Screenshot-2023-09-17-141627.jpg",620,413,false],"landscape":["https:\/\/arantv.az\/wp-content\/uploads\/2023\/11\/Screenshot-2023-09-17-141627.jpg",620,413,false],"portraits":["https:\/\/arantv.az\/wp-content\/uploads\/2023\/11\/Screenshot-2023-09-17-141627.jpg",620,413,false],"thumbnail":["https:\/\/arantv.az\/wp-content\/uploads\/2023\/11\/Screenshot-2023-09-17-141627-500x280.jpg",500,280,true],"medium":["https:\/\/arantv.az\/wp-content\/uploads\/2023\/11\/Screenshot-2023-09-17-141627-548x365.jpg",548,365,true],"large":["https:\/\/arantv.az\/wp-content\/uploads\/2023\/11\/Screenshot-2023-09-17-141627.jpg",620,413,false],"1536x1536":["https:\/\/arantv.az\/wp-content\/uploads\/2023\/11\/Screenshot-2023-09-17-141627.jpg",620,413,false],"2048x2048":["https:\/\/arantv.az\/wp-content\/uploads\/2023\/11\/Screenshot-2023-09-17-141627.jpg",620,413,false],"post-thumbnail":["https:\/\/arantv.az\/wp-content\/uploads\/2023\/11\/Screenshot-2023-09-17-141627-240x172.jpg",240,172,true],"advps-thumb-one":["https:\/\/arantv.az\/wp-content\/uploads\/2023\/11\/Screenshot-2023-09-17-141627.jpg",620,413,false]},"rttpg_author":{"display_name":"V\u00fcsal Rafiqo\u011flu","author_link":"https:\/\/arantv.az\/?author=2"},"rttpg_comment":0,"rttpg_category":"<a href=\"https:\/\/arantv.az\/?cat=4\" rel=\"category\">Siyas\u0259t<\/a>","rttpg_excerpt":"Az\u0259rbaycan xarici i\u015fl\u0259r naziri Ceyhun Bayramov iranl\u0131 h\u0259mkar\u0131 H\u00fcseyn \u018fmir Abdullahian il\u0259 telefonla dan\u0131\u015f\u0131b. Bu bar\u0259d\u0259 \u0130ran Xarici \u0130\u015fl\u0259r Nazirliyi m\u0259lumat yay\u0131b. Bildirilib ki, telefon dan\u0131\u015f\u0131\u011f\u0131 zaman\u0131 Az\u0259rbaycanla \u0130ran aras\u0131nda m\u00fcnasib\u0259tl\u0259rin cari v\u0259ziyy\u0259ti v\u0259 perspektivl\u0259ri m\u00fczakir\u0259 edilib. B\u00f6lg\u0259d\u0259 s\u00fclh\u00fcn g\u00fccl\u0259ndirilm\u0259si \u00fc\u00e7\u00fcn regional formatlar\u0131n aktivl\u0259\u015fdirilm\u0259sinin \u0259h\u0259miyy\u0259ti qeyd olunub. H\u0259m\u00e7inin, regional dialoqun v\u0259 regiondank\u0259nar \u00f6lk\u0259l\u0259rin m\u00fcdaxil\u0259sind\u0259n uzaq&hellip;","_links":{"self":[{"href":"https:\/\/arantv.az\/index.php?rest_route=\/wp\/v2\/posts\/658335"}],"collection":[{"href":"https:\/\/arantv.az\/index.php?rest_route=\/wp\/v2\/posts"}],"about":[{"href":"https:\/\/arantv.az\/index.php?rest_route=\/wp\/v2\/types\/post"}],"author":[{"embeddable":true,"href":"https:\/\/arantv.az\/index.php?rest_route=\/wp\/v2\/users\/2"}],"replies":[{"embeddable":true,"href":"https:\/\/arantv.az\/index.php?rest_route=%2Fwp%2Fv2%2Fcomments&post=658335"}],"version-history":[{"count":0,"href":"https:\/\/arantv.az\/index.php?rest_route=\/wp\/v2\/posts\/658335\/revisions"}],"wp:featuredmedia":[{"embeddable":true,"href":"https:\/\/arantv.az\/index.php?rest_route=\/wp\/v2\/media\/658336"}],"wp:attachment":[{"href":"https:\/\/arantv.az\/index.php?rest_route=%2Fwp%2Fv2%2Fmedia&parent=658335"}],"wp:term":[{"taxonomy":"category","embeddable":true,"href":"https:\/\/arantv.az\/index.php?rest_route=%2Fwp%2Fv2%2Fcategories&post=658335"},{"taxonomy":"post_tag","embeddable":true,"href":"https:\/\/arantv.az\/index.php?rest_route=%2Fwp%2Fv2%2Ftags&post=658335"}],"curies":[{"name":"wp","href":"https:\/\/api.w.org\/{rel}","templated":true}]}}