{"id":658338,"date":"2023-11-18T20:16:16","date_gmt":"2023-11-18T16:16:16","guid":{"rendered":"https:\/\/arantv.az\/?p=658338"},"modified":"2023-11-18T20:16:16","modified_gmt":"2023-11-18T16:16:16","slug":"q%c9%99rbi-az%c9%99rbaycan-xronikasi-goyc%c9%99d%c9%99-muxtariyy%c9%99t-t%c9%99l%c9%99bi-mitinql%c9%99r-vus%c9%99t-aldi-video","status":"publish","type":"post","link":"https:\/\/arantv.az\/?p=658338","title":{"rendered":"Q\u0259rbi Az\u0259rbaycan Xronikas\u0131: \u201cG\u00f6y\u00e7\u0259d\u0259 muxtariyy\u0259t t\u0259l\u0259bi: Mitinql\u0259r v\u00fcs\u0259t ald\u0131\u201d &#8211; V\u0130DEO"},"content":{"rendered":"<p>Q\u0259rbi Az\u0259rbaycan Xronikas\u0131 layih\u0259si \u00e7\u0259r\u00e7iv\u0259sind\u0259 s\u0259n\u0259t\u015f\u00fcnasl\u0131q \u00fczr\u0259 f\u0259ls\u0259f\u0259 doktoru El\u00e7in \u018flib\u0259ylinin t\u0259qdimat\u0131nda G\u00f6y\u00e7\u0259 mahal\u0131n\u0131n, \u00c7\u0259mb\u0259r\u0259k (Krasnoselsk) rayonunun A\u011fbulaq k\u0259ndi haqq\u0131nda x\u00fcsusi burax\u0131l\u0131\u015f haz\u0131rlan\u0131b.<\/p>\n<p>Verili\u015fd\u0259 A\u011fbulaq k\u0259ndinin etnoqrafiyas\u0131, \u0259halisi, co\u011frafiyas\u0131, iqlimi, \u00a0k\u0259nd-t\u0259s\u0259rr\u00fcfat\u0131, at\u0259t-\u0259n\u0259n\u0259l\u0259ri, m\u0259tb\u0259xi, toylar\u0131 v\u0259 dig\u0259r sah\u0259l\u0259rind\u0259n geni\u015f s\u00f6hb\u0259t a\u00e7\u0131l\u0131b.<\/p>\n<p>Bildirilib ki, tarixi m\u0259nb\u0259l\u0259r\u0259 g\u00f6r\u0259, A\u011fbulaq k\u0259ndinin b\u00fcn\u00f6vr\u0259si XVI \u0259srin ikinci yar\u0131s\u0131nda qoyulub. Bundan \u0259vv\u0259l A\u011fbula\u011f\u0131n c\u0259nub-q\u0259rbind\u0259, t\u0259xmin\u0259n 1,5 kilometrliyind\u0259 Yellic\u0259 adl\u0131 k\u0259nd olub. \u015eahda\u011f\u0131n qoynuna s\u0131\u011f\u0131nm\u0131\u015f \u0259n y\u00fcks\u0259k da\u011f k\u0259ndi olan A\u011fbula\u011f\u0131n \u00fcmumi sah\u0259si 38 kvadrat kilometr, \u0259halis 1914-c\u00fc ild\u0259 982 n\u0259f\u0259r, 1986-c\u0131 ild\u0259 1500 n\u0259f\u0259r olub. Ad\u0131 1991-ci ild\u0259 d\u0259yi\u015fdiril\u0259r\u0259k A\u011fperek qoyulub.<\/p>\n<p>Qeyd olunub ki, A\u011fbulaq \u00c7\u0259mb\u0259r\u0259k rayonundan\u00a0G\u00f6y\u00e7\u0259 mahal\u0131na aid olan c\u0259mi 5 k\u0259ndd\u0259n biridir: \u201cH\u0259r yurdun-yuvan\u0131n, h\u0259r elin-oban\u0131n \u00f6z\u00fcn\u0259m\u0259xsus keyfiyy\u0259tl\u0259ri oldu\u011fu kimi A\u011fbulaq k\u0259ndinin d\u0259 \u00f6z d\u00fcnyas\u0131, \u00f6z al\u0259mi olub. \u00dcmumi c\u0259h\u0259tl\u0259ri il\u0259 G\u00f6y\u00e7\u0259 q\u00fcdr\u0259ti, G\u00f6y\u00e7\u0259 \u0259zmini \u00f6z\u00fcnd\u0259 c\u0259ml\u0259\u015fdir\u0259n bu k\u0259nd bir \u00e7ox m\u0259ziyy\u0259tl\u0259ri il\u0259 se\u00e7ilib. Qon\u015fu \u015eorca v\u0259 Ardan\u0131\u015f k\u0259ndl\u0259rinin \u00f6r\u00fc\u015f\u00fcnd\u0259 olan Adat\u0259p\u0259 il\u0259 A\u011fbulaq aras\u0131nda &#8220;Xanl\u0131q&#8221; ad\u0131nda yurd yeri var. \u0130r\u0259van xan\u0131 H\u00fcseyn\u0259li xan burada ar\u0131 saxlatd\u0131rar v\u0259 \u00f6z\u00fc yay aylar\u0131nda dinc\u0259lm\u0259y\u0259 \u00e7\u0131xarm\u0131\u015f. K\u0259ndd\u0259 be\u015f korpuslu \u0259n m\u00fcasir tipli orta m\u0259kt\u0259b binas\u0131, po\u00e7t, kitabxana, tibb m\u0259nt\u0259q\u0259si, b\u00f6y\u00fck univermaq, avtomat telefon istansiyas\u0131, m\u0259d\u0259niyy\u0259t evi, d\u0259yirman, a\u011fac \u00e7\u0259k\u0259n mi\u015far v\u0259 dig\u0259r ictimai-ia\u015f\u0259 obyektl\u0259ri f\u0259aliyy\u0259t g\u00f6st\u0259rib\u201d.<\/p>\n<p>Diqq\u0259t\u0259 \u00e7atd\u0131r\u0131l\u0131b ki, k\u0259ndd\u0259 13 000 ba\u015f x\u0131rda buynuzlu, 2500 ba\u015f iribuyluzlu heyvan olub v\u0259 k\u0259ndin iqtisadiyyat\u0131nda heyvandarl\u0131q ba\u015fl\u0131ca sah\u0259 say\u0131l\u0131b.<\/p>\n<p>Vur\u011fulan\u0131b ki, Sovet hakimiyy\u0259ti qurulmam\u0131\u015fdan \u0259vv\u0259l M\u0259\u015f\u0259di Molla \u018flinin v\u0259 M\u0259\u015f\u0259di Molla H\u0259s\u0259nin dini t\u0259lim ke\u00e7\u0259n m\u0259kt\u0259bl\u0259ri f\u0259aliyy\u0259t g\u00f6st\u0259rib: \u201cXIX \u0259srin sonlar\u0131nda in\u015fa edil\u0259n m\u0259scid anbar kimi h\u0259l\u0259 d\u0259 qal\u0131rd\u0131. 1988-ci il hadis\u0259l\u0259rind\u0259 erm\u0259nil\u0259r t\u0259r\u0259find\u0259n da\u011f\u0131d\u0131l\u0131b\u201d.<\/p>\n<p>S\u00fcjetd\u0259 1988-ci il\u0259 q\u0259d\u0259r az\u0259rbaycanl\u0131lar\u0131n ya\u015fad\u0131\u011f\u0131 bu o\u011fuz yurdunu k\u0259nd \u0259halisinin erm\u0259ni separat\u00e7\u0131lar\u0131ndan nec\u0259 qorumas\u0131na, h\u0259m\u00e7inin \u00a0bayram \u0259n\u0259n\u0259l\u0259ri v\u0259 dig\u0259r maraql\u0131 faktlara da toxunulur.<\/p>\n<p>Xat\u0131rladaq ki, Q\u0259rbi Az\u0259rbaycan Xronikas\u0131 layih\u0259sinin m\u0259qs\u0259di tarixi torpaqlar\u0131m\u0131z\u0131n ad\u0131n\u0131n ya\u015fad\u0131lmas\u0131, tan\u0131d\u0131lmas\u0131, h\u0259m\u00e7inin az\u0259rbaycanl\u0131lar\u0131n erm\u0259nil\u0259r t\u0259r\u0259find\u0259n deportasiyaya m\u0259ruz qoyulmas\u0131ndan, h\u0259min \u0259razil\u0259rd\u0259 m\u00f6vcud olmu\u015f, lakin ad\u0131 silin\u0259n toponiml\u0259rin, says\u0131z-hesabs\u0131z yeralt\u0131 v\u0259 yer\u00fcst\u00fc maddi m\u0259d\u0259niyy\u0259t n\u00fcmun\u0259l\u0259ri \u2013 q\u0259dim ya\u015fay\u0131\u015f m\u0259sk\u0259nl\u0259ri, nekropollar, kurqanlar, qala, saray v\u0259 istehkam qal\u0131qlar\u0131, karvansaralar, k\u00f6rp\u00fcl\u0259r, q\u0259bir\u00fcst\u00fc s\u0259nduq\u0259l\u0259r, xa\u00e7da\u015flar, at-qo\u00e7 heyk\u0259ll\u0259ri, m\u0259b\u0259d, kils\u0259, m\u0259scid, pir v\u0259 ocaqlar\u0131n \u00fcz\u0259 \u00e7\u0131xar\u0131lmas\u0131, h\u0259min \u0259razinin t\u0259miz o\u011fuz-t\u00fcrk m\u0259sk\u0259nl\u0259ri oldu\u011funu t\u0259sdiq ed\u0259n faktlar\u0131n d\u00fcnya ictimaiyy\u0259tin\u0259 \u00e7atd\u0131r\u0131lmas\u0131d\u0131r.<\/p>\n<p>H\u0259m\u00e7inin Prezident\u00a0<strong>\u0130lham \u018fliyevin<\/strong>\u00a0Q\u0259rbi Az\u0259rbaycanla ba\u011fl\u0131 dediyi \u201cXX \u0259srin \u0259vv\u0259ll\u0259rin\u0259 t\u0259sad\u00fcf ed\u0259n x\u0259rit\u0259 bir daha onu g\u00f6st\u0259rir ki, Q\u0259rbi Az\u0259rbaycan tarixi Az\u0259rbaycan diyar\u0131d\u0131r, \u015f\u0259h\u0259rl\u0259rin, k\u0259ndl\u0259rin adlar\u0131 Az\u0259rbaycan m\u0259n\u015f\u0259lidir v\u0259 biz yax\u015f\u0131 bilirik ki, indiki Erm\u0259nistan \u0259razisind\u0259 tarix boyu Az\u0259rbaycan xalq\u0131 ya\u015fay\u0131b. \u0130ndi \u0259sas v\u0259zif\u0259 ondan ibar\u0259tdir ki, d\u00fcnya ictimaiyy\u0259ti d\u0259 bunu bilsin\u201d, \u2013 fikrini \u0259sas tutaraq, Q\u0259rbi Az\u0259rbaycan \u0130cmas\u0131n\u0131n haz\u0131rlad\u0131\u011f\u0131 Qay\u0131d\u0131\u015f Konsepsiyas\u0131ndan ir\u0259li g\u0259l\u0259n v\u0259zif\u0259l\u0259rin t\u0259bli\u011fidir.<\/p>\n<p>Bundan \u0259lav\u0259, Q\u0259rbi Az\u0259rbaycanla ba\u011fl\u0131 tarix\u00e7il\u0259rin, ara\u015fd\u0131rma\u00e7\u0131lar\u0131n d\u00fc\u015f\u00fcnc\u0259l\u0259rini, deportasiyaya m\u0259ruz qalm\u0131\u015f \u015f\u0259xsl\u0259rin h\u0259yat hekay\u0259sini i\u015f\u0131qland\u0131rmaqd\u0131r.<\/p>\n<p>Verili\u015f noyabr\u0131n 18-d\u0259 saat 19:30-da \u201cBaku TV\u201dnin efirind\u0259 v\u0259 yutub kanal\u0131nda yay\u0131mlan\u0131b.<\/p>\n<div><iframe loading=\"lazy\" title=\"YouTube video player\" src=\"https:\/\/www.youtube.com\/embed\/Co6sz-bhvvY?si=wVYgX6oU0jB2Del8\" width=\"560\" height=\"315\" frameborder=\"0\" allowfullscreen=\"allowfullscreen\" data-mce-fragment=\"1\"><\/iframe><\/div>\n<p>&nbsp;<\/p>\n","protected":false},"excerpt":{"rendered":"<p>Q\u0259rbi Az\u0259rbaycan Xronikas\u0131 layih\u0259si \u00e7\u0259r\u00e7iv\u0259sind\u0259 s\u0259n\u0259t\u015f\u00fcnasl\u0131q \u00fczr\u0259 f\u0259ls\u0259f\u0259 doktoru El\u00e7in \u018flib\u0259ylinin t\u0259qdimat\u0131nda G\u00f6y\u00e7\u0259 mahal\u0131n\u0131n, \u00c7\u0259mb\u0259r\u0259k (Krasnoselsk) rayonunun A\u011fbulaq k\u0259ndi haqq\u0131nda x\u00fcsusi burax\u0131l\u0131\u015f haz\u0131rlan\u0131b. Verili\u015fd\u0259 A\u011fbulaq k\u0259ndinin etnoqrafiyas\u0131, \u0259halisi, co\u011frafiyas\u0131, iqlimi, \u00a0k\u0259nd-t\u0259s\u0259rr\u00fcfat\u0131, at\u0259t-\u0259n\u0259n\u0259l\u0259ri, m\u0259tb\u0259xi, toylar\u0131 v\u0259 dig\u0259r sah\u0259l\u0259rind\u0259n geni\u015f s\u00f6hb\u0259t a\u00e7\u0131l\u0131b. Bildirilib ki, tarixi m\u0259nb\u0259l\u0259r\u0259 g\u00f6r\u0259, A\u011fbulaq k\u0259ndinin b\u00fcn\u00f6vr\u0259si XVI \u0259srin ikinci yar\u0131s\u0131nda qoyulub. Bundan \u0259vv\u0259l A\u011fbula\u011f\u0131n c\u0259nub-q\u0259rbind\u0259, t\u0259xmin\u0259n 1,5 kilometrliyind\u0259 Yellic\u0259 adl\u0131 k\u0259nd olub. \u015eahda\u011f\u0131n qoynuna s\u0131\u011f\u0131nm\u0131\u015f \u0259n y\u00fcks\u0259k da\u011f k\u0259ndi olan A\u011fbula\u011f\u0131n \u00fcmumi sah\u0259si 38 kvadrat kilometr, \u0259halis 1914-c\u00fc ild\u0259 982 n\u0259f\u0259r, 1986-c\u0131 ild\u0259 1500 n\u0259f\u0259r olub. Ad\u0131 1991-ci&hellip;<\/p>\n","protected":false},"author":2,"featured_media":658342,"comment_status":"closed","ping_status":"closed","sticky":false,"template":"","format":"standard","meta":{"om_disable_all_campaigns":false,"_monsterinsights_skip_tracking":false,"_monsterinsights_sitenote_active":false,"_monsterinsights_sitenote_note":"","_monsterinsights_sitenote_category":0},"categories":[4],"tags":[],"aioseo_notices":[],"gutentor_comment":0,"rttpg_featured_image_url":{"full":["https:\/\/arantv.az\/wp-content\/uploads\/2023\/11\/FotoJet-6-6.jpg",620,413,false],"landscape":["https:\/\/arantv.az\/wp-content\/uploads\/2023\/11\/FotoJet-6-6.jpg",620,413,false],"portraits":["https:\/\/arantv.az\/wp-content\/uploads\/2023\/11\/FotoJet-6-6.jpg",620,413,false],"thumbnail":["https:\/\/arantv.az\/wp-content\/uploads\/2023\/11\/FotoJet-6-6-500x280.jpg",500,280,true],"medium":["https:\/\/arantv.az\/wp-content\/uploads\/2023\/11\/FotoJet-6-6-548x365.jpg",548,365,true],"large":["https:\/\/arantv.az\/wp-content\/uploads\/2023\/11\/FotoJet-6-6.jpg",620,413,false],"1536x1536":["https:\/\/arantv.az\/wp-content\/uploads\/2023\/11\/FotoJet-6-6.jpg",620,413,false],"2048x2048":["https:\/\/arantv.az\/wp-content\/uploads\/2023\/11\/FotoJet-6-6.jpg",620,413,false],"post-thumbnail":["https:\/\/arantv.az\/wp-content\/uploads\/2023\/11\/FotoJet-6-6-240x172.jpg",240,172,true],"advps-thumb-one":["https:\/\/arantv.az\/wp-content\/uploads\/2023\/11\/FotoJet-6-6.jpg",620,413,false]},"rttpg_author":{"display_name":"V\u00fcsal Rafiqo\u011flu","author_link":"https:\/\/arantv.az\/?author=2"},"rttpg_comment":0,"rttpg_category":"<a href=\"https:\/\/arantv.az\/?cat=4\" rel=\"category\">Siyas\u0259t<\/a>","rttpg_excerpt":"Q\u0259rbi Az\u0259rbaycan Xronikas\u0131 layih\u0259si \u00e7\u0259r\u00e7iv\u0259sind\u0259 s\u0259n\u0259t\u015f\u00fcnasl\u0131q \u00fczr\u0259 f\u0259ls\u0259f\u0259 doktoru El\u00e7in \u018flib\u0259ylinin t\u0259qdimat\u0131nda G\u00f6y\u00e7\u0259 mahal\u0131n\u0131n, \u00c7\u0259mb\u0259r\u0259k (Krasnoselsk) rayonunun A\u011fbulaq k\u0259ndi haqq\u0131nda x\u00fcsusi burax\u0131l\u0131\u015f haz\u0131rlan\u0131b. Verili\u015fd\u0259 A\u011fbulaq k\u0259ndinin etnoqrafiyas\u0131, \u0259halisi, co\u011frafiyas\u0131, iqlimi, \u00a0k\u0259nd-t\u0259s\u0259rr\u00fcfat\u0131, at\u0259t-\u0259n\u0259n\u0259l\u0259ri, m\u0259tb\u0259xi, toylar\u0131 v\u0259 dig\u0259r sah\u0259l\u0259rind\u0259n geni\u015f s\u00f6hb\u0259t a\u00e7\u0131l\u0131b. Bildirilib ki, tarixi m\u0259nb\u0259l\u0259r\u0259 g\u00f6r\u0259, A\u011fbulaq k\u0259ndinin b\u00fcn\u00f6vr\u0259si XVI \u0259srin ikinci yar\u0131s\u0131nda qoyulub. Bundan \u0259vv\u0259l&hellip;","_links":{"self":[{"href":"https:\/\/arantv.az\/index.php?rest_route=\/wp\/v2\/posts\/658338"}],"collection":[{"href":"https:\/\/arantv.az\/index.php?rest_route=\/wp\/v2\/posts"}],"about":[{"href":"https:\/\/arantv.az\/index.php?rest_route=\/wp\/v2\/types\/post"}],"author":[{"embeddable":true,"href":"https:\/\/arantv.az\/index.php?rest_route=\/wp\/v2\/users\/2"}],"replies":[{"embeddable":true,"href":"https:\/\/arantv.az\/index.php?rest_route=%2Fwp%2Fv2%2Fcomments&post=658338"}],"version-history":[{"count":0,"href":"https:\/\/arantv.az\/index.php?rest_route=\/wp\/v2\/posts\/658338\/revisions"}],"wp:featuredmedia":[{"embeddable":true,"href":"https:\/\/arantv.az\/index.php?rest_route=\/wp\/v2\/media\/658342"}],"wp:attachment":[{"href":"https:\/\/arantv.az\/index.php?rest_route=%2Fwp%2Fv2%2Fmedia&parent=658338"}],"wp:term":[{"taxonomy":"category","embeddable":true,"href":"https:\/\/arantv.az\/index.php?rest_route=%2Fwp%2Fv2%2Fcategories&post=658338"},{"taxonomy":"post_tag","embeddable":true,"href":"https:\/\/arantv.az\/index.php?rest_route=%2Fwp%2Fv2%2Ftags&post=658338"}],"curies":[{"name":"wp","href":"https:\/\/api.w.org\/{rel}","templated":true}]}}