{"id":658345,"date":"2023-11-18T20:17:28","date_gmt":"2023-11-18T16:17:28","guid":{"rendered":"https:\/\/arantv.az\/?p=658345"},"modified":"2023-11-18T20:17:28","modified_gmt":"2023-11-18T16:17:28","slug":"ayxan-hacizad%c9%99-erm%c9%99nistanin-%c9%99sassiz-v%c9%99-ziddiyy%c9%99tli-b%c9%99yanatlara-ustunluk-verm%c9%99si-%c9%99n%c9%99n%c9%99vi-hal-alib","status":"publish","type":"post","link":"https:\/\/arantv.az\/?p=658345","title":{"rendered":"Ayxan Hac\u0131zad\u0259: \u201cErm\u0259nistan\u0131n \u0259sass\u0131z v\u0259 ziddiyy\u0259tli b\u0259yanatlara \u00fcst\u00fcnl\u00fck verm\u0259si \u0259n\u0259n\u0259vi hal al\u0131b\u201d"},"content":{"rendered":"<p>\u201cErm\u0259nistan r\u0259smil\u0259rinin Az\u0259rbaycanla s\u00fclh prosesind\u0259 \u0259m\u0259li add\u0131mlar \u0259v\u0259zin\u0259 \u0259sass\u0131z v\u0259 ziddiyy\u0259tli b\u0259yanatlara \u00fcst\u00fcnl\u00fck verm\u0259si \u0259n\u0259n\u0259vi hal al\u0131b. Bu d\u0259f\u0259 d\u0259 Erm\u0259nistan ba\u015f naziri \u00f6z ziddiyy\u0259tli fikirl\u0259ri il\u0259 yadda qal\u0131b\u201d.<\/p>\n<p>Bunu Xarici \u0130\u015fl\u0259r Nazirliyinin m\u0259tbuat katibi Ayxan Hac\u0131zad\u0259 Erm\u0259nistan\u0131n ba\u015f naziri Nikol Pa\u015finyan\u0131n AT\u018fT Parlament Assambleyas\u0131n\u0131n sessiyas\u0131ndak\u0131 \u00e7\u0131x\u0131\u015f\u0131na m\u00fcnasib\u0259t bildir\u0259rk\u0259n deyib.<\/p>\n<p>\u201cErm\u0259nistan t\u0259r\u0259fi iki aydan art\u0131q m\u00fcdd\u0259td\u0259 yubatd\u0131\u011f\u0131 \u201cs\u00fclh v\u0259 d\u00f6vl\u0259tl\u0259raras\u0131 m\u00fcnasib\u0259tl\u0259rin qurulmas\u0131 haqq\u0131nda\u201d sazi\u015f layih\u0259sin\u0259 \u015f\u0259rhl\u0259ri t\u0259qdim etm\u0259k v\u0259 m\u00fcqavil\u0259 \u00fczr\u0259 dan\u0131\u015f\u0131qlara ba\u015flamaq \u0259v\u0259zin\u0259 Az\u0259rbaycana qar\u015f\u0131 iddialar s\u0259sl\u0259ndirm\u0259si q\u0259buledilm\u0259zdir.<\/p>\n<p>Erm\u0259nistan ba\u015f nazirinin baza prinsipl\u0259r v\u0259 s\u0259rh\u0259dl\u0259rin demarkasiyas\u0131 \u00fczr\u0259 iki \u00f6lk\u0259 aras\u0131nda anla\u015fma oldu\u011funu, Erm\u0259nistan v\u0259 Az\u0259rbaycan\u0131n \u0259razi iddialar\u0131n\u0131n olmad\u0131\u011f\u0131n\u0131 bildirm\u0259kl\u0259 yana\u015f\u0131, \u00f6lk\u0259mizin Erm\u0259nistana qar\u015f\u0131 m\u00fcharib\u0259y\u0259 haz\u0131rla\u015fd\u0131\u011f\u0131n\u0131 b\u0259yan etm\u0259si Erm\u0259nistan r\u0259smil\u0259rinin b\u0259yanatlar\u0131nda n\u0259 d\u0259r\u0259c\u0259d\u0259 ziddiyy\u0259tli yana\u015fma t\u0259tbiq etdikl\u0259rinin g\u00f6st\u0259ricisidir.<\/p>\n<p>Son \u00fc\u00e7 il \u0259rzind\u0259 Az\u0259rbaycan t\u0259r\u0259find\u0259n 5 baza prinsipl\u0259ri, s\u0259rh\u0259dl\u0259rin demarkasiyas\u0131, kommunikasiyalar\u0131n a\u00e7\u0131lmas\u0131 v\u0259 s\u00fclh m\u00fcqavil\u0259sinin imzalanmas\u0131 istiqam\u0259tind\u0259 ir\u0259li s\u00fcr\u00fclm\u00fc\u015f t\u0259\u015f\u0259bb\u00fcsl\u0259r\u0259 baxmayaraq, Erm\u0259nistan t\u0259r\u0259fi bu proses\u0259 mane\u00e7ilik t\u00f6r\u0259dib.<\/p>\n<p>Az\u0259rbaycan t\u0259r\u0259find\u0259n indiy\u0259 q\u0259d\u0259r 100-\u0259 yax\u0131n erm\u0259ni \u0259sirin geri qaytar\u0131lmas\u0131na baxmayaraq, Erm\u0259nistan t\u0259r\u0259finin bunun m\u00fcqabilind\u0259 s\u0259rh\u0259ddi s\u0259hv\u0259n ke\u00e7\u0259r\u0259n \u0259sir g\u00f6t\u00fcr\u00fclm\u00fc\u015f \u015f\u0259xsl\u0259rin geri qaytar\u0131lmas\u0131 bar\u0259d\u0259 etimad quruculu\u011fu s\u0259yl\u0259rini pozmas\u0131, 2 n\u0259f\u0259r Az\u0259rbaycan h\u0259rb\u00e7isini \u0259sir g\u00f6t\u00fcrm\u0259si, Erm\u0259nistan t\u0259r\u0259finin saxlan\u0131lan \u015f\u0259xsl\u0259rin geri qaytar\u0131lmas\u0131 m\u0259s\u0259l\u0259sin\u0259 ciddi yana\u015fmad\u0131\u011f\u0131n\u0131 g\u00f6st\u0259rir.<\/p>\n<p>Erm\u0259nistan\u0131n ba\u015f nazirinin \u201cQ\u0259rbi Az\u0259rbaycan \u0130cmas\u0131n\u0131n\u201d n\u00fcmay\u0259nd\u0259l\u0259rinin \u00f6z do\u011fma torpaqlar\u0131n\u0131na t\u0259hl\u00fck\u0259siz v\u0259 l\u0259yaq\u0259tli \u015f\u0259kild\u0259 qay\u0131tmas\u0131 ist\u0259yinin v\u0259 bu istiqam\u0259td\u0259 apard\u0131qlar\u0131 t\u0259bli\u011fat\u0131n Erm\u0259nistana qar\u015f\u0131 \u201ct\u0259cav\u00fcz\u0259 haz\u0131rl\u0131q\u201d kimi q\u0259l\u0259m\u0259 verilm\u0259si tamamil\u0259 \u0259sass\u0131zd\u0131r.<\/p>\n<p>M\u00fcxt\u0259lif beyn\u0259lxalq platformalardan istifad\u0259 etm\u0259kl\u0259 \u00f6lk\u0259miz\u0259 qar\u015f\u0131 aqressiv b\u00f6htan xarakterli ritorikan\u0131 davam etdir\u0259n Erm\u0259nistan t\u0259r\u0259fin\u0259 s\u00fclh perspektivl\u0259rin\u0259 x\u0259l\u0259l g\u0259tir\u0259n a\u00e7\u0131qlamalardan \u0259l \u00e7\u0259km\u0259y\u0259 v\u0259 C\u0259nubi Qafqaz regionunun s\u00fclh v\u0259 \u0259m\u0259kda\u015fl\u0131q m\u0259kan\u0131na \u00e7evrilm\u0259si \u00fc\u00e7\u00fcn yaranm\u0131\u015f tarixi imkanlardan istifad\u0259 etm\u0259y\u0259 \u00e7a\u011f\u0131r\u0131r\u0131q.<\/p>\n<p>\u00dcmidvar\u0131q ki, Az\u0259rbaycanla Erm\u0259nistan aras\u0131nda m\u00fcnasib\u0259tl\u0259rin normalla\u015fd\u0131r\u0131lmas\u0131, yax\u0131n zamanda s\u00fclh m\u00fcqavil\u0259sinin imzalanmas\u0131 istiqam\u0259tind\u0259 Az\u0259rbaycan t\u0259r\u0259find\u0259n edil\u0259n \u00e7a\u011f\u0131r\u0131\u015flara Erm\u0259nistan t\u0259r\u0259find\u0259n adekvat cavab veril\u0259c\u0259k&#8221;, &#8211; X\u0130N s\u00f6z\u00e7\u00fcs\u00fcn\u00fcn b\u0259yanat\u0131nda deyilir.<\/p>\n","protected":false},"excerpt":{"rendered":"<p>\u201cErm\u0259nistan r\u0259smil\u0259rinin Az\u0259rbaycanla s\u00fclh prosesind\u0259 \u0259m\u0259li add\u0131mlar \u0259v\u0259zin\u0259 \u0259sass\u0131z v\u0259 ziddiyy\u0259tli b\u0259yanatlara \u00fcst\u00fcnl\u00fck verm\u0259si \u0259n\u0259n\u0259vi hal al\u0131b. Bu d\u0259f\u0259 d\u0259 Erm\u0259nistan ba\u015f naziri \u00f6z ziddiyy\u0259tli fikirl\u0259ri il\u0259 yadda qal\u0131b\u201d. Bunu Xarici \u0130\u015fl\u0259r Nazirliyinin m\u0259tbuat katibi Ayxan Hac\u0131zad\u0259 Erm\u0259nistan\u0131n ba\u015f naziri Nikol Pa\u015finyan\u0131n AT\u018fT Parlament Assambleyas\u0131n\u0131n sessiyas\u0131ndak\u0131 \u00e7\u0131x\u0131\u015f\u0131na m\u00fcnasib\u0259t bildir\u0259rk\u0259n deyib. \u201cErm\u0259nistan t\u0259r\u0259fi iki aydan art\u0131q m\u00fcdd\u0259td\u0259 yubatd\u0131\u011f\u0131 \u201cs\u00fclh v\u0259 d\u00f6vl\u0259tl\u0259raras\u0131 m\u00fcnasib\u0259tl\u0259rin qurulmas\u0131 haqq\u0131nda\u201d sazi\u015f layih\u0259sin\u0259 \u015f\u0259rhl\u0259ri t\u0259qdim etm\u0259k v\u0259 m\u00fcqavil\u0259 \u00fczr\u0259 dan\u0131\u015f\u0131qlara ba\u015flamaq \u0259v\u0259zin\u0259 Az\u0259rbaycana qar\u015f\u0131 iddialar s\u0259sl\u0259ndirm\u0259si q\u0259buledilm\u0259zdir. Erm\u0259nistan ba\u015f nazirinin baza prinsipl\u0259r v\u0259 s\u0259rh\u0259dl\u0259rin demarkasiyas\u0131 \u00fczr\u0259 iki \u00f6lk\u0259&hellip;<\/p>\n","protected":false},"author":2,"featured_media":627415,"comment_status":"closed","ping_status":"closed","sticky":false,"template":"","format":"standard","meta":{"om_disable_all_campaigns":false,"_monsterinsights_skip_tracking":false,"_monsterinsights_sitenote_active":false,"_monsterinsights_sitenote_note":"","_monsterinsights_sitenote_category":0},"categories":[4],"tags":[],"aioseo_notices":[],"gutentor_comment":0,"rttpg_featured_image_url":{"full":["https:\/\/arantv.az\/wp-content\/uploads\/2023\/09\/ayxan_hacizade_060223.jpg",1200,900,false],"landscape":["https:\/\/arantv.az\/wp-content\/uploads\/2023\/09\/ayxan_hacizade_060223.jpg",1200,900,false],"portraits":["https:\/\/arantv.az\/wp-content\/uploads\/2023\/09\/ayxan_hacizade_060223.jpg",1200,900,false],"thumbnail":["https:\/\/arantv.az\/wp-content\/uploads\/2023\/09\/ayxan_hacizade_060223-500x280.jpg",500,280,true],"medium":["https:\/\/arantv.az\/wp-content\/uploads\/2023\/09\/ayxan_hacizade_060223-487x365.jpg",487,365,true],"large":["https:\/\/arantv.az\/wp-content\/uploads\/2023\/09\/ayxan_hacizade_060223-840x630.jpg",640,480,true],"1536x1536":["https:\/\/arantv.az\/wp-content\/uploads\/2023\/09\/ayxan_hacizade_060223.jpg",1200,900,false],"2048x2048":["https:\/\/arantv.az\/wp-content\/uploads\/2023\/09\/ayxan_hacizade_060223.jpg",1200,900,false],"post-thumbnail":["https:\/\/arantv.az\/wp-content\/uploads\/2023\/09\/ayxan_hacizade_060223-240x172.jpg",240,172,true],"advps-thumb-one":["https:\/\/arantv.az\/wp-content\/uploads\/2023\/09\/ayxan_hacizade_060223-1200x620.jpg",1200,620,true]},"rttpg_author":{"display_name":"V\u00fcsal Rafiqo\u011flu","author_link":"https:\/\/arantv.az\/?author=2"},"rttpg_comment":0,"rttpg_category":"<a href=\"https:\/\/arantv.az\/?cat=4\" rel=\"category\">Siyas\u0259t<\/a>","rttpg_excerpt":"\u201cErm\u0259nistan r\u0259smil\u0259rinin Az\u0259rbaycanla s\u00fclh prosesind\u0259 \u0259m\u0259li add\u0131mlar \u0259v\u0259zin\u0259 \u0259sass\u0131z v\u0259 ziddiyy\u0259tli b\u0259yanatlara \u00fcst\u00fcnl\u00fck verm\u0259si \u0259n\u0259n\u0259vi hal al\u0131b. Bu d\u0259f\u0259 d\u0259 Erm\u0259nistan ba\u015f naziri \u00f6z ziddiyy\u0259tli fikirl\u0259ri il\u0259 yadda qal\u0131b\u201d. Bunu Xarici \u0130\u015fl\u0259r Nazirliyinin m\u0259tbuat katibi Ayxan Hac\u0131zad\u0259 Erm\u0259nistan\u0131n ba\u015f naziri Nikol Pa\u015finyan\u0131n AT\u018fT Parlament Assambleyas\u0131n\u0131n sessiyas\u0131ndak\u0131 \u00e7\u0131x\u0131\u015f\u0131na m\u00fcnasib\u0259t bildir\u0259rk\u0259n deyib. \u201cErm\u0259nistan t\u0259r\u0259fi iki aydan art\u0131q&hellip;","_links":{"self":[{"href":"https:\/\/arantv.az\/index.php?rest_route=\/wp\/v2\/posts\/658345"}],"collection":[{"href":"https:\/\/arantv.az\/index.php?rest_route=\/wp\/v2\/posts"}],"about":[{"href":"https:\/\/arantv.az\/index.php?rest_route=\/wp\/v2\/types\/post"}],"author":[{"embeddable":true,"href":"https:\/\/arantv.az\/index.php?rest_route=\/wp\/v2\/users\/2"}],"replies":[{"embeddable":true,"href":"https:\/\/arantv.az\/index.php?rest_route=%2Fwp%2Fv2%2Fcomments&post=658345"}],"version-history":[{"count":0,"href":"https:\/\/arantv.az\/index.php?rest_route=\/wp\/v2\/posts\/658345\/revisions"}],"wp:featuredmedia":[{"embeddable":true,"href":"https:\/\/arantv.az\/index.php?rest_route=\/wp\/v2\/media\/627415"}],"wp:attachment":[{"href":"https:\/\/arantv.az\/index.php?rest_route=%2Fwp%2Fv2%2Fmedia&parent=658345"}],"wp:term":[{"taxonomy":"category","embeddable":true,"href":"https:\/\/arantv.az\/index.php?rest_route=%2Fwp%2Fv2%2Fcategories&post=658345"},{"taxonomy":"post_tag","embeddable":true,"href":"https:\/\/arantv.az\/index.php?rest_route=%2Fwp%2Fv2%2Ftags&post=658345"}],"curies":[{"name":"wp","href":"https:\/\/api.w.org\/{rel}","templated":true}]}}