{"id":658351,"date":"2023-11-19T10:22:55","date_gmt":"2023-11-19T06:22:55","guid":{"rendered":"https:\/\/arantv.az\/?p=658351"},"modified":"2023-11-19T10:22:55","modified_gmt":"2023-11-19T06:22:55","slug":"q%c9%99rbi-az%c9%99rbaycan-icmasindan-fransa-il%c9%99-bagli-s%c9%99rt-b%c9%99yanat-ifsa-etm%c9%99y%c9%99-davam-ed%c9%99c%c9%99yik","status":"publish","type":"post","link":"https:\/\/arantv.az\/?p=658351","title":{"rendered":"Q\u0259rbi Az\u0259rbaycan \u0130cmas\u0131ndan Fransa il\u0259 ba\u011fl\u0131 s\u0259rt b\u0259yanat: \u201c\u0130f\u015fa etm\u0259y\u0259 davam ed\u0259c\u0259yik!\u201d"},"content":{"rendered":"<p>Fransan\u0131n Xarici \u0130\u015fl\u0259r Nazirliyi Beyn\u0259lxalq \u018fdal\u0259t M\u0259hk\u0259m\u0259sinin 17 noyabr 2023-c\u00fc il tarixli q\u0259rar\u0131 il\u0259 ba\u011fl\u0131 t\u0259l\u0259m-t\u0259l\u0259sik b\u0259yanat ver\u0259r\u0259k, guya q\u0259rar\u0131n Fransan\u0131n m\u00f6vqeyin\u0259 uy\u011fun oldu\u011fu t\u0259\u0259ss\u00fcrat\u0131 yaratma\u011fa \u00e7al\u0131\u015fm\u0131\u015fd\u0131r.<\/p>\n<p>Bu bar\u0259d\u0259 Q\u0259rbi Az\u0259rbaycan \u0130cmas\u0131n\u0131n b\u0259yanat\u0131nda bildirilib.<\/p>\n<p>\u201cFrans\u0131z diplomatiyas\u0131na yax\u015f\u0131 m\u0259lumdur ki, Beyn\u0259lxalq \u018fdal\u0259t M\u0259hk\u0259m\u0259sinin q\u0259rar\u0131nda sad\u0259c\u0259 Az\u0259rbaycan\u0131n onsuz da atmaqda oldu\u011fu add\u0131mlar sadalan\u0131b. Az\u0259rbaycan etnik v\u0259 dini m\u0259nsubiyy\u0259tind\u0259n as\u0131l\u0131 olmayaraq, \u00f6z \u0259razisind\u0259 ya\u015fayan b\u00fct\u00fcn insanlar\u0131n h\u00fcquqlar\u0131n\u0131 t\u0259min edir. Az\u0259rbaycan Qaraba\u011f b\u00f6lg\u0259sind\u0259n k\u00f6\u00e7m\u00fc\u015f erm\u0259nil\u0259rin qay\u0131d\u0131\u015f h\u00fcququ il\u0259 ba\u011fl\u0131 \u00f6z siyas\u0259tini ayd\u0131n b\u0259yan edib.<\/p>\n<p>Ona g\u00f6r\u0259 d\u0259 Fransan\u0131n bu m\u0259s\u0259l\u0259y\u0259 m\u00fcdaxil\u0259 etm\u0259si yersizdir, \u0259sass\u0131zd\u0131r v\u0259 t\u0259xribat xarakteri da\u015f\u0131y\u0131r.<\/p>\n<p>Yax\u015f\u0131 olard\u0131 ki, Fransa iradlar\u0131n\u0131 \u00f6z\u00fcn\u0259 v\u0259 qovulmu\u015f az\u0259rbaycanl\u0131lar\u0131n qay\u0131d\u0131\u015f\u0131na h\u0259tta n\u0259z\u0259ri olaraq bel\u0259 raz\u0131l\u0131q verm\u0259y\u0259n Erm\u0259nistan h\u00f6kum\u0259tin\u0259 y\u00f6n\u0259ltsin. Fransa Erm\u0259nistan\u0131 qeyd-\u015f\u0259rtsiz d\u0259st\u0259kl\u0259m\u0259kl\u0259 onun t\u00f6r\u0259tdiyi insanl\u0131q \u0259leyhin\u0259 cinay\u0259tl\u0259r\u0259, o c\u00fcml\u0259d\u0259n az\u0259rbaycanl\u0131lar\u0131n qay\u0131d\u0131\u015f h\u00fcququnu pozmas\u0131na \u015f\u0259rik olur.<\/p>\n<p>Q\u0259rbi Az\u0259rbaycan \u0130cmas\u0131 Fransan\u0131n insan h\u00fcquqlar\u0131 kimi \u00fclvi d\u0259y\u0259rd\u0259n sui-istifad\u0259 ed\u0259r\u0259k regionda m\u0259nfur neokolonial m\u0259qs\u0259dl\u0259rini ir\u0259lil\u0259tm\u0259k c\u0259hdl\u0259rini if\u015fa etm\u0259kd\u0259 davam ed\u0259c\u0259k\u201d, &#8211; b\u0259yanatda qeyd olunub.<\/p>\n","protected":false},"excerpt":{"rendered":"<p>Fransan\u0131n Xarici \u0130\u015fl\u0259r Nazirliyi Beyn\u0259lxalq \u018fdal\u0259t M\u0259hk\u0259m\u0259sinin 17 noyabr 2023-c\u00fc il tarixli q\u0259rar\u0131 il\u0259 ba\u011fl\u0131 t\u0259l\u0259m-t\u0259l\u0259sik b\u0259yanat ver\u0259r\u0259k, guya q\u0259rar\u0131n Fransan\u0131n m\u00f6vqeyin\u0259 uy\u011fun oldu\u011fu t\u0259\u0259ss\u00fcrat\u0131 yaratma\u011fa \u00e7al\u0131\u015fm\u0131\u015fd\u0131r. Bu bar\u0259d\u0259 Q\u0259rbi Az\u0259rbaycan \u0130cmas\u0131n\u0131n b\u0259yanat\u0131nda bildirilib. \u201cFrans\u0131z diplomatiyas\u0131na yax\u015f\u0131 m\u0259lumdur ki, Beyn\u0259lxalq \u018fdal\u0259t M\u0259hk\u0259m\u0259sinin q\u0259rar\u0131nda sad\u0259c\u0259 Az\u0259rbaycan\u0131n onsuz da atmaqda oldu\u011fu add\u0131mlar sadalan\u0131b. Az\u0259rbaycan etnik v\u0259 dini m\u0259nsubiyy\u0259tind\u0259n as\u0131l\u0131 olmayaraq, \u00f6z \u0259razisind\u0259 ya\u015fayan b\u00fct\u00fcn insanlar\u0131n h\u00fcquqlar\u0131n\u0131 t\u0259min edir. Az\u0259rbaycan Qaraba\u011f b\u00f6lg\u0259sind\u0259n k\u00f6\u00e7m\u00fc\u015f erm\u0259nil\u0259rin qay\u0131d\u0131\u015f h\u00fcququ il\u0259 ba\u011fl\u0131 \u00f6z siyas\u0259tini ayd\u0131n b\u0259yan edib. Ona g\u00f6r\u0259 d\u0259 Fransan\u0131n bu m\u0259s\u0259l\u0259y\u0259 m\u00fcdaxil\u0259 etm\u0259si yersizdir, \u0259sass\u0131zd\u0131r&hellip;<\/p>\n","protected":false},"author":2,"featured_media":658353,"comment_status":"closed","ping_status":"closed","sticky":false,"template":"","format":"standard","meta":{"om_disable_all_campaigns":false,"_monsterinsights_skip_tracking":false,"_monsterinsights_sitenote_active":false,"_monsterinsights_sitenote_note":"","_monsterinsights_sitenote_category":0},"categories":[4],"tags":[],"aioseo_notices":[],"gutentor_comment":0,"rttpg_featured_image_url":{"full":["https:\/\/arantv.az\/wp-content\/uploads\/2023\/11\/6557701e780a26557701e780a317002291506557701e780a06557701e780a1-2.jpg",620,413,false],"landscape":["https:\/\/arantv.az\/wp-content\/uploads\/2023\/11\/6557701e780a26557701e780a317002291506557701e780a06557701e780a1-2.jpg",620,413,false],"portraits":["https:\/\/arantv.az\/wp-content\/uploads\/2023\/11\/6557701e780a26557701e780a317002291506557701e780a06557701e780a1-2.jpg",620,413,false],"thumbnail":["https:\/\/arantv.az\/wp-content\/uploads\/2023\/11\/6557701e780a26557701e780a317002291506557701e780a06557701e780a1-2-500x280.jpg",500,280,true],"medium":["https:\/\/arantv.az\/wp-content\/uploads\/2023\/11\/6557701e780a26557701e780a317002291506557701e780a06557701e780a1-2-548x365.jpg",548,365,true],"large":["https:\/\/arantv.az\/wp-content\/uploads\/2023\/11\/6557701e780a26557701e780a317002291506557701e780a06557701e780a1-2.jpg",620,413,false],"1536x1536":["https:\/\/arantv.az\/wp-content\/uploads\/2023\/11\/6557701e780a26557701e780a317002291506557701e780a06557701e780a1-2.jpg",620,413,false],"2048x2048":["https:\/\/arantv.az\/wp-content\/uploads\/2023\/11\/6557701e780a26557701e780a317002291506557701e780a06557701e780a1-2.jpg",620,413,false],"post-thumbnail":["https:\/\/arantv.az\/wp-content\/uploads\/2023\/11\/6557701e780a26557701e780a317002291506557701e780a06557701e780a1-2-240x172.jpg",240,172,true],"advps-thumb-one":["https:\/\/arantv.az\/wp-content\/uploads\/2023\/11\/6557701e780a26557701e780a317002291506557701e780a06557701e780a1-2.jpg",620,413,false]},"rttpg_author":{"display_name":"V\u00fcsal Rafiqo\u011flu","author_link":"https:\/\/arantv.az\/?author=2"},"rttpg_comment":0,"rttpg_category":"<a href=\"https:\/\/arantv.az\/?cat=4\" rel=\"category\">Siyas\u0259t<\/a>","rttpg_excerpt":"Fransan\u0131n Xarici \u0130\u015fl\u0259r Nazirliyi Beyn\u0259lxalq \u018fdal\u0259t M\u0259hk\u0259m\u0259sinin 17 noyabr 2023-c\u00fc il tarixli q\u0259rar\u0131 il\u0259 ba\u011fl\u0131 t\u0259l\u0259m-t\u0259l\u0259sik b\u0259yanat ver\u0259r\u0259k, guya q\u0259rar\u0131n Fransan\u0131n m\u00f6vqeyin\u0259 uy\u011fun oldu\u011fu t\u0259\u0259ss\u00fcrat\u0131 yaratma\u011fa \u00e7al\u0131\u015fm\u0131\u015fd\u0131r. Bu bar\u0259d\u0259 Q\u0259rbi Az\u0259rbaycan \u0130cmas\u0131n\u0131n b\u0259yanat\u0131nda bildirilib. \u201cFrans\u0131z diplomatiyas\u0131na yax\u015f\u0131 m\u0259lumdur ki, Beyn\u0259lxalq \u018fdal\u0259t M\u0259hk\u0259m\u0259sinin q\u0259rar\u0131nda sad\u0259c\u0259 Az\u0259rbaycan\u0131n onsuz da atmaqda oldu\u011fu add\u0131mlar sadalan\u0131b. Az\u0259rbaycan etnik v\u0259 dini&hellip;","_links":{"self":[{"href":"https:\/\/arantv.az\/index.php?rest_route=\/wp\/v2\/posts\/658351"}],"collection":[{"href":"https:\/\/arantv.az\/index.php?rest_route=\/wp\/v2\/posts"}],"about":[{"href":"https:\/\/arantv.az\/index.php?rest_route=\/wp\/v2\/types\/post"}],"author":[{"embeddable":true,"href":"https:\/\/arantv.az\/index.php?rest_route=\/wp\/v2\/users\/2"}],"replies":[{"embeddable":true,"href":"https:\/\/arantv.az\/index.php?rest_route=%2Fwp%2Fv2%2Fcomments&post=658351"}],"version-history":[{"count":0,"href":"https:\/\/arantv.az\/index.php?rest_route=\/wp\/v2\/posts\/658351\/revisions"}],"wp:featuredmedia":[{"embeddable":true,"href":"https:\/\/arantv.az\/index.php?rest_route=\/wp\/v2\/media\/658353"}],"wp:attachment":[{"href":"https:\/\/arantv.az\/index.php?rest_route=%2Fwp%2Fv2%2Fmedia&parent=658351"}],"wp:term":[{"taxonomy":"category","embeddable":true,"href":"https:\/\/arantv.az\/index.php?rest_route=%2Fwp%2Fv2%2Fcategories&post=658351"},{"taxonomy":"post_tag","embeddable":true,"href":"https:\/\/arantv.az\/index.php?rest_route=%2Fwp%2Fv2%2Ftags&post=658351"}],"curies":[{"name":"wp","href":"https:\/\/api.w.org\/{rel}","templated":true}]}}