{"id":658358,"date":"2023-11-19T10:24:55","date_gmt":"2023-11-19T06:24:55","guid":{"rendered":"https:\/\/arantv.az\/?p=658358"},"modified":"2023-11-19T10:24:55","modified_gmt":"2023-11-19T06:24:55","slug":"simali-kipr-turk-cumhuriyy%c9%99ti-v%c9%99-az%c9%99rbaycan-kecmisd%c9%99n-g%c9%99l%c9%99c%c9%99y%c9%99-baxis-video","status":"publish","type":"post","link":"https:\/\/arantv.az\/?p=658358","title":{"rendered":"\u015eimali Kipr T\u00fcrk C\u00fcmhuriyy\u0259ti v\u0259 Az\u0259rbaycan: Ke\u00e7mi\u015fd\u0259n g\u0259l\u0259c\u0259y\u0259 bax\u0131\u015f &#8211; V\u0130DEO"},"content":{"rendered":"<p>Baku TV-nin \u0259m\u0259kda\u015f\u0131 \u0130smay\u0131l Ya\u015faro\u011flu \u015eimali Kipr T\u00fcrk Respublikas\u0131ndan reportaj haz\u0131rlay\u0131b.<\/p>\n<p>Reportajda \u015eimali Kipr T\u00fcrk C\u00fcmhuriyy\u0259tinin yaranma tarixind\u0259n b\u0259hs olunub. El\u0259c\u0259 d\u0259 Az\u0259rbaycan-\u015eimali Kipr dostluq m\u00fcnasib\u0259tl\u0259rin\u0259 yer verilib.<\/p>\n<p>Qeyd edilib ki, t\u0259hsil adas\u0131 olaraq tan\u0131nan \u015eimali Kiprin 16 universitetind\u0259 300-\u0259 yax\u0131n az\u0259rbaycanl\u0131 t\u0259hsil al\u0131r v\u0259 40-a yax\u0131n az\u0259rbaycanl\u0131 professor-m\u00fc\u0259llim hey\u0259ti \u00e7al\u0131\u015f\u0131r.<\/p>\n<p>Jurnalist h\u0259m\u00e7inin \u00f6lk\u0259nin Prezidenti Ersin Tatar\u0131n da qona\u011f\u0131 olub.<\/p>\n<p>Reportaj\u0131 t\u0259qdim edirik:<\/p>\n<div><iframe loading=\"lazy\" title=\"YouTube video player\" src=\"https:\/\/www.youtube.com\/embed\/uYLbwaWYOzs?si=jlyyI3rfJDB7MIxo\" width=\"560\" height=\"315\" frameborder=\"0\" allowfullscreen=\"allowfullscreen\" data-mce-fragment=\"1\"><\/iframe><\/div>\n<p>&nbsp;<\/p>\n","protected":false},"excerpt":{"rendered":"<p>Baku TV-nin \u0259m\u0259kda\u015f\u0131 \u0130smay\u0131l Ya\u015faro\u011flu \u015eimali Kipr T\u00fcrk Respublikas\u0131ndan reportaj haz\u0131rlay\u0131b. Reportajda \u015eimali Kipr T\u00fcrk C\u00fcmhuriyy\u0259tinin yaranma tarixind\u0259n b\u0259hs olunub. El\u0259c\u0259 d\u0259 Az\u0259rbaycan-\u015eimali Kipr dostluq m\u00fcnasib\u0259tl\u0259rin\u0259 yer verilib. Qeyd edilib ki, t\u0259hsil adas\u0131 olaraq tan\u0131nan \u015eimali Kiprin 16 universitetind\u0259 300-\u0259 yax\u0131n az\u0259rbaycanl\u0131 t\u0259hsil al\u0131r v\u0259 40-a yax\u0131n az\u0259rbaycanl\u0131 professor-m\u00fc\u0259llim hey\u0259ti \u00e7al\u0131\u015f\u0131r. Jurnalist h\u0259m\u00e7inin \u00f6lk\u0259nin Prezidenti Ersin Tatar\u0131n da qona\u011f\u0131 olub. Reportaj\u0131 t\u0259qdim edirik: &nbsp;<\/p>\n","protected":false},"author":2,"featured_media":658361,"comment_status":"closed","ping_status":"closed","sticky":false,"template":"","format":"standard","meta":{"om_disable_all_campaigns":false,"_monsterinsights_skip_tracking":false,"_monsterinsights_sitenote_active":false,"_monsterinsights_sitenote_note":"","_monsterinsights_sitenote_category":0},"categories":[4],"tags":[],"aioseo_notices":[],"gutentor_comment":0,"rttpg_featured_image_url":{"full":["https:\/\/arantv.az\/wp-content\/uploads\/2023\/11\/FotoJet-50.jpg",620,413,false],"landscape":["https:\/\/arantv.az\/wp-content\/uploads\/2023\/11\/FotoJet-50.jpg",620,413,false],"portraits":["https:\/\/arantv.az\/wp-content\/uploads\/2023\/11\/FotoJet-50.jpg",620,413,false],"thumbnail":["https:\/\/arantv.az\/wp-content\/uploads\/2023\/11\/FotoJet-50-500x280.jpg",500,280,true],"medium":["https:\/\/arantv.az\/wp-content\/uploads\/2023\/11\/FotoJet-50-548x365.jpg",548,365,true],"large":["https:\/\/arantv.az\/wp-content\/uploads\/2023\/11\/FotoJet-50.jpg",620,413,false],"1536x1536":["https:\/\/arantv.az\/wp-content\/uploads\/2023\/11\/FotoJet-50.jpg",620,413,false],"2048x2048":["https:\/\/arantv.az\/wp-content\/uploads\/2023\/11\/FotoJet-50.jpg",620,413,false],"post-thumbnail":["https:\/\/arantv.az\/wp-content\/uploads\/2023\/11\/FotoJet-50-240x172.jpg",240,172,true],"advps-thumb-one":["https:\/\/arantv.az\/wp-content\/uploads\/2023\/11\/FotoJet-50.jpg",620,413,false]},"rttpg_author":{"display_name":"V\u00fcsal Rafiqo\u011flu","author_link":"https:\/\/arantv.az\/?author=2"},"rttpg_comment":0,"rttpg_category":"<a href=\"https:\/\/arantv.az\/?cat=4\" rel=\"category\">Siyas\u0259t<\/a>","rttpg_excerpt":"Baku TV-nin \u0259m\u0259kda\u015f\u0131 \u0130smay\u0131l Ya\u015faro\u011flu \u015eimali Kipr T\u00fcrk Respublikas\u0131ndan reportaj haz\u0131rlay\u0131b. Reportajda \u015eimali Kipr T\u00fcrk C\u00fcmhuriyy\u0259tinin yaranma tarixind\u0259n b\u0259hs olunub. El\u0259c\u0259 d\u0259 Az\u0259rbaycan-\u015eimali Kipr dostluq m\u00fcnasib\u0259tl\u0259rin\u0259 yer verilib. Qeyd edilib ki, t\u0259hsil adas\u0131 olaraq tan\u0131nan \u015eimali Kiprin 16 universitetind\u0259 300-\u0259 yax\u0131n az\u0259rbaycanl\u0131 t\u0259hsil al\u0131r v\u0259 40-a yax\u0131n az\u0259rbaycanl\u0131 professor-m\u00fc\u0259llim hey\u0259ti \u00e7al\u0131\u015f\u0131r. Jurnalist h\u0259m\u00e7inin \u00f6lk\u0259nin Prezidenti&hellip;","_links":{"self":[{"href":"https:\/\/arantv.az\/index.php?rest_route=\/wp\/v2\/posts\/658358"}],"collection":[{"href":"https:\/\/arantv.az\/index.php?rest_route=\/wp\/v2\/posts"}],"about":[{"href":"https:\/\/arantv.az\/index.php?rest_route=\/wp\/v2\/types\/post"}],"author":[{"embeddable":true,"href":"https:\/\/arantv.az\/index.php?rest_route=\/wp\/v2\/users\/2"}],"replies":[{"embeddable":true,"href":"https:\/\/arantv.az\/index.php?rest_route=%2Fwp%2Fv2%2Fcomments&post=658358"}],"version-history":[{"count":0,"href":"https:\/\/arantv.az\/index.php?rest_route=\/wp\/v2\/posts\/658358\/revisions"}],"wp:featuredmedia":[{"embeddable":true,"href":"https:\/\/arantv.az\/index.php?rest_route=\/wp\/v2\/media\/658361"}],"wp:attachment":[{"href":"https:\/\/arantv.az\/index.php?rest_route=%2Fwp%2Fv2%2Fmedia&parent=658358"}],"wp:term":[{"taxonomy":"category","embeddable":true,"href":"https:\/\/arantv.az\/index.php?rest_route=%2Fwp%2Fv2%2Fcategories&post=658358"},{"taxonomy":"post_tag","embeddable":true,"href":"https:\/\/arantv.az\/index.php?rest_route=%2Fwp%2Fv2%2Ftags&post=658358"}],"curies":[{"name":"wp","href":"https:\/\/api.w.org\/{rel}","templated":true}]}}