{"id":658380,"date":"2023-11-19T10:31:43","date_gmt":"2023-11-19T06:31:43","guid":{"rendered":"https:\/\/arantv.az\/?p=658380"},"modified":"2023-11-19T10:31:43","modified_gmt":"2023-11-19T06:31:43","slug":"ulu-ond%c9%99rin-siyasi-irsi-must%c9%99qil-dovl%c9%99tciliyimizin-%c9%99sasidir-s%c9%99rh","status":"publish","type":"post","link":"https:\/\/arantv.az\/?p=658380","title":{"rendered":"Ulu \u00d6nd\u0259rin siyasi irsi m\u00fcst\u0259qil d\u00f6vl\u0259t\u00e7iliyimizin \u0259sas\u0131d\u0131r &#8211; \u015e\u018fRH"},"content":{"rendered":"<p>B\u0259\u015f\u0259r m\u0259d\u0259niyy\u0259ti tarixinin ara\u015fd\u0131r\u0131lmas\u0131 sah\u0259sind\u0259 \u0259ld\u0259 olunan n\u0259tic\u0259l\u0259r s\u00fcbut edir ki, insanlar\u0131n m\u0259n\u0259viyyat\u0131, ad\u0259t-\u0259n\u0259n\u0259l\u0259ri il\u0259 ba\u011fl\u0131 olan milli-m\u0259n\u0259vi d\u0259y\u0259rl\u0259rin yarad\u0131c\u0131s\u0131 xalqd\u0131r. Q\u0259dim d\u00f6vl\u0259t\u00e7ilik tarixin\u0259 malik olan Az\u0259rbaycan xalq\u0131na bel\u0259 bir z\u0259nginlik qism\u0259t olmu\u015fdur.H\u0259r bir xalq g\u00f6rk\u0259mli \u015f\u0259xsiyy\u0259tl\u0259ri il\u0259 tan\u0131n\u0131r. Onlar xalq\u0131n z\u0259kas\u0131n\u0131, elmini, m\u0259d\u0259niyy\u0259tini, m\u0259n\u0259viy-yat\u0131n\u0131 d\u00fcnyaya n\u00fcmayi\u015f etdirir.\u00a0 \u00d6lk\u0259miz b\u0259\u015f\u0259riyy\u0259t\u0259 verdiyi tarixi \u015f\u0259xsiyy\u0259tl\u0259ri il\u0259 daim f\u0259xr edib.<\/p>\n<p>Ad\u0131 \u00f6lk\u0259mizd\u0259n \u00e7ox-\u00e7ox uzaqlarda tan\u0131nm\u0131\u015f,\u00a0 d\u00f6vl\u0259t xadiml\u0259ri,\u00a0 siyas\u0259t\u00e7il\u0259r, m\u00fcdrik \u015f\u0259xsiyy\u0259tl\u0259r haqq\u0131nda s\u00f6z d\u00fc\u015f\u0259nd\u0259 ilk n\u00f6vb\u0259d\u0259 \u00dcmummilli Lider Heyd\u0259r \u018fliyevin ad\u0131 \u00e7\u0259kilir. Ulu \u00d6nd\u0259r\u00a0Heyd\u0259r \u018fliyev dahi \u015f\u0259xsiyy\u0259t, uzaqg\u00f6r\u0259n lider, c\u0259sar\u0259tli insan idi. O, \u00f6z h\u0259yat\u0131n\u0131 do\u011fma xalq\u0131na h\u0259sr etmi\u015fdir. B\u00fct\u00fcn d\u00f6vrl\u0259rd\u0259 xalqa l\u0259yaq\u0259tl\u0259, s\u0259daq\u0259tl\u0259 xidm\u0259t etmi\u015fdir.\u00a0 Heyd\u0259r \u018fliyev b\u00fct\u00fcn d\u00f6vrl\u0259rd\u0259 xalq\u0131n d\u0259st\u0259yini hiss ed\u0259r\u0259k Az\u0259rbaycan\u0131 inamla ir\u0259liy\u0259 apar\u0131rd\u0131.<\/p>\n<p>Az\u0259rbaycan dilini d\u00f6vl\u0259t dili kimi t\u0259sdiql\u0259m\u0259k m\u0259s\u0259l\u0259l\u0259ri d\u0259 m\u0259hz onun t\u0259\u015f\u0259bb\u00fcs\u00fc il\u0259 h\u0259yata ke\u00e7irilmi\u015fdir. Az\u0259rbaycan\u00e7\u0131l\u0131q f\u0259ls\u0259f\u0259si, ilk n\u00f6vb\u0259d\u0259 Ulu \u00d6nd\u0259r Heyd\u0259r \u018fliyevin t\u0259\u015f\u0259bb\u00fcs\u00fc idi. 1992-ci il noyabr\u0131n 21-d\u0259 g\u0259nc respublikam\u0131zda \u00e7ox \u0259lam\u0259tdar hadis\u0259 ba\u015f vermi\u015fdir. Ulu \u00d6nd\u0259r Heyd\u0259r \u018fliyevin r\u0259hb\u0259rliyi v\u0259 s\u0259drliyi il\u0259 Nax\u00e7\u0131vanda Yeni Az\u0259rbaycan Partiyas\u0131n\u0131n t\u0259sis konfrans\u0131 ke\u00e7irilmi\u015fdir. Bu, do\u011frudan da tarixi hadis\u0259 idi.\u00a0 Onun siyasi t\u0259cr\u00fcb\u0259si, xalq qar\u015f\u0131s\u0131nda g\u00f6st\u0259rdiyi xidm\u0259tl\u0259r, Nax\u00e7\u0131vanda \u00e7al\u0131\u015fd\u0131\u011f\u0131 d\u00f6vrd\u0259 g\u00f6st\u0259rdiyi \u0259sl v\u0259t\u0259np\u0259rv\u0259rlik v\u0259 \u00f6z xalq\u0131na olan sadiqlik Az\u0259rbaycan\u0131n m\u00fct\u0259r\u0259qqi insanlar\u0131n\u0131 onun \u0259traf\u0131nda birl\u0259\u015fdirmi\u015fdi. 1993-c\u00fc ild\u0259 \u00f6lk\u0259mizin \u00e7\u0259tin bir vaxt\u0131nda, xalq\u0131n \u00e7a\u011f\u0131r\u0131\u015f\u0131na s\u0259s ver\u0259r\u0259k\u00a0 \u00a0b\u00f6y\u00fck m\u0259suliyy\u0259ti \u00fcz\u0259rin\u0259 g\u00f6t\u00fcrm\u0259kl\u0259 Az\u0259rbaycan\u0131n \u0259b\u0259di m\u00fcst\u0259qilliyini t\u0259min etdi. M\u00fcasir Az\u0259rbaycan\u0131n qurucusu kimi tan\u0131nd\u0131,\u00a0 milyonlar\u0131n etiram\u0131n\u0131 qazand\u0131.<\/p>\n<p>Respublikam\u0131zda ikinci d\u0259f\u0259 hakimiyy\u0259t\u0259 g\u0259l\u0259n Ulu \u00d6nd\u0259r Heyd\u0259r \u018fliyev ilk g\u00fcnd\u0259n Az\u0259rbaycan xalq\u0131n\u0131n milli-m\u0259n\u0259vi d\u0259y\u0259rl\u0259rin\u0259, ad\u0259t-\u0259n\u0259n\u0259l\u0259rin\u0259 sadiq oldu\u011funu \u00f6z f\u0259aliyy\u0259ti, \u0259m\u0259ll\u0259ri v\u0259 bu sah\u0259d\u0259 h\u0259yata ke\u00e7irdiyi t\u0259dbirl\u0259r vasit\u0259sil\u0259 s\u00fcbut etmi\u015fdir. \u00dcmummilli Lider Heyd\u0259r \u018fliyev\u00a0 2003-c\u00fc ild\u0259\u00a0 \u00f6z \u00e7\u0131x\u0131\u015f\u0131nda bildirmi\u015fdir ki, Yeni Az\u0259rbaycan Partiyas\u0131 bundan sonra da xalq\u0131m\u0131z\u0131n \u0259n layiqli \u00f6vladlar\u0131n\u0131 \u00f6z \u0259traf\u0131nda s\u0131x birl\u0259\u015fdir\u0259r\u0259k, Az\u0259rbaycan d\u00f6vl\u0259tinin inki\u015faf\u0131 v\u0259 xalq\u0131m\u0131z\u0131n firavanl\u0131\u011f\u0131 yolunda \u00e7ox i\u015fl\u0259r g\u00f6r\u0259c\u0259kdir.<\/p>\n<p>\u00d6lk\u0259mizd\u0259 \u00e7ox ciddi islahatlar apar\u0131ld\u0131. B\u00fct\u00fcn xo\u015fag\u0259lm\u0259z hallar\u0131n qar\u015f\u0131s\u0131 al\u0131nd\u0131, sabitlik b\u0259rpa edildi, v\u0259t\u0259nda\u015f m\u00fcharib\u0259sin\u0259 son qoyuldu. Az\u0259rbaycan d\u00fcnya birliyin\u0259 inteqrasiya etm\u0259y\u0259 ba\u015flad\u0131. Bizim xarici siyas\u0259timiz n\u0259hay\u0259t ki, m\u0259qs\u0259dy\u00f6nl\u00fc siyas\u0259t\u0259 \u00e7evrildi v\u0259 bu g\u00fcn d\u0259 bu siyas\u0259t\u00a0 m\u00f6ht\u0259r\u0259m\u00a0 Prezidentimiz\u00a0 \u0130lham \u018fliyev t\u0259r\u0259find\u0259n h\u0259yata ke\u00e7irilir. Tarixi Z\u0259f\u0259rimiz bu siyas\u0259tin t\u0259nt\u0259n\u0259sdiri.<\/p>\n<p>Beyn\u0259lxalq t\u0259\u015fkilatlar\u0131n hesabatlar\u0131nda Az\u0259rbaycan\u0131n demokratiyas\u0131n\u0131n n\u00fcmun\u0259 g\u00f6st\u0259rilm\u0259si,\u00a0 dinamik iqtisadi inki\u015fafa malik\u00a0 \u00a0q\u00fcdr\u0259tli \u00f6lk\u0259 kimi tan\u0131nmas\u0131,\u00a0 Prezident \u0130lham \u018fliyevin h\u0259yata ke\u00e7irdiyi siyas\u0259tin alternativsizliyinin d\u00fcnyan\u0131n tan\u0131nm\u0131\u015f siyas\u0259t\u00e7il\u0259ri, , n\u00fcfuzlu ara\u015fd\u0131rmalar m\u0259rk\u0259zl\u0259ri t\u0259r\u0259find\u0259n\u00a0 \u00a0x\u00fcsusi qeyd edil\u0259r\u0259k, \u0259n y\u00fcks\u0259k m\u00fckafatlara layiq g\u00f6r\u00fclm\u00fc\u015fd\u00fcr. Bu\u00a0 bir daha s\u00fcbut\u00a0 edir ki,\u00a0 bu siyas\u0259t\u00a0 \u00a0Heyd\u0259r \u018fliyev ideyalar\u0131n\u0131n t\u0259nt\u0259n\u0259si v\u0259 q\u0259l\u0259b\u0259sidir. Ulu \u00d6nd\u0259r Heyd\u0259r \u018fliyevin siyasi irsi m\u00fcst\u0259qil d\u00f6vl\u0259t\u00e7iliyimizin \u0259sas\u0131d\u0131r.<\/p>\n<p><strong>M.\u018fliyeva,<\/strong><br \/>\n<em>YAP X\u0259tai rayon t\u0259\u015fkilat\u0131n\u0131n &#8220;\u0130zz\u0259t Orucova 21 A&#8221; \u00fcnvan\u0131 \u00fczr\u0259 \u0259razi partiya t\u0259\u015fkilat\u0131n\u0131n \u00fczv\u00fc<\/em><\/p>\n","protected":false},"excerpt":{"rendered":"<p>B\u0259\u015f\u0259r m\u0259d\u0259niyy\u0259ti tarixinin ara\u015fd\u0131r\u0131lmas\u0131 sah\u0259sind\u0259 \u0259ld\u0259 olunan n\u0259tic\u0259l\u0259r s\u00fcbut edir ki, insanlar\u0131n m\u0259n\u0259viyyat\u0131, ad\u0259t-\u0259n\u0259n\u0259l\u0259ri il\u0259 ba\u011fl\u0131 olan milli-m\u0259n\u0259vi d\u0259y\u0259rl\u0259rin yarad\u0131c\u0131s\u0131 xalqd\u0131r. Q\u0259dim d\u00f6vl\u0259t\u00e7ilik tarixin\u0259 malik olan Az\u0259rbaycan xalq\u0131na bel\u0259 bir z\u0259nginlik qism\u0259t olmu\u015fdur.H\u0259r bir xalq g\u00f6rk\u0259mli \u015f\u0259xsiyy\u0259tl\u0259ri il\u0259 tan\u0131n\u0131r. Onlar xalq\u0131n z\u0259kas\u0131n\u0131, elmini, m\u0259d\u0259niyy\u0259tini, m\u0259n\u0259viy-yat\u0131n\u0131 d\u00fcnyaya n\u00fcmayi\u015f etdirir.\u00a0 \u00d6lk\u0259miz b\u0259\u015f\u0259riyy\u0259t\u0259 verdiyi tarixi \u015f\u0259xsiyy\u0259tl\u0259ri il\u0259 daim f\u0259xr edib. Ad\u0131 \u00f6lk\u0259mizd\u0259n \u00e7ox-\u00e7ox uzaqlarda tan\u0131nm\u0131\u015f,\u00a0 d\u00f6vl\u0259t xadiml\u0259ri,\u00a0 siyas\u0259t\u00e7il\u0259r, m\u00fcdrik \u015f\u0259xsiyy\u0259tl\u0259r haqq\u0131nda s\u00f6z d\u00fc\u015f\u0259nd\u0259 ilk n\u00f6vb\u0259d\u0259 \u00dcmummilli Lider Heyd\u0259r \u018fliyevin ad\u0131 \u00e7\u0259kilir. Ulu \u00d6nd\u0259r\u00a0Heyd\u0259r \u018fliyev dahi \u015f\u0259xsiyy\u0259t, uzaqg\u00f6r\u0259n lider, c\u0259sar\u0259tli insan idi. O, \u00f6z&hellip;<\/p>\n","protected":false},"author":2,"featured_media":658382,"comment_status":"closed","ping_status":"closed","sticky":false,"template":"","format":"standard","meta":{"om_disable_all_campaigns":false,"_monsterinsights_skip_tracking":false,"_monsterinsights_sitenote_active":false,"_monsterinsights_sitenote_note":"","_monsterinsights_sitenote_category":0},"categories":[19],"tags":[],"aioseo_notices":[],"gutentor_comment":0,"rttpg_featured_image_url":{"full":["https:\/\/arantv.az\/wp-content\/uploads\/2023\/11\/4b29fa4e168364913175661141510777047-1.jpg",975,540,false],"landscape":["https:\/\/arantv.az\/wp-content\/uploads\/2023\/11\/4b29fa4e168364913175661141510777047-1.jpg",975,540,false],"portraits":["https:\/\/arantv.az\/wp-content\/uploads\/2023\/11\/4b29fa4e168364913175661141510777047-1.jpg",975,540,false],"thumbnail":["https:\/\/arantv.az\/wp-content\/uploads\/2023\/11\/4b29fa4e168364913175661141510777047-1-500x280.jpg",500,280,true],"medium":["https:\/\/arantv.az\/wp-content\/uploads\/2023\/11\/4b29fa4e168364913175661141510777047-1-660x365.jpg",660,365,true],"large":["https:\/\/arantv.az\/wp-content\/uploads\/2023\/11\/4b29fa4e168364913175661141510777047-1-840x465.jpg",640,354,true],"1536x1536":["https:\/\/arantv.az\/wp-content\/uploads\/2023\/11\/4b29fa4e168364913175661141510777047-1.jpg",975,540,false],"2048x2048":["https:\/\/arantv.az\/wp-content\/uploads\/2023\/11\/4b29fa4e168364913175661141510777047-1.jpg",975,540,false],"post-thumbnail":["https:\/\/arantv.az\/wp-content\/uploads\/2023\/11\/4b29fa4e168364913175661141510777047-1-240x172.jpg",240,172,true],"advps-thumb-one":["https:\/\/arantv.az\/wp-content\/uploads\/2023\/11\/4b29fa4e168364913175661141510777047-1.jpg",975,540,false]},"rttpg_author":{"display_name":"V\u00fcsal Rafiqo\u011flu","author_link":"https:\/\/arantv.az\/?author=2"},"rttpg_comment":0,"rttpg_category":"<a href=\"https:\/\/arantv.az\/?cat=19\" rel=\"category\">G\u00fcnd\u0259m<\/a>","rttpg_excerpt":"B\u0259\u015f\u0259r m\u0259d\u0259niyy\u0259ti tarixinin ara\u015fd\u0131r\u0131lmas\u0131 sah\u0259sind\u0259 \u0259ld\u0259 olunan n\u0259tic\u0259l\u0259r s\u00fcbut edir ki, insanlar\u0131n m\u0259n\u0259viyyat\u0131, ad\u0259t-\u0259n\u0259n\u0259l\u0259ri il\u0259 ba\u011fl\u0131 olan milli-m\u0259n\u0259vi d\u0259y\u0259rl\u0259rin yarad\u0131c\u0131s\u0131 xalqd\u0131r. Q\u0259dim d\u00f6vl\u0259t\u00e7ilik tarixin\u0259 malik olan Az\u0259rbaycan xalq\u0131na bel\u0259 bir z\u0259nginlik qism\u0259t olmu\u015fdur.H\u0259r bir xalq g\u00f6rk\u0259mli \u015f\u0259xsiyy\u0259tl\u0259ri il\u0259 tan\u0131n\u0131r. Onlar xalq\u0131n z\u0259kas\u0131n\u0131, elmini, m\u0259d\u0259niyy\u0259tini, m\u0259n\u0259viy-yat\u0131n\u0131 d\u00fcnyaya n\u00fcmayi\u015f etdirir.\u00a0 \u00d6lk\u0259miz b\u0259\u015f\u0259riyy\u0259t\u0259 verdiyi tarixi \u015f\u0259xsiyy\u0259tl\u0259ri il\u0259 daim&hellip;","_links":{"self":[{"href":"https:\/\/arantv.az\/index.php?rest_route=\/wp\/v2\/posts\/658380"}],"collection":[{"href":"https:\/\/arantv.az\/index.php?rest_route=\/wp\/v2\/posts"}],"about":[{"href":"https:\/\/arantv.az\/index.php?rest_route=\/wp\/v2\/types\/post"}],"author":[{"embeddable":true,"href":"https:\/\/arantv.az\/index.php?rest_route=\/wp\/v2\/users\/2"}],"replies":[{"embeddable":true,"href":"https:\/\/arantv.az\/index.php?rest_route=%2Fwp%2Fv2%2Fcomments&post=658380"}],"version-history":[{"count":0,"href":"https:\/\/arantv.az\/index.php?rest_route=\/wp\/v2\/posts\/658380\/revisions"}],"wp:featuredmedia":[{"embeddable":true,"href":"https:\/\/arantv.az\/index.php?rest_route=\/wp\/v2\/media\/658382"}],"wp:attachment":[{"href":"https:\/\/arantv.az\/index.php?rest_route=%2Fwp%2Fv2%2Fmedia&parent=658380"}],"wp:term":[{"taxonomy":"category","embeddable":true,"href":"https:\/\/arantv.az\/index.php?rest_route=%2Fwp%2Fv2%2Fcategories&post=658380"},{"taxonomy":"post_tag","embeddable":true,"href":"https:\/\/arantv.az\/index.php?rest_route=%2Fwp%2Fv2%2Ftags&post=658380"}],"curies":[{"name":"wp","href":"https:\/\/api.w.org\/{rel}","templated":true}]}}