{"id":658485,"date":"2023-11-19T18:57:41","date_gmt":"2023-11-19T14:57:41","guid":{"rendered":"https:\/\/arantv.az\/?p=658485"},"modified":"2023-11-19T18:57:41","modified_gmt":"2023-11-19T14:57:41","slug":"nigar-camal-v%c9%99-eldar-qasimovun-istiraki-il%c9%99-niderlandda-eurovision-ulduzlarinin-konserti-bas-tutub-foto","status":"publish","type":"post","link":"https:\/\/arantv.az\/?p=658485","title":{"rendered":"Nigar Camal v\u0259 Eldar Qas\u0131movun i\u015ftirak\u0131 il\u0259 Niderlandda \u201cEurovision\u201d ulduzlar\u0131n\u0131n konserti ba\u015f tutub &#8211; FOTO"},"content":{"rendered":"<p>Niderland\u0131n paytaxt\u0131 Amsterdam \u015f\u0259h\u0259rinin \u0259n b\u00f6y\u00fck \u201cZiggo Dome\u201d arenas\u0131nda beyn\u0259lxalq \u201cEurovision\u201d mahn\u0131 m\u00fcsabiq\u0259sinin ulduzlar\u0131n\u0131n i\u015ftirak\u0131 il\u0259 m\u00f6ht\u0259\u015f\u0259m \u201cHet Grote Songfestivalfeest\u201d qala-konserti ba\u015f tutub.<\/p>\n<p>Bu bar\u0259d\u0259 Media.az x\u0259b\u0259r verir.<\/p>\n<p>15 min tama\u015fa\u00e7\u0131 qar\u015f\u0131s\u0131nda Az\u0259rbaycan\u0131 Ell &amp; Nikki &#8211; Eldar Qas\u0131mov v\u0259 Nigar Camal 2011-ci ilin may\u0131nda D\u00fcsseldorfda (Almaniya) \u201cEurovision\u201d Mahn\u0131 M\u00fcsabiq\u0259sind\u0259 qalib g\u0259ldikl\u0259ri \u201cRunning Scared\u201d hitini ifa edibl\u0259r.<\/p>\n<p>Mahn\u0131n\u0131n m\u00fc\u0259llifl\u0259ri Stefan Orn, Sandra Byurman, Ien Farharsand\u0131r. \u201cHet Grote Songfestivalfeest\u201d gec\u0259sind\u0259 29 \u00f6lk\u0259d\u0259n n\u00fcmay\u0259nd\u0259l\u0259r i\u015ftirak edib.<\/p>\n<p>&nbsp;<\/p>\n<div class=\"gallery\">\n<div class=\"gallery-i\"><img src=\"https:\/\/cdn.oxu.az\/uploads\/W1siZiIsIjIwMjMvMTEvMTkvMTgvMjkvMzgvZmYyMGM4NzEtNjE1YS00YjRiLTkyYjctNjNiNmI4NDkzYmMyL3Bob3RvXzIwMjMtMTEtMTlfMTctMjUtMjQuanBnIl0sWyJwIiwiZW5jb2RlIiwianBnIiwiLXF1YWxpdHkgODAiXSxbInAiLCJ0aHVtYiIsIjU5MHg1OTBcdTAwM2UiXV0?sha=7dfe8e75577113f1\" alt=\"\" \/><\/p>\n<div class=\"gallery-i-caption\"><\/div>\n<\/div>\n<div class=\"gallery-i\"><img src=\"https:\/\/cdn.oxu.az\/uploads\/W1siZiIsIjIwMjMvMTEvMTkvMTgvMjkvMzcvNmQwZWQ4ZDQtZTJhNS00NzEyLWEzYzUtZmU2MTE2Y2UyOGEwL3Bob3RvXzIwMjMtMTEtMTlfMTctMjUtMjUuanBnIl0sWyJwIiwiZW5jb2RlIiwianBnIiwiLXF1YWxpdHkgODAiXSxbInAiLCJ0aHVtYiIsIjU5MHg1OTBcdTAwM2UiXV0?sha=baa1033fe7745bb4\" alt=\"\" \/><\/div>\n<\/div>\n","protected":false},"excerpt":{"rendered":"<p>Niderland\u0131n paytaxt\u0131 Amsterdam \u015f\u0259h\u0259rinin \u0259n b\u00f6y\u00fck \u201cZiggo Dome\u201d arenas\u0131nda beyn\u0259lxalq \u201cEurovision\u201d mahn\u0131 m\u00fcsabiq\u0259sinin ulduzlar\u0131n\u0131n i\u015ftirak\u0131 il\u0259 m\u00f6ht\u0259\u015f\u0259m \u201cHet Grote Songfestivalfeest\u201d qala-konserti ba\u015f tutub. Bu bar\u0259d\u0259 Media.az x\u0259b\u0259r verir. 15 min tama\u015fa\u00e7\u0131 qar\u015f\u0131s\u0131nda Az\u0259rbaycan\u0131 Ell &amp; Nikki &#8211; Eldar Qas\u0131mov v\u0259 Nigar Camal 2011-ci ilin may\u0131nda D\u00fcsseldorfda (Almaniya) \u201cEurovision\u201d Mahn\u0131 M\u00fcsabiq\u0259sind\u0259 qalib g\u0259ldikl\u0259ri \u201cRunning Scared\u201d hitini ifa edibl\u0259r. Mahn\u0131n\u0131n m\u00fc\u0259llifl\u0259ri Stefan Orn, Sandra Byurman, Ien Farharsand\u0131r. \u201cHet Grote Songfestivalfeest\u201d gec\u0259sind\u0259 29 \u00f6lk\u0259d\u0259n n\u00fcmay\u0259nd\u0259l\u0259r i\u015ftirak edib. &nbsp;<\/p>\n","protected":false},"author":2,"featured_media":658487,"comment_status":"closed","ping_status":"closed","sticky":false,"template":"","format":"standard","meta":{"om_disable_all_campaigns":false,"_monsterinsights_skip_tracking":false,"_monsterinsights_sitenote_active":false,"_monsterinsights_sitenote_note":"","_monsterinsights_sitenote_category":0},"categories":[20],"tags":[],"aioseo_notices":[],"gutentor_comment":0,"rttpg_featured_image_url":{"full":["https:\/\/arantv.az\/wp-content\/uploads\/2023\/11\/FotoJet-2023-11-19T183237.597.jpg",620,413,false],"landscape":["https:\/\/arantv.az\/wp-content\/uploads\/2023\/11\/FotoJet-2023-11-19T183237.597.jpg",620,413,false],"portraits":["https:\/\/arantv.az\/wp-content\/uploads\/2023\/11\/FotoJet-2023-11-19T183237.597.jpg",620,413,false],"thumbnail":["https:\/\/arantv.az\/wp-content\/uploads\/2023\/11\/FotoJet-2023-11-19T183237.597-500x280.jpg",500,280,true],"medium":["https:\/\/arantv.az\/wp-content\/uploads\/2023\/11\/FotoJet-2023-11-19T183237.597-548x365.jpg",548,365,true],"large":["https:\/\/arantv.az\/wp-content\/uploads\/2023\/11\/FotoJet-2023-11-19T183237.597.jpg",620,413,false],"1536x1536":["https:\/\/arantv.az\/wp-content\/uploads\/2023\/11\/FotoJet-2023-11-19T183237.597.jpg",620,413,false],"2048x2048":["https:\/\/arantv.az\/wp-content\/uploads\/2023\/11\/FotoJet-2023-11-19T183237.597.jpg",620,413,false],"post-thumbnail":["https:\/\/arantv.az\/wp-content\/uploads\/2023\/11\/FotoJet-2023-11-19T183237.597-240x172.jpg",240,172,true],"advps-thumb-one":["https:\/\/arantv.az\/wp-content\/uploads\/2023\/11\/FotoJet-2023-11-19T183237.597.jpg",620,413,false]},"rttpg_author":{"display_name":"V\u00fcsal Rafiqo\u011flu","author_link":"https:\/\/arantv.az\/?author=2"},"rttpg_comment":0,"rttpg_category":"<a href=\"https:\/\/arantv.az\/?cat=20\" rel=\"category\">\u015eou biznes<\/a>","rttpg_excerpt":"Niderland\u0131n paytaxt\u0131 Amsterdam \u015f\u0259h\u0259rinin \u0259n b\u00f6y\u00fck \u201cZiggo Dome\u201d arenas\u0131nda beyn\u0259lxalq \u201cEurovision\u201d mahn\u0131 m\u00fcsabiq\u0259sinin ulduzlar\u0131n\u0131n i\u015ftirak\u0131 il\u0259 m\u00f6ht\u0259\u015f\u0259m \u201cHet Grote Songfestivalfeest\u201d qala-konserti ba\u015f tutub. Bu bar\u0259d\u0259 Media.az x\u0259b\u0259r verir. 15 min tama\u015fa\u00e7\u0131 qar\u015f\u0131s\u0131nda Az\u0259rbaycan\u0131 Ell &amp; Nikki &#8211; Eldar Qas\u0131mov v\u0259 Nigar Camal 2011-ci ilin may\u0131nda D\u00fcsseldorfda (Almaniya) \u201cEurovision\u201d Mahn\u0131 M\u00fcsabiq\u0259sind\u0259 qalib g\u0259ldikl\u0259ri \u201cRunning Scared\u201d hitini&hellip;","_links":{"self":[{"href":"https:\/\/arantv.az\/index.php?rest_route=\/wp\/v2\/posts\/658485"}],"collection":[{"href":"https:\/\/arantv.az\/index.php?rest_route=\/wp\/v2\/posts"}],"about":[{"href":"https:\/\/arantv.az\/index.php?rest_route=\/wp\/v2\/types\/post"}],"author":[{"embeddable":true,"href":"https:\/\/arantv.az\/index.php?rest_route=\/wp\/v2\/users\/2"}],"replies":[{"embeddable":true,"href":"https:\/\/arantv.az\/index.php?rest_route=%2Fwp%2Fv2%2Fcomments&post=658485"}],"version-history":[{"count":0,"href":"https:\/\/arantv.az\/index.php?rest_route=\/wp\/v2\/posts\/658485\/revisions"}],"wp:featuredmedia":[{"embeddable":true,"href":"https:\/\/arantv.az\/index.php?rest_route=\/wp\/v2\/media\/658487"}],"wp:attachment":[{"href":"https:\/\/arantv.az\/index.php?rest_route=%2Fwp%2Fv2%2Fmedia&parent=658485"}],"wp:term":[{"taxonomy":"category","embeddable":true,"href":"https:\/\/arantv.az\/index.php?rest_route=%2Fwp%2Fv2%2Fcategories&post=658485"},{"taxonomy":"post_tag","embeddable":true,"href":"https:\/\/arantv.az\/index.php?rest_route=%2Fwp%2Fv2%2Ftags&post=658485"}],"curies":[{"name":"wp","href":"https:\/\/api.w.org\/{rel}","templated":true}]}}