{"id":658494,"date":"2023-11-19T19:52:04","date_gmt":"2023-11-19T15:52:04","guid":{"rendered":"https:\/\/arantv.az\/?p=658494"},"modified":"2023-11-19T19:52:04","modified_gmt":"2023-11-19T15:52:04","slug":"qis-turizmin%c9%99-haziriqmi-kaspinin-arasdirmasi-foto","status":"publish","type":"post","link":"https:\/\/arantv.az\/?p=658494","title":{"rendered":"Q\u0131\u015f turizmin\u0259 haz\u0131r\u0131qm\u0131? &#8211; \u201cKaspi\u201dnin ARA\u015eDIRMASI + FOTO"},"content":{"rendered":"<p>Az\u0259rbaycanda q\u0131\u015f turizm m\u00f6vs\u00fcm\u00fcn\u00fcn a\u00e7\u0131lmas\u0131na say\u0131l\u0131 g\u00fcnl\u0259r qal\u0131b. Ad\u0259t\u0259n, \u00f6lk\u0259mizd\u0259 q\u0131\u015f turizmi dedikd\u0259, A\u011fbulaq, \u015eahda\u011f v\u0259 Tufanda\u011f xat\u0131rlan\u0131r. \u0130st\u0259r yerli, ist\u0259rs\u0259 d\u0259 \u0259cn\u0259bi turistl\u0259rin q\u0131\u015f aylar\u0131nda \u0259n \u00e7ox s\u0259f\u0259r etdiyi rayonlar \u015eahbuz, Q\u0259b\u0259l\u0259 v\u0259 Qusard\u0131r.<\/p>\n<p>B\u0259s bu il v\u0259ziyy\u0259t nec\u0259 olacaq? Qaraba\u011f bu il bu siyah\u0131da yer alacaqm\u0131? \u00dcmumiyy\u0259tl\u0259, Az\u0259rbaycan\u0131n q\u0131\u015f turizmi il\u0259 ba\u011fl\u0131 h\u0259d\u0259fl\u0259ri n\u0259l\u0259rdir?<\/p>\n<p><a href=\"https:\/\/kaspi.az\/qis-turizmine-haziriqmi\" target=\"_blank\" rel=\"noopener\"><strong>\u201cKaspi\u201d<\/strong><\/a>\u00a0q\u0259zetinin m\u00f6vzu il\u0259 ba\u011fl\u0131 haz\u0131rlad\u0131\u011f\u0131 m\u0259qal\u0259ni t\u0259qdim edirik.<\/p>\n<p><strong>H\u0259d\u0259f daha \u00e7ox turist c\u0259lb etm\u0259kdir<\/strong><\/p>\n<p>D\u00f6vl\u0259t Turizm Agentliyind\u0259n \u201cKaspi\u201d q\u0259zetin\u0259 veril\u0259n m\u0259lumata g\u00f6r\u0259, qurumun \u0259sas h\u0259d\u0259fi \u00f6lk\u0259y\u0259 daha \u00e7ox \u0259cn\u0259bi qona\u011f\u0131n c\u0259lb edilm\u0259sin\u0259 nail olmaq, h\u0259d\u0259f bazarlarda m\u00fcvafiq t\u0259bli\u011fat i\u015fl\u0259rini art\u0131rmaq, \u00f6lk\u0259l\u0259rin co\u011frafiyas\u0131n\u0131 geni\u015fl\u0259ndirm\u0259k, el\u0259c\u0259 d\u0259 s\u0259nayenin f\u0259aliyy\u0259tin\u0259 d\u0259st\u0259k g\u00f6st\u0259rm\u0259k, yeni turizm m\u0259hsullar\u0131n\u0131n yarad\u0131lmas\u0131na nail olmaqd\u0131r:<\/p>\n<p>\u201c\u00d6lk\u0259 \u00fczr\u0259 hava \u015f\u0259raitind\u0259n as\u0131l\u0131 olaraq ad\u0259t\u0259n dekabr\u0131n 15-d\u0259n etibar\u0259n q\u0131\u015f m\u00f6vs\u00fcm\u00fcn\u0259 start verilir. Xarici \u00f6lk\u0259l\u0259rd\u0259 t\u0259\u015fkil edil\u0259n beyn\u0259lxalq s\u0259rgil\u0259rd\u0259 v\u0259 t\u0259dbirl\u0259rd\u0259 il boyu \u00f6lk\u0259nin q\u0131\u015f turizm imkanlar\u0131 v\u0259 q\u0131\u015f turizm m\u0259hsullar\u0131n\u0131n, da\u011f-xiz\u0259k m\u0259rk\u0259zl\u0259rinin tan\u0131t\u0131m\u0131 v\u0259 t\u0259bli\u011fat\u0131 h\u0259yata ke\u00e7irilir. Yay turizm m\u00f6vs\u00fcm\u00fcn\u00fcn sonlar\u0131ndan etibar\u0259n \u00f6lk\u0259d\u0259 f\u0259aliyy\u0259t g\u00f6st\u0259r\u0259n q\u0131\u015f turizm m\u0259rk\u0259zl\u0259rind\u0259 haz\u0131rl\u0131q i\u015fl\u0259rin\u0259 ba\u015flan\u0131l\u0131r v\u0259 turistl\u0259rin q\u0259bulu \u00fc\u00e7\u00fcn haz\u0131r v\u0259ziyy\u0259t\u0259 g\u0259tirilir. B\u00fct\u00f6vl\u00fckd\u0259, q\u0131\u015f m\u00f6vs\u00fcm\u00fcnd\u0259 d\u0259 t\u0259bi\u0259t, m\u0259d\u0259ni, sa\u011flaml\u0131q, qastronomik v\u0259 dig\u0259r \u0259n\u0259n\u0259vi turizm istiqam\u0259tl\u0259ri \u00fczr\u0259 i\u015fl\u0259r davam etdirilir\u201d.<\/p>\n<p><img src=\"https:\/\/cdn.oxu.az\/uploads\/W1siZiIsIjIwMjMvMTEvMTkvMTkvNDIvNDYvMmE1NmU5MWUtY2YzZS00NjQ4LWI2YWQtZmM4Nzg5MzFhNTg1LzMuanBnIl0sWyJwIiwiZW5jb2RlIiwianBnIiwiLXF1YWxpdHkgODAiXSxbInAiLCJ0aHVtYiIsIjU5MHg1OTBcdTAwM2UiXV0?sha=2c7117e78bf87fad\" alt=\"\" \/><\/p>\n<p><strong>Az\u0259rbaycana s\u0259f\u0259r ed\u0259nl\u0259rin say\u0131 iki milyona \u00e7atacaq?<\/strong><\/p>\n<p>Agentlik ilin sonuna kimi Az\u0259rbaycana s\u0259f\u0259r ed\u0259nl\u0259rin say\u0131n\u0131n iki milyona \u00e7ataca\u011f\u0131n\u0131 proqnozla\u015fd\u0131r\u0131r:<\/p>\n<p>\u201cCari ilin yanvar-oktyabr aylar\u0131 \u00fczr\u0259 \u00f6lk\u0259y\u0259 1 724 218 xarici \u00f6lk\u0259 v\u0259t\u0259nda\u015f\u0131 s\u0259f\u0259r edib. \u0130lin sonuna kimi Az\u0259rbaycana s\u0259f\u0259r ed\u0259nl\u0259rin say\u0131n\u0131n iki milyon n\u0259f\u0259r\u0259 \u00e7atmas\u0131n\u0131 proqnozla\u015fd\u0131r\u0131r\u0131q. H\u0259m\u00e7inin q\u0131\u015f m\u00f6vs\u00fcm\u00fcn\u00fcn davam\u0131 olaraq n\u00f6vb\u0259ti ilin yanvar-mart aylar\u0131nda da bu ill\u0259 m\u00fcqayis\u0259d\u0259 art\u0131m\u0131n olaca\u011f\u0131 proqnozla\u015fd\u0131r\u0131l\u0131r. \u00dcmumilikd\u0259 is\u0259 n\u00f6vb\u0259ti il \u00fc\u00e7\u00fcn bu ill\u0259 m\u00fcqayis\u0259d\u0259 xarici ziyar\u0259t\u00e7il\u0259rin say\u0131nda 20 faiz art\u0131m olmas\u0131 h\u0259d\u0259fl\u0259nir\u201d.<\/p>\n<p><img src=\"https:\/\/cdn.oxu.az\/uploads\/W1siZiIsIjIwMjMvMTEvMTkvMTkvNDIvNDYvOWEzNDVkMjUtZGVhZC00NDlhLTk2YjEtZjI0NjQ2ZDI5M2JmLzIuanBnIl0sWyJwIiwiZW5jb2RlIiwianBnIiwiLXF1YWxpdHkgODAiXSxbInAiLCJ0aHVtYiIsIjU5MHg1OTBcdTAwM2UiXV0?sha=3e0eff6c4c3bda1c\" alt=\"\" \/><\/p>\n<p><strong>MDB, Yax\u0131n \u015e\u0259rq, Avropa&#8230;<\/strong><\/p>\n<p>Haz\u0131rda \u00f6lk\u0259 \u00fczr\u0259 \u00fc\u00e7\u00a0\u0259sas q\u0131\u015f turizm m\u0259rk\u0259zi &#8211; \u201c\u015eahda\u011f\u201d Turizm M\u0259rk\u0259zi, \u201cTufanda\u011f\u201d Q\u0131\u015f-Yay Turizm Kompleksi v\u0259 Nax\u00e7\u0131van Muxtar Respublikas\u0131n\u0131n \u015eahbuz rayonunda yerl\u0259\u015f\u0259n \u201cA\u011fbulaq\u201d \u0130stirah\u0259t M\u0259rk\u0259zi turistl\u0259r\u0259 xidm\u0259t g\u00f6st\u0259rir. D\u00f6vl\u0259t Turizm Agentliyinin m\u0259lumat\u0131na \u0259sas\u0259n, q\u0131\u015f turizm destinasiyalar\u0131na daha \u00e7ox MDB \u00f6lk\u0259l\u0259ri v\u0259 Yax\u0131n \u015e\u0259rq regionundan olan turistl\u0259r \u00fcz tuturlar. H\u0259m\u00e7inin Avropa bazar\u0131ndan olan turistl\u0259rin d\u0259 daha \u00e7ox s\u0259f\u0259rl\u0259rinin t\u0259min edilm\u0259si istiqam\u0259tind\u0259 i\u015fl\u0259r apar\u0131l\u0131r:<\/p>\n<p>\u201cM\u00fcasir infrastruktura malik q\u0131\u015f turizm m\u0259rk\u0259zl\u0259rinin m\u00f6vcudlu\u011fu \u00f6lk\u0259mizd\u0259 q\u0131\u015f idman n\u00f6vl\u0259ri \u00fczr\u0259 beyn\u0259lxalq t\u0259dbirl\u0259rin ke\u00e7irilm\u0259sin\u0259 \u015f\u0259rait yarad\u0131r. Qeyd ed\u0259k ki, Az\u0259rbaycan 2024-c\u00fc ild\u0259 Beyn\u0259lxalq Xiz\u0259k Alpinizmi Federasiyas\u0131n\u0131n Plenar Assambleyas\u0131na v\u0259 xiz\u0259k alpinizmi \u00fczr\u0259 beyn\u0259lxalq yar\u0131\u015fa ev sahibliyi ed\u0259c\u0259k\u201d.<\/p>\n<p><strong>Q\u0131\u015f turizmi Qaraba\u011fda<\/strong><\/p>\n<p>Qaraba\u011f b\u00f6lg\u0259sind\u0259 q\u0131\u015f turizm potensial\u0131n\u0131n inki\u015faf etdirilm\u0259sin\u0259 g\u0259ldikd\u0259 is\u0259, qurumdan bildirildi ki, K\u0259lb\u0259c\u0259r v\u0259 La\u00e7\u0131n rayonlar\u0131 q\u0131\u015f turizminin inki\u015faf etdirilm\u0259si \u00fczr\u0259 geni\u015f potensiala malikdir:<\/p>\n<p>\u201cQ\u0131\u015f aylar\u0131nda havan\u0131n temperaturu, ya\u011f\u0131nt\u0131l\u0131 v\u0259 qarl\u0131 g\u00fcnl\u0259rin say\u0131, relyef, da\u011f\u0131n h\u00fcnd\u00fcrl\u00fcy\u00fc v\u0259 meylliliyi kimi amill\u0259r n\u0259z\u0259r\u0259 al\u0131naraq bu \u0259razil\u0259rd\u0259 q\u0131\u015f turizm m\u0259rk\u0259zl\u0259rinin yarad\u0131lmas\u0131 m\u0259qs\u0259d\u0259uy\u011fun hesab edil\u0259 bil\u0259r. X\u00fcsusil\u0259 K\u0259lb\u0259c\u0259rin potensial\u0131 n\u0259z\u0259r\u0259 al\u0131naraq burada sa\u011flaml\u0131q turizmi v\u0259 da\u011f-xiz\u0259k m\u0259rk\u0259zl\u0259rinin birlikd\u0259 turizm klasteri formala\u015fd\u0131rmas\u0131na \u015f\u0259rait yarada bilir. Haz\u0131rda mart ay\u0131ndan etibar\u0259n \u015eu\u015faya t\u0259\u015fkil olunan turlar davam etm\u0259kd\u0259dir. Yax\u0131n g\u0259l\u0259c\u0259kd\u0259 Suqovu\u015fan istirah\u0259t park\u0131na v\u0259 Tal\u0131\u015f k\u0259ndin\u0259 turistik turlar\u0131n t\u0259\u015fkil edilm\u0259si d\u0259 planla\u015fd\u0131r\u0131l\u0131r\u201d.<\/p>\n<p><img src=\"https:\/\/cdn.oxu.az\/uploads\/W1siZiIsIjIwMjMvMTEvMTkvMTkvNDIvNDYvZWMzYzU3MjAtNTViOC00NTc4LTg0MTEtMDIzMjc0ZGIzOWZmLzEuanBnIl0sWyJwIiwiZW5jb2RlIiwianBnIiwiLXF1YWxpdHkgODAiXSxbInAiLCJ0aHVtYiIsIjU5MHg1OTBcdTAwM2UiXV0?sha=290691abacdd1805\" alt=\"\" \/><\/p>\n<p><strong>\u018fm\u0259kda\u015flar qonaqp\u0259rv\u0259rlik t\u0259liml\u0259rin\u0259 c\u0259lb olunublar<\/strong><\/p>\n<p>Q\u0131\u015f turizminin \u0259n sevil\u0259n yerl\u0259rind\u0259n olan \u201c\u015eahda\u011f\u201d Turizm M\u0259rk\u0259zind\u0259 d\u0259 dekabr\u0131n 15-d\u0259n q\u0131\u015f m\u00f6vs\u00fcm\u00fcn\u0259 start verilm\u0259si planla\u015fd\u0131r\u0131l\u0131r. M\u0259rk\u0259zd\u0259n q\u0259zetimiz\u0259 veril\u0259n m\u0259lumata g\u00f6r\u0259, h\u0259m kompleksin \u0259razisind\u0259 olan hotell\u0259rd\u0259, h\u0259m kanat x\u0259tl\u0259rind\u0259, el\u0259c\u0259 d\u0259 qonaqlara t\u0259qdim olunacaq q\u0131\u015f \u0259yl\u0259nc\u0259l\u0259rind\u0259 son tamamlama i\u015fl\u0259ri h\u0259yata ke\u00e7irilir:<\/p>\n<p>\u201c\u00d6t\u0259n aylar \u0259rzind\u0259 qonaqlara \u00a0t\u0259qdim olunan turizm xidm\u0259tl\u0259rinin keyfiyy\u0259tinin daha da art\u0131r\u0131lmas\u0131 m\u0259qs\u0259di il\u0259 kompleksin \u0259m\u0259kda\u015flar\u0131 qonaqp\u0259rv\u0259rlik t\u0259liml\u0259rin\u0259 c\u0259lb olunublar, onlar\u0131n pe\u015f\u0259karl\u0131q s\u0259viyy\u0259si art\u0131r\u0131l\u0131b. Qar\u015f\u0131dak\u0131 q\u0131\u015f m\u00f6vs\u00fcm\u00fcnd\u0259, \u00f6t\u0259n il oldu\u011fu kimi, \u015eahda\u011f ziyar\u0259t\u00e7il\u0259ri \u00fc\u00e7\u00fcn m\u00fcxt\u0259lif musiqili-\u0259yl\u0259nc\u0259li proqramlar\u0131n, q\u0131\u015f idman n\u00f6vl\u0259rin\u0259 aid idman yar\u0131\u015flar\u0131n\u0131n v\u0259 dig\u0259r turizm y\u00f6n\u00fcml\u00fc t\u0259dbirl\u0259rin ke\u00e7irilm\u0259si n\u0259z\u0259rd\u0259 tutulub\u201d.<\/p>\n<p>M\u0259lumat \u00fc\u00e7\u00fcn bildir\u0259k ki, cari ilin yanvar-oktyabr aylar\u0131nda \u201c\u015eahda\u011f\u201d Turizm M\u0259rk\u0259zind\u0259 hotell\u0259rd\u0259 gec\u0259l\u0259y\u0259nl\u0259rin say\u0131 60.000 n\u0259f\u0259r, kanat yollar\u0131ndan istifad\u0259 ed\u0259nl\u0259rin say\u0131 is\u0259 133.000 n\u0259f\u0259r t\u0259\u015fkil edib. B\u0259s turizm \u015firk\u0259tl\u0259ri bu m\u00f6vs\u00fcm\u0259 nec\u0259 haz\u0131rla\u015f\u0131b?<\/p>\n<p><strong>\u201cYenilik n\u0259z\u0259rd\u0259 tutulmay\u0131b\u201d<\/strong><\/p>\n<p>Turizm eksperti K\u0259nan H\u0259nif\u0259yev deyir ki, haz\u0131rda turizm \u015firk\u0259tl\u0259ri q\u0131\u015f tur paketl\u0259rini t\u0259qdim etm\u0259y\u0259 haz\u0131rla\u015f\u0131r. M\u00fct\u0259x\u0259ssisin s\u00f6zl\u0259rin\u0259 g\u00f6r\u0259, yenilik n\u0259z\u0259rd\u0259 tutulmay\u0131b v\u0259 cari ilin proqram\u0131 \u00fczr\u0259 h\u0259r\u0259k\u0259t edilir:<\/p>\n<p>\u201cBu il d\u0259 cib yand\u0131ran qiym\u0259tl\u0259r daha \u00e7ox qar olan istiqam\u0259tl\u0259rd\u0259 olacaq. M\u0259s\u0259l\u0259n, \u015fimal, \u015fimal-q\u0259rb istiqam\u0259tind\u0259 bahala\u015fma dig\u0259r zonalara nisb\u0259t\u0259n daha \u00e7ox hiss edil\u0259c\u0259k\u201d.<\/p>\n<p><img src=\"https:\/\/cdn.oxu.az\/uploads\/W1siZiIsIjIwMjMvMTEvMTkvMTgvMzQvMDIvNjAwM2FjZDAtMDQ5ZS00M2IxLWI0ZGItZWI2YzdjOWRmYzBhL1kyYmtvRUphc1NIdVh3ZndwMDZRS3laUjJ4eW5XaThDM0w2TmU3bU8uanBnIl0sWyJwIiwiZW5jb2RlIiwianBnIiwiLXF1YWxpdHkgODAiXSxbInAiLCJ0aHVtYiIsIjU5MHg1OTBcdTAwM2UiXV0?sha=b5a64314d2432909\" alt=\"\" \/><\/p>\n<p><strong>\u201cBu il gec\u0259l\u0259m\u0259 daha ucuz v\u0259 \u0259lveri\u015fli olacaq\u201d<\/strong><\/p>\n<p>\u201cTurizm Pe\u015f\u0259karlar\u0131 T\u0259\u015fkilat\u0131\u201dn\u0131n s\u0259dri Ceyhun A\u015furov deyir ki, \u00f6t\u0259n ill\u0259 m\u00fcqayis\u0259d\u0259 qiym\u0259tl\u0259rd\u0259 ciddi f\u0259rql\u0259r olmayacaq:<\/p>\n<p>\u201cQ\u0131\u015f turizmi dedikd\u0259, ad\u0259t\u0259n, xiz\u0259kl\u0259 s\u00fcr\u00fc\u015fm\u0259k n\u0259z\u0259rd\u0259 tutulur. Amma, q\u0131\u015f f\u0259slinin \u00f6z\u00fcn\u00fcn d\u0259 g\u00f6z\u0259lliyi var. B\u0259zi \u00f6lk\u0259l\u0259r var ki, \u00fcmumiyy\u0259tl\u0259, q\u0131\u015f\u0131 ya\u015fam\u0131r. Bu f\u0259sild\u0259 s\u0259yah\u0259t etm\u0259k onlar \u00fc\u00e7\u00fcn \u00e7ox maraql\u0131d\u0131r. Bu il d\u0259 \u0259r\u0259b turistl\u0259rin say\u0131n\u0131n \u00e7ox olaca\u011f\u0131 q\u0131\u015f f\u0259sli g\u00f6zl\u0259nilir\u201d.<\/p>\n<p><img src=\"https:\/\/cdn.oxu.az\/uploads\/W1siZiIsIjIwMjMvMTEvMTkvMTgvMzQvMDIvMjY3YWIzZjAtNzAxOS00YWZmLTg1NTctN2U2YzMyMzk3MTY0L0pTeXlJQklzaVk0ajBjN1dTUkliUXRVUWZkMllFRzZZRVlEYVAxdWIuanBnIl0sWyJwIiwiZW5jb2RlIiwianBnIiwiLXF1YWxpdHkgODAiXSxbInAiLCJ0aHVtYiIsIjU5MHg1OTBcdTAwM2UiXV0?sha=8145cdb1898a422e\" alt=\"\" \/><\/p>\n<p>M\u00fct\u0259x\u0259ssis deyir ki, bu il regionlarda hotel kimi f\u0259aliyy\u0259t g\u00f6st\u0259r\u0259n k\u0259nd evl\u0259ri, yeni hotell\u0259r a\u00e7\u0131l\u0131b:<\/p>\n<p>\u201c\u015eahda\u011f, Q\u0259b\u0259l\u0259d\u0259 q\u0131\u015f turizm m\u0259kanlar\u0131n\u0131n yax\u0131nl\u0131\u011f\u0131nda kifay\u0259t q\u0259d\u0259r yeni k\u0259nd evl\u0259ri, hotell\u0259r a\u00e7\u0131l\u0131b ki, bu da orada gec\u0259l\u0259m\u0259ni daha ucuz v\u0259 \u0259lveri\u015fli edir\u201d.<\/p>\n<p>M\u00fct\u0259x\u0259ssis sonda vur\u011fulad\u0131 ki, quru s\u0259rh\u0259dl\u0259rin ba\u011fl\u0131 olmas\u0131na baxmayaraq, daxili turizm potensial\u0131m\u0131z y\u00fcks\u0259kdir:<\/p>\n<p>\u201cYeni il g\u00fcnl\u0259rind\u0259 hotell\u0259rd\u0259 t\u0259l\u0259bat y\u00fcks\u0259k s\u0259viyy\u0259d\u0259 olur. Bu s\u0259b\u0259bd\u0259n hotell\u0259rd\u0259 qiym\u0259tl\u0259r paket hal\u0131nda t\u0259klif edilir. Hotell\u0259rin say\u0131 artd\u0131qca, r\u0259qab\u0259t m\u00fchiti formala\u015f\u0131r v\u0259 turistl\u0259r \u00fc\u00e7\u00fcn daha \u0259lveri\u015fli qiym\u0259tl\u0259r t\u0259klif edilir\u201d.<\/p>\n","protected":false},"excerpt":{"rendered":"<p>Az\u0259rbaycanda q\u0131\u015f turizm m\u00f6vs\u00fcm\u00fcn\u00fcn a\u00e7\u0131lmas\u0131na say\u0131l\u0131 g\u00fcnl\u0259r qal\u0131b. Ad\u0259t\u0259n, \u00f6lk\u0259mizd\u0259 q\u0131\u015f turizmi dedikd\u0259, A\u011fbulaq, \u015eahda\u011f v\u0259 Tufanda\u011f xat\u0131rlan\u0131r. \u0130st\u0259r yerli, ist\u0259rs\u0259 d\u0259 \u0259cn\u0259bi turistl\u0259rin q\u0131\u015f aylar\u0131nda \u0259n \u00e7ox s\u0259f\u0259r etdiyi rayonlar \u015eahbuz, Q\u0259b\u0259l\u0259 v\u0259 Qusard\u0131r. B\u0259s bu il v\u0259ziyy\u0259t nec\u0259 olacaq? Qaraba\u011f bu il bu siyah\u0131da yer alacaqm\u0131? \u00dcmumiyy\u0259tl\u0259, Az\u0259rbaycan\u0131n q\u0131\u015f turizmi il\u0259 ba\u011fl\u0131 h\u0259d\u0259fl\u0259ri n\u0259l\u0259rdir? \u201cKaspi\u201d\u00a0q\u0259zetinin m\u00f6vzu il\u0259 ba\u011fl\u0131 haz\u0131rlad\u0131\u011f\u0131 m\u0259qal\u0259ni t\u0259qdim edirik. H\u0259d\u0259f daha \u00e7ox turist c\u0259lb etm\u0259kdir D\u00f6vl\u0259t Turizm Agentliyind\u0259n \u201cKaspi\u201d q\u0259zetin\u0259 veril\u0259n m\u0259lumata g\u00f6r\u0259, qurumun \u0259sas h\u0259d\u0259fi \u00f6lk\u0259y\u0259 daha \u00e7ox \u0259cn\u0259bi qona\u011f\u0131n c\u0259lb edilm\u0259sin\u0259 nail olmaq,&hellip;<\/p>\n","protected":false},"author":2,"featured_media":276669,"comment_status":"closed","ping_status":"closed","sticky":false,"template":"","format":"standard","meta":{"om_disable_all_campaigns":false,"_monsterinsights_skip_tracking":false,"_monsterinsights_sitenote_active":false,"_monsterinsights_sitenote_note":"","_monsterinsights_sitenote_category":0},"categories":[1],"tags":[],"aioseo_notices":[],"gutentor_comment":0,"rttpg_featured_image_url":{"full":["https:\/\/arantv.az\/wp-content\/uploads\/2021\/01\/qis.jpg",620,349,false],"landscape":["https:\/\/arantv.az\/wp-content\/uploads\/2021\/01\/qis.jpg",620,349,false],"portraits":["https:\/\/arantv.az\/wp-content\/uploads\/2021\/01\/qis.jpg",620,349,false],"thumbnail":["https:\/\/arantv.az\/wp-content\/uploads\/2021\/01\/qis-150x150.jpg",150,150,true],"medium":["https:\/\/arantv.az\/wp-content\/uploads\/2021\/01\/qis-300x169.jpg",300,169,true],"large":["https:\/\/arantv.az\/wp-content\/uploads\/2021\/01\/qis.jpg",620,349,false],"1536x1536":["https:\/\/arantv.az\/wp-content\/uploads\/2021\/01\/qis.jpg",620,349,false],"2048x2048":["https:\/\/arantv.az\/wp-content\/uploads\/2021\/01\/qis.jpg",620,349,false],"post-thumbnail":["https:\/\/arantv.az\/wp-content\/uploads\/2021\/01\/qis-240x172.jpg",240,172,true],"advps-thumb-one":["https:\/\/arantv.az\/wp-content\/uploads\/2021\/01\/qis.jpg",620,349,false]},"rttpg_author":{"display_name":"V\u00fcsal Rafiqo\u011flu","author_link":"https:\/\/arantv.az\/?author=2"},"rttpg_comment":0,"rttpg_category":"<a href=\"https:\/\/arantv.az\/?cat=1\" rel=\"category\">C\u0259miyy\u0259t<\/a>","rttpg_excerpt":"Az\u0259rbaycanda q\u0131\u015f turizm m\u00f6vs\u00fcm\u00fcn\u00fcn a\u00e7\u0131lmas\u0131na say\u0131l\u0131 g\u00fcnl\u0259r qal\u0131b. Ad\u0259t\u0259n, \u00f6lk\u0259mizd\u0259 q\u0131\u015f turizmi dedikd\u0259, A\u011fbulaq, \u015eahda\u011f v\u0259 Tufanda\u011f xat\u0131rlan\u0131r. \u0130st\u0259r yerli, ist\u0259rs\u0259 d\u0259 \u0259cn\u0259bi turistl\u0259rin q\u0131\u015f aylar\u0131nda \u0259n \u00e7ox s\u0259f\u0259r etdiyi rayonlar \u015eahbuz, Q\u0259b\u0259l\u0259 v\u0259 Qusard\u0131r. B\u0259s bu il v\u0259ziyy\u0259t nec\u0259 olacaq? Qaraba\u011f bu il bu siyah\u0131da yer alacaqm\u0131? \u00dcmumiyy\u0259tl\u0259, Az\u0259rbaycan\u0131n q\u0131\u015f turizmi il\u0259 ba\u011fl\u0131 h\u0259d\u0259fl\u0259ri&hellip;","_links":{"self":[{"href":"https:\/\/arantv.az\/index.php?rest_route=\/wp\/v2\/posts\/658494"}],"collection":[{"href":"https:\/\/arantv.az\/index.php?rest_route=\/wp\/v2\/posts"}],"about":[{"href":"https:\/\/arantv.az\/index.php?rest_route=\/wp\/v2\/types\/post"}],"author":[{"embeddable":true,"href":"https:\/\/arantv.az\/index.php?rest_route=\/wp\/v2\/users\/2"}],"replies":[{"embeddable":true,"href":"https:\/\/arantv.az\/index.php?rest_route=%2Fwp%2Fv2%2Fcomments&post=658494"}],"version-history":[{"count":0,"href":"https:\/\/arantv.az\/index.php?rest_route=\/wp\/v2\/posts\/658494\/revisions"}],"wp:featuredmedia":[{"embeddable":true,"href":"https:\/\/arantv.az\/index.php?rest_route=\/wp\/v2\/media\/276669"}],"wp:attachment":[{"href":"https:\/\/arantv.az\/index.php?rest_route=%2Fwp%2Fv2%2Fmedia&parent=658494"}],"wp:term":[{"taxonomy":"category","embeddable":true,"href":"https:\/\/arantv.az\/index.php?rest_route=%2Fwp%2Fv2%2Fcategories&post=658494"},{"taxonomy":"post_tag","embeddable":true,"href":"https:\/\/arantv.az\/index.php?rest_route=%2Fwp%2Fv2%2Ftags&post=658494"}],"curies":[{"name":"wp","href":"https:\/\/api.w.org\/{rel}","templated":true}]}}