{"id":658519,"date":"2023-11-20T09:33:50","date_gmt":"2023-11-20T05:33:50","guid":{"rendered":"https:\/\/arantv.az\/?p=658519"},"modified":"2023-11-20T09:33:50","modified_gmt":"2023-11-20T05:33:50","slug":"az%c9%99rbaycanin-dostluq-ordeni-il%c9%99-t%c9%99ltif-olunmus-aman-tuleyev-v%c9%99fat-edib","status":"publish","type":"post","link":"https:\/\/arantv.az\/?p=658519","title":{"rendered":"Az\u0259rbaycan\u0131n \u201cDostluq\u201d ordeni il\u0259 t\u0259ltif olunmu\u015f Aman Tuleyev v\u0259fat edib"},"content":{"rendered":"<p>Rusiyan\u0131n Kemerovo vilay\u0259tin\u0259 20 il r\u0259hb\u0259rlik etmi\u015f Aman Tuleyev 80 ya\u015f\u0131nda v\u0259fat edib.<\/p>\n<p>Bu bar\u0259d\u0259 regionun r\u0259hb\u0259ri Sergey Sivilyev m\u0259lumat verib.<\/p>\n<p>\u201c1997-2018-ci ill\u0259rd\u0259 Kemerovo vilay\u0259tinin qubernatoru olmu\u015f, parlaq, qeyri-adi, b\u00fct\u00fcn h\u0259yat\u0131n\u0131 Kuzbasa v\u0259 Rusiyaya xidm\u0259t\u0259 h\u0259sr etmi\u015f Aman Qumirovi\u00e7 Tuleyev v\u0259fat etdi. Bu, a\u011f\u0131r itkidir. O, \u00e7\u0259tin vaxtlarda vilay\u0259t\u0259 r\u0259hb\u0259rlik edib\u201d.<\/p>\n<p>Xat\u0131rladaq ki, A.Tuleyev Az\u0259rbaycan Respublikas\u0131n\u0131n Prezidenti\u00a0<strong>\u0130lham \u018fliyevin<\/strong>\u00a012 may 2014-c\u00fc il tarixli s\u0259r\u0259ncam\u0131 il\u0259 Az\u0259rbaycan il\u0259 Rusiya Federasiyas\u0131 aras\u0131nda dostluq v\u0259 \u0259m\u0259kda\u015fl\u0131q \u0259laq\u0259l\u0259rinin inki\u015faf\u0131ndak\u0131 x\u00fcsusi xidm\u0259tl\u0259rin\u0259 g\u00f6r\u0259 \u201cDostluq\u201d ordeni il\u0259 t\u0259ltif edilib.<\/p>\n","protected":false},"excerpt":{"rendered":"<p>Rusiyan\u0131n Kemerovo vilay\u0259tin\u0259 20 il r\u0259hb\u0259rlik etmi\u015f Aman Tuleyev 80 ya\u015f\u0131nda v\u0259fat edib. Bu bar\u0259d\u0259 regionun r\u0259hb\u0259ri Sergey Sivilyev m\u0259lumat verib. \u201c1997-2018-ci ill\u0259rd\u0259 Kemerovo vilay\u0259tinin qubernatoru olmu\u015f, parlaq, qeyri-adi, b\u00fct\u00fcn h\u0259yat\u0131n\u0131 Kuzbasa v\u0259 Rusiyaya xidm\u0259t\u0259 h\u0259sr etmi\u015f Aman Qumirovi\u00e7 Tuleyev v\u0259fat etdi. Bu, a\u011f\u0131r itkidir. O, \u00e7\u0259tin vaxtlarda vilay\u0259t\u0259 r\u0259hb\u0259rlik edib\u201d. Xat\u0131rladaq ki, A.Tuleyev Az\u0259rbaycan Respublikas\u0131n\u0131n Prezidenti\u00a0\u0130lham \u018fliyevin\u00a012 may 2014-c\u00fc il tarixli s\u0259r\u0259ncam\u0131 il\u0259 Az\u0259rbaycan il\u0259 Rusiya Federasiyas\u0131 aras\u0131nda dostluq v\u0259 \u0259m\u0259kda\u015fl\u0131q \u0259laq\u0259l\u0259rinin inki\u015faf\u0131ndak\u0131 x\u00fcsusi xidm\u0259tl\u0259rin\u0259 g\u00f6r\u0259 \u201cDostluq\u201d ordeni il\u0259 t\u0259ltif edilib.<\/p>\n","protected":false},"author":2,"featured_media":658522,"comment_status":"closed","ping_status":"closed","sticky":false,"template":"","format":"standard","meta":{"om_disable_all_campaigns":false,"_monsterinsights_skip_tracking":false,"_monsterinsights_sitenote_active":false,"_monsterinsights_sitenote_note":"","_monsterinsights_sitenote_category":0},"categories":[19],"tags":[],"aioseo_notices":[],"gutentor_comment":0,"rttpg_featured_image_url":{"full":["https:\/\/arantv.az\/wp-content\/uploads\/2023\/11\/Aman_Tuleyev.jpg",620,413,false],"landscape":["https:\/\/arantv.az\/wp-content\/uploads\/2023\/11\/Aman_Tuleyev.jpg",620,413,false],"portraits":["https:\/\/arantv.az\/wp-content\/uploads\/2023\/11\/Aman_Tuleyev.jpg",620,413,false],"thumbnail":["https:\/\/arantv.az\/wp-content\/uploads\/2023\/11\/Aman_Tuleyev-500x280.jpg",500,280,true],"medium":["https:\/\/arantv.az\/wp-content\/uploads\/2023\/11\/Aman_Tuleyev-548x365.jpg",548,365,true],"large":["https:\/\/arantv.az\/wp-content\/uploads\/2023\/11\/Aman_Tuleyev.jpg",620,413,false],"1536x1536":["https:\/\/arantv.az\/wp-content\/uploads\/2023\/11\/Aman_Tuleyev.jpg",620,413,false],"2048x2048":["https:\/\/arantv.az\/wp-content\/uploads\/2023\/11\/Aman_Tuleyev.jpg",620,413,false],"post-thumbnail":["https:\/\/arantv.az\/wp-content\/uploads\/2023\/11\/Aman_Tuleyev-240x172.jpg",240,172,true],"advps-thumb-one":["https:\/\/arantv.az\/wp-content\/uploads\/2023\/11\/Aman_Tuleyev.jpg",620,413,false]},"rttpg_author":{"display_name":"V\u00fcsal Rafiqo\u011flu","author_link":"https:\/\/arantv.az\/?author=2"},"rttpg_comment":0,"rttpg_category":"<a href=\"https:\/\/arantv.az\/?cat=19\" rel=\"category\">G\u00fcnd\u0259m<\/a>","rttpg_excerpt":"Rusiyan\u0131n Kemerovo vilay\u0259tin\u0259 20 il r\u0259hb\u0259rlik etmi\u015f Aman Tuleyev 80 ya\u015f\u0131nda v\u0259fat edib. Bu bar\u0259d\u0259 regionun r\u0259hb\u0259ri Sergey Sivilyev m\u0259lumat verib. \u201c1997-2018-ci ill\u0259rd\u0259 Kemerovo vilay\u0259tinin qubernatoru olmu\u015f, parlaq, qeyri-adi, b\u00fct\u00fcn h\u0259yat\u0131n\u0131 Kuzbasa v\u0259 Rusiyaya xidm\u0259t\u0259 h\u0259sr etmi\u015f Aman Qumirovi\u00e7 Tuleyev v\u0259fat etdi. Bu, a\u011f\u0131r itkidir. O, \u00e7\u0259tin vaxtlarda vilay\u0259t\u0259 r\u0259hb\u0259rlik edib\u201d. Xat\u0131rladaq ki, A.Tuleyev Az\u0259rbaycan&hellip;","_links":{"self":[{"href":"https:\/\/arantv.az\/index.php?rest_route=\/wp\/v2\/posts\/658519"}],"collection":[{"href":"https:\/\/arantv.az\/index.php?rest_route=\/wp\/v2\/posts"}],"about":[{"href":"https:\/\/arantv.az\/index.php?rest_route=\/wp\/v2\/types\/post"}],"author":[{"embeddable":true,"href":"https:\/\/arantv.az\/index.php?rest_route=\/wp\/v2\/users\/2"}],"replies":[{"embeddable":true,"href":"https:\/\/arantv.az\/index.php?rest_route=%2Fwp%2Fv2%2Fcomments&post=658519"}],"version-history":[{"count":0,"href":"https:\/\/arantv.az\/index.php?rest_route=\/wp\/v2\/posts\/658519\/revisions"}],"wp:featuredmedia":[{"embeddable":true,"href":"https:\/\/arantv.az\/index.php?rest_route=\/wp\/v2\/media\/658522"}],"wp:attachment":[{"href":"https:\/\/arantv.az\/index.php?rest_route=%2Fwp%2Fv2%2Fmedia&parent=658519"}],"wp:term":[{"taxonomy":"category","embeddable":true,"href":"https:\/\/arantv.az\/index.php?rest_route=%2Fwp%2Fv2%2Fcategories&post=658519"},{"taxonomy":"post_tag","embeddable":true,"href":"https:\/\/arantv.az\/index.php?rest_route=%2Fwp%2Fv2%2Ftags&post=658519"}],"curies":[{"name":"wp","href":"https:\/\/api.w.org\/{rel}","templated":true}]}}