{"id":658560,"date":"2023-11-20T10:01:55","date_gmt":"2023-11-20T06:01:55","guid":{"rendered":"https:\/\/arantv.az\/?p=658560"},"modified":"2023-11-20T10:01:55","modified_gmt":"2023-11-20T06:01:55","slug":"agdamin-bir-gull%c9%99-atilmadan-isgaldan-azad-olunmasi","status":"publish","type":"post","link":"https:\/\/arantv.az\/?p=658560","title":{"rendered":"A\u011fdam\u0131n bir g\u00fcll\u0259 at\u0131lmadan i\u015f\u011faldan azad olunmas\u0131"},"content":{"rendered":"<p><em><strong>Bu, Ali Ba\u015f Komandan\u0131n h\u0259rb meydan\u0131ndak\u0131 q\u0259l\u0259b\u0259l\u0259rinin diplomitik arenadak\u0131 davam\u0131 idi<\/strong><\/em><\/p>\n<p>\u00dc\u00e7 il bundan \u0259vv\u0259l -2020-ci ilin noyabr\u0131n 20-d\u0259 bir g\u00fcll\u0259 at\u0131lmadan erm\u0259ni i\u015f\u011fal\u0131ndan azad edil\u0259n A\u011fdam rayonu Ali Ba\u015f Komandan \u0130lham \u018fliyevin h\u0259rb meydan\u0131ndak\u0131 q\u0259l\u0259b\u0259l\u0259rinin diplomitik meydandak\u0131 davam\u0131 idi. D\u00fc\u015fm\u0259n t\u0259r\u0259find\u0259n A\u011fdamda t\u00f6r\u0259dil\u0259n da\u011f\u0131nt\u0131lar\u0131n miqyas\u0131 onu g\u00f6st\u0259rdi ki, biz insanl\u0131qdan uzaq \u00e7ox q\u0259ddar bir d\u00fc\u015fm\u0259ni m\u0259\u011flub etmi\u015fik. Tarixi faktlardan da g\u00f6r\u00fcn\u00fcr ki, A\u011fdam \u0259cdadlar\u0131m\u0131z\u0131n q\u0259dim m\u0259sk\u0259nl\u0259rind\u0259n olub. Burada min ill\u0259r \u00f6nc\u0259 ya\u015fayan babalar\u0131m\u0131z h\u0259mi\u015f\u0259 igidl\u0259ri v\u0259 dahil\u0259ri il\u0259 f\u0259ql\u0259nibl\u0259r. Lakin A\u011fdam bir \u0259razi-inzibati rayon kimi 1930-cu ild\u0259 yarad\u0131l\u0131b. Sah\u0259si 1094 kvadrat km olan rayonun relyefi \u0259sas\u0259n d\u00fcz\u0259nlik, qism\u0259n da\u011fl\u0131qd\u0131r. A\u011fdam rayonu Az\u0259rbaycan\u0131n q\u0259dim, f\u00fcsunkar t\u0259bi\u0259tli torpa\u011f\u0131 olan Qaraba\u011f\u0131n m\u0259rk\u0259zind\u0259 -araba\u011f da\u011f silsil\u0259sinin \u015fimal-\u015f\u0259rq \u0259t\u0259kl\u0259rind\u0259, K\u00fcr-Araz oval\u0131\u011f\u0131n\u0131n q\u0259rbind\u0259 yerl\u0259\u015fir.<\/p>\n<p>Erm\u0259nil\u0259r A\u011fdam\u0131 42 g\u00fcn davam ed\u0259n d\u00f6y\u00fc\u015fd\u0259n sonra 1993-c\u00fc il iyulun 23-d\u0259 \u015f\u011fal edibl\u0259r. Rayon m\u0259rk\u0259zi il\u0259 birg\u0259 90 k\u0259ndi i\u015f\u011fal olunan A\u011fdam\u0131n 128 minlik \u0259halisi m\u0259cburi k\u00f6\u00e7k\u00fcn h\u0259yat\u0131n\u0131 ya\u015fama\u011fa m\u0259cbur olub. Birinci Qaraba\u011f m\u00fcharib\u0259sind\u0259 6 min \u015f\u0259hid ver\u0259n A\u011fdam\u0131n 17 Milli Q\u0259hr\u0259man\u0131 var idi. \u0130\u015f\u011fal n\u0259tic\u0259sind\u0259 A\u011fdam rayonunun 38 kolxozu, 12 s\u0259naye obyekti, 74 m\u0259kt\u0259bi, 271 m\u0259d\u0259niyy\u0259t evi, b\u00fct\u00fcn d\u00fcnyada yegan\u0259 olan \u00c7\u00f6r\u0259k muzeyi, 67 idar\u0259 v\u0259 99 klubu d\u00fc\u015fm\u0259n \u0259lin\u0259 ke\u00e7mi\u015fdir.<\/p>\n<p>T\u0259bii ki, Az\u0259rbaycan xalq\u0131 v\u0259 Ali Ba\u015f Komandan\u0131m\u0131z \u0130lham \u018fliyev \u00f6t\u0259n on illikl\u0259rd\u0259 Erm\u0259nistan\u0131n i\u015f\u011fal\u0131 il\u0259 bar\u0131\u015fmayaca\u011f\u0131m\u0131z\u0131 d\u0259f\u0259l\u0259rl\u0259 bildirmi\u015f v\u0259 ondan ordusunu torpaqlar\u0131m\u0131zdan \u00e7\u0131xarmas\u0131n\u0131 t\u0259l\u0259b etmi\u015fdi. Bu m\u0259s\u0259l\u0259l\u0259ri qeyri-ciddiy\u0259 alan erm\u0259nil\u0259r\u0259 is\u0259 \u0259n a\u011f\u0131r z\u0259rb\u0259 2020-ci ilin sentyabr\u0131n 27-d\u0259 ba\u015flayan V\u0259t\u0259n m\u00fcharib\u0259sind\u0259 vuruldu. C\u0259bray\u0131l, F\u00fczuli, Z\u0259ngilan, Qubadl\u0131, \u015eu\u015fa 44 g\u00fcnl\u00fck a\u011f\u0131r d\u00f6y\u00fc\u015fl\u0259rd\u0259 i\u015f\u011faldan azad olundu. Bu d\u00f6y\u00fc\u015fl\u0259rd\u0259 Erm\u0259nistan Ordusu darmada\u011f\u0131n edildi v\u0259 noyab\u0131r\u0131n 10-da i\u015f\u011fal\u00e7\u0131 \u00f6lk\u0259nin ba\u015f naziri Nikol Pa\u015finyan kapitiluyasiya akt\u0131n\u0131 imzalama\u011fa m\u0259cbur oldu.<\/p>\n<p><em><strong>Erm\u0259ni v\u0259h\u015filiyinin t\u0259sdiqi: xarici jurnalistl\u0259r A\u011fdam\u0131 Qafqaz\u0131n Xirosimas\u0131 adland\u0131r\u0131blar<\/strong><\/em><\/p>\n<p>2020-ci ilin noyabr\u0131n 20-d\u0259 bir g\u00fcll\u0259 atmadan erm\u0259ni i\u015f\u011fal\u0131ndan azad edil\u0259n A\u011fdam rayonu is\u0259 Ali Ba\u015f Komandan \u0130lham \u018fliyevin h\u0259rb meydan\u0131ndak\u0131 q\u0259l\u0259b\u0259l\u0259rinin diplomitik meydandak\u0131 davam\u0131 idi. A\u011fdam \u015f\u0259h\u0259rini v\u0259 k\u0259ndl\u0259ri darmada\u011f\u0131n ed\u0259n i\u015f\u011fal\u00e7\u0131 Erm\u0259nistan\u0131n vandall\u0131\u011f\u0131n\u0131 v\u0259 r\u0259zilliyini d\u00fcnya ictimaiyy\u0259ti bir daha g\u00f6rd\u00fc v\u0259 bu qeyri- insani davran\u0131\u015flara nifr\u0259t etdi. D\u00fc\u015fm\u0259n t\u0259r\u0259find\u0259n t\u00f6r\u0259dil\u0259n da\u011f\u0131nt\u0131lar\u0131n miqyas\u0131 onu g\u00f6st\u0259rdi ki, biz \u00e7ox q\u0259ddar bir d\u00fc\u015fm\u0259ni, insanl\u0131qdan uzaq bir v\u0259h\u015fi bir \u00f6lk\u0259ni m\u0259\u011flub etmi\u015fik.\u00a0A\u011fdamdak\u0131 da\u011f\u0131nt\u0131lar\u0131 g\u00f6r\u0259n xarici v\u0259 yerli jurnalistl\u0259r onu Qafqaz\u0131n Xirosimas\u0131 adland\u0131r\u0131blar. 2020-ci il noyabr\u0131n 26-da \u00abA\u011fdam\u0131n azad olunmas\u0131na g\u00f6r\u0259\u00bb medal\u00a0t\u0259sis edilib.\u00a0M\u00fcz\u0259ff\u0259r Ali Ba\u015f Komandan, Prezident \u0130lham \u018fliyevin s\u0259r\u0259ncamlar\u0131 il\u0259 Az\u0259rbaycan Respublikas\u0131 Silahl\u0131 Q\u00fcvv\u0259l\u0259rinin 5790 h\u0259rbi qulluq\u00e7usu \u00abA\u011fdam\u0131n azad olunmas\u0131na g\u00f6r\u0259\u00bb medal\u0131 il\u0259 t\u0259ltif olunub. Eyni zamanda, tarixi Q\u0259l\u0259b\u0259 g\u00fcnl\u0259rinin \u0259b\u0259dil\u0259\u015fdirilm\u0259sin\u0259 xidm\u0259t ed\u0259n t\u0259\u015f\u0259bb\u00fcsl\u0259 \u00e7\u0131x\u0131\u015f ed\u0259n Prezident \u0130lham \u018fliyevin 31 iyul 2023-c\u00fc il tarixli S\u0259r\u0259ncam\u0131 il\u0259 Az\u0259rbaycan Respublikas\u0131n\u0131n i\u015f\u011faldan azad edilmi\u015f \u0259razil\u0259ri \u00fczr\u0259 \u015f\u0259h\u0259r g\u00fcnl\u0259ri t\u0259sis edib. S\u00f6z\u00fcged\u0259n S\u0259r\u0259ncama \u0259sas\u0259n, 20 noyabr A\u011fdam \u015e\u0259h\u0259ri G\u00fcn\u00fc kimi m\u00fc\u0259yy\u0259n olunub.<\/p>\n<p>D\u00fc\u015fm\u0259nin \u00f6l\u00fc bir zonaya \u00e7evirdiyi A\u011fdam\u0131n xarabal\u0131qlar\u0131 \u00fcz\u0259rind\u0259 indi yeni v\u0259 m\u00fcasir bir \u015f\u0259h\u0259r tikilir, infrastruktur yarad\u0131l\u0131r, m\u0259d\u0259ni-dini abid\u0259l\u0259r b\u0259rpa edilir. Az\u0259rbaycan Prezidenti \u0130lham \u018fliyev v\u0259 birinci xan\u0131m Mehriban \u018fliyeva A\u011fdam rayonuna etdikl\u0259ri s\u0259f\u0259rl\u0259ri zaman\u0131 burada bir \u00e7ox infrastrukturlar\u0131n v\u0259 ya\u015fay\u0131\u015f m\u0259h\u0259ll\u0259l\u0259rin t\u0259m\u0259lini qoyublar. Bel\u0259 ki, 2020-ci ilin noyabr\u0131n 23-d\u0259 A\u011fdam \u015f\u0259h\u0259rind\u0259 D\u00f6vl\u0259t Bayra\u011f\u0131n\u0131 ucaldblar v\u0259 da\u011f\u0131d\u0131lm\u0131\u015f A\u011fdam C\u00fcm\u0259 m\u0259scidini ziyar\u0259t edibl\u0259r. 2021-ci ilin 28 May M\u00fcst\u0259qillik G\u00fcn\u00fcnd\u0259 B\u0259rd\u0259-A\u011fdam avtomobil yolunun, A\u011fdam \u015f\u0259h\u0259rind\u0259 ilk ya\u015fay\u0131\u015f binas\u0131n\u0131n v\u0259 A\u011fdam S\u0259naye Park\u0131n\u0131n, Z\u0259f\u0259r muzeyi v\u0259 a\u00e7\u0131q hava alt\u0131nda \u0130\u015f\u011fal muzeyinin,\u00a0A\u011fdam \u015f\u0259h\u0259r 1 sayl\u0131 m\u0259kt\u0259bin yeni binas\u0131n\u0131n t\u0259m\u0259lqoyma m\u0259rasiml\u0259rind\u0259 i\u015ftirak edibl\u0259r. 2022-ci ilin fevral\u0131n 13-d\u0259 is\u0259 A\u011fdam S\u0259naye Park\u0131nda iki m\u00fc\u0259ssis\u0259nin \u00abPark Forest Otel A\u011fdam\u00bb mehmanxanas\u0131n\u0131n, Yeni ya\u015fay\u0131\u015f kompleksinin, 210 \u00e7arpay\u0131l\u0131q A\u011fdam Rayon M\u0259rk\u0259zi X\u0259st\u0259xanas\u0131n\u0131n t\u0259m\u0259lqoyma m\u0259rasiml\u0259rind\u0259 i\u015ftirak edibl\u0259r. 2022-c ilin aprelin 10-da Eyvazxanb\u0259yli k\u0259ndind\u0259 At\u00e7\u0131l\u0131q N\u0259silart\u0131rma M\u0259rk\u0259zinin, X\u0131d\u0131rl\u0131, K\u0259ng\u0259rl, Sar\u0131cal\u0131 k\u0259ndl\u0259rinin, \u00abCity Hotel Agdam\u00bb mehmanxanas\u0131n\u0131n, d\u0259mir yolu v\u0259 Avtova\u011fzal Kompleksinin t\u0259m\u0259lini qoyublar.<\/p>\n<p><em><strong>Prezident \u0130lham \u018fliyev: Biz el\u0259 bir \u015f\u0259h\u0259r, el\u0259 el\u0259 bir A\u011fdam quraca\u011f\u0131q ki, b\u00fct\u00fcn d\u00fcnyaya n\u00fcmun\u0259 olacaqd\u0131r<\/strong><\/em><\/p>\n<p>A\u011fdam \u015f\u0259h\u0259rinin m\u0259rk\u0259zind\u0259n 3 kilometr m\u0259saf\u0259d\u0259 yerl\u0259\u015f\u0259n X\u0131d\u0131rl\u0131 k\u0259ndind\u0259 59 min 90 n\u0259f\u0259rin, y\u0259ni 1500 ail\u0259nin m\u0259skunla\u015fmas\u0131 n\u0259z\u0259rd\u0259 tutulub. Layih\u0259l\u0259ndiril\u0259n \u00fcmumi \u0259razi 418 hektard\u0131r. Burada m\u0259skunla\u015facaq \u0259halinin ya\u015fay\u0131\u015f y\u00fck\u00fcn\u00fc n\u0259z\u0259r\u0259 alaraq, m\u0259h\u0259ll\u0259l\u0259rin sal\u0131nmas\u0131n\u0131n birinci m\u0259rh\u0259l\u0259si \u00fc\u00e7\u00fcn 160 hektar torpaq sah\u0259si ayr\u0131l\u0131b. Birinci m\u0259rh\u0259l\u0259d\u0259 k\u0259nd\u0259 2951 n\u0259f\u0259rin k\u00f6\u00e7\u00fcr\u00fclm\u0259si \u00fc\u00e7\u00fcn 719 f\u0259rdi evin tikintisi apar\u0131l\u0131r. K\u0259ndd\u0259 m\u0259d\u0259niyy\u0259t v\u0259 \u0259yl\u0259nc\u0259 m\u0259rk\u0259zl\u0259ri, xidm\u0259t, kommersiya m\u00fc\u0259ssis\u0259l\u0259ri, iqtisadi inki\u015faf obyektl\u0259ri, t\u0259hsil, idar\u0259etm\u0259 v\u0259 k\u0259nd t\u0259s\u0259rr\u00fcfat\u0131 sah\u0259l\u0259ri \u00fczr\u0259 \u00fcmumilikd\u0259 2595 n\u0259f\u0259r i\u015fl\u0259 t\u0259min olunacaq. X\u0131d\u0131rl\u0131 k\u0259ndind\u0259 tikinti i\u015fl\u0259rinin 2024-c\u00fc il aprelin 10-da ba\u015fa \u00e7atd\u0131r\u0131lmas\u0131 n\u0259z\u0259rd\u0259 tutulur.\u00a0Dig\u0259r bir k\u0259nd, A\u011fdam \u015f\u0259h\u0259rind\u0259n 6 kilometr m\u0259saf\u0259d\u0259 yerl\u0259\u015f\u0259n K\u0259ng\u0259rli k\u0259ndi d\u0259 yenid\u0259n qurulur. K\u0259ndd\u0259 2 min 626 n\u0259f\u0259r, y\u0259ni 639 ail\u0259 m\u0259skunla\u015facaq. Tikinti i\u015fl\u0259rinin apar\u0131lmas\u0131ndan sonra birinci m\u0259rh\u0259l\u0259d\u0259 k\u0259nd\u0259 1279 n\u0259f\u0259r k\u00f6\u00e7\u00fcr\u00fcl\u0259c\u0259k v\u0259 onlar yeni v\u0259 m\u00fcasir \u00fcslubda tikilmi\u015f 290 f\u0259rdi evd\u0259 ya\u015fayacaq. Burada b\u00fct\u00fcn xidm\u0259t sah\u0259l\u0259ri yarad\u0131lacaq, 1182 n\u0259f\u0259rin i\u015fl\u0259 t\u0259min olunmas\u0131 n\u0259z\u0259rd\u0259 tutulub. Yenid\u0259n tikil\u0259n Sar\u0131cal\u0131 k\u0259ndind\u0259 1720 n\u0259f\u0259r, 425 ail\u0259 ya\u015fayacaq. Layih\u0259l\u0259ndiril\u0259n \u00fcmumi \u0259razi 101,9 hektard\u0131r. Burada m\u0259skunla\u015facaq \u0259halinin say\u0131 n\u0259z\u0259r\u0259 al\u0131naraq ya\u015fay\u0131\u015f m\u0259h\u0259ll\u0259l\u0259rinin sal\u0131nmas\u0131n\u0131n birinci m\u0259rh\u0259l\u0259si \u00fc\u00e7\u00fcn 50,3 hektar torpaq sah\u0259si ayr\u0131l\u0131b. Birinci m\u0259rh\u0259l\u0259d\u0259 895 n\u0259f\u0259rin k\u00f6\u00e7\u00fcr\u00fclm\u0259si \u00fc\u00e7\u00fcn 211 f\u0259rdi ev tikil\u0259c\u0259k. A\u011fdam \u015f\u0259h\u0259rinin m\u0259rk\u0259zind\u0259n 6 kilometr m\u0259saf\u0259d\u0259 yerl\u0259\u015f\u0259n Sar\u0131cal\u0131 k\u0259ndind\u0259 \u0259halinin m\u0259\u015f\u011fullu\u011funun t\u0259min edilm\u0259si \u00fc\u00e7\u00fcn h\u0259r c\u00fcr \u015f\u0259rait yarad\u0131lacaq, 774 n\u0259f\u0259r i\u015fl\u0259 t\u0259min olunacaq.<\/p>\n<p>Qaraba\u011f iqtisadi rayonuna daxil olan A\u011fdamda \u00e7ox b\u00f6y\u00fck v\u0259 geni\u015fmiqyasl\u0131 quruculuq i\u015fl\u0259ri s\u00fcr\u0259tl\u0259 apar\u0131l\u0131r. Yax\u0131n g\u0259l\u0259c\u0259kd\u0259 burada y\u00fczl\u0259rl\u0259 i\u015f yeri a\u00e7\u0131lacaq v\u0259 \u0259halinin m\u0259\u015f\u011fullu\u011fu t\u0259min edil\u0259c\u0259k. X\u00fcsusil\u0259 A\u011fdamda yarad\u0131lan Aqrar S\u0259naye Park\u0131 burada k\u0259nd t\u0259s\u0259rr\u00fcfat\u0131 m\u0259hsullar\u0131n\u0131n yeti\u015fdirilm\u0259sind\u0259 \u00f6n\u0259mli rol oynayacaq. Bu park 190 hektar \u0259razid\u0259 tikilir v\u0259 A\u011fdam \u015f\u0259h\u0259rin\u0259 \u00e7\u0259kil\u0259n \u0259sas avtomagistral v\u0259 d\u0259mir yolu kommunikasiyalar\u0131n\u0131n k\u0259si\u015fm\u0259sind\u0259 yerl\u0259\u015fir. Prezident \u0130lham \u018fliyev 2021-ci ilin may\u0131n 28-d\u0259M\u00fcst\u0259qillik G\u00fcn\u00fcnd\u0259 A\u011fdama s\u0259f\u0259ri zaman\u0131 deyib: \u00abBiz el\u0259 bir \u015f\u0259h\u0259r, el\u0259 el\u0259 bir A\u011fdam quraca\u011f\u0131q ki, b\u00fct\u00fcn d\u00fcnyaya n\u00fcmun\u0259 olacaqd\u0131r\u00bb<\/p>\n<p>Azad edilmi\u015f \u0259razil\u0259rin in\u015fas\u0131 v\u0259 b\u0259rpas\u0131, \u0259sas\u0259n onlar\u0131n minalardan t\u0259mizl\u0259nm\u0259 s\u00fcr\u0259tind\u0259n d\u0259 as\u0131l\u0131d\u0131r. Art\u0131q t\u0259mizl\u0259nmi\u015f \u0259razil\u0259rd\u0259 tikinti i\u015fl\u0259ri tam s\u00fcr\u0259tl\u0259 gedir. Haz\u0131rda B\u0259rd\u0259 v\u0259 A\u011fdam \u015f\u0259h\u0259rl\u0259ri d\u0259 daxil olmaqla, regionun 20-d\u0259n \u00e7ox ya\u015fay\u0131\u015f m\u0259nt\u0259q\u0259sini \u0259hat\u0259 ed\u0259c\u0259k d\u00f6rdzolaql\u0131 B\u0259rd\u0259-A\u011fdam avtomobil yolu i\u015fl\u0259k v\u0259ziyy\u0259td\u0259dir. Bu yol Qaraba\u011f iqtisadi rayonuna yeni n\u0259f\u0259s ver\u0259c\u0259k v\u0259 regionda iqtisadiyyat\u0131n tezlikl\u0259 b\u0259rpas\u0131n\u0131n t\u0259m\u0259lini qoyacaq.<\/p>\n<p>Bu g\u00fcn A\u011fdam \u015f\u0259h\u0259ri v\u0259 k\u0259ndl\u0259rinin b\u0259rpas\u0131 istiqam\u0259tind\u0259 geni\u015fmiqyasl\u0131 i\u015fl\u0259rin g\u00f6r\u00fclm\u0259si, x\u00fcsus\u0259n Prezident \u0130lham \u018fliyevin b\u00f6lg\u0259y\u0259 s\u0259f\u0259rl\u0259ri zaman\u0131 infrastrukturun qurulmas\u0131 istiqam\u0259tind\u0259 ciddi tap\u015f\u0131r\u0131qlar\u0131n verilm\u0259si a\u011fdaml\u0131 m\u0259cburi k\u00f6\u00e7k\u00fcnl\u0259rin \u00fcr\u0259yind\u0259n x\u0259b\u0259r verir. Bu is\u0259 A\u011fdam\u0131 a\u011fdaml\u0131lara qaytaran, onu tikib abadla\u015fd\u0131ran M\u00fcz\u0259ff\u0259r Ali Ba\u015f Komandana b\u00f6y\u00fck inam v\u0259 etimad\u0131n t\u0259nt\u0259n\u0259sidir.<\/p>\n","protected":false},"excerpt":{"rendered":"<p>Bu, Ali Ba\u015f Komandan\u0131n h\u0259rb meydan\u0131ndak\u0131 q\u0259l\u0259b\u0259l\u0259rinin diplomitik arenadak\u0131 davam\u0131 idi \u00dc\u00e7 il bundan \u0259vv\u0259l -2020-ci ilin noyabr\u0131n 20-d\u0259 bir g\u00fcll\u0259 at\u0131lmadan erm\u0259ni i\u015f\u011fal\u0131ndan azad edil\u0259n A\u011fdam rayonu Ali Ba\u015f Komandan \u0130lham \u018fliyevin h\u0259rb meydan\u0131ndak\u0131 q\u0259l\u0259b\u0259l\u0259rinin diplomitik meydandak\u0131 davam\u0131 idi. D\u00fc\u015fm\u0259n t\u0259r\u0259find\u0259n A\u011fdamda t\u00f6r\u0259dil\u0259n da\u011f\u0131nt\u0131lar\u0131n miqyas\u0131 onu g\u00f6st\u0259rdi ki, biz insanl\u0131qdan uzaq \u00e7ox q\u0259ddar bir d\u00fc\u015fm\u0259ni m\u0259\u011flub etmi\u015fik. Tarixi faktlardan da g\u00f6r\u00fcn\u00fcr ki, A\u011fdam \u0259cdadlar\u0131m\u0131z\u0131n q\u0259dim m\u0259sk\u0259nl\u0259rind\u0259n olub. Burada min ill\u0259r \u00f6nc\u0259 ya\u015fayan babalar\u0131m\u0131z h\u0259mi\u015f\u0259 igidl\u0259ri v\u0259 dahil\u0259ri il\u0259 f\u0259ql\u0259nibl\u0259r. Lakin A\u011fdam bir \u0259razi-inzibati rayon kimi 1930-cu ild\u0259 yarad\u0131l\u0131b. Sah\u0259si&hellip;<\/p>\n","protected":false},"author":2,"featured_media":658564,"comment_status":"closed","ping_status":"closed","sticky":false,"template":"","format":"standard","meta":{"om_disable_all_campaigns":false,"_monsterinsights_skip_tracking":false,"_monsterinsights_sitenote_active":false,"_monsterinsights_sitenote_note":"","_monsterinsights_sitenote_category":0},"categories":[8],"tags":[],"aioseo_notices":[],"gutentor_comment":0,"rttpg_featured_image_url":{"full":["https:\/\/arantv.az\/wp-content\/uploads\/2023\/11\/dfea0768170023829315873768210428785.jpg",975,540,false],"landscape":["https:\/\/arantv.az\/wp-content\/uploads\/2023\/11\/dfea0768170023829315873768210428785.jpg",975,540,false],"portraits":["https:\/\/arantv.az\/wp-content\/uploads\/2023\/11\/dfea0768170023829315873768210428785.jpg",975,540,false],"thumbnail":["https:\/\/arantv.az\/wp-content\/uploads\/2023\/11\/dfea0768170023829315873768210428785-500x280.jpg",500,280,true],"medium":["https:\/\/arantv.az\/wp-content\/uploads\/2023\/11\/dfea0768170023829315873768210428785-660x365.jpg",660,365,true],"large":["https:\/\/arantv.az\/wp-content\/uploads\/2023\/11\/dfea0768170023829315873768210428785-840x465.jpg",640,354,true],"1536x1536":["https:\/\/arantv.az\/wp-content\/uploads\/2023\/11\/dfea0768170023829315873768210428785.jpg",975,540,false],"2048x2048":["https:\/\/arantv.az\/wp-content\/uploads\/2023\/11\/dfea0768170023829315873768210428785.jpg",975,540,false],"post-thumbnail":["https:\/\/arantv.az\/wp-content\/uploads\/2023\/11\/dfea0768170023829315873768210428785-240x172.jpg",240,172,true],"advps-thumb-one":["https:\/\/arantv.az\/wp-content\/uploads\/2023\/11\/dfea0768170023829315873768210428785.jpg",975,540,false]},"rttpg_author":{"display_name":"V\u00fcsal Rafiqo\u011flu","author_link":"https:\/\/arantv.az\/?author=2"},"rttpg_comment":0,"rttpg_category":"<a href=\"https:\/\/arantv.az\/?cat=8\" rel=\"category\">\u018fsas s\u0259hif\u0259<\/a>","rttpg_excerpt":"Bu, Ali Ba\u015f Komandan\u0131n h\u0259rb meydan\u0131ndak\u0131 q\u0259l\u0259b\u0259l\u0259rinin diplomitik arenadak\u0131 davam\u0131 idi \u00dc\u00e7 il bundan \u0259vv\u0259l -2020-ci ilin noyabr\u0131n 20-d\u0259 bir g\u00fcll\u0259 at\u0131lmadan erm\u0259ni i\u015f\u011fal\u0131ndan azad edil\u0259n A\u011fdam rayonu Ali Ba\u015f Komandan \u0130lham \u018fliyevin h\u0259rb meydan\u0131ndak\u0131 q\u0259l\u0259b\u0259l\u0259rinin diplomitik meydandak\u0131 davam\u0131 idi. D\u00fc\u015fm\u0259n t\u0259r\u0259find\u0259n A\u011fdamda t\u00f6r\u0259dil\u0259n da\u011f\u0131nt\u0131lar\u0131n miqyas\u0131 onu g\u00f6st\u0259rdi ki, biz insanl\u0131qdan uzaq \u00e7ox q\u0259ddar bir&hellip;","_links":{"self":[{"href":"https:\/\/arantv.az\/index.php?rest_route=\/wp\/v2\/posts\/658560"}],"collection":[{"href":"https:\/\/arantv.az\/index.php?rest_route=\/wp\/v2\/posts"}],"about":[{"href":"https:\/\/arantv.az\/index.php?rest_route=\/wp\/v2\/types\/post"}],"author":[{"embeddable":true,"href":"https:\/\/arantv.az\/index.php?rest_route=\/wp\/v2\/users\/2"}],"replies":[{"embeddable":true,"href":"https:\/\/arantv.az\/index.php?rest_route=%2Fwp%2Fv2%2Fcomments&post=658560"}],"version-history":[{"count":0,"href":"https:\/\/arantv.az\/index.php?rest_route=\/wp\/v2\/posts\/658560\/revisions"}],"wp:featuredmedia":[{"embeddable":true,"href":"https:\/\/arantv.az\/index.php?rest_route=\/wp\/v2\/media\/658564"}],"wp:attachment":[{"href":"https:\/\/arantv.az\/index.php?rest_route=%2Fwp%2Fv2%2Fmedia&parent=658560"}],"wp:term":[{"taxonomy":"category","embeddable":true,"href":"https:\/\/arantv.az\/index.php?rest_route=%2Fwp%2Fv2%2Fcategories&post=658560"},{"taxonomy":"post_tag","embeddable":true,"href":"https:\/\/arantv.az\/index.php?rest_route=%2Fwp%2Fv2%2Ftags&post=658560"}],"curies":[{"name":"wp","href":"https:\/\/api.w.org\/{rel}","templated":true}]}}