{"id":658594,"date":"2023-11-20T10:13:35","date_gmt":"2023-11-20T06:13:35","guid":{"rendered":"https:\/\/arantv.az\/?p=658594"},"modified":"2023-11-20T10:13:35","modified_gmt":"2023-11-20T06:13:35","slug":"iraq-prezidenti-az%c9%99rbaycanla-turizm-iqtisadi-v%c9%99-m%c9%99d%c9%99ni-%c9%99laq%c9%99l%c9%99ri-gucl%c9%99ndirm%c9%99y%c9%99-calisiriq-foto","status":"publish","type":"post","link":"https:\/\/arantv.az\/?p=658594","title":{"rendered":"\u0130raq Prezidenti: \u201cAz\u0259rbaycanla turizm, iqtisadi v\u0259 m\u0259d\u0259ni \u0259laq\u0259l\u0259ri g\u00fccl\u0259ndirm\u0259y\u0259 \u00e7al\u0131\u015f\u0131r\u0131q\u201d &#8211; FOTO"},"content":{"rendered":"<p>\u201c\u0130raq Az\u0259rbaycanla x\u00fcsusil\u0259 turizm, iqtisadi v\u0259 m\u0259d\u0259ni sah\u0259l\u0259rd\u0259 \u0259laq\u0259l\u0259ri g\u00fccl\u0259ndirm\u0259y\u0259 \u00e7al\u0131\u015f\u0131r\u201d.<\/p>\n<p>Bunu \u0130raq Respublikas\u0131n\u0131n Prezidenti \u018fbd\u00fcll\u0259tif Camal R\u0259\u015fid deyib.<\/p>\n<p>\u018fbd\u00fcll\u0259tif Camal R\u0259\u015fid Az\u0259rbaycan v\u0259 Avropa \u015firk\u0259tl\u0259rinin v\u0259 i\u015f adamlar\u0131n\u0131n \u0130raq bazar\u0131na s\u0259rmay\u0259 qoyaca\u011f\u0131na \u00fcmid etdiyini bildirib. O, \u0130raq h\u00f6kum\u0259tinin bununla ba\u011fl\u0131 imkanlar\u0131n yarad\u0131lmas\u0131nda v\u0259 laz\u0131mi qanunvericiliyin q\u0259bulunda maraql\u0131 oldu\u011funu vur\u011fulay\u0131b.<\/p>\n<p>R\u0259\u015fid \u00f6lk\u0259sinin b\u00fct\u00fcn d\u00f6vl\u0259tl\u0259rl\u0259 balansla\u015fd\u0131r\u0131lm\u0131\u015f \u0259laq\u0259l\u0259r qurma\u011fa sadiq oldu\u011funu qeyd ed\u0259r\u0259k, xarici \u015firk\u0259tl\u0259ri v\u0259 i\u015f adamlar\u0131n\u0131 \u0130raq bazar\u0131na s\u0259rmay\u0259 qoyma\u011fa \u00e7a\u011f\u0131r\u0131b.<\/p>\n<p>Prezident deyib ki, \u00f6lk\u0259sinin \u0259sas prioritetl\u0259ri t\u0259hl\u00fck\u0259sizlik v\u0259 sabitliyin qorunmas\u0131, xalqa xidm\u0259tl\u0259r g\u00f6st\u0259rilm\u0259si, infrastrukturun qorunmas\u0131, v\u0259t\u0259nda\u015flar\u0131n h\u0259yat s\u0259viyy\u0259sinin yax\u015f\u0131la\u015fd\u0131r\u0131lmas\u0131 \u00fc\u00e7\u00fcn iqtisadi v\u0259 s\u0259rmay\u0259 s\u0259viyy\u0259l\u0259rinin y\u00fcks\u0259ldilm\u0259sidir.<\/p>\n<p>Qeyd ed\u0259k ki, \u018fbd\u00fcll\u0259tif Camal R\u0259\u015fid noyabr\u0131n 19-da Az\u0259rbaycana r\u0259smi s\u0259f\u0259r\u0259 g\u0259lib.<\/p>\n<p>&nbsp;<\/p>\n<div class=\"gallery\">\n<div class=\"gallery-i\"><img src=\"https:\/\/cdn.oxu.az\/uploads\/W1siZiIsIjIwMjMvMTEvMjAvMDkvNDUvNDYvZmY2ZTc2ZTMtMzliOC00YzhhLTgxZjQtMmYxMGUwY2EyNjg4L9io2KfZg9mILmpwZyJdLFsicCIsImVuY29kZSIsImpwZyIsIi1xdWFsaXR5IDgwIl0sWyJwIiwidGh1bWIiLCI1OTB4NTkwXHUwMDNlIl1d?sha=f3768b74d699a3fc\" alt=\"\" \/><\/p>\n<div class=\"gallery-i-caption\"><\/div>\n<\/div>\n<\/div>\n<p>M\u0259nb\u0259:\u00a0Alahadnews.net<\/p>\n","protected":false},"excerpt":{"rendered":"<p>\u201c\u0130raq Az\u0259rbaycanla x\u00fcsusil\u0259 turizm, iqtisadi v\u0259 m\u0259d\u0259ni sah\u0259l\u0259rd\u0259 \u0259laq\u0259l\u0259ri g\u00fccl\u0259ndirm\u0259y\u0259 \u00e7al\u0131\u015f\u0131r\u201d. Bunu \u0130raq Respublikas\u0131n\u0131n Prezidenti \u018fbd\u00fcll\u0259tif Camal R\u0259\u015fid deyib. \u018fbd\u00fcll\u0259tif Camal R\u0259\u015fid Az\u0259rbaycan v\u0259 Avropa \u015firk\u0259tl\u0259rinin v\u0259 i\u015f adamlar\u0131n\u0131n \u0130raq bazar\u0131na s\u0259rmay\u0259 qoyaca\u011f\u0131na \u00fcmid etdiyini bildirib. O, \u0130raq h\u00f6kum\u0259tinin bununla ba\u011fl\u0131 imkanlar\u0131n yarad\u0131lmas\u0131nda v\u0259 laz\u0131mi qanunvericiliyin q\u0259bulunda maraql\u0131 oldu\u011funu vur\u011fulay\u0131b. R\u0259\u015fid \u00f6lk\u0259sinin b\u00fct\u00fcn d\u00f6vl\u0259tl\u0259rl\u0259 balansla\u015fd\u0131r\u0131lm\u0131\u015f \u0259laq\u0259l\u0259r qurma\u011fa sadiq oldu\u011funu qeyd ed\u0259r\u0259k, xarici \u015firk\u0259tl\u0259ri v\u0259 i\u015f adamlar\u0131n\u0131 \u0130raq bazar\u0131na s\u0259rmay\u0259 qoyma\u011fa \u00e7a\u011f\u0131r\u0131b. Prezident deyib ki, \u00f6lk\u0259sinin \u0259sas prioritetl\u0259ri t\u0259hl\u00fck\u0259sizlik v\u0259 sabitliyin qorunmas\u0131, xalqa xidm\u0259tl\u0259r g\u00f6st\u0259rilm\u0259si, infrastrukturun qorunmas\u0131, v\u0259t\u0259nda\u015flar\u0131n h\u0259yat s\u0259viyy\u0259sinin yax\u015f\u0131la\u015fd\u0131r\u0131lmas\u0131&hellip;<\/p>\n","protected":false},"author":2,"featured_media":658596,"comment_status":"closed","ping_status":"closed","sticky":false,"template":"","format":"standard","meta":{"om_disable_all_campaigns":false,"_monsterinsights_skip_tracking":false,"_monsterinsights_sitenote_active":false,"_monsterinsights_sitenote_note":"","_monsterinsights_sitenote_category":0},"categories":[4],"tags":[],"aioseo_notices":[],"gutentor_comment":0,"rttpg_featured_image_url":{"full":["https:\/\/arantv.az\/wp-content\/uploads\/2023\/11\/11f9bd94-a4fc-392a-bd88-1fa67fea67c9_850.jpg",620,413,false],"landscape":["https:\/\/arantv.az\/wp-content\/uploads\/2023\/11\/11f9bd94-a4fc-392a-bd88-1fa67fea67c9_850.jpg",620,413,false],"portraits":["https:\/\/arantv.az\/wp-content\/uploads\/2023\/11\/11f9bd94-a4fc-392a-bd88-1fa67fea67c9_850.jpg",620,413,false],"thumbnail":["https:\/\/arantv.az\/wp-content\/uploads\/2023\/11\/11f9bd94-a4fc-392a-bd88-1fa67fea67c9_850-500x280.jpg",500,280,true],"medium":["https:\/\/arantv.az\/wp-content\/uploads\/2023\/11\/11f9bd94-a4fc-392a-bd88-1fa67fea67c9_850-548x365.jpg",548,365,true],"large":["https:\/\/arantv.az\/wp-content\/uploads\/2023\/11\/11f9bd94-a4fc-392a-bd88-1fa67fea67c9_850.jpg",620,413,false],"1536x1536":["https:\/\/arantv.az\/wp-content\/uploads\/2023\/11\/11f9bd94-a4fc-392a-bd88-1fa67fea67c9_850.jpg",620,413,false],"2048x2048":["https:\/\/arantv.az\/wp-content\/uploads\/2023\/11\/11f9bd94-a4fc-392a-bd88-1fa67fea67c9_850.jpg",620,413,false],"post-thumbnail":["https:\/\/arantv.az\/wp-content\/uploads\/2023\/11\/11f9bd94-a4fc-392a-bd88-1fa67fea67c9_850-240x172.jpg",240,172,true],"advps-thumb-one":["https:\/\/arantv.az\/wp-content\/uploads\/2023\/11\/11f9bd94-a4fc-392a-bd88-1fa67fea67c9_850.jpg",620,413,false]},"rttpg_author":{"display_name":"V\u00fcsal Rafiqo\u011flu","author_link":"https:\/\/arantv.az\/?author=2"},"rttpg_comment":0,"rttpg_category":"<a href=\"https:\/\/arantv.az\/?cat=4\" rel=\"category\">Siyas\u0259t<\/a>","rttpg_excerpt":"\u201c\u0130raq Az\u0259rbaycanla x\u00fcsusil\u0259 turizm, iqtisadi v\u0259 m\u0259d\u0259ni sah\u0259l\u0259rd\u0259 \u0259laq\u0259l\u0259ri g\u00fccl\u0259ndirm\u0259y\u0259 \u00e7al\u0131\u015f\u0131r\u201d. Bunu \u0130raq Respublikas\u0131n\u0131n Prezidenti \u018fbd\u00fcll\u0259tif Camal R\u0259\u015fid deyib. \u018fbd\u00fcll\u0259tif Camal R\u0259\u015fid Az\u0259rbaycan v\u0259 Avropa \u015firk\u0259tl\u0259rinin v\u0259 i\u015f adamlar\u0131n\u0131n \u0130raq bazar\u0131na s\u0259rmay\u0259 qoyaca\u011f\u0131na \u00fcmid etdiyini bildirib. O, \u0130raq h\u00f6kum\u0259tinin bununla ba\u011fl\u0131 imkanlar\u0131n yarad\u0131lmas\u0131nda v\u0259 laz\u0131mi qanunvericiliyin q\u0259bulunda maraql\u0131 oldu\u011funu vur\u011fulay\u0131b. R\u0259\u015fid \u00f6lk\u0259sinin b\u00fct\u00fcn d\u00f6vl\u0259tl\u0259rl\u0259 balansla\u015fd\u0131r\u0131lm\u0131\u015f&hellip;","_links":{"self":[{"href":"https:\/\/arantv.az\/index.php?rest_route=\/wp\/v2\/posts\/658594"}],"collection":[{"href":"https:\/\/arantv.az\/index.php?rest_route=\/wp\/v2\/posts"}],"about":[{"href":"https:\/\/arantv.az\/index.php?rest_route=\/wp\/v2\/types\/post"}],"author":[{"embeddable":true,"href":"https:\/\/arantv.az\/index.php?rest_route=\/wp\/v2\/users\/2"}],"replies":[{"embeddable":true,"href":"https:\/\/arantv.az\/index.php?rest_route=%2Fwp%2Fv2%2Fcomments&post=658594"}],"version-history":[{"count":0,"href":"https:\/\/arantv.az\/index.php?rest_route=\/wp\/v2\/posts\/658594\/revisions"}],"wp:featuredmedia":[{"embeddable":true,"href":"https:\/\/arantv.az\/index.php?rest_route=\/wp\/v2\/media\/658596"}],"wp:attachment":[{"href":"https:\/\/arantv.az\/index.php?rest_route=%2Fwp%2Fv2%2Fmedia&parent=658594"}],"wp:term":[{"taxonomy":"category","embeddable":true,"href":"https:\/\/arantv.az\/index.php?rest_route=%2Fwp%2Fv2%2Fcategories&post=658594"},{"taxonomy":"post_tag","embeddable":true,"href":"https:\/\/arantv.az\/index.php?rest_route=%2Fwp%2Fv2%2Ftags&post=658594"}],"curies":[{"name":"wp","href":"https:\/\/api.w.org\/{rel}","templated":true}]}}