{"id":658605,"date":"2023-11-20T10:32:02","date_gmt":"2023-11-20T06:32:02","guid":{"rendered":"https:\/\/arantv.az\/?p=658605"},"modified":"2023-11-20T10:32:02","modified_gmt":"2023-11-20T06:32:02","slug":"iranda-m%c9%99hbuslarin-saxlandigi-t%c9%99cridxanadan-isg%c9%99nc%c9%99l%c9%99rl%c9%99-bagli-goruntul%c9%99r-video","status":"publish","type":"post","link":"https:\/\/arantv.az\/?p=658605","title":{"rendered":"\u0130randa m\u0259hbuslar\u0131n saxland\u0131\u011f\u0131 t\u0259cridxanadan i\u015fg\u0259nc\u0259l\u0259rl\u0259 ba\u011fl\u0131 g\u00f6r\u00fcnt\u00fcl\u0259r &#8211; V\u0130DEO"},"content":{"rendered":"<article class=\"news\">\n<div class=\"news-inner\">\n<p>\u0130randa etiraz aksiyalar\u0131nda tutulan m\u0259hbuslar\u0131n saxland\u0131\u011f\u0131 T\u0259briz h\u0259bsxanas\u0131n\u0131n t\u0259cridxanas\u0131nda i\u015fg\u0259nc\u0259l\u0259rl\u0259 ba\u011fl\u0131 d\u0259h\u015f\u0259tli g\u00f6r\u00fcnt\u00fcl\u0259r yay\u0131l\u0131b.<\/p>\n<p>\u201cAzad \u0130ran\u201d \u201cTelegram\u201d kanal\u0131n\u0131n m\u0259lumat\u0131na g\u00f6r\u0259, kadrlar\u0131 g\u00fcneyli v\u0259kil Sina Yusifi payla\u015f\u0131b.<\/p>\n<p>Onun s\u00f6zl\u0259rin\u0259 g\u00f6r\u0259, \u0130ran h\u00f6kum\u0259tinin \u0259n qorxulu h\u0259bsxanalar\u0131n\u0131n birinin ger\u00e7\u0259kl\u0259rini \u00fcz\u0259 \u00e7\u0131xaran bu video 2022-ci il noyabr\u0131n 19-da \u00e7\u0259kilib.<\/p>\n<p>\u201cBura, m\u0259nim v\u0259 h\u0259mkarlar\u0131m\u0131n m\u0259hbuslarla \u0259laq\u0259 saxlaya bilm\u0259m\u0259yimiz \u00fc\u00e7\u00fcn t\u0259cridxanan\u0131n karantin b\u00f6lm\u0259sidir. M\u00fcv\u0259kkill\u0259rimin bir \u00e7oxunun bu b\u00f6lm\u0259d\u0259 ifad\u0259l\u0259ri al\u0131n\u0131b, aksiyada saxlan\u0131lan \u015f\u0259xsl\u0259r orada d\u00f6y\u00fcl\u00fcb, i\u015fg\u0259nc\u0259l\u0259r\u0259 m\u0259ruz qal\u0131blar\u201d, &#8211; dey\u0259 v\u0259kil videonun \u015f\u0259rhind\u0259 bildirib.<\/p>\n<div><iframe loading=\"lazy\" id=\"telegram-post-AzadIranTelegram-29077\" src=\"https:\/\/t.me\/AzadIranTelegram\/29077?embed=1\" width=\"100%\" height=\"\" frameborder=\"0\" scrolling=\"no\" data-mce-fragment=\"1\"><\/iframe><\/div>\n<\/div>\n<\/article>\n","protected":false},"excerpt":{"rendered":"<p>\u0130randa etiraz aksiyalar\u0131nda tutulan m\u0259hbuslar\u0131n saxland\u0131\u011f\u0131 T\u0259briz h\u0259bsxanas\u0131n\u0131n t\u0259cridxanas\u0131nda i\u015fg\u0259nc\u0259l\u0259rl\u0259 ba\u011fl\u0131 d\u0259h\u015f\u0259tli g\u00f6r\u00fcnt\u00fcl\u0259r yay\u0131l\u0131b. \u201cAzad \u0130ran\u201d \u201cTelegram\u201d kanal\u0131n\u0131n m\u0259lumat\u0131na g\u00f6r\u0259, kadrlar\u0131 g\u00fcneyli v\u0259kil Sina Yusifi payla\u015f\u0131b. Onun s\u00f6zl\u0259rin\u0259 g\u00f6r\u0259, \u0130ran h\u00f6kum\u0259tinin \u0259n qorxulu h\u0259bsxanalar\u0131n\u0131n birinin ger\u00e7\u0259kl\u0259rini \u00fcz\u0259 \u00e7\u0131xaran bu video 2022-ci il noyabr\u0131n 19-da \u00e7\u0259kilib. \u201cBura, m\u0259nim v\u0259 h\u0259mkarlar\u0131m\u0131n m\u0259hbuslarla \u0259laq\u0259 saxlaya bilm\u0259m\u0259yimiz \u00fc\u00e7\u00fcn t\u0259cridxanan\u0131n karantin b\u00f6lm\u0259sidir. M\u00fcv\u0259kkill\u0259rimin bir \u00e7oxunun bu b\u00f6lm\u0259d\u0259 ifad\u0259l\u0259ri al\u0131n\u0131b, aksiyada saxlan\u0131lan \u015f\u0259xsl\u0259r orada d\u00f6y\u00fcl\u00fcb, i\u015fg\u0259nc\u0259l\u0259r\u0259 m\u0259ruz qal\u0131blar\u201d, &#8211; dey\u0259 v\u0259kil videonun \u015f\u0259rhind\u0259 bildirib.<\/p>\n","protected":false},"author":2,"featured_media":658606,"comment_status":"closed","ping_status":"closed","sticky":false,"template":"","format":"standard","meta":{"om_disable_all_campaigns":false,"_monsterinsights_skip_tracking":false,"_monsterinsights_sitenote_active":false,"_monsterinsights_sitenote_note":"","_monsterinsights_sitenote_category":0},"categories":[7],"tags":[],"aioseo_notices":[],"gutentor_comment":0,"rttpg_featured_image_url":{"full":["https:\/\/arantv.az\/wp-content\/uploads\/2023\/11\/page1.jpg",620,413,false],"landscape":["https:\/\/arantv.az\/wp-content\/uploads\/2023\/11\/page1.jpg",620,413,false],"portraits":["https:\/\/arantv.az\/wp-content\/uploads\/2023\/11\/page1.jpg",620,413,false],"thumbnail":["https:\/\/arantv.az\/wp-content\/uploads\/2023\/11\/page1-500x280.jpg",500,280,true],"medium":["https:\/\/arantv.az\/wp-content\/uploads\/2023\/11\/page1-548x365.jpg",548,365,true],"large":["https:\/\/arantv.az\/wp-content\/uploads\/2023\/11\/page1.jpg",620,413,false],"1536x1536":["https:\/\/arantv.az\/wp-content\/uploads\/2023\/11\/page1.jpg",620,413,false],"2048x2048":["https:\/\/arantv.az\/wp-content\/uploads\/2023\/11\/page1.jpg",620,413,false],"post-thumbnail":["https:\/\/arantv.az\/wp-content\/uploads\/2023\/11\/page1-240x172.jpg",240,172,true],"advps-thumb-one":["https:\/\/arantv.az\/wp-content\/uploads\/2023\/11\/page1.jpg",620,413,false]},"rttpg_author":{"display_name":"V\u00fcsal Rafiqo\u011flu","author_link":"https:\/\/arantv.az\/?author=2"},"rttpg_comment":0,"rttpg_category":"<a href=\"https:\/\/arantv.az\/?cat=7\" rel=\"category\">D\u00fcnya<\/a>","rttpg_excerpt":"\u0130randa etiraz aksiyalar\u0131nda tutulan m\u0259hbuslar\u0131n saxland\u0131\u011f\u0131 T\u0259briz h\u0259bsxanas\u0131n\u0131n t\u0259cridxanas\u0131nda i\u015fg\u0259nc\u0259l\u0259rl\u0259 ba\u011fl\u0131 d\u0259h\u015f\u0259tli g\u00f6r\u00fcnt\u00fcl\u0259r yay\u0131l\u0131b. \u201cAzad \u0130ran\u201d \u201cTelegram\u201d kanal\u0131n\u0131n m\u0259lumat\u0131na g\u00f6r\u0259, kadrlar\u0131 g\u00fcneyli v\u0259kil Sina Yusifi payla\u015f\u0131b. Onun s\u00f6zl\u0259rin\u0259 g\u00f6r\u0259, \u0130ran h\u00f6kum\u0259tinin \u0259n qorxulu h\u0259bsxanalar\u0131n\u0131n birinin ger\u00e7\u0259kl\u0259rini \u00fcz\u0259 \u00e7\u0131xaran bu video 2022-ci il noyabr\u0131n 19-da \u00e7\u0259kilib. \u201cBura, m\u0259nim v\u0259 h\u0259mkarlar\u0131m\u0131n m\u0259hbuslarla \u0259laq\u0259 saxlaya bilm\u0259m\u0259yimiz \u00fc\u00e7\u00fcn t\u0259cridxanan\u0131n&hellip;","_links":{"self":[{"href":"https:\/\/arantv.az\/index.php?rest_route=\/wp\/v2\/posts\/658605"}],"collection":[{"href":"https:\/\/arantv.az\/index.php?rest_route=\/wp\/v2\/posts"}],"about":[{"href":"https:\/\/arantv.az\/index.php?rest_route=\/wp\/v2\/types\/post"}],"author":[{"embeddable":true,"href":"https:\/\/arantv.az\/index.php?rest_route=\/wp\/v2\/users\/2"}],"replies":[{"embeddable":true,"href":"https:\/\/arantv.az\/index.php?rest_route=%2Fwp%2Fv2%2Fcomments&post=658605"}],"version-history":[{"count":0,"href":"https:\/\/arantv.az\/index.php?rest_route=\/wp\/v2\/posts\/658605\/revisions"}],"wp:featuredmedia":[{"embeddable":true,"href":"https:\/\/arantv.az\/index.php?rest_route=\/wp\/v2\/media\/658606"}],"wp:attachment":[{"href":"https:\/\/arantv.az\/index.php?rest_route=%2Fwp%2Fv2%2Fmedia&parent=658605"}],"wp:term":[{"taxonomy":"category","embeddable":true,"href":"https:\/\/arantv.az\/index.php?rest_route=%2Fwp%2Fv2%2Fcategories&post=658605"},{"taxonomy":"post_tag","embeddable":true,"href":"https:\/\/arantv.az\/index.php?rest_route=%2Fwp%2Fv2%2Ftags&post=658605"}],"curies":[{"name":"wp","href":"https:\/\/api.w.org\/{rel}","templated":true}]}}