{"id":658608,"date":"2023-11-20T10:41:10","date_gmt":"2023-11-20T06:41:10","guid":{"rendered":"https:\/\/arantv.az\/?p=658608"},"modified":"2023-11-20T10:41:10","modified_gmt":"2023-11-20T06:41:10","slug":"bakida-gomruk-biznes-forumu-2023-kecirilir","status":"publish","type":"post","link":"https:\/\/arantv.az\/?p=658608","title":{"rendered":"Bak\u0131da \u201cG\u00f6mr\u00fck-Biznes Forumu 2023\u201d ke\u00e7irilir"},"content":{"rendered":"<p>Bak\u0131da \u00fcmummilli lider Heyd\u0259r \u018fliyevin 100 illiyin\u0259 h\u0259sr olunmu\u015f silsil\u0259 t\u0259dbirl\u0259r \u00e7\u0259r\u00e7iv\u0259sind\u0259 D\u00f6vl\u0259t G\u00f6mr\u00fck Komit\u0259sinin t\u0259\u015fkilat\u00e7\u0131l\u0131\u011f\u0131 il\u0259 \u201cG\u00f6mr\u00fck-Biznes Forumu 2023\u201d ke\u00e7irilir.<\/p>\n<p><strong>ARANTV.AZ <\/strong>x\u0259b\u0259r verir ki, t\u0259dbirin \u0259vv\u0259lind\u0259 \u00fcmummilli lider Heyd\u0259r \u018fliyevin v\u0259 \u00f6lk\u0259mizin \u0259razi b\u00fct\u00f6vl\u00fcy\u00fc u\u011frunda canlar\u0131ndan ke\u00e7\u0259n q\u0259hr\u0259man \u015f\u0259hidl\u0259rimizin xatir\u0259si bir d\u0259qiq\u0259lik s\u00fckutla yad edilib.<\/p>\n<p>Forumda Az\u0259rbaycan Respublikas\u0131 Prezidentinin k\u00f6m\u0259k\u00e7isi \u015eahmar M\u00f6vs\u00fcmov, Az\u0259rbaycan Respublikas\u0131 Milli M\u0259clisinin \u0130qtisadi siyas\u0259t, s\u0259naye v\u0259 sahibkarl\u0131q komit\u0259sinin s\u0259dri Tahir Mirki\u015fili, iqtisadiyyat nazirinin birinci m\u00fcavini Elnur \u018fliyev, D\u00f6vl\u0259t G\u00f6mr\u00fck Komit\u0259sinin s\u0259dri \u015eahin Ba\u011f\u0131rov i\u015ftirak edirl\u0259r.<\/p>\n<p>Az\u0259rbaycanda f\u0259aliyy\u0259t g\u00f6st\u0259r\u0259n yerli v\u0259 xarici \u015firk\u0259tl\u0259rin n\u00fcmay\u0259nd\u0259l\u0259rinin,\u00a0 apar\u0131c\u0131 media qurumlar\u0131n\u0131n r\u0259hb\u0259rl\u0259ri v\u0259 dig\u0259r r\u0259smi \u015f\u0259xsl\u0259rin i\u015ftirak etdiyi forum ulu \u00f6nd\u0259r Heyd\u0259r \u018fliyevin D\u00f6vl\u0259t G\u00f6mr\u00fck Komit\u0259sinin 1997-ci il 30 yanvar tarixind\u0259 ke\u00e7irilmi\u015f yubiley t\u0259dbirind\u0259 s\u00f6yl\u0259diyi proqram xarakterli nitqind\u0259n haz\u0131rlanm\u0131\u015f video\u00e7arx\u0131n n\u00fcmayi\u015fi il\u0259 ba\u015flay\u0131b.<\/p>\n","protected":false},"excerpt":{"rendered":"<p>Bak\u0131da \u00fcmummilli lider Heyd\u0259r \u018fliyevin 100 illiyin\u0259 h\u0259sr olunmu\u015f silsil\u0259 t\u0259dbirl\u0259r \u00e7\u0259r\u00e7iv\u0259sind\u0259 D\u00f6vl\u0259t G\u00f6mr\u00fck Komit\u0259sinin t\u0259\u015fkilat\u00e7\u0131l\u0131\u011f\u0131 il\u0259 \u201cG\u00f6mr\u00fck-Biznes Forumu 2023\u201d ke\u00e7irilir. ARANTV.AZ x\u0259b\u0259r verir ki, t\u0259dbirin \u0259vv\u0259lind\u0259 \u00fcmummilli lider Heyd\u0259r \u018fliyevin v\u0259 \u00f6lk\u0259mizin \u0259razi b\u00fct\u00f6vl\u00fcy\u00fc u\u011frunda canlar\u0131ndan ke\u00e7\u0259n q\u0259hr\u0259man \u015f\u0259hidl\u0259rimizin xatir\u0259si bir d\u0259qiq\u0259lik s\u00fckutla yad edilib. Forumda Az\u0259rbaycan Respublikas\u0131 Prezidentinin k\u00f6m\u0259k\u00e7isi \u015eahmar M\u00f6vs\u00fcmov, Az\u0259rbaycan Respublikas\u0131 Milli M\u0259clisinin \u0130qtisadi siyas\u0259t, s\u0259naye v\u0259 sahibkarl\u0131q komit\u0259sinin s\u0259dri Tahir Mirki\u015fili, iqtisadiyyat nazirinin birinci m\u00fcavini Elnur \u018fliyev, D\u00f6vl\u0259t G\u00f6mr\u00fck Komit\u0259sinin s\u0259dri \u015eahin Ba\u011f\u0131rov i\u015ftirak edirl\u0259r. Az\u0259rbaycanda f\u0259aliyy\u0259t g\u00f6st\u0259r\u0259n yerli v\u0259 xarici \u015firk\u0259tl\u0259rin n\u00fcmay\u0259nd\u0259l\u0259rinin,\u00a0 apar\u0131c\u0131 media&hellip;<\/p>\n","protected":false},"author":2,"featured_media":477621,"comment_status":"closed","ping_status":"closed","sticky":false,"template":"","format":"standard","meta":{"om_disable_all_campaigns":false,"_monsterinsights_skip_tracking":false,"_monsterinsights_sitenote_active":false,"_monsterinsights_sitenote_note":"","_monsterinsights_sitenote_category":0},"categories":[4],"tags":[],"aioseo_notices":[],"gutentor_comment":0,"rttpg_featured_image_url":{"full":["https:\/\/arantv.az\/wp-content\/uploads\/2022\/05\/baki_51653286381.jpg",550,315,false],"landscape":["https:\/\/arantv.az\/wp-content\/uploads\/2022\/05\/baki_51653286381.jpg",550,315,false],"portraits":["https:\/\/arantv.az\/wp-content\/uploads\/2022\/05\/baki_51653286381.jpg",550,315,false],"thumbnail":["https:\/\/arantv.az\/wp-content\/uploads\/2022\/05\/baki_51653286381-500x280.jpg",500,280,true],"medium":["https:\/\/arantv.az\/wp-content\/uploads\/2022\/05\/baki_51653286381.jpg",550,315,false],"large":["https:\/\/arantv.az\/wp-content\/uploads\/2022\/05\/baki_51653286381.jpg",550,315,false],"1536x1536":["https:\/\/arantv.az\/wp-content\/uploads\/2022\/05\/baki_51653286381.jpg",550,315,false],"2048x2048":["https:\/\/arantv.az\/wp-content\/uploads\/2022\/05\/baki_51653286381.jpg",550,315,false],"post-thumbnail":["https:\/\/arantv.az\/wp-content\/uploads\/2022\/05\/baki_51653286381-240x172.jpg",240,172,true],"advps-thumb-one":["https:\/\/arantv.az\/wp-content\/uploads\/2022\/05\/baki_51653286381.jpg",550,315,false]},"rttpg_author":{"display_name":"V\u00fcsal Rafiqo\u011flu","author_link":"https:\/\/arantv.az\/?author=2"},"rttpg_comment":0,"rttpg_category":"<a href=\"https:\/\/arantv.az\/?cat=4\" rel=\"category\">Siyas\u0259t<\/a>","rttpg_excerpt":"Bak\u0131da \u00fcmummilli lider Heyd\u0259r \u018fliyevin 100 illiyin\u0259 h\u0259sr olunmu\u015f silsil\u0259 t\u0259dbirl\u0259r \u00e7\u0259r\u00e7iv\u0259sind\u0259 D\u00f6vl\u0259t G\u00f6mr\u00fck Komit\u0259sinin t\u0259\u015fkilat\u00e7\u0131l\u0131\u011f\u0131 il\u0259 \u201cG\u00f6mr\u00fck-Biznes Forumu 2023\u201d ke\u00e7irilir. ARANTV.AZ x\u0259b\u0259r verir ki, t\u0259dbirin \u0259vv\u0259lind\u0259 \u00fcmummilli lider Heyd\u0259r \u018fliyevin v\u0259 \u00f6lk\u0259mizin \u0259razi b\u00fct\u00f6vl\u00fcy\u00fc u\u011frunda canlar\u0131ndan ke\u00e7\u0259n q\u0259hr\u0259man \u015f\u0259hidl\u0259rimizin xatir\u0259si bir d\u0259qiq\u0259lik s\u00fckutla yad edilib. Forumda Az\u0259rbaycan Respublikas\u0131 Prezidentinin k\u00f6m\u0259k\u00e7isi \u015eahmar M\u00f6vs\u00fcmov, Az\u0259rbaycan Respublikas\u0131&hellip;","_links":{"self":[{"href":"https:\/\/arantv.az\/index.php?rest_route=\/wp\/v2\/posts\/658608"}],"collection":[{"href":"https:\/\/arantv.az\/index.php?rest_route=\/wp\/v2\/posts"}],"about":[{"href":"https:\/\/arantv.az\/index.php?rest_route=\/wp\/v2\/types\/post"}],"author":[{"embeddable":true,"href":"https:\/\/arantv.az\/index.php?rest_route=\/wp\/v2\/users\/2"}],"replies":[{"embeddable":true,"href":"https:\/\/arantv.az\/index.php?rest_route=%2Fwp%2Fv2%2Fcomments&post=658608"}],"version-history":[{"count":0,"href":"https:\/\/arantv.az\/index.php?rest_route=\/wp\/v2\/posts\/658608\/revisions"}],"wp:featuredmedia":[{"embeddable":true,"href":"https:\/\/arantv.az\/index.php?rest_route=\/wp\/v2\/media\/477621"}],"wp:attachment":[{"href":"https:\/\/arantv.az\/index.php?rest_route=%2Fwp%2Fv2%2Fmedia&parent=658608"}],"wp:term":[{"taxonomy":"category","embeddable":true,"href":"https:\/\/arantv.az\/index.php?rest_route=%2Fwp%2Fv2%2Fcategories&post=658608"},{"taxonomy":"post_tag","embeddable":true,"href":"https:\/\/arantv.az\/index.php?rest_route=%2Fwp%2Fv2%2Ftags&post=658608"}],"curies":[{"name":"wp","href":"https:\/\/api.w.org\/{rel}","templated":true}]}}