{"id":658622,"date":"2023-11-20T10:58:27","date_gmt":"2023-11-20T06:58:27","guid":{"rendered":"https:\/\/arantv.az\/?p=658622"},"modified":"2023-11-20T10:58:27","modified_gmt":"2023-11-20T06:58:27","slug":"dovl%c9%99t-komit%c9%99sinin-s%c9%99dri-neokolonializm-siyas%c9%99ti-yurud%c9%99n-olk%c9%99l%c9%99r%c9%99-qarsi-birg%c9%99-mubariz%c9%99-aparmaliyiq","status":"publish","type":"post","link":"https:\/\/arantv.az\/?p=658622","title":{"rendered":"D\u00f6vl\u0259t Komit\u0259sinin s\u0259dri: \u201cNeokolonializm siyas\u0259ti y\u00fcr\u00fcd\u0259n \u00f6lk\u0259l\u0259r\u0259 qar\u015f\u0131 birg\u0259 m\u00fcbariz\u0259 aparmal\u0131y\u0131q\u201d"},"content":{"rendered":"<p>\u201cNeokolonializm siyas\u0259ti y\u00fcr\u00fcd\u0259n \u00f6lk\u0259l\u0259r\u0259 qar\u015f\u0131 birg\u0259 m\u00fcbariz\u0259 aparmal\u0131y\u0131q\u201d.<\/p>\n<p>\u201cReport\u201d x\u0259b\u0259r verir ki, bunu Ail\u0259, Qad\u0131n v\u0259 U\u015faq Probleml\u0259ri \u00fczr\u0259 D\u00f6vl\u0259t Komit\u0259sinin s\u0259dri Bahar Muradova Qo\u015fulmama H\u0259r\u0259kat\u0131n\u0131n Qad\u0131n H\u00fcquqlar\u0131n\u0131n \u0130nki\u015faf\u0131 v\u0259 Qad\u0131nlar\u0131n S\u0259lahiyy\u0259tl\u0259ndirilm\u0259si \u00fczr\u0259 konfrans\u0131nda \u00e7\u0131x\u0131\u015f\u0131 zaman\u0131 deyib.<\/p>\n<p>Onun s\u00f6zl\u0259rin\u0259 g\u00f6r\u0259, beyn\u0259lxalq ictimaiyy\u0259t COVID-19 pandemiyas\u0131 kimi misli g\u00f6r\u00fcnm\u0259mi\u015f bir \u00e7a\u011f\u0131r\u0131\u015fla nec\u0259 m\u00fcbariz\u0259 aparaca\u011f\u0131 bar\u0259d\u0259 \u00e7a\u015fq\u0131nl\u0131q ke\u00e7irdiyi bir d\u00f6vrd\u0259 Az\u0259rbaycan\u0131n s\u0259drliyi alt\u0131nda m\u0259hz Qo\u015fulmama H\u0259r\u0259kat\u0131 qlobal s\u0259yl\u0259rin birl\u0259\u015fdirilm\u0259sind\u0259 \u00f6n\u0259mli rol oynay\u0131b:<\/p>\n<p>\u201c2020-ci ilin may\u0131nda h\u0259r\u0259kat\u0131n onlayn zirv\u0259 g\u00f6r\u00fc\u015f\u00fc v\u0259 daha sonra dekabr\u0131nda BMT Ba\u015f Assambleyas\u0131n\u0131n m\u0259s\u0259l\u0259 \u00fczr\u0259 x\u00fcsusi sessiyas\u0131n\u0131n ke\u00e7irilm\u0259si bunun bariz n\u00fcmun\u0259si olub. Bu f\u0259aliyy\u0259tl\u0259r\u0259 \u0259lav\u0259 olaraq, h\u0259r\u0259kat\u0131n yeni yarad\u0131lm\u0131\u015f Parlament \u015e\u0259b\u0259k\u0259si v\u0259 G\u0259ncl\u0259r T\u0259\u015fkilat\u0131 kimi t\u0259sisatlar\u0131n\u0131n \u00e7oxt\u0259r\u0259fli \u0259m\u0259kda\u015fl\u0131\u011fa ciddi t\u00f6hf\u0259 oldu\u011funu b\u00f6y\u00fck q\u00fcrur hissi il\u0259 qeyd etm\u0259k ist\u0259rdim\u201d.<\/p>\n<p>D\u00f6vl\u0259t Komit\u0259sinin s\u0259dri xat\u0131rlad\u0131b ki, 2023-c\u00fc ilin iyul ay\u0131nda \u018flaq\u0259l\u0259ndirm\u0259 B\u00fcrosunun Nazirl\u0259r G\u00f6r\u00fc\u015f\u00fcnd\u0259\u00a0<strong>\u0130lham \u018fliyevin<\/strong>\u00a0Qo\u015fulmama H\u0259r\u0259kat\u0131n\u0131n Qad\u0131nlar Platformas\u0131n\u0131n yarad\u0131lmas\u0131 \u00fcz\u0259rind\u0259 i\u015fl\u0259rin getdiyini b\u0259yan etm\u0259sind\u0259n bir ne\u00e7\u0259 ay ke\u00e7ir:<\/p>\n<p>\u201cBudur, art\u0131q Az\u0259rbaycan s\u0259dr olaraq dig\u0259r \u00fczv \u00f6lk\u0259l\u0259rl\u0259 birg\u0259 h\u0259r\u0259kat\u0131n qad\u0131n \u00f6l\u00e7\u00fcs\u00fc istiqam\u0259tind\u0259 d\u0259 aktivl\u0259\u015fm\u0259si m\u0259qs\u0259dil\u0259 \u0259m\u0259li add\u0131mlar atmaqdad\u0131r. Bu g\u00fcn sizinl\u0259 birlikd\u0259 bu m\u00f6ht\u0259\u015f\u0259m konfransda qad\u0131n v\u0259 q\u0131zlar\u0131n h\u00fcquqlar\u0131n\u0131n qorunmas\u0131 v\u0259 s\u0259lahiyy\u0259tl\u0259ndirilm\u0259si sah\u0259sind\u0259 ideya v\u0259 t\u0259\u015f\u0259bb\u00fcsl\u0259r \u0259traf\u0131nda birl\u0259\u015f\u0259 bil\u0259c\u0259yimiz t\u0259\u015f\u0259bb\u00fcs\u00fcn ilk t\u0259m\u0259l da\u015flar\u0131n\u0131 qoymaqday\u0131q. Biz bu vasit\u0259 il\u0259 insan h\u00fcquqlar\u0131n\u0131n daha etibarl\u0131 qorunmas\u0131 sah\u0259sind\u0259 \u0259n yax\u015f\u0131 t\u0259cr\u00fcb\u0259l\u0259rin \u00f6yr\u0259nilm\u0259sin\u0259, \u0259dal\u0259t v\u0259 humanizm ideallar\u0131na sadiq qalmaqla, beyn\u0259lxalq arenada ortaq maraqlar\u0131m\u0131z\u0131 qoruma\u011fa nail ola bil\u0259rik\u201d.<\/p>\n<p>\u201cD\u00fcnyada h\u0259l\u0259 d\u0259 neokolonializm meyilli siyas\u0259tl\u0259r\u0259 \u00fcst\u00fcnl\u00fck ver\u0259n \u00f6lk\u0259l\u0259r var v\u0259 bizim onlar\u0131n m\u00fcst\u0259ml\u0259k\u0259\u00e7ilik planlar\u0131na qar\u015f\u0131 birg\u0259 f\u0259aliyy\u0259timizin \u00f6n\u0259mini vur\u011fulamaq laz\u0131md\u0131r. Biz \u00f6z\u00fcn\u00fc beyn\u0259lxalq h\u00fcququn m\u00fcdafi\u0259\u00e7isi qismind\u0259 t\u0259qdim ed\u0259r\u0259k Qo\u015fulmama H\u0259r\u0259kat\u0131na \u00fczv \u00f6lk\u0259l\u0259rd\u0259 cinay\u0259tl\u0259r t\u00f6r\u0259tmi\u015f dair\u0259l\u0259r\u0259 qar\u015f\u0131 s\u0259yl\u0259rimizi birl\u0259\u015fdir\u0259 v\u0259 onun a\u011f\u0131r n\u0259tic\u0259l\u0259rind\u0259n \u0259ziyy\u0259t \u00e7\u0259k\u0259nl\u0259rin, qad\u0131n v\u0259 u\u015faqlar\u0131n pozulmu\u015f h\u00fcquqlar\u0131n\u0131n b\u0259rpas\u0131 \u00fc\u00e7\u00fcn birg\u0259 \u00e7al\u0131\u015fa bil\u0259rik\u201d, &#8211; B.Muradova bildirib.<\/p>\n","protected":false},"excerpt":{"rendered":"<p>\u201cNeokolonializm siyas\u0259ti y\u00fcr\u00fcd\u0259n \u00f6lk\u0259l\u0259r\u0259 qar\u015f\u0131 birg\u0259 m\u00fcbariz\u0259 aparmal\u0131y\u0131q\u201d. \u201cReport\u201d x\u0259b\u0259r verir ki, bunu Ail\u0259, Qad\u0131n v\u0259 U\u015faq Probleml\u0259ri \u00fczr\u0259 D\u00f6vl\u0259t Komit\u0259sinin s\u0259dri Bahar Muradova Qo\u015fulmama H\u0259r\u0259kat\u0131n\u0131n Qad\u0131n H\u00fcquqlar\u0131n\u0131n \u0130nki\u015faf\u0131 v\u0259 Qad\u0131nlar\u0131n S\u0259lahiyy\u0259tl\u0259ndirilm\u0259si \u00fczr\u0259 konfrans\u0131nda \u00e7\u0131x\u0131\u015f\u0131 zaman\u0131 deyib. Onun s\u00f6zl\u0259rin\u0259 g\u00f6r\u0259, beyn\u0259lxalq ictimaiyy\u0259t COVID-19 pandemiyas\u0131 kimi misli g\u00f6r\u00fcnm\u0259mi\u015f bir \u00e7a\u011f\u0131r\u0131\u015fla nec\u0259 m\u00fcbariz\u0259 aparaca\u011f\u0131 bar\u0259d\u0259 \u00e7a\u015fq\u0131nl\u0131q ke\u00e7irdiyi bir d\u00f6vrd\u0259 Az\u0259rbaycan\u0131n s\u0259drliyi alt\u0131nda m\u0259hz Qo\u015fulmama H\u0259r\u0259kat\u0131 qlobal s\u0259yl\u0259rin birl\u0259\u015fdirilm\u0259sind\u0259 \u00f6n\u0259mli rol oynay\u0131b: \u201c2020-ci ilin may\u0131nda h\u0259r\u0259kat\u0131n onlayn zirv\u0259 g\u00f6r\u00fc\u015f\u00fc v\u0259 daha sonra dekabr\u0131nda BMT Ba\u015f Assambleyas\u0131n\u0131n m\u0259s\u0259l\u0259 \u00fczr\u0259 x\u00fcsusi sessiyas\u0131n\u0131n ke\u00e7irilm\u0259si bunun bariz&hellip;<\/p>\n","protected":false},"author":2,"featured_media":658624,"comment_status":"closed","ping_status":"closed","sticky":false,"template":"","format":"standard","meta":{"om_disable_all_campaigns":false,"_monsterinsights_skip_tracking":false,"_monsterinsights_sitenote_active":false,"_monsterinsights_sitenote_note":"","_monsterinsights_sitenote_category":0},"categories":[4],"tags":[],"aioseo_notices":[],"gutentor_comment":0,"rttpg_featured_image_url":{"full":["https:\/\/arantv.az\/wp-content\/uploads\/2023\/11\/5b89837e-59bf-3973-93ca-24ed2bac3755_850.jpg",620,413,false],"landscape":["https:\/\/arantv.az\/wp-content\/uploads\/2023\/11\/5b89837e-59bf-3973-93ca-24ed2bac3755_850.jpg",620,413,false],"portraits":["https:\/\/arantv.az\/wp-content\/uploads\/2023\/11\/5b89837e-59bf-3973-93ca-24ed2bac3755_850.jpg",620,413,false],"thumbnail":["https:\/\/arantv.az\/wp-content\/uploads\/2023\/11\/5b89837e-59bf-3973-93ca-24ed2bac3755_850-500x280.jpg",500,280,true],"medium":["https:\/\/arantv.az\/wp-content\/uploads\/2023\/11\/5b89837e-59bf-3973-93ca-24ed2bac3755_850-548x365.jpg",548,365,true],"large":["https:\/\/arantv.az\/wp-content\/uploads\/2023\/11\/5b89837e-59bf-3973-93ca-24ed2bac3755_850.jpg",620,413,false],"1536x1536":["https:\/\/arantv.az\/wp-content\/uploads\/2023\/11\/5b89837e-59bf-3973-93ca-24ed2bac3755_850.jpg",620,413,false],"2048x2048":["https:\/\/arantv.az\/wp-content\/uploads\/2023\/11\/5b89837e-59bf-3973-93ca-24ed2bac3755_850.jpg",620,413,false],"post-thumbnail":["https:\/\/arantv.az\/wp-content\/uploads\/2023\/11\/5b89837e-59bf-3973-93ca-24ed2bac3755_850-240x172.jpg",240,172,true],"advps-thumb-one":["https:\/\/arantv.az\/wp-content\/uploads\/2023\/11\/5b89837e-59bf-3973-93ca-24ed2bac3755_850.jpg",620,413,false]},"rttpg_author":{"display_name":"V\u00fcsal Rafiqo\u011flu","author_link":"https:\/\/arantv.az\/?author=2"},"rttpg_comment":0,"rttpg_category":"<a href=\"https:\/\/arantv.az\/?cat=4\" rel=\"category\">Siyas\u0259t<\/a>","rttpg_excerpt":"\u201cNeokolonializm siyas\u0259ti y\u00fcr\u00fcd\u0259n \u00f6lk\u0259l\u0259r\u0259 qar\u015f\u0131 birg\u0259 m\u00fcbariz\u0259 aparmal\u0131y\u0131q\u201d. \u201cReport\u201d x\u0259b\u0259r verir ki, bunu Ail\u0259, Qad\u0131n v\u0259 U\u015faq Probleml\u0259ri \u00fczr\u0259 D\u00f6vl\u0259t Komit\u0259sinin s\u0259dri Bahar Muradova Qo\u015fulmama H\u0259r\u0259kat\u0131n\u0131n Qad\u0131n H\u00fcquqlar\u0131n\u0131n \u0130nki\u015faf\u0131 v\u0259 Qad\u0131nlar\u0131n S\u0259lahiyy\u0259tl\u0259ndirilm\u0259si \u00fczr\u0259 konfrans\u0131nda \u00e7\u0131x\u0131\u015f\u0131 zaman\u0131 deyib. Onun s\u00f6zl\u0259rin\u0259 g\u00f6r\u0259, beyn\u0259lxalq ictimaiyy\u0259t COVID-19 pandemiyas\u0131 kimi misli g\u00f6r\u00fcnm\u0259mi\u015f bir \u00e7a\u011f\u0131r\u0131\u015fla nec\u0259 m\u00fcbariz\u0259 aparaca\u011f\u0131 bar\u0259d\u0259 \u00e7a\u015fq\u0131nl\u0131q ke\u00e7irdiyi&hellip;","_links":{"self":[{"href":"https:\/\/arantv.az\/index.php?rest_route=\/wp\/v2\/posts\/658622"}],"collection":[{"href":"https:\/\/arantv.az\/index.php?rest_route=\/wp\/v2\/posts"}],"about":[{"href":"https:\/\/arantv.az\/index.php?rest_route=\/wp\/v2\/types\/post"}],"author":[{"embeddable":true,"href":"https:\/\/arantv.az\/index.php?rest_route=\/wp\/v2\/users\/2"}],"replies":[{"embeddable":true,"href":"https:\/\/arantv.az\/index.php?rest_route=%2Fwp%2Fv2%2Fcomments&post=658622"}],"version-history":[{"count":0,"href":"https:\/\/arantv.az\/index.php?rest_route=\/wp\/v2\/posts\/658622\/revisions"}],"wp:featuredmedia":[{"embeddable":true,"href":"https:\/\/arantv.az\/index.php?rest_route=\/wp\/v2\/media\/658624"}],"wp:attachment":[{"href":"https:\/\/arantv.az\/index.php?rest_route=%2Fwp%2Fv2%2Fmedia&parent=658622"}],"wp:term":[{"taxonomy":"category","embeddable":true,"href":"https:\/\/arantv.az\/index.php?rest_route=%2Fwp%2Fv2%2Fcategories&post=658622"},{"taxonomy":"post_tag","embeddable":true,"href":"https:\/\/arantv.az\/index.php?rest_route=%2Fwp%2Fv2%2Ftags&post=658622"}],"curies":[{"name":"wp","href":"https:\/\/api.w.org\/{rel}","templated":true}]}}