{"id":658623,"date":"2023-11-20T11:02:46","date_gmt":"2023-11-20T07:02:46","guid":{"rendered":"https:\/\/arantv.az\/?p=658623"},"modified":"2023-11-20T11:02:46","modified_gmt":"2023-11-20T07:02:46","slug":"bahar-muradova-erm%c9%99nistanin-basdirdigi-minalar-insanlarin-h%c9%99yati-ucun-ciddi-t%c9%99hluk%c9%99-yaradir","status":"publish","type":"post","link":"https:\/\/arantv.az\/?p=658623","title":{"rendered":"Bahar Muradova: \u201cErm\u0259nistan\u0131n basd\u0131rd\u0131\u011f\u0131 minalar insanlar\u0131n h\u0259yat\u0131 \u00fc\u00e7\u00fcn ciddi t\u0259hl\u00fck\u0259 yarad\u0131r\u201d"},"content":{"rendered":"<p>\u201cAzad olunan \u0259razil\u0259rd\u0259 Erm\u0259nistan\u0131n basd\u0131rd\u0131\u011f\u0131 minalar insanlar\u0131n h\u0259yat\u0131 \u00fc\u00e7\u00fcn ciddi t\u0259hl\u00fck\u0259 yarad\u0131r\u201d.<\/p>\n<p>\u201cReport\u201d x\u0259b\u0259r verir ki, bunu Ail\u0259, Qad\u0131n v\u0259 U\u015faq Probleml\u0259ri \u00fczr\u0259 D\u00f6vl\u0259t Komit\u0259sinin s\u0259dri Bahar Muradova \u201cQad\u0131nlar\u0131n h\u00fcquqlar\u0131n\u0131n inki\u015faf etdirilm\u0259si v\u0259 s\u0259lahiyy\u0259tl\u0259rinin art\u0131r\u0131lmas\u0131\u201d m\u00f6vzusunda beyn\u0259lxalq konfransda \u00e7\u0131x\u0131\u015f\u0131 zaman\u0131 deyib.<\/p>\n<p>O xat\u0131rlad\u0131b ki, sentyabr\u0131n 19-20-d\u0259 ke\u00e7irilmi\u015f antiterror t\u0259dbirl\u0259ri il\u0259 \u00f6lk\u0259miz b\u00fct\u00fcn \u0259razisi \u00fcz\u0259rind\u0259 suveren h\u00fcquqlar\u0131n\u0131 b\u0259rpa edib. Erm\u0259nistan\u0131n i\u015f\u011fal\u00e7\u0131 q\u00fcvv\u0259l\u0259ri \u0259razil\u0259rimizi t\u0259rk etm\u0259y\u0259 m\u0259cbur edildil\u0259r. Bununla Az\u0259rbaycan BMT T\u0259hl\u00fck\u0259sizlik \u015euras\u0131n\u0131n d\u00f6rd q\u0259tnam\u0259sinin t\u0259l\u0259bl\u0259rini \u00f6z h\u0259rbi v\u0259 diplomatik s\u0259yl\u0259ri il\u0259 \u00f6z\u00fc t\u0259min etdi. Bu m\u0259s\u0259l\u0259d\u0259 beyn\u0259lxalq h\u00fcququn norma v\u0259 prinsipl\u0259rin\u0259 dayanan \u0259dal\u0259tli m\u00f6vqe s\u0259rgil\u0259mi\u015f Qo\u015fulmama H\u0259r\u0259kat\u0131n\u0131n \u00fczvl\u0259rin\u0259 t\u0259\u015f\u0259kk\u00fcr edir\u0259m. Qeyd etm\u0259k ist\u0259rdim ki, bu q\u0259l\u0259b\u0259ni \u0259ld\u0259 etm\u0259k namin\u0259 biz \u00e7oxsayl\u0131 itkil\u0259r verdik, \u0259razil\u0259rimiz, evl\u0259rimiz, m\u0259d\u0259ni abid\u0259l\u0259rimiz talan olundu, dini ibad\u0259tgahlar\u0131m\u0131z t\u0259hqir edildi, da\u011f\u0131d\u0131ld\u0131. \u018ftraf m\u00fchit\u0259, ekoloji tarazl\u0131\u011fa b\u00f6y\u00fck d\u0259r\u0259c\u0259d\u0259 ziyan d\u0259ydi. \u018fn a\u011fr\u0131l\u0131s\u0131 odur ki, bu m\u00fcnaqi\u015f\u0259d\u0259 qad\u0131nlar v\u0259 u\u015faqlar says\u0131z-hesabs\u0131z \u0259zablara m\u0259hkum oldular, b\u00fct\u00fcn h\u00fcquqlar\u0131 pozuldu, bir \u00e7oxlar\u0131 v\u0259h\u015fic\u0259sin\u0259 q\u0259tl\u0259 yetirildil\u0259r\u201d.<\/p>\n<p>B.Muradova haz\u0131rda azad olunan \u0259razil\u0259rd\u0259 geni\u015fmiqyasl\u0131 quruculuq i\u015fl\u0259ri h\u0259yata ke\u00e7irildiyini, B\u00f6y\u00fck Qay\u0131d\u0131\u015f plan\u0131n\u0131n realla\u015fd\u0131r\u0131ld\u0131\u011f\u0131n\u0131 vur\u011fulay\u0131b:<\/p>\n<p>\u201cKe\u00e7mi\u015f k\u00f6\u00e7k\u00fcnl\u0259r v\u0259 onlar\u0131n ail\u0259l\u0259ri azad olmu\u015f \u0259razil\u0259rd\u0259 yeni sal\u0131nm\u0131\u015f \u015f\u0259h\u0259r v\u0259 k\u0259ndl\u0259r\u0259 \u0259b\u0259di yurd salmaq \u00fc\u00e7\u00fcn geri qay\u0131d\u0131rlar. Lakin biz bu t\u0259cav\u00fcz\u00fcn a\u011f\u0131r n\u0259tic\u0259l\u0259ri il\u0259 \u00fcz-\u00fcz\u0259 qalmaqla yana\u015f\u0131, yen\u0259 d\u0259 qurbanlar verm\u0259y\u0259 davam edirik. Azad olunan \u0259razil\u0259rimizd\u0259 i\u015f\u011fal\u00e7\u0131 Erm\u0259nistan qo\u015funlar\u0131n\u0131n basd\u0131rd\u0131\u011f\u0131 bir milyon yar\u0131mdan art\u0131q mina v\u0259 partlamam\u0131\u015f sursatlar insanlar\u0131n h\u0259yat\u0131 \u00fc\u00e7\u00fcn ciddi t\u0259hl\u00fck\u0259 yarad\u0131r. Lakin bununla bel\u0259, Az\u0259rbaycan Erm\u0259nistana m\u00fcmk\u00fcn \u0259m\u0259kda\u015fl\u0131q imkanlar\u0131ndan yararlanmaqla s\u00fclh g\u00fcnd\u0259liyini t\u0259klif edir. T\u0259r\u0259fl\u0259r aras\u0131nda s\u00fclh m\u00fcqavil\u0259sinin imzalanmas\u0131na, C\u0259nubi Qafqazda dayan\u0131ql\u0131 qon\u015fuluq m\u00fcnasib\u0259tl\u0259rinin \u0259ld\u0259 olunmas\u0131na \u00e7al\u0131\u015f\u0131r\u201d.<\/p>\n","protected":false},"excerpt":{"rendered":"<p>\u201cAzad olunan \u0259razil\u0259rd\u0259 Erm\u0259nistan\u0131n basd\u0131rd\u0131\u011f\u0131 minalar insanlar\u0131n h\u0259yat\u0131 \u00fc\u00e7\u00fcn ciddi t\u0259hl\u00fck\u0259 yarad\u0131r\u201d. \u201cReport\u201d x\u0259b\u0259r verir ki, bunu Ail\u0259, Qad\u0131n v\u0259 U\u015faq Probleml\u0259ri \u00fczr\u0259 D\u00f6vl\u0259t Komit\u0259sinin s\u0259dri Bahar Muradova \u201cQad\u0131nlar\u0131n h\u00fcquqlar\u0131n\u0131n inki\u015faf etdirilm\u0259si v\u0259 s\u0259lahiyy\u0259tl\u0259rinin art\u0131r\u0131lmas\u0131\u201d m\u00f6vzusunda beyn\u0259lxalq konfransda \u00e7\u0131x\u0131\u015f\u0131 zaman\u0131 deyib. O xat\u0131rlad\u0131b ki, sentyabr\u0131n 19-20-d\u0259 ke\u00e7irilmi\u015f antiterror t\u0259dbirl\u0259ri il\u0259 \u00f6lk\u0259miz b\u00fct\u00fcn \u0259razisi \u00fcz\u0259rind\u0259 suveren h\u00fcquqlar\u0131n\u0131 b\u0259rpa edib. Erm\u0259nistan\u0131n i\u015f\u011fal\u00e7\u0131 q\u00fcvv\u0259l\u0259ri \u0259razil\u0259rimizi t\u0259rk etm\u0259y\u0259 m\u0259cbur edildil\u0259r. Bununla Az\u0259rbaycan BMT T\u0259hl\u00fck\u0259sizlik \u015euras\u0131n\u0131n d\u00f6rd q\u0259tnam\u0259sinin t\u0259l\u0259bl\u0259rini \u00f6z h\u0259rbi v\u0259 diplomatik s\u0259yl\u0259ri il\u0259 \u00f6z\u00fc t\u0259min etdi. Bu m\u0259s\u0259l\u0259d\u0259 beyn\u0259lxalq h\u00fcququn norma v\u0259 prinsipl\u0259rin\u0259&hellip;<\/p>\n","protected":false},"author":2,"featured_media":658627,"comment_status":"closed","ping_status":"closed","sticky":false,"template":"","format":"standard","meta":{"om_disable_all_campaigns":false,"_monsterinsights_skip_tracking":false,"_monsterinsights_sitenote_active":false,"_monsterinsights_sitenote_note":"","_monsterinsights_sitenote_category":0},"categories":[4],"tags":[],"aioseo_notices":[],"gutentor_comment":0,"rttpg_featured_image_url":{"full":["https:\/\/arantv.az\/wp-content\/uploads\/2023\/11\/e7ef8af1-580c-3f29-b9dc-858d3f1f3be1_850.jpg",620,413,false],"landscape":["https:\/\/arantv.az\/wp-content\/uploads\/2023\/11\/e7ef8af1-580c-3f29-b9dc-858d3f1f3be1_850.jpg",620,413,false],"portraits":["https:\/\/arantv.az\/wp-content\/uploads\/2023\/11\/e7ef8af1-580c-3f29-b9dc-858d3f1f3be1_850.jpg",620,413,false],"thumbnail":["https:\/\/arantv.az\/wp-content\/uploads\/2023\/11\/e7ef8af1-580c-3f29-b9dc-858d3f1f3be1_850-500x280.jpg",500,280,true],"medium":["https:\/\/arantv.az\/wp-content\/uploads\/2023\/11\/e7ef8af1-580c-3f29-b9dc-858d3f1f3be1_850-548x365.jpg",548,365,true],"large":["https:\/\/arantv.az\/wp-content\/uploads\/2023\/11\/e7ef8af1-580c-3f29-b9dc-858d3f1f3be1_850.jpg",620,413,false],"1536x1536":["https:\/\/arantv.az\/wp-content\/uploads\/2023\/11\/e7ef8af1-580c-3f29-b9dc-858d3f1f3be1_850.jpg",620,413,false],"2048x2048":["https:\/\/arantv.az\/wp-content\/uploads\/2023\/11\/e7ef8af1-580c-3f29-b9dc-858d3f1f3be1_850.jpg",620,413,false],"post-thumbnail":["https:\/\/arantv.az\/wp-content\/uploads\/2023\/11\/e7ef8af1-580c-3f29-b9dc-858d3f1f3be1_850-240x172.jpg",240,172,true],"advps-thumb-one":["https:\/\/arantv.az\/wp-content\/uploads\/2023\/11\/e7ef8af1-580c-3f29-b9dc-858d3f1f3be1_850.jpg",620,413,false]},"rttpg_author":{"display_name":"V\u00fcsal Rafiqo\u011flu","author_link":"https:\/\/arantv.az\/?author=2"},"rttpg_comment":0,"rttpg_category":"<a href=\"https:\/\/arantv.az\/?cat=4\" rel=\"category\">Siyas\u0259t<\/a>","rttpg_excerpt":"\u201cAzad olunan \u0259razil\u0259rd\u0259 Erm\u0259nistan\u0131n basd\u0131rd\u0131\u011f\u0131 minalar insanlar\u0131n h\u0259yat\u0131 \u00fc\u00e7\u00fcn ciddi t\u0259hl\u00fck\u0259 yarad\u0131r\u201d. \u201cReport\u201d x\u0259b\u0259r verir ki, bunu Ail\u0259, Qad\u0131n v\u0259 U\u015faq Probleml\u0259ri \u00fczr\u0259 D\u00f6vl\u0259t Komit\u0259sinin s\u0259dri Bahar Muradova \u201cQad\u0131nlar\u0131n h\u00fcquqlar\u0131n\u0131n inki\u015faf etdirilm\u0259si v\u0259 s\u0259lahiyy\u0259tl\u0259rinin art\u0131r\u0131lmas\u0131\u201d m\u00f6vzusunda beyn\u0259lxalq konfransda \u00e7\u0131x\u0131\u015f\u0131 zaman\u0131 deyib. O xat\u0131rlad\u0131b ki, sentyabr\u0131n 19-20-d\u0259 ke\u00e7irilmi\u015f antiterror t\u0259dbirl\u0259ri il\u0259 \u00f6lk\u0259miz b\u00fct\u00fcn \u0259razisi \u00fcz\u0259rind\u0259 suveren&hellip;","_links":{"self":[{"href":"https:\/\/arantv.az\/index.php?rest_route=\/wp\/v2\/posts\/658623"}],"collection":[{"href":"https:\/\/arantv.az\/index.php?rest_route=\/wp\/v2\/posts"}],"about":[{"href":"https:\/\/arantv.az\/index.php?rest_route=\/wp\/v2\/types\/post"}],"author":[{"embeddable":true,"href":"https:\/\/arantv.az\/index.php?rest_route=\/wp\/v2\/users\/2"}],"replies":[{"embeddable":true,"href":"https:\/\/arantv.az\/index.php?rest_route=%2Fwp%2Fv2%2Fcomments&post=658623"}],"version-history":[{"count":0,"href":"https:\/\/arantv.az\/index.php?rest_route=\/wp\/v2\/posts\/658623\/revisions"}],"wp:featuredmedia":[{"embeddable":true,"href":"https:\/\/arantv.az\/index.php?rest_route=\/wp\/v2\/media\/658627"}],"wp:attachment":[{"href":"https:\/\/arantv.az\/index.php?rest_route=%2Fwp%2Fv2%2Fmedia&parent=658623"}],"wp:term":[{"taxonomy":"category","embeddable":true,"href":"https:\/\/arantv.az\/index.php?rest_route=%2Fwp%2Fv2%2Fcategories&post=658623"},{"taxonomy":"post_tag","embeddable":true,"href":"https:\/\/arantv.az\/index.php?rest_route=%2Fwp%2Fv2%2Ftags&post=658623"}],"curies":[{"name":"wp","href":"https:\/\/api.w.org\/{rel}","templated":true}]}}