{"id":658626,"date":"2023-11-20T11:03:17","date_gmt":"2023-11-20T07:03:17","guid":{"rendered":"https:\/\/arantv.az\/?p=658626"},"modified":"2023-11-20T11:03:17","modified_gmt":"2023-11-20T07:03:17","slug":"ism%c9%99t-qayibovun-oglu-umid-edir%c9%99m-ki-qarak%c9%99nd-faci%c9%99si-il%c9%99-bagli-cinay%c9%99t-isi-yenid%c9%99n-acilar","status":"publish","type":"post","link":"https:\/\/arantv.az\/?p=658626","title":{"rendered":"\u0130sm\u0259t Qay\u0131bovun o\u011flu: \u201c\u00dcmid edir\u0259m ki, Qarak\u0259nd faci\u0259si il\u0259 ba\u011fl\u0131 cinay\u0259t i\u015fi yenid\u0259n a\u00e7\u0131lar\u201d"},"content":{"rendered":"<p>\u201c\u00dcmid edir\u0259m ki, Qarak\u0259nd faci\u0259si il\u0259 ba\u011fl\u0131 cinay\u0259t i\u015fi yenid\u0259n a\u00e7\u0131lar, haqq-\u0259dal\u0259t \u00f6z yerini tapar\u201d.<\/p>\n<p>Bunu \u201cReport\u201da a\u00e7\u0131qlamas\u0131nda 1991-ci ild\u0259 Qarak\u0259nd s\u0259mas\u0131nda erm\u0259nil\u0259r t\u0259r\u0259find\u0259n vurulan helikopterd\u0259 olan m\u0259rhum ba\u015f prokuror \u0130sm\u0259t Qay\u0131bovun o\u011flu \u0130smay\u0131l Qay\u0131bov deyib.<\/p>\n<p>O, t\u0259\u0259ss\u00fcf hissi il\u0259 i\u015f\u011faldan azad edil\u0259n \u0259razil\u0259ri h\u0259l\u0259 ziyar\u0259t ed\u0259 bilm\u0259diyini bildirib.<\/p>\n<p>\u201cBu 32 ild\u0259 h\u0259sr\u0259tl\u0259 baxd\u0131\u011f\u0131m\u0131z Qaraba\u011fa v\u0259 Qarak\u0259nd\u0259 getm\u0259k ist\u0259y\u0259rdim, o vaxt bu hadis\u0259d\u0259n sonra cinay\u0259t i\u015fi a\u00e7\u0131lm\u0131\u015fd\u0131. 1993-c\u00fc ild\u0259 torpaqlar i\u015f\u011fal alt\u0131nda oldu\u011fu \u00fc\u00e7\u00fcn cinay\u0259t i\u015fi ba\u011fland\u0131. Art\u0131q torpaqlar\u0131m\u0131z i\u015f\u011faldan azad olunub, \u00fcmid edir\u0259m ki, bu cinay\u0259t i\u015fi d\u0259 yenid\u0259n a\u00e7\u0131lar, haqq-\u0259dal\u0259t \u00f6z yerini tapar\u201d.<\/p>\n<p>Qeyd ed\u0259k ki, 1991-ci il noyabr\u0131n 20-d\u0259 A\u011fdam yax\u0131nl\u0131\u011f\u0131nda, Xocav\u0259nd rayonunun Qarak\u0259nd s\u0259mas\u0131nda \u201cMi-8\u201d h\u0259rbi helikopterinin erm\u0259nil\u0259r t\u0259r\u0259find\u0259n vurulmas\u0131ndan 32 il \u00f6t\u00fcr.<\/p>\n<p>Q\u0259za n\u0259tic\u0259d\u0259 helikopterd\u0259 olan 22 n\u0259f\u0259rin ham\u0131s\u0131 h\u0259lak olub. Onlar\u0131n aras\u0131nda Az\u0259rbaycan\u0131n ozamank\u0131 daxili \u0130\u015fl\u0259r naziri M\u0259h\u0259mm\u0259d \u018fs\u0259dov, ba\u015f prokuror \u0130sm\u0259t Qay\u0131bov, D\u00f6vl\u0259t katibi Tofiq \u0130smay\u0131lov, onun k\u00f6m\u0259k\u00e7isi Rafiq M\u0259mm\u0259dov, SSR\u0130 Ali Sovetinin deputatlar\u0131 V\u0259li M\u0259mm\u0259dov, Z\u00fclf\u00fc Hac\u0131yev, Prezident Aparat\u0131n\u0131n \u015f\u00f6b\u0259 m\u00fcdiri Osman Mirz\u0259yev, \u015eu\u015fa \u015e\u0259h\u0259r \u0130cra Hakimiyy\u0259tinin ba\u015f\u00e7\u0131s\u0131 Vaqif C\u0259f\u0259rov, jurnalist Al\u0131 Mustafayev, operator F\u0259xr\u0259ddin \u015eahbazov, i\u015f\u0131q\u00e7\u0131 Arif H\u00fcseynzad\u0259, eyni zamanda Rusiya v\u0259 Qazax\u0131stan h\u0259rbi m\u00fc\u015fahid\u0259\u00e7il\u0259ri d\u0259 olublar.<\/p>\n","protected":false},"excerpt":{"rendered":"<p>\u201c\u00dcmid edir\u0259m ki, Qarak\u0259nd faci\u0259si il\u0259 ba\u011fl\u0131 cinay\u0259t i\u015fi yenid\u0259n a\u00e7\u0131lar, haqq-\u0259dal\u0259t \u00f6z yerini tapar\u201d. Bunu \u201cReport\u201da a\u00e7\u0131qlamas\u0131nda 1991-ci ild\u0259 Qarak\u0259nd s\u0259mas\u0131nda erm\u0259nil\u0259r t\u0259r\u0259find\u0259n vurulan helikopterd\u0259 olan m\u0259rhum ba\u015f prokuror \u0130sm\u0259t Qay\u0131bovun o\u011flu \u0130smay\u0131l Qay\u0131bov deyib. O, t\u0259\u0259ss\u00fcf hissi il\u0259 i\u015f\u011faldan azad edil\u0259n \u0259razil\u0259ri h\u0259l\u0259 ziyar\u0259t ed\u0259 bilm\u0259diyini bildirib. \u201cBu 32 ild\u0259 h\u0259sr\u0259tl\u0259 baxd\u0131\u011f\u0131m\u0131z Qaraba\u011fa v\u0259 Qarak\u0259nd\u0259 getm\u0259k ist\u0259y\u0259rdim, o vaxt bu hadis\u0259d\u0259n sonra cinay\u0259t i\u015fi a\u00e7\u0131lm\u0131\u015fd\u0131. 1993-c\u00fc ild\u0259 torpaqlar i\u015f\u011fal alt\u0131nda oldu\u011fu \u00fc\u00e7\u00fcn cinay\u0259t i\u015fi ba\u011fland\u0131. Art\u0131q torpaqlar\u0131m\u0131z i\u015f\u011faldan azad olunub, \u00fcmid edir\u0259m ki, bu cinay\u0259t i\u015fi d\u0259 yenid\u0259n&hellip;<\/p>\n","protected":false},"author":2,"featured_media":658630,"comment_status":"closed","ping_status":"closed","sticky":false,"template":"","format":"standard","meta":{"om_disable_all_campaigns":false,"_monsterinsights_skip_tracking":false,"_monsterinsights_sitenote_active":false,"_monsterinsights_sitenote_note":"","_monsterinsights_sitenote_category":0},"categories":[19],"tags":[],"aioseo_notices":[],"gutentor_comment":0,"rttpg_featured_image_url":{"full":["https:\/\/arantv.az\/wp-content\/uploads\/2023\/11\/c3c3ec6a-2dd4-3e07-af42-ef056f52f04e_850.jpg",620,413,false],"landscape":["https:\/\/arantv.az\/wp-content\/uploads\/2023\/11\/c3c3ec6a-2dd4-3e07-af42-ef056f52f04e_850.jpg",620,413,false],"portraits":["https:\/\/arantv.az\/wp-content\/uploads\/2023\/11\/c3c3ec6a-2dd4-3e07-af42-ef056f52f04e_850.jpg",620,413,false],"thumbnail":["https:\/\/arantv.az\/wp-content\/uploads\/2023\/11\/c3c3ec6a-2dd4-3e07-af42-ef056f52f04e_850-500x280.jpg",500,280,true],"medium":["https:\/\/arantv.az\/wp-content\/uploads\/2023\/11\/c3c3ec6a-2dd4-3e07-af42-ef056f52f04e_850-548x365.jpg",548,365,true],"large":["https:\/\/arantv.az\/wp-content\/uploads\/2023\/11\/c3c3ec6a-2dd4-3e07-af42-ef056f52f04e_850.jpg",620,413,false],"1536x1536":["https:\/\/arantv.az\/wp-content\/uploads\/2023\/11\/c3c3ec6a-2dd4-3e07-af42-ef056f52f04e_850.jpg",620,413,false],"2048x2048":["https:\/\/arantv.az\/wp-content\/uploads\/2023\/11\/c3c3ec6a-2dd4-3e07-af42-ef056f52f04e_850.jpg",620,413,false],"post-thumbnail":["https:\/\/arantv.az\/wp-content\/uploads\/2023\/11\/c3c3ec6a-2dd4-3e07-af42-ef056f52f04e_850-240x172.jpg",240,172,true],"advps-thumb-one":["https:\/\/arantv.az\/wp-content\/uploads\/2023\/11\/c3c3ec6a-2dd4-3e07-af42-ef056f52f04e_850.jpg",620,413,false]},"rttpg_author":{"display_name":"V\u00fcsal Rafiqo\u011flu","author_link":"https:\/\/arantv.az\/?author=2"},"rttpg_comment":0,"rttpg_category":"<a href=\"https:\/\/arantv.az\/?cat=19\" rel=\"category\">G\u00fcnd\u0259m<\/a>","rttpg_excerpt":"\u201c\u00dcmid edir\u0259m ki, Qarak\u0259nd faci\u0259si il\u0259 ba\u011fl\u0131 cinay\u0259t i\u015fi yenid\u0259n a\u00e7\u0131lar, haqq-\u0259dal\u0259t \u00f6z yerini tapar\u201d. Bunu \u201cReport\u201da a\u00e7\u0131qlamas\u0131nda 1991-ci ild\u0259 Qarak\u0259nd s\u0259mas\u0131nda erm\u0259nil\u0259r t\u0259r\u0259find\u0259n vurulan helikopterd\u0259 olan m\u0259rhum ba\u015f prokuror \u0130sm\u0259t Qay\u0131bovun o\u011flu \u0130smay\u0131l Qay\u0131bov deyib. O, t\u0259\u0259ss\u00fcf hissi il\u0259 i\u015f\u011faldan azad edil\u0259n \u0259razil\u0259ri h\u0259l\u0259 ziyar\u0259t ed\u0259 bilm\u0259diyini bildirib. \u201cBu 32 ild\u0259 h\u0259sr\u0259tl\u0259 baxd\u0131\u011f\u0131m\u0131z Qaraba\u011fa&hellip;","_links":{"self":[{"href":"https:\/\/arantv.az\/index.php?rest_route=\/wp\/v2\/posts\/658626"}],"collection":[{"href":"https:\/\/arantv.az\/index.php?rest_route=\/wp\/v2\/posts"}],"about":[{"href":"https:\/\/arantv.az\/index.php?rest_route=\/wp\/v2\/types\/post"}],"author":[{"embeddable":true,"href":"https:\/\/arantv.az\/index.php?rest_route=\/wp\/v2\/users\/2"}],"replies":[{"embeddable":true,"href":"https:\/\/arantv.az\/index.php?rest_route=%2Fwp%2Fv2%2Fcomments&post=658626"}],"version-history":[{"count":0,"href":"https:\/\/arantv.az\/index.php?rest_route=\/wp\/v2\/posts\/658626\/revisions"}],"wp:featuredmedia":[{"embeddable":true,"href":"https:\/\/arantv.az\/index.php?rest_route=\/wp\/v2\/media\/658630"}],"wp:attachment":[{"href":"https:\/\/arantv.az\/index.php?rest_route=%2Fwp%2Fv2%2Fmedia&parent=658626"}],"wp:term":[{"taxonomy":"category","embeddable":true,"href":"https:\/\/arantv.az\/index.php?rest_route=%2Fwp%2Fv2%2Fcategories&post=658626"},{"taxonomy":"post_tag","embeddable":true,"href":"https:\/\/arantv.az\/index.php?rest_route=%2Fwp%2Fv2%2Ftags&post=658626"}],"curies":[{"name":"wp","href":"https:\/\/api.w.org\/{rel}","templated":true}]}}