{"id":658632,"date":"2023-11-20T11:04:23","date_gmt":"2023-11-20T07:04:23","guid":{"rendered":"https:\/\/arantv.az\/?p=658632"},"modified":"2023-11-20T11:04:23","modified_gmt":"2023-11-20T07:04:23","slug":"prezident-ilham-%c9%99liyev-b%c9%99zi-olk%c9%99l%c9%99rin-yurutduyu-vaksin-milliyy%c9%99tciliyi-siyas%c9%99tin%c9%99-s%c9%99ssiz-qalmadiq","status":"publish","type":"post","link":"https:\/\/arantv.az\/?p=658632","title":{"rendered":"Prezident \u0130lham \u018fliyev: \u201cB\u0259zi \u00f6lk\u0259l\u0259rin y\u00fcr\u00fctd\u00fcy\u00fc \u201cvaksin milliyy\u0259t\u00e7iliyi\u201d siyas\u0259tin\u0259 s\u0259ssiz qalmad\u0131q\u201d"},"content":{"rendered":"<p>\u201cBiz b\u0259zi \u00f6lk\u0259l\u0259rin y\u00fcr\u00fctd\u00fcy\u00fc \u201cvaksin milliyy\u0259t\u00e7iliyi\u201d siyas\u0259tin\u0259 s\u0259ssiz qalmad\u0131q v\u0259 vaksinl\u0259rin \u0259dal\u0259tli \u015f\u0259kild\u0259 b\u00f6l\u00fc\u015fd\u00fcr\u00fclm\u0259sini t\u0259\u015fviq etdik. Humanist d\u0259y\u0259rl\u0259ri \u0259sas g\u00f6t\u00fcr\u0259r\u0259k Az\u0259rbaycan \u0259ks\u0259riyy\u0259ti Qo\u015fulmama H\u0259r\u0259kat\u0131na \u00fczv d\u00f6vl\u0259tl\u0259r olmaqla 80-d\u0259n art\u0131q \u00f6lk\u0259y\u0259 maliyy\u0259 v\u0259 humanitar yard\u0131m g\u00f6st\u0259rdi. Bununla yana\u015f\u0131, bu il Az\u0259rbaycan Afrika v\u0259 inki\u015faf etm\u0259kd\u0259 olan ki\u00e7ik ada d\u00f6vl\u0259tl\u0259rind\u0259 pandemiyan\u0131n f\u0259sadlar\u0131n\u0131n aradan qald\u0131r\u0131lmas\u0131 m\u0259qs\u0259dil\u0259 maliyy\u0259 v\u0259saitinin ayr\u0131lmas\u0131 bar\u0259d\u0259 q\u0259rar q\u0259bul etdi\u201d.<\/p>\n<p><a href=\"https:\/\/azertag.az\/xeber\/prezident_ilham_eliyev_bezi_olkelerin_yurutduyu_vaksin_milliyetchiliyi_siyasetine_sessiz_qalmadiq-2827943\" target=\"_blank\" rel=\"noopener\">AZ\u018fRTAC<\/a>\u00a0x\u0259b\u0259r verir ki, bu fikirl\u0259r Az\u0259rbaycan Respublikas\u0131n\u0131n Prezidenti\u00a0<strong>\u0130lham \u018fliyevin<\/strong>\u00a0noyabr\u0131n 20-d\u0259 Bak\u0131da ke\u00e7iril\u0259n Qo\u015fulmama H\u0259r\u0259kat\u0131n\u0131n \u201cQad\u0131nlar\u0131n h\u00fcquqlar\u0131n\u0131n inki\u015faf etdirilm\u0259si v\u0259 s\u0259lahiyy\u0259tl\u0259rinin art\u0131r\u0131lmas\u0131\u201d m\u00f6vzusunda Konfrans\u0131n\u0131n i\u015ftirak\u00e7\u0131lar\u0131na m\u00fcraci\u0259tind\u0259 yer al\u0131b.<\/p>\n<p>D\u00f6vl\u0259timizin ba\u015f\u00e7\u0131s\u0131, h\u0259m\u00e7inin qeyd edib:<\/p>\n<p>\u201cS\u0259drliyimiz d\u00f6vr\u00fcnd\u0259 Qo\u015fulmama H\u0259r\u0259kat\u0131n\u0131n t\u0259sisatlanmas\u0131 istiqam\u0259tind\u0259 d\u0259 m\u00fch\u00fcm add\u0131mlar at\u0131lm\u0131\u015fd\u0131. Az\u0259rbaycan\u0131n t\u0259\u015f\u0259bb\u00fcs\u00fc il\u0259 Qo\u015fulmama H\u0259r\u0259kat\u0131n\u0131n Parlament \u015e\u0259b\u0259k\u0259si v\u0259 Qo\u015fulmama H\u0259r\u0259kat\u0131n\u0131n G\u0259ncl\u0259r T\u0259\u015fkilat\u0131 t\u0259sis edilib. Bu ilin iyul ay\u0131nda H\u0259r\u0259kat\u0131n Bak\u0131da ke\u00e7irilmi\u015f konfrans\u0131 zaman\u0131 Qo\u015fulmama H\u0259r\u0259kat\u0131n\u0131n Qad\u0131nlar Platformas\u0131n\u0131n yarad\u0131lmas\u0131 t\u0259klifi t\u0259r\u0259fimd\u0259n ir\u0259li s\u00fcr\u00fcl\u00fcb\u201d.<\/p>\n","protected":false},"excerpt":{"rendered":"<p>\u201cBiz b\u0259zi \u00f6lk\u0259l\u0259rin y\u00fcr\u00fctd\u00fcy\u00fc \u201cvaksin milliyy\u0259t\u00e7iliyi\u201d siyas\u0259tin\u0259 s\u0259ssiz qalmad\u0131q v\u0259 vaksinl\u0259rin \u0259dal\u0259tli \u015f\u0259kild\u0259 b\u00f6l\u00fc\u015fd\u00fcr\u00fclm\u0259sini t\u0259\u015fviq etdik. Humanist d\u0259y\u0259rl\u0259ri \u0259sas g\u00f6t\u00fcr\u0259r\u0259k Az\u0259rbaycan \u0259ks\u0259riyy\u0259ti Qo\u015fulmama H\u0259r\u0259kat\u0131na \u00fczv d\u00f6vl\u0259tl\u0259r olmaqla 80-d\u0259n art\u0131q \u00f6lk\u0259y\u0259 maliyy\u0259 v\u0259 humanitar yard\u0131m g\u00f6st\u0259rdi. Bununla yana\u015f\u0131, bu il Az\u0259rbaycan Afrika v\u0259 inki\u015faf etm\u0259kd\u0259 olan ki\u00e7ik ada d\u00f6vl\u0259tl\u0259rind\u0259 pandemiyan\u0131n f\u0259sadlar\u0131n\u0131n aradan qald\u0131r\u0131lmas\u0131 m\u0259qs\u0259dil\u0259 maliyy\u0259 v\u0259saitinin ayr\u0131lmas\u0131 bar\u0259d\u0259 q\u0259rar q\u0259bul etdi\u201d. AZ\u018fRTAC\u00a0x\u0259b\u0259r verir ki, bu fikirl\u0259r Az\u0259rbaycan Respublikas\u0131n\u0131n Prezidenti\u00a0\u0130lham \u018fliyevin\u00a0noyabr\u0131n 20-d\u0259 Bak\u0131da ke\u00e7iril\u0259n Qo\u015fulmama H\u0259r\u0259kat\u0131n\u0131n \u201cQad\u0131nlar\u0131n h\u00fcquqlar\u0131n\u0131n inki\u015faf etdirilm\u0259si v\u0259 s\u0259lahiyy\u0259tl\u0259rinin art\u0131r\u0131lmas\u0131\u201d m\u00f6vzusunda Konfrans\u0131n\u0131n i\u015ftirak\u00e7\u0131lar\u0131na m\u00fcraci\u0259tind\u0259 yer al\u0131b. D\u00f6vl\u0259timizin ba\u015f\u00e7\u0131s\u0131, h\u0259m\u00e7inin&hellip;<\/p>\n","protected":false},"author":2,"featured_media":658636,"comment_status":"closed","ping_status":"closed","sticky":false,"template":"","format":"standard","meta":{"om_disable_all_campaigns":false,"_monsterinsights_skip_tracking":false,"_monsterinsights_sitenote_active":false,"_monsterinsights_sitenote_note":"","_monsterinsights_sitenote_category":0},"categories":[4],"tags":[],"aioseo_notices":[],"gutentor_comment":0,"rttpg_featured_image_url":{"full":["https:\/\/arantv.az\/wp-content\/uploads\/2023\/11\/06-3.jpg",620,413,false],"landscape":["https:\/\/arantv.az\/wp-content\/uploads\/2023\/11\/06-3.jpg",620,413,false],"portraits":["https:\/\/arantv.az\/wp-content\/uploads\/2023\/11\/06-3.jpg",620,413,false],"thumbnail":["https:\/\/arantv.az\/wp-content\/uploads\/2023\/11\/06-3-500x280.jpg",500,280,true],"medium":["https:\/\/arantv.az\/wp-content\/uploads\/2023\/11\/06-3-548x365.jpg",548,365,true],"large":["https:\/\/arantv.az\/wp-content\/uploads\/2023\/11\/06-3.jpg",620,413,false],"1536x1536":["https:\/\/arantv.az\/wp-content\/uploads\/2023\/11\/06-3.jpg",620,413,false],"2048x2048":["https:\/\/arantv.az\/wp-content\/uploads\/2023\/11\/06-3.jpg",620,413,false],"post-thumbnail":["https:\/\/arantv.az\/wp-content\/uploads\/2023\/11\/06-3-240x172.jpg",240,172,true],"advps-thumb-one":["https:\/\/arantv.az\/wp-content\/uploads\/2023\/11\/06-3.jpg",620,413,false]},"rttpg_author":{"display_name":"V\u00fcsal Rafiqo\u011flu","author_link":"https:\/\/arantv.az\/?author=2"},"rttpg_comment":0,"rttpg_category":"<a href=\"https:\/\/arantv.az\/?cat=4\" rel=\"category\">Siyas\u0259t<\/a>","rttpg_excerpt":"\u201cBiz b\u0259zi \u00f6lk\u0259l\u0259rin y\u00fcr\u00fctd\u00fcy\u00fc \u201cvaksin milliyy\u0259t\u00e7iliyi\u201d siyas\u0259tin\u0259 s\u0259ssiz qalmad\u0131q v\u0259 vaksinl\u0259rin \u0259dal\u0259tli \u015f\u0259kild\u0259 b\u00f6l\u00fc\u015fd\u00fcr\u00fclm\u0259sini t\u0259\u015fviq etdik. Humanist d\u0259y\u0259rl\u0259ri \u0259sas g\u00f6t\u00fcr\u0259r\u0259k Az\u0259rbaycan \u0259ks\u0259riyy\u0259ti Qo\u015fulmama H\u0259r\u0259kat\u0131na \u00fczv d\u00f6vl\u0259tl\u0259r olmaqla 80-d\u0259n art\u0131q \u00f6lk\u0259y\u0259 maliyy\u0259 v\u0259 humanitar yard\u0131m g\u00f6st\u0259rdi. Bununla yana\u015f\u0131, bu il Az\u0259rbaycan Afrika v\u0259 inki\u015faf etm\u0259kd\u0259 olan ki\u00e7ik ada d\u00f6vl\u0259tl\u0259rind\u0259 pandemiyan\u0131n f\u0259sadlar\u0131n\u0131n aradan qald\u0131r\u0131lmas\u0131 m\u0259qs\u0259dil\u0259 maliyy\u0259 v\u0259saitinin&hellip;","_links":{"self":[{"href":"https:\/\/arantv.az\/index.php?rest_route=\/wp\/v2\/posts\/658632"}],"collection":[{"href":"https:\/\/arantv.az\/index.php?rest_route=\/wp\/v2\/posts"}],"about":[{"href":"https:\/\/arantv.az\/index.php?rest_route=\/wp\/v2\/types\/post"}],"author":[{"embeddable":true,"href":"https:\/\/arantv.az\/index.php?rest_route=\/wp\/v2\/users\/2"}],"replies":[{"embeddable":true,"href":"https:\/\/arantv.az\/index.php?rest_route=%2Fwp%2Fv2%2Fcomments&post=658632"}],"version-history":[{"count":0,"href":"https:\/\/arantv.az\/index.php?rest_route=\/wp\/v2\/posts\/658632\/revisions"}],"wp:featuredmedia":[{"embeddable":true,"href":"https:\/\/arantv.az\/index.php?rest_route=\/wp\/v2\/media\/658636"}],"wp:attachment":[{"href":"https:\/\/arantv.az\/index.php?rest_route=%2Fwp%2Fv2%2Fmedia&parent=658632"}],"wp:term":[{"taxonomy":"category","embeddable":true,"href":"https:\/\/arantv.az\/index.php?rest_route=%2Fwp%2Fv2%2Fcategories&post=658632"},{"taxonomy":"post_tag","embeddable":true,"href":"https:\/\/arantv.az\/index.php?rest_route=%2Fwp%2Fv2%2Ftags&post=658632"}],"curies":[{"name":"wp","href":"https:\/\/api.w.org\/{rel}","templated":true}]}}