{"id":658639,"date":"2023-11-20T11:05:30","date_gmt":"2023-11-20T07:05:30","guid":{"rendered":"https:\/\/arantv.az\/?p=658639"},"modified":"2023-11-20T11:05:30","modified_gmt":"2023-11-20T07:05:30","slug":"prezident-az%c9%99rbaycanda-qadin-huquqlarinin-t%c9%99min-olunmasi-daim-diqq%c9%99t-m%c9%99rk%c9%99zind%c9%99dir","status":"publish","type":"post","link":"https:\/\/arantv.az\/?p=658639","title":{"rendered":"Prezident: \u201cAz\u0259rbaycanda qad\u0131n h\u00fcquqlar\u0131n\u0131n t\u0259min olunmas\u0131 daim diqq\u0259t m\u0259rk\u0259zind\u0259dir\u201d"},"content":{"rendered":"<p>\u201cAz\u0259rbaycanda qad\u0131n h\u00fcquqlar\u0131n\u0131n t\u0259min olunmas\u0131 v\u0259 onlar\u0131n c\u0259miyy\u0259td\u0259 v\u0259 d\u00f6vl\u0259t idar\u0259\u00e7iliyind\u0259 rolunun art\u0131r\u0131lmas\u0131 daim diqq\u0259t m\u0259rk\u0259zind\u0259dir\u201d.<\/p>\n<p><a href=\"https:\/\/azertag.az\/xeber\/prezident_azerbaycanda_qadin_huquqlarinin_temin_olunmasi_daim_diqqet_merkezindedir-2827985\" target=\"_blank\" rel=\"noopener\">AZ\u018fRTAC<\/a>\u00a0x\u0259b\u0259r verir ki, bu fikirl\u0259r Az\u0259rbaycan Respublikas\u0131n\u0131n Prezidenti\u00a0<strong>\u0130lham \u018fliyevin<\/strong>\u00a0noyabr\u0131n 20-d\u0259 Bak\u0131da ke\u00e7iril\u0259n Qo\u015fulmama H\u0259r\u0259kat\u0131n\u0131n \u201cQad\u0131nlar\u0131n h\u00fcquqlar\u0131n\u0131n inki\u015faf etdirilm\u0259si v\u0259 s\u0259lahiyy\u0259tl\u0259rinin art\u0131r\u0131lmas\u0131\u201d m\u00f6vzusunda Konfrans\u0131n\u0131n i\u015ftirak\u00e7\u0131lar\u0131na m\u00fcraci\u0259tind\u0259 yer al\u0131b.<\/p>\n<p>Bu g\u00fcn d\u0259 Az\u0259rbaycan qad\u0131nlar\u0131n\u0131n elm, t\u0259hsil, s\u0259hiyy\u0259, inc\u0259s\u0259n\u0259t v\u0259 dig\u0259r sah\u0259l\u0259rd\u0259ki \u0259zmkar v\u0259 \u00e7ox\u015fax\u0259li f\u0259aliyy\u0259tl\u0259ri il\u0259 \u00f6lk\u0259mizin rifah\u0131na v\u0259 t\u0259r\u0259qqisin\u0259 d\u0259y\u0259rli t\u00f6hf\u0259l\u0259r verdikl\u0259rini qeyd d\u00f6vl\u0259timizin ba\u015f\u00e7\u0131s\u0131 vur\u011fulay\u0131b:<\/p>\n<p>\u201cAli t\u0259hsil m\u00fc\u0259ssis\u0259l\u0259rinin professor-m\u00fc\u0259llim hey\u0259tinin 63 faizini qad\u0131nlar t\u0259\u015fkil edir. D\u00f6vl\u0259t tibb m\u00fc\u0259ssis\u0259l\u0259rinin tibbi kadrlar\u0131n\u0131n 70 faizi qad\u0131nd\u0131r. Yerli \u00f6z\u00fcn\u00fcidar\u0259etm\u0259 orqanlar\u0131nda qad\u0131nlar\u0131n t\u0259msil\u00e7iliyi 40 faizdir. D\u00f6vl\u0259t t\u0259r\u0259find\u0259n \u00f6z\u00fcn\u00fcm\u0259\u015f\u011fulluq proqramlar\u0131na g\u00f6st\u0259ril\u0259n d\u0259st\u0259k t\u0259dbirl\u0259ri n\u0259tic\u0259sind\u0259 f\u0259rdi sahibkar qad\u0131nlar\u0131n say\u0131 artmaqdad\u0131r.<\/p>\n<p>Torpaqlar\u0131m\u0131z\u0131n Erm\u0259nistan\u0131n 30 illik i\u015f\u011fal\u0131ndan azad olunmas\u0131, tarixi Z\u0259f\u0259rin qazan\u0131lmas\u0131 Az\u0259rbaycan qad\u0131nlar\u0131n\u0131n v\u0259t\u0259np\u0259rv\u0259rlik ruhunda t\u0259rbiy\u0259 etdiyi o\u011fullar\u0131n say\u0259sind\u0259 m\u00fcmk\u00fcn olub\u201d.<\/p>\n","protected":false},"excerpt":{"rendered":"<p>\u201cAz\u0259rbaycanda qad\u0131n h\u00fcquqlar\u0131n\u0131n t\u0259min olunmas\u0131 v\u0259 onlar\u0131n c\u0259miyy\u0259td\u0259 v\u0259 d\u00f6vl\u0259t idar\u0259\u00e7iliyind\u0259 rolunun art\u0131r\u0131lmas\u0131 daim diqq\u0259t m\u0259rk\u0259zind\u0259dir\u201d. AZ\u018fRTAC\u00a0x\u0259b\u0259r verir ki, bu fikirl\u0259r Az\u0259rbaycan Respublikas\u0131n\u0131n Prezidenti\u00a0\u0130lham \u018fliyevin\u00a0noyabr\u0131n 20-d\u0259 Bak\u0131da ke\u00e7iril\u0259n Qo\u015fulmama H\u0259r\u0259kat\u0131n\u0131n \u201cQad\u0131nlar\u0131n h\u00fcquqlar\u0131n\u0131n inki\u015faf etdirilm\u0259si v\u0259 s\u0259lahiyy\u0259tl\u0259rinin art\u0131r\u0131lmas\u0131\u201d m\u00f6vzusunda Konfrans\u0131n\u0131n i\u015ftirak\u00e7\u0131lar\u0131na m\u00fcraci\u0259tind\u0259 yer al\u0131b. Bu g\u00fcn d\u0259 Az\u0259rbaycan qad\u0131nlar\u0131n\u0131n elm, t\u0259hsil, s\u0259hiyy\u0259, inc\u0259s\u0259n\u0259t v\u0259 dig\u0259r sah\u0259l\u0259rd\u0259ki \u0259zmkar v\u0259 \u00e7ox\u015fax\u0259li f\u0259aliyy\u0259tl\u0259ri il\u0259 \u00f6lk\u0259mizin rifah\u0131na v\u0259 t\u0259r\u0259qqisin\u0259 d\u0259y\u0259rli t\u00f6hf\u0259l\u0259r verdikl\u0259rini qeyd d\u00f6vl\u0259timizin ba\u015f\u00e7\u0131s\u0131 vur\u011fulay\u0131b: \u201cAli t\u0259hsil m\u00fc\u0259ssis\u0259l\u0259rinin professor-m\u00fc\u0259llim hey\u0259tinin 63 faizini qad\u0131nlar t\u0259\u015fkil edir. D\u00f6vl\u0259t tibb m\u00fc\u0259ssis\u0259l\u0259rinin tibbi kadrlar\u0131n\u0131n 70 faizi qad\u0131nd\u0131r. Yerli&hellip;<\/p>\n","protected":false},"author":2,"featured_media":658642,"comment_status":"closed","ping_status":"closed","sticky":false,"template":"","format":"standard","meta":{"om_disable_all_campaigns":false,"_monsterinsights_skip_tracking":false,"_monsterinsights_sitenote_active":false,"_monsterinsights_sitenote_note":"","_monsterinsights_sitenote_category":0},"categories":[4],"tags":[],"aioseo_notices":[],"gutentor_comment":0,"rttpg_featured_image_url":{"full":["https:\/\/arantv.az\/wp-content\/uploads\/2023\/11\/1589029163_c06d917f-632f-48c8-b535-173df36cf793-3.jpg",620,413,false],"landscape":["https:\/\/arantv.az\/wp-content\/uploads\/2023\/11\/1589029163_c06d917f-632f-48c8-b535-173df36cf793-3.jpg",620,413,false],"portraits":["https:\/\/arantv.az\/wp-content\/uploads\/2023\/11\/1589029163_c06d917f-632f-48c8-b535-173df36cf793-3.jpg",620,413,false],"thumbnail":["https:\/\/arantv.az\/wp-content\/uploads\/2023\/11\/1589029163_c06d917f-632f-48c8-b535-173df36cf793-3-500x280.jpg",500,280,true],"medium":["https:\/\/arantv.az\/wp-content\/uploads\/2023\/11\/1589029163_c06d917f-632f-48c8-b535-173df36cf793-3-548x365.jpg",548,365,true],"large":["https:\/\/arantv.az\/wp-content\/uploads\/2023\/11\/1589029163_c06d917f-632f-48c8-b535-173df36cf793-3.jpg",620,413,false],"1536x1536":["https:\/\/arantv.az\/wp-content\/uploads\/2023\/11\/1589029163_c06d917f-632f-48c8-b535-173df36cf793-3.jpg",620,413,false],"2048x2048":["https:\/\/arantv.az\/wp-content\/uploads\/2023\/11\/1589029163_c06d917f-632f-48c8-b535-173df36cf793-3.jpg",620,413,false],"post-thumbnail":["https:\/\/arantv.az\/wp-content\/uploads\/2023\/11\/1589029163_c06d917f-632f-48c8-b535-173df36cf793-3-240x172.jpg",240,172,true],"advps-thumb-one":["https:\/\/arantv.az\/wp-content\/uploads\/2023\/11\/1589029163_c06d917f-632f-48c8-b535-173df36cf793-3.jpg",620,413,false]},"rttpg_author":{"display_name":"V\u00fcsal Rafiqo\u011flu","author_link":"https:\/\/arantv.az\/?author=2"},"rttpg_comment":0,"rttpg_category":"<a href=\"https:\/\/arantv.az\/?cat=4\" rel=\"category\">Siyas\u0259t<\/a>","rttpg_excerpt":"\u201cAz\u0259rbaycanda qad\u0131n h\u00fcquqlar\u0131n\u0131n t\u0259min olunmas\u0131 v\u0259 onlar\u0131n c\u0259miyy\u0259td\u0259 v\u0259 d\u00f6vl\u0259t idar\u0259\u00e7iliyind\u0259 rolunun art\u0131r\u0131lmas\u0131 daim diqq\u0259t m\u0259rk\u0259zind\u0259dir\u201d. AZ\u018fRTAC\u00a0x\u0259b\u0259r verir ki, bu fikirl\u0259r Az\u0259rbaycan Respublikas\u0131n\u0131n Prezidenti\u00a0\u0130lham \u018fliyevin\u00a0noyabr\u0131n 20-d\u0259 Bak\u0131da ke\u00e7iril\u0259n Qo\u015fulmama H\u0259r\u0259kat\u0131n\u0131n \u201cQad\u0131nlar\u0131n h\u00fcquqlar\u0131n\u0131n inki\u015faf etdirilm\u0259si v\u0259 s\u0259lahiyy\u0259tl\u0259rinin art\u0131r\u0131lmas\u0131\u201d m\u00f6vzusunda Konfrans\u0131n\u0131n i\u015ftirak\u00e7\u0131lar\u0131na m\u00fcraci\u0259tind\u0259 yer al\u0131b. Bu g\u00fcn d\u0259 Az\u0259rbaycan qad\u0131nlar\u0131n\u0131n elm, t\u0259hsil, s\u0259hiyy\u0259, inc\u0259s\u0259n\u0259t v\u0259 dig\u0259r sah\u0259l\u0259rd\u0259ki&hellip;","_links":{"self":[{"href":"https:\/\/arantv.az\/index.php?rest_route=\/wp\/v2\/posts\/658639"}],"collection":[{"href":"https:\/\/arantv.az\/index.php?rest_route=\/wp\/v2\/posts"}],"about":[{"href":"https:\/\/arantv.az\/index.php?rest_route=\/wp\/v2\/types\/post"}],"author":[{"embeddable":true,"href":"https:\/\/arantv.az\/index.php?rest_route=\/wp\/v2\/users\/2"}],"replies":[{"embeddable":true,"href":"https:\/\/arantv.az\/index.php?rest_route=%2Fwp%2Fv2%2Fcomments&post=658639"}],"version-history":[{"count":0,"href":"https:\/\/arantv.az\/index.php?rest_route=\/wp\/v2\/posts\/658639\/revisions"}],"wp:featuredmedia":[{"embeddable":true,"href":"https:\/\/arantv.az\/index.php?rest_route=\/wp\/v2\/media\/658642"}],"wp:attachment":[{"href":"https:\/\/arantv.az\/index.php?rest_route=%2Fwp%2Fv2%2Fmedia&parent=658639"}],"wp:term":[{"taxonomy":"category","embeddable":true,"href":"https:\/\/arantv.az\/index.php?rest_route=%2Fwp%2Fv2%2Fcategories&post=658639"},{"taxonomy":"post_tag","embeddable":true,"href":"https:\/\/arantv.az\/index.php?rest_route=%2Fwp%2Fv2%2Ftags&post=658639"}],"curies":[{"name":"wp","href":"https:\/\/api.w.org\/{rel}","templated":true}]}}