{"id":658645,"date":"2023-11-20T11:21:59","date_gmt":"2023-11-20T07:21:59","guid":{"rendered":"https:\/\/arantv.az\/?p=658645"},"modified":"2023-11-20T11:21:59","modified_gmt":"2023-11-20T07:21:59","slug":"zulayho-mahkamova-ozb%c9%99kistanda-az%c9%99rbaycan-kapitalinin-istiraki-il%c9%99-210-mu%c9%99ssis%c9%99-f%c9%99aliyy%c9%99t-gost%c9%99rir","status":"publish","type":"post","link":"https:\/\/arantv.az\/?p=658645","title":{"rendered":"Zulayho Mahkamova: \u201c\u00d6zb\u0259kistanda Az\u0259rbaycan kapital\u0131n\u0131n i\u015ftirak\u0131 il\u0259 210 m\u00fc\u0259ssis\u0259 f\u0259aliyy\u0259t g\u00f6st\u0259rir\u201d"},"content":{"rendered":"<p>\u201cQo\u015fulmama H\u0259r\u0259kat\u0131n\u0131n bug\u00fcnk\u00fc konfrans\u0131 gender b\u0259rab\u0259rliyin\u0259 nail olmaq v\u0259 qad\u0131nlar\u0131 d\u0259st\u0259kl\u0259m\u0259k \u00fc\u00e7\u00fcn b\u00f6y\u00fck \u0259h\u0259miyy\u0259t k\u0259sb edir\u201d.<\/p>\n<p>\u201cReport\u201d x\u0259b\u0259r verir ki, bunu \u00d6zb\u0259kistan ba\u015f nazirinin m\u00fcavini Zulayho Mahkamova Bak\u0131da \u201cQad\u0131nlar\u0131n h\u00fcquqlar\u0131n\u0131n inki\u015faf etdirilm\u0259si v\u0259 s\u0259lahiyy\u0259tl\u0259rinin art\u0131r\u0131lmas\u0131\u201d m\u00f6vzusunda ke\u00e7iril\u0259n beyn\u0259lxalq konfransda \u00e7\u0131x\u0131\u015f\u0131 zaman\u0131 deyib.<\/p>\n<p>Onun s\u00f6zl\u0259rin\u0259 g\u00f6r\u0259, \u00d6zb\u0259kistan qad\u0131nlar\u0131n h\u00fcquqlar\u0131n\u0131n inki\u015faf etdirilm\u0259si missiyas\u0131na qo\u015fulub:<\/p>\n<p>\u201c\u00d6lk\u0259miz bu m\u0259qs\u0259d\u0259 \u00e7atmaq \u00fc\u00e7\u00fcn bir s\u0131ra m\u00fch\u00fcm add\u0131mlar at\u0131b. Bel\u0259 ki, 100-\u0259 yax\u0131n h\u00fcquqi s\u0259n\u0259d q\u0259bul edilib, bu m\u0259s\u0259l\u0259 il\u0259 ba\u011fl\u0131 bir s\u0131ra beyn\u0259lxalq s\u0259n\u0259dl\u0259r ratifikasiya olunub\u201d.<\/p>\n<p>Ba\u015f nazirin m\u00fcavini qeyd edib ki, qad\u0131n sahibkarl\u0131\u011f\u0131n\u0131 d\u0259st\u0259kl\u0259m\u0259k \u00fc\u00e7\u00fcn \u00d6zb\u0259kistan g\u00fcz\u0259\u015ftli sisteml\u0259 kreditl\u0259r verm\u0259y\u0259 ba\u015flay\u0131b.<\/p>\n<p>Z.Mahkamova vur\u011fulay\u0131b ki, bu konfrans \u00d6zb\u0259kistanla Az\u0259rbaycan aras\u0131nda ikit\u0259r\u0259fli m\u00fcnasib\u0259tl\u0259rin m\u00f6hk\u0259ml\u0259nm\u0259sin\u0259 xidm\u0259t ed\u0259c\u0259k:<\/p>\n<p>\u201cBu t\u0259dbir iki \u00f6lk\u0259 aras\u0131nda bir \u00e7ox sah\u0259l\u0259rd\u0259 \u0259m\u0259kda\u015fl\u0131\u011f\u0131n inki\u015faf\u0131 \u00fc\u00e7\u00fcn \u00e7ox vacibdir. \u00d6zb\u0259kistanda Az\u0259rbaycan kapital\u0131n\u0131n i\u015ftirak\u0131 il\u0259 210 m\u00fc\u0259ssis\u0259 f\u0259aliyy\u0259t g\u00f6st\u0259rir v\u0259 iqtisadi \u0259m\u0259kda\u015fl\u0131\u011f\u0131n daha da geni\u015fl\u0259ndirilm\u0259si \u00fc\u00e7\u00fcn potensial m\u00f6vcuddur\u201d.<\/p>\n","protected":false},"excerpt":{"rendered":"<p>\u201cQo\u015fulmama H\u0259r\u0259kat\u0131n\u0131n bug\u00fcnk\u00fc konfrans\u0131 gender b\u0259rab\u0259rliyin\u0259 nail olmaq v\u0259 qad\u0131nlar\u0131 d\u0259st\u0259kl\u0259m\u0259k \u00fc\u00e7\u00fcn b\u00f6y\u00fck \u0259h\u0259miyy\u0259t k\u0259sb edir\u201d. \u201cReport\u201d x\u0259b\u0259r verir ki, bunu \u00d6zb\u0259kistan ba\u015f nazirinin m\u00fcavini Zulayho Mahkamova Bak\u0131da \u201cQad\u0131nlar\u0131n h\u00fcquqlar\u0131n\u0131n inki\u015faf etdirilm\u0259si v\u0259 s\u0259lahiyy\u0259tl\u0259rinin art\u0131r\u0131lmas\u0131\u201d m\u00f6vzusunda ke\u00e7iril\u0259n beyn\u0259lxalq konfransda \u00e7\u0131x\u0131\u015f\u0131 zaman\u0131 deyib. Onun s\u00f6zl\u0259rin\u0259 g\u00f6r\u0259, \u00d6zb\u0259kistan qad\u0131nlar\u0131n h\u00fcquqlar\u0131n\u0131n inki\u015faf etdirilm\u0259si missiyas\u0131na qo\u015fulub: \u201c\u00d6lk\u0259miz bu m\u0259qs\u0259d\u0259 \u00e7atmaq \u00fc\u00e7\u00fcn bir s\u0131ra m\u00fch\u00fcm add\u0131mlar at\u0131b. Bel\u0259 ki, 100-\u0259 yax\u0131n h\u00fcquqi s\u0259n\u0259d q\u0259bul edilib, bu m\u0259s\u0259l\u0259 il\u0259 ba\u011fl\u0131 bir s\u0131ra beyn\u0259lxalq s\u0259n\u0259dl\u0259r ratifikasiya olunub\u201d. Ba\u015f nazirin m\u00fcavini qeyd edib ki, qad\u0131n sahibkarl\u0131\u011f\u0131n\u0131 d\u0259st\u0259kl\u0259m\u0259k \u00fc\u00e7\u00fcn&hellip;<\/p>\n","protected":false},"author":2,"featured_media":658649,"comment_status":"closed","ping_status":"closed","sticky":false,"template":"","format":"standard","meta":{"om_disable_all_campaigns":false,"_monsterinsights_skip_tracking":false,"_monsterinsights_sitenote_active":false,"_monsterinsights_sitenote_note":"","_monsterinsights_sitenote_category":0},"categories":[4],"tags":[],"aioseo_notices":[],"gutentor_comment":0,"rttpg_featured_image_url":{"full":["https:\/\/arantv.az\/wp-content\/uploads\/2023\/11\/5596b0e4-5282-3b4f-8ff0-927a02ce8f29_850.jpg",620,413,false],"landscape":["https:\/\/arantv.az\/wp-content\/uploads\/2023\/11\/5596b0e4-5282-3b4f-8ff0-927a02ce8f29_850.jpg",620,413,false],"portraits":["https:\/\/arantv.az\/wp-content\/uploads\/2023\/11\/5596b0e4-5282-3b4f-8ff0-927a02ce8f29_850.jpg",620,413,false],"thumbnail":["https:\/\/arantv.az\/wp-content\/uploads\/2023\/11\/5596b0e4-5282-3b4f-8ff0-927a02ce8f29_850-500x280.jpg",500,280,true],"medium":["https:\/\/arantv.az\/wp-content\/uploads\/2023\/11\/5596b0e4-5282-3b4f-8ff0-927a02ce8f29_850-548x365.jpg",548,365,true],"large":["https:\/\/arantv.az\/wp-content\/uploads\/2023\/11\/5596b0e4-5282-3b4f-8ff0-927a02ce8f29_850.jpg",620,413,false],"1536x1536":["https:\/\/arantv.az\/wp-content\/uploads\/2023\/11\/5596b0e4-5282-3b4f-8ff0-927a02ce8f29_850.jpg",620,413,false],"2048x2048":["https:\/\/arantv.az\/wp-content\/uploads\/2023\/11\/5596b0e4-5282-3b4f-8ff0-927a02ce8f29_850.jpg",620,413,false],"post-thumbnail":["https:\/\/arantv.az\/wp-content\/uploads\/2023\/11\/5596b0e4-5282-3b4f-8ff0-927a02ce8f29_850-240x172.jpg",240,172,true],"advps-thumb-one":["https:\/\/arantv.az\/wp-content\/uploads\/2023\/11\/5596b0e4-5282-3b4f-8ff0-927a02ce8f29_850.jpg",620,413,false]},"rttpg_author":{"display_name":"V\u00fcsal Rafiqo\u011flu","author_link":"https:\/\/arantv.az\/?author=2"},"rttpg_comment":0,"rttpg_category":"<a href=\"https:\/\/arantv.az\/?cat=4\" rel=\"category\">Siyas\u0259t<\/a>","rttpg_excerpt":"\u201cQo\u015fulmama H\u0259r\u0259kat\u0131n\u0131n bug\u00fcnk\u00fc konfrans\u0131 gender b\u0259rab\u0259rliyin\u0259 nail olmaq v\u0259 qad\u0131nlar\u0131 d\u0259st\u0259kl\u0259m\u0259k \u00fc\u00e7\u00fcn b\u00f6y\u00fck \u0259h\u0259miyy\u0259t k\u0259sb edir\u201d. \u201cReport\u201d x\u0259b\u0259r verir ki, bunu \u00d6zb\u0259kistan ba\u015f nazirinin m\u00fcavini Zulayho Mahkamova Bak\u0131da \u201cQad\u0131nlar\u0131n h\u00fcquqlar\u0131n\u0131n inki\u015faf etdirilm\u0259si v\u0259 s\u0259lahiyy\u0259tl\u0259rinin art\u0131r\u0131lmas\u0131\u201d m\u00f6vzusunda ke\u00e7iril\u0259n beyn\u0259lxalq konfransda \u00e7\u0131x\u0131\u015f\u0131 zaman\u0131 deyib. Onun s\u00f6zl\u0259rin\u0259 g\u00f6r\u0259, \u00d6zb\u0259kistan qad\u0131nlar\u0131n h\u00fcquqlar\u0131n\u0131n inki\u015faf etdirilm\u0259si missiyas\u0131na qo\u015fulub: \u201c\u00d6lk\u0259miz bu m\u0259qs\u0259d\u0259&hellip;","_links":{"self":[{"href":"https:\/\/arantv.az\/index.php?rest_route=\/wp\/v2\/posts\/658645"}],"collection":[{"href":"https:\/\/arantv.az\/index.php?rest_route=\/wp\/v2\/posts"}],"about":[{"href":"https:\/\/arantv.az\/index.php?rest_route=\/wp\/v2\/types\/post"}],"author":[{"embeddable":true,"href":"https:\/\/arantv.az\/index.php?rest_route=\/wp\/v2\/users\/2"}],"replies":[{"embeddable":true,"href":"https:\/\/arantv.az\/index.php?rest_route=%2Fwp%2Fv2%2Fcomments&post=658645"}],"version-history":[{"count":0,"href":"https:\/\/arantv.az\/index.php?rest_route=\/wp\/v2\/posts\/658645\/revisions"}],"wp:featuredmedia":[{"embeddable":true,"href":"https:\/\/arantv.az\/index.php?rest_route=\/wp\/v2\/media\/658649"}],"wp:attachment":[{"href":"https:\/\/arantv.az\/index.php?rest_route=%2Fwp%2Fv2%2Fmedia&parent=658645"}],"wp:term":[{"taxonomy":"category","embeddable":true,"href":"https:\/\/arantv.az\/index.php?rest_route=%2Fwp%2Fv2%2Fcategories&post=658645"},{"taxonomy":"post_tag","embeddable":true,"href":"https:\/\/arantv.az\/index.php?rest_route=%2Fwp%2Fv2%2Ftags&post=658645"}],"curies":[{"name":"wp","href":"https:\/\/api.w.org\/{rel}","templated":true}]}}