{"id":658654,"date":"2023-11-20T11:32:42","date_gmt":"2023-11-20T07:32:42","guid":{"rendered":"https:\/\/arantv.az\/?p=658654"},"modified":"2023-11-20T11:32:42","modified_gmt":"2023-11-20T07:32:42","slug":"iraq-prezidenti-%c9%99bdull%c9%99tif-camal-r%c9%99sidin-bakida-r%c9%99smi-qarsilanma-m%c9%99rasimi-olub","status":"publish","type":"post","link":"https:\/\/arantv.az\/?p=658654","title":{"rendered":"\u0130raq Prezidenti \u018fbd\u00fcll\u0259tif Camal R\u0259\u015fidin Bak\u0131da r\u0259smi qar\u015f\u0131lanma m\u0259rasimi olub"},"content":{"rendered":"<p>Az\u0259rbaycan Respublikas\u0131na r\u0259smi s\u0259f\u0259r\u0259 g\u0259l\u0259n \u0130raq Respublikas\u0131n\u0131n Prezidenti \u018fbd\u00fcll\u0259tif Camal R\u0259\u015fidin noyabr\u0131n 20-d\u0259 r\u0259smi qar\u015f\u0131lanma m\u0259rasimi olub.<\/p>\n<p><a href=\"https:\/\/azertag.az\/xeber\/iraq_prezidenti_ebdulletif_camal_residin_resmi_qarsilanma_merasimi_olub-2828023\" target=\"_blank\" rel=\"noopener\">AZ\u018fRTAC<\/a>\u00a0x\u0259b\u0259r verir ki, h\u0259r iki \u00f6lk\u0259nin D\u00f6vl\u0259t bayraqlar\u0131n\u0131n dal\u011faland\u0131\u011f\u0131 meydanda \u0130raq Prezidentinin \u015f\u0259r\u0259fin\u0259 f\u0259xri qarovul d\u0259st\u0259si d\u00fcz\u00fcl\u00fcb.<\/p>\n<p>Az\u0259rbaycan Prezidenti\u00a0<strong>\u0130lham \u018fliyev<\/strong>\u00a0\u0130raq Prezidenti \u018fbd\u00fcll\u0259tif Camal R\u0259\u015fidi qar\u015f\u0131lay\u0131b.<\/p>\n<p>F\u0259xri qarovul d\u0259st\u0259sinin r\u0259isi \u0130raq Prezidentin\u0259 raport verib.<\/p>\n<p>Prezident \u018fbd\u00fcll\u0259tif Camal R\u0259\u015fid Az\u0259rbaycan \u0259sg\u0259rl\u0259rini salamlay\u0131b.<\/p>\n<p>D\u00f6vl\u0259t ba\u015f\u00e7\u0131lar\u0131 f\u0259xri qarovul d\u0259st\u0259sinin qar\u015f\u0131s\u0131ndan ke\u00e7ibl\u0259r.<\/p>\n<p>\u0130raq Respublikas\u0131n\u0131n v\u0259 Az\u0259rbaycan Respublikas\u0131n\u0131n D\u00f6vl\u0259t himnl\u0259ri s\u0259sl\u0259ndirilib.<\/p>\n<p>Az\u0259rbaycan n\u00fcmay\u0259nd\u0259 hey\u0259ti \u0130raq Prezidentin\u0259, \u0130raq n\u00fcmay\u0259nd\u0259 hey\u0259ti is\u0259 Az\u0259rbaycan Prezidentin\u0259 t\u0259qdim olunub.<\/p>\n<p>F\u0259xri qarovul d\u0259st\u0259si h\u0259rbi mar\u015f\u0131n s\u0259dalar\u0131 alt\u0131nda Az\u0259rbaycan Prezidenti \u0130lham \u018fliyevin v\u0259 \u0130raq Prezidenti \u018fbd\u00fcll\u0259tif Camal R\u0259\u015fidin qar\u015f\u0131s\u0131ndan ke\u00e7ib.<\/p>\n<p>D\u00f6vl\u0259t ba\u015f\u00e7\u0131lar\u0131 r\u0259smi foto \u00e7\u0259kdiribl\u0259r.<\/p>\n","protected":false},"excerpt":{"rendered":"<p>Az\u0259rbaycan Respublikas\u0131na r\u0259smi s\u0259f\u0259r\u0259 g\u0259l\u0259n \u0130raq Respublikas\u0131n\u0131n Prezidenti \u018fbd\u00fcll\u0259tif Camal R\u0259\u015fidin noyabr\u0131n 20-d\u0259 r\u0259smi qar\u015f\u0131lanma m\u0259rasimi olub. AZ\u018fRTAC\u00a0x\u0259b\u0259r verir ki, h\u0259r iki \u00f6lk\u0259nin D\u00f6vl\u0259t bayraqlar\u0131n\u0131n dal\u011faland\u0131\u011f\u0131 meydanda \u0130raq Prezidentinin \u015f\u0259r\u0259fin\u0259 f\u0259xri qarovul d\u0259st\u0259si d\u00fcz\u00fcl\u00fcb. Az\u0259rbaycan Prezidenti\u00a0\u0130lham \u018fliyev\u00a0\u0130raq Prezidenti \u018fbd\u00fcll\u0259tif Camal R\u0259\u015fidi qar\u015f\u0131lay\u0131b. F\u0259xri qarovul d\u0259st\u0259sinin r\u0259isi \u0130raq Prezidentin\u0259 raport verib. Prezident \u018fbd\u00fcll\u0259tif Camal R\u0259\u015fid Az\u0259rbaycan \u0259sg\u0259rl\u0259rini salamlay\u0131b. D\u00f6vl\u0259t ba\u015f\u00e7\u0131lar\u0131 f\u0259xri qarovul d\u0259st\u0259sinin qar\u015f\u0131s\u0131ndan ke\u00e7ibl\u0259r. \u0130raq Respublikas\u0131n\u0131n v\u0259 Az\u0259rbaycan Respublikas\u0131n\u0131n D\u00f6vl\u0259t himnl\u0259ri s\u0259sl\u0259ndirilib. Az\u0259rbaycan n\u00fcmay\u0259nd\u0259 hey\u0259ti \u0130raq Prezidentin\u0259, \u0130raq n\u00fcmay\u0259nd\u0259 hey\u0259ti is\u0259 Az\u0259rbaycan Prezidentin\u0259 t\u0259qdim olunub. F\u0259xri qarovul d\u0259st\u0259si h\u0259rbi mar\u015f\u0131n&hellip;<\/p>\n","protected":false},"author":2,"featured_media":658655,"comment_status":"closed","ping_status":"closed","sticky":false,"template":"","format":"standard","meta":{"om_disable_all_campaigns":false,"_monsterinsights_skip_tracking":false,"_monsterinsights_sitenote_active":false,"_monsterinsights_sitenote_note":"","_monsterinsights_sitenote_category":0},"categories":[4],"tags":[],"aioseo_notices":[],"gutentor_comment":0,"rttpg_featured_image_url":{"full":["https:\/\/arantv.az\/wp-content\/uploads\/2023\/11\/FotoJet-2-18.jpg",620,413,false],"landscape":["https:\/\/arantv.az\/wp-content\/uploads\/2023\/11\/FotoJet-2-18.jpg",620,413,false],"portraits":["https:\/\/arantv.az\/wp-content\/uploads\/2023\/11\/FotoJet-2-18.jpg",620,413,false],"thumbnail":["https:\/\/arantv.az\/wp-content\/uploads\/2023\/11\/FotoJet-2-18-500x280.jpg",500,280,true],"medium":["https:\/\/arantv.az\/wp-content\/uploads\/2023\/11\/FotoJet-2-18-548x365.jpg",548,365,true],"large":["https:\/\/arantv.az\/wp-content\/uploads\/2023\/11\/FotoJet-2-18.jpg",620,413,false],"1536x1536":["https:\/\/arantv.az\/wp-content\/uploads\/2023\/11\/FotoJet-2-18.jpg",620,413,false],"2048x2048":["https:\/\/arantv.az\/wp-content\/uploads\/2023\/11\/FotoJet-2-18.jpg",620,413,false],"post-thumbnail":["https:\/\/arantv.az\/wp-content\/uploads\/2023\/11\/FotoJet-2-18-240x172.jpg",240,172,true],"advps-thumb-one":["https:\/\/arantv.az\/wp-content\/uploads\/2023\/11\/FotoJet-2-18.jpg",620,413,false]},"rttpg_author":{"display_name":"V\u00fcsal Rafiqo\u011flu","author_link":"https:\/\/arantv.az\/?author=2"},"rttpg_comment":0,"rttpg_category":"<a href=\"https:\/\/arantv.az\/?cat=4\" rel=\"category\">Siyas\u0259t<\/a>","rttpg_excerpt":"Az\u0259rbaycan Respublikas\u0131na r\u0259smi s\u0259f\u0259r\u0259 g\u0259l\u0259n \u0130raq Respublikas\u0131n\u0131n Prezidenti \u018fbd\u00fcll\u0259tif Camal R\u0259\u015fidin noyabr\u0131n 20-d\u0259 r\u0259smi qar\u015f\u0131lanma m\u0259rasimi olub. AZ\u018fRTAC\u00a0x\u0259b\u0259r verir ki, h\u0259r iki \u00f6lk\u0259nin D\u00f6vl\u0259t bayraqlar\u0131n\u0131n dal\u011faland\u0131\u011f\u0131 meydanda \u0130raq Prezidentinin \u015f\u0259r\u0259fin\u0259 f\u0259xri qarovul d\u0259st\u0259si d\u00fcz\u00fcl\u00fcb. Az\u0259rbaycan Prezidenti\u00a0\u0130lham \u018fliyev\u00a0\u0130raq Prezidenti \u018fbd\u00fcll\u0259tif Camal R\u0259\u015fidi qar\u015f\u0131lay\u0131b. F\u0259xri qarovul d\u0259st\u0259sinin r\u0259isi \u0130raq Prezidentin\u0259 raport verib. Prezident \u018fbd\u00fcll\u0259tif Camal R\u0259\u015fid Az\u0259rbaycan&hellip;","_links":{"self":[{"href":"https:\/\/arantv.az\/index.php?rest_route=\/wp\/v2\/posts\/658654"}],"collection":[{"href":"https:\/\/arantv.az\/index.php?rest_route=\/wp\/v2\/posts"}],"about":[{"href":"https:\/\/arantv.az\/index.php?rest_route=\/wp\/v2\/types\/post"}],"author":[{"embeddable":true,"href":"https:\/\/arantv.az\/index.php?rest_route=\/wp\/v2\/users\/2"}],"replies":[{"embeddable":true,"href":"https:\/\/arantv.az\/index.php?rest_route=%2Fwp%2Fv2%2Fcomments&post=658654"}],"version-history":[{"count":0,"href":"https:\/\/arantv.az\/index.php?rest_route=\/wp\/v2\/posts\/658654\/revisions"}],"wp:featuredmedia":[{"embeddable":true,"href":"https:\/\/arantv.az\/index.php?rest_route=\/wp\/v2\/media\/658655"}],"wp:attachment":[{"href":"https:\/\/arantv.az\/index.php?rest_route=%2Fwp%2Fv2%2Fmedia&parent=658654"}],"wp:term":[{"taxonomy":"category","embeddable":true,"href":"https:\/\/arantv.az\/index.php?rest_route=%2Fwp%2Fv2%2Fcategories&post=658654"},{"taxonomy":"post_tag","embeddable":true,"href":"https:\/\/arantv.az\/index.php?rest_route=%2Fwp%2Fv2%2Ftags&post=658654"}],"curies":[{"name":"wp","href":"https:\/\/api.w.org\/{rel}","templated":true}]}}