{"id":658669,"date":"2023-11-20T11:47:15","date_gmt":"2023-11-20T07:47:15","guid":{"rendered":"https:\/\/arantv.az\/?p=658669"},"modified":"2023-11-20T11:47:15","modified_gmt":"2023-11-20T07:47:15","slug":"tezlikl%c9%99-agdam-rayonu-ozunun-%c9%99vv%c9%99lki-sohr%c9%99tini-b%c9%99rpa-ed%c9%99c%c9%99k","status":"publish","type":"post","link":"https:\/\/arantv.az\/?p=658669","title":{"rendered":"Tezlikl\u0259 A\u011fdam rayonu \u00f6z\u00fcn\u00fcn \u0259vv\u0259lki \u015f\u00f6hr\u0259tini b\u0259rpa ed\u0259c\u0259k"},"content":{"rendered":"<p><img src=\"https:\/\/ikisahil.az\/upload\/\/2023\/11\/20\/\/-f0bbac6f170046348278018122710023912.jpg\" alt=\"\" \/><\/p>\n<p><strong>Anar M\u0259mm\u0259dov,<\/strong><\/p>\n<p><em>Milli M\u0259clisin deputat\u0131<\/em><\/p>\n<p>Q\u0131rx d\u00f6rd g\u00fcnl\u00fck V\u0259t\u0259n m\u00fcharib\u0259sind\u0259 Prezident, M\u00fcz\u0259ff\u0259r Ali Ba\u015f Komandan \u0130lham \u018fliyevin diplomatik m\u0259har\u0259ti, prinsipiall\u0131\u011f\u0131, d\u0259mir irad\u0259si v\u0259 Az\u0259rbaycan Ordusunun \u015fanl\u0131 Z\u0259f\u0259ri Erm\u0259nistan\u0131 kapitulyasiyaya m\u0259cbur etdi. Az\u0259rbaycan Prezidenti, Rusiya Prezidenti v\u0259 Erm\u0259nistan ba\u015f nazirinin imzalad\u0131\u011f\u0131 \u00fc\u00e7t\u0259r\u0259fli B\u0259yanata \u0259sas\u0259n 2020-ci il noyabr\u0131n 20-d\u0259 A\u011fdam rayonunun i\u015f\u011fal olunmu\u015f \u0259razisi Erm\u0259nistan ordusu t\u0259r\u0259find\u0259n bo\u015fald\u0131ld\u0131. Az\u0259rbaycan Ordusu he\u00e7 bir itki, \u015f\u0259hid verm\u0259d\u0259n, qan t\u00f6k\u00fclm\u0259d\u0259n A\u011fdam rayonunun i\u015f\u011fal alt\u0131ndak\u0131 hiss\u0259sin\u0259 daxil oldu. 27 ild\u0259n sonra A\u011fdam \u015f\u0259h\u0259rind\u0259 yenid\u0259n Az\u0259rbaycan\u0131n \u00fc\u00e7r\u0259ngli bayra\u011f\u0131 dal\u011falanma\u011fa ba\u015flad\u0131. Bununla da, Az\u0259rbaycan h\u0259rbi-siyasi yolla beyn\u0259lxalq h\u00fcququn aliliyini v\u0259 tarixi \u0259dal\u0259ti b\u0259rpa etdi.<\/p>\n<p>30 il \u00f6nc\u0259 A\u011fdam\u0131n i\u015f\u011fal\u0131 il\u0259 ba\u011fl\u0131 d\u00fcnya ictimaiyy\u0259ti yekdil m\u00f6vqe ifad\u0259 etdi. AT\u018fT-in Minsk qrupunun 9 \u00f6lk\u0259si ad\u0131ndan bu &#8220;h\u00fccum q\u0259tiyy\u0259tl\u0259 pisl\u0259nmi\u015f&#8221;, &#8220;i\u015f\u011fal olunmu\u015f \u0259razil\u0259rd\u0259n qo\u015funlar\u0131n \u00e7\u0131xar\u0131lmas\u0131na \u00e7a\u011f\u0131r\u0131\u015f etmi\u015fdir&#8221;. 1993-c\u00fc il 29 iyul tarixind\u0259 BMT-nin T\u0259hl\u00fck\u0259sizlik \u015euras\u0131 853 sayl\u0131 q\u0259tnam\u0259ni q\u0259bul etdi. Orada &#8220;i\u015f\u011fal\u00e7\u0131 q\u00fcvv\u0259l\u0259rin A\u011fdam rayonu v\u0259 dig\u0259r i\u015f\u011fal edilmi\u015f Az\u0259rbaycan \u0259razil\u0259rind\u0259n d\u0259rhal, tam v\u0259 qeyd-\u015f\u0259rtsiz \u00e7\u0131xar\u0131lmas\u0131&#8221; t\u0259l\u0259b edildi. Lakin Erm\u0259nistan t\u0259r\u0259fi beyn\u0259lxalq qanunlara tabe olmaqdan yay\u0131nd\u0131. \u018fg\u0259r Erm\u0259nistan irad\u0259 g\u00f6st\u0259rs\u0259ydi v\u0259 beyn\u0259lxalq t\u0259\u015fkilatlar\u0131n q\u0259tnam\u0259l\u0259rin\u0259 uy\u011fun \u015f\u0259kild\u0259 davransayd\u0131, y\u0259ni beyn\u0259lxalq h\u00fcquqa h\u00f6rm\u0259t ets\u0259ydi problem \u00e7oxdan h\u0259llini tapard\u0131. \u00c7ox t\u0259\u0259ss\u00fcf ki, BMT T\u0259hl\u00fck\u0259sizlik \u015euras\u0131n\u0131n 1993-c\u00fc ild\u0259 q\u0259bul etdiyi d\u00f6rd q\u0259tnam\u0259, Birl\u0259\u015fmi\u015f Mill\u0259tl\u0259r T\u0259\u015fkilat\u0131n\u0131n Ba\u015f Assambleyas\u0131, \u0130slam \u018fm\u0259kda\u015fl\u0131q T\u0259\u015fkilat\u0131, Qo\u015fulmama H\u0259r\u0259kat\u0131, Avropa Parlamenti kimi dig\u0259r beyn\u0259lxalq t\u0259\u015fkilatlar\u0131n q\u0259bul etdiyi q\u0259rarlar ka\u011f\u0131z \u00fcz\u0259rind\u0259 qald\u0131. \u015e\u00fcbh\u0259siz ki, \u00f6t\u0259n d\u00f6vr \u0259rzind\u0259 m\u0259s\u0259l\u0259nin s\u00fclh yolu il\u0259 h\u0259ll olunmamas\u0131n\u0131n birinci s\u0259b\u0259bi Erm\u0259nistan\u0131n destruktiv siyas\u0259ti idis\u0259, ikinci s\u0259b\u0259b is\u0259 Birl\u0259\u015fmi\u015f Mill\u0259tl\u0259r T\u0259\u015fkilat\u0131n\u0131n T\u0259hl\u00fck\u0259sizlik \u015euras\u0131n\u0131n q\u0259tnam\u0259l\u0259rinin icras\u0131 \u00fc\u00e7\u00fcn vasit\u0259\u00e7il\u0259r t\u0259r\u0259find\u0259n t\u0259kid g\u00f6st\u0259rilm\u0259m\u0259si v\u0259 t\u0259zyiqin olmamas\u0131 idi. Beyn\u0259lxalq m\u00fcnasib\u0259tl\u0259rd\u0259 m\u00f6vcud olan ikili standartlar n\u0259tic\u0259sind\u0259 Az\u0259rbaycan tarixi torpaqlar\u0131n\u0131 h\u0259rbi-siyasi yolla i\u015f\u011faldan azad etm\u0259kl\u0259 kobud \u015f\u0259kild\u0259 pozulmu\u015f beyn\u0259lxalq h\u00fcququ v\u0259 \u0259dal\u0259ti b\u0259rpa etmi\u015f oldu.<\/p>\n<p>V\u0259t\u0259n m\u00fcharib\u0259si Az\u0259rbaycan \u00fc\u00e7\u00fcn b\u00f6y\u00fck z\u0259f\u0259rl\u0259 yekunla\u015fm\u0131\u015f v\u0259 art\u0131q \u00f6lk\u0259miz \u00fc\u00e7\u00fcn yeni d\u00f6vr ba\u015flam\u0131\u015fd\u0131r. Bu g\u00fcn is\u0259 d\u00f6vl\u0259timiz t\u0259r\u0259find\u0259n i\u015f\u011faldan azad edilmi\u015f \u0259razil\u0259rimizd\u0259 infrastruktur layih\u0259l\u0259ri davaml\u0131 \u015f\u0259kild\u0259 icra olunur. Planl\u0131 \u015f\u0259kild\u0259 apar\u0131lan abadl\u0131q-quruculuq i\u015fl\u0259ri dem\u0259y\u0259 \u0259sas verir ki, erm\u0259ni v\u0259h\u015filiyinin qurban\u0131 olan \u015f\u0259h\u0259rl\u0259rimiz, q\u0259s\u0259b\u0259l\u0259rimiz v\u0259 k\u0259ndl\u0259rimiz \u0259vv\u0259lki g\u00f6rk\u0259mind\u0259n d\u0259 g\u00f6z\u0259l g\u00f6r\u00fcn\u00fc\u015f\u0259 malik olacaqd\u0131r. \u00dc\u00e7 il\u0259 yax\u0131nd\u0131r ki, ata-baba yurdumuzda azan s\u0259si ucald\u0131l\u0131r, \u015fanl\u0131 \u00fc\u00e7r\u0259ngli bayra\u011f\u0131m\u0131z dal\u011falan\u0131r. Qar\u015f\u0131da duran \u0259sas v\u0259zif\u0259 i\u015f\u011faldan azad olunmu\u015f torpaqlar\u0131m\u0131z\u0131n b\u0259rpas\u0131, quruculuq i\u015fl\u0259rinin h\u0259yata ke\u00e7irilm\u0259sidir. Prezident \u0130lham \u018fliyev m\u00fcharib\u0259d\u0259n sonra azad olunmu\u015f \u0259razil\u0259r\u0259 s\u0259f\u0259rl\u0259r edir, qar\u015f\u0131da duran v\u0259zif\u0259l\u0259rl\u0259 ba\u011fl\u0131 \u00f6z tap\u015f\u0131r\u0131qlar\u0131n\u0131 verir.<\/p>\n<p>Bu g\u00fcn Az\u0259rbaycan\u0131n h\u0259r bir b\u00f6lg\u0259si inki\u015faf, t\u0259r\u0259qqi d\u00f6vr\u00fcn\u00fc ya\u015fay\u0131r. X\u00fcsusil\u0259 i\u015f\u011faldan azad olunmu\u015f \u0259razil\u0259rd\u0259 b\u00fct\u00fcn z\u0259ruri t\u0259dbirl\u0259r h\u0259yata ke\u00e7irilir, ya\u015fay\u0131\u015f evl\u0259ri, sosial, yol-n\u0259qliyyat, iqtisadi infrastruktur s\u00fcr\u0259tl\u0259 b\u0259rpa edilir. M\u0259qs\u0259d insanlar\u0131n rahat ya\u015fay\u0131\u015f\u0131n\u0131 t\u0259min etm\u0259k, onlar\u0131n m\u0259mnunlu\u011funu art\u0131rmaqd\u0131r. A\u011fdam art\u0131q \u00fc\u00e7 ildir ki, \u00f6z\u00fcn\u00fcn azad g\u00fcnl\u0259rini ya\u015fay\u0131r. Haz\u0131rda A\u011fdamda b\u00f6y\u00fck canlanma, yeni h\u0259yat ba\u015flay\u0131b.<\/p>\n<p>D\u00f6vl\u0259t ba\u015f\u00e7\u0131s\u0131 \u0130lham \u018fliyevin A\u011fdam rayonuna realla\u015fd\u0131rd\u0131\u011f\u0131 5 s\u0259f\u0259rin h\u0259r biri yeni sosial obyektl\u0259rin a\u00e7\u0131l\u0131\u015f\u0131 v\u0259 t\u0259m\u0259lqoyma m\u0259rasiml\u0259rinin ke\u00e7irilm\u0259si il\u0259 yadda qal\u0131r. B\u0259rpa-quruculuq i\u015fl\u0259rinin geni\u015fl\u0259n\u0259n miqyas\u0131 soyda\u015flar\u0131m\u0131z\u0131n do\u011fma yurd-yuvalar\u0131na qay\u0131d\u0131\u015f\u0131n\u0131 daha da yax\u0131nla\u015fd\u0131r\u0131r.\u00a0\u018fminlikl\u0259 dey\u0259 bil\u0259rik ki, tezlikl\u0259 A\u011fdam rayonu \u00f6z\u00fcn\u00fcn \u0259vv\u0259lki \u015f\u00f6hr\u0259tini b\u0259rpa ed\u0259c\u0259k v\u0259 Qaraba\u011f iqtisadi rayonunun m\u00fch\u00fcm m\u0259rk\u0259zl\u0259rind\u0259n birin\u0259 \u00e7evril\u0259c\u0259k.<\/p>\n","protected":false},"excerpt":{"rendered":"<p>Anar M\u0259mm\u0259dov, Milli M\u0259clisin deputat\u0131 Q\u0131rx d\u00f6rd g\u00fcnl\u00fck V\u0259t\u0259n m\u00fcharib\u0259sind\u0259 Prezident, M\u00fcz\u0259ff\u0259r Ali Ba\u015f Komandan \u0130lham \u018fliyevin diplomatik m\u0259har\u0259ti, prinsipiall\u0131\u011f\u0131, d\u0259mir irad\u0259si v\u0259 Az\u0259rbaycan Ordusunun \u015fanl\u0131 Z\u0259f\u0259ri Erm\u0259nistan\u0131 kapitulyasiyaya m\u0259cbur etdi. Az\u0259rbaycan Prezidenti, Rusiya Prezidenti v\u0259 Erm\u0259nistan ba\u015f nazirinin imzalad\u0131\u011f\u0131 \u00fc\u00e7t\u0259r\u0259fli B\u0259yanata \u0259sas\u0259n 2020-ci il noyabr\u0131n 20-d\u0259 A\u011fdam rayonunun i\u015f\u011fal olunmu\u015f \u0259razisi Erm\u0259nistan ordusu t\u0259r\u0259find\u0259n bo\u015fald\u0131ld\u0131. Az\u0259rbaycan Ordusu he\u00e7 bir itki, \u015f\u0259hid verm\u0259d\u0259n, qan t\u00f6k\u00fclm\u0259d\u0259n A\u011fdam rayonunun i\u015f\u011fal alt\u0131ndak\u0131 hiss\u0259sin\u0259 daxil oldu. 27 ild\u0259n sonra A\u011fdam \u015f\u0259h\u0259rind\u0259 yenid\u0259n Az\u0259rbaycan\u0131n \u00fc\u00e7r\u0259ngli bayra\u011f\u0131 dal\u011falanma\u011fa ba\u015flad\u0131. Bununla da, Az\u0259rbaycan h\u0259rbi-siyasi yolla beyn\u0259lxalq h\u00fcququn&hellip;<\/p>\n","protected":false},"author":2,"featured_media":658673,"comment_status":"closed","ping_status":"closed","sticky":false,"template":"","format":"standard","meta":{"om_disable_all_campaigns":false,"_monsterinsights_skip_tracking":false,"_monsterinsights_sitenote_active":false,"_monsterinsights_sitenote_note":"","_monsterinsights_sitenote_category":0},"categories":[19],"tags":[],"aioseo_notices":[],"gutentor_comment":0,"rttpg_featured_image_url":{"full":["https:\/\/arantv.az\/wp-content\/uploads\/2023\/11\/448d5eda161183636744335039810179991.jpg",975,540,false],"landscape":["https:\/\/arantv.az\/wp-content\/uploads\/2023\/11\/448d5eda161183636744335039810179991.jpg",975,540,false],"portraits":["https:\/\/arantv.az\/wp-content\/uploads\/2023\/11\/448d5eda161183636744335039810179991.jpg",975,540,false],"thumbnail":["https:\/\/arantv.az\/wp-content\/uploads\/2023\/11\/448d5eda161183636744335039810179991-500x280.jpg",500,280,true],"medium":["https:\/\/arantv.az\/wp-content\/uploads\/2023\/11\/448d5eda161183636744335039810179991-660x365.jpg",660,365,true],"large":["https:\/\/arantv.az\/wp-content\/uploads\/2023\/11\/448d5eda161183636744335039810179991-840x465.jpg",640,354,true],"1536x1536":["https:\/\/arantv.az\/wp-content\/uploads\/2023\/11\/448d5eda161183636744335039810179991.jpg",975,540,false],"2048x2048":["https:\/\/arantv.az\/wp-content\/uploads\/2023\/11\/448d5eda161183636744335039810179991.jpg",975,540,false],"post-thumbnail":["https:\/\/arantv.az\/wp-content\/uploads\/2023\/11\/448d5eda161183636744335039810179991-240x172.jpg",240,172,true],"advps-thumb-one":["https:\/\/arantv.az\/wp-content\/uploads\/2023\/11\/448d5eda161183636744335039810179991.jpg",975,540,false]},"rttpg_author":{"display_name":"V\u00fcsal Rafiqo\u011flu","author_link":"https:\/\/arantv.az\/?author=2"},"rttpg_comment":0,"rttpg_category":"<a href=\"https:\/\/arantv.az\/?cat=19\" rel=\"category\">G\u00fcnd\u0259m<\/a>","rttpg_excerpt":"Anar M\u0259mm\u0259dov, Milli M\u0259clisin deputat\u0131 Q\u0131rx d\u00f6rd g\u00fcnl\u00fck V\u0259t\u0259n m\u00fcharib\u0259sind\u0259 Prezident, M\u00fcz\u0259ff\u0259r Ali Ba\u015f Komandan \u0130lham \u018fliyevin diplomatik m\u0259har\u0259ti, prinsipiall\u0131\u011f\u0131, d\u0259mir irad\u0259si v\u0259 Az\u0259rbaycan Ordusunun \u015fanl\u0131 Z\u0259f\u0259ri Erm\u0259nistan\u0131 kapitulyasiyaya m\u0259cbur etdi. Az\u0259rbaycan Prezidenti, Rusiya Prezidenti v\u0259 Erm\u0259nistan ba\u015f nazirinin imzalad\u0131\u011f\u0131 \u00fc\u00e7t\u0259r\u0259fli B\u0259yanata \u0259sas\u0259n 2020-ci il noyabr\u0131n 20-d\u0259 A\u011fdam rayonunun i\u015f\u011fal olunmu\u015f \u0259razisi Erm\u0259nistan ordusu t\u0259r\u0259find\u0259n&hellip;","_links":{"self":[{"href":"https:\/\/arantv.az\/index.php?rest_route=\/wp\/v2\/posts\/658669"}],"collection":[{"href":"https:\/\/arantv.az\/index.php?rest_route=\/wp\/v2\/posts"}],"about":[{"href":"https:\/\/arantv.az\/index.php?rest_route=\/wp\/v2\/types\/post"}],"author":[{"embeddable":true,"href":"https:\/\/arantv.az\/index.php?rest_route=\/wp\/v2\/users\/2"}],"replies":[{"embeddable":true,"href":"https:\/\/arantv.az\/index.php?rest_route=%2Fwp%2Fv2%2Fcomments&post=658669"}],"version-history":[{"count":0,"href":"https:\/\/arantv.az\/index.php?rest_route=\/wp\/v2\/posts\/658669\/revisions"}],"wp:featuredmedia":[{"embeddable":true,"href":"https:\/\/arantv.az\/index.php?rest_route=\/wp\/v2\/media\/658673"}],"wp:attachment":[{"href":"https:\/\/arantv.az\/index.php?rest_route=%2Fwp%2Fv2%2Fmedia&parent=658669"}],"wp:term":[{"taxonomy":"category","embeddable":true,"href":"https:\/\/arantv.az\/index.php?rest_route=%2Fwp%2Fv2%2Fcategories&post=658669"},{"taxonomy":"post_tag","embeddable":true,"href":"https:\/\/arantv.az\/index.php?rest_route=%2Fwp%2Fv2%2Ftags&post=658669"}],"curies":[{"name":"wp","href":"https:\/\/api.w.org\/{rel}","templated":true}]}}