{"id":658678,"date":"2023-11-20T12:01:53","date_gmt":"2023-11-20T08:01:53","guid":{"rendered":"https:\/\/arantv.az\/?p=658678"},"modified":"2023-11-20T12:01:53","modified_gmt":"2023-11-20T08:01:53","slug":"vladanka-andreyeva-bmt-az%c9%99rbaycanda-qadin-huquqlarinin-mudafi%c9%99sini-f%c9%99al-s%c9%99kild%c9%99-d%c9%99st%c9%99kl%c9%99yir","status":"publish","type":"post","link":"https:\/\/arantv.az\/?p=658678","title":{"rendered":"Vladanka Andreyeva: \u201cBMT Az\u0259rbaycanda qad\u0131n h\u00fcquqlar\u0131n\u0131n m\u00fcdafi\u0259sini f\u0259al \u015f\u0259kild\u0259 d\u0259st\u0259kl\u0259yir\u201d"},"content":{"rendered":"<p>\u201cBMT Az\u0259rbaycanda qad\u0131n h\u00fcquqlar\u0131n\u0131n qorunmas\u0131 v\u0259 inki\u015faf etdirilm\u0259si ideyas\u0131n\u0131 f\u0259al \u015f\u0259kild\u0259 d\u0259st\u0259kl\u0259yir\u201d.<\/p>\n<p>\u201cReport\u201d x\u0259b\u0259r verir ki, bunu BMT-nin Az\u0259rbaycandak\u0131 rezident \u0259laq\u0259l\u0259ndiricisi Vladanka Andreyeva noyabr\u0131n 20-d\u0259 Qo\u015fulmama H\u0259r\u0259kat\u0131n\u0131n ail\u0259, qad\u0131n komit\u0259l\u0259rinin Bak\u0131da ke\u00e7iril\u0259n \u201cQad\u0131nlar\u0131n h\u00fcquqlar\u0131n\u0131n inki\u015faf etdirilm\u0259si v\u0259 s\u0259lahiyy\u0259tl\u0259rinin art\u0131r\u0131lmas\u0131\u201d m\u00f6vzusunda konfransda \u00e7\u0131x\u0131\u015f\u0131 zaman\u0131 deyib.<\/p>\n<p>Onun s\u00f6zl\u0259rin\u0259 g\u00f6r\u0259, qad\u0131n h\u00fcquqlar\u0131n\u0131n t\u0259min edilm\u0259si m\u0259s\u0259l\u0259si BMT-nin g\u00fcnd\u0259liyinin ayr\u0131lmaz hiss\u0259sidir:<\/p>\n<p>\u201cBu g\u00fcn biz gender b\u0259rab\u0259rliyi m\u0259s\u0259l\u0259sind\u0259 dialoq \u00fc\u00e7\u00fcn h\u0259r c\u00fcr platformadan istifad\u0259 etm\u0259liyik\u201d.<\/p>\n<p>BMT-nin rezident \u0259laq\u0259l\u0259ndiricisi vur\u011fulay\u0131b ki, gender b\u0259rab\u0259rliyi v\u0259 qad\u0131nlar\u0131n s\u0259lahiyy\u0259tl\u0259rinin art\u0131r\u0131lmas\u0131 sah\u0259sind\u0259 m\u00fcsb\u0259t n\u0259tic\u0259l\u0259r g\u0259l\u0259c\u0259kd\u0259 bu istiqam\u0259td\u0259 yeni t\u0259\u015f\u0259bb\u00fcsl\u0259r\u0259 ilham ver\u0259 bil\u0259r.<\/p>\n","protected":false},"excerpt":{"rendered":"<p>\u201cBMT Az\u0259rbaycanda qad\u0131n h\u00fcquqlar\u0131n\u0131n qorunmas\u0131 v\u0259 inki\u015faf etdirilm\u0259si ideyas\u0131n\u0131 f\u0259al \u015f\u0259kild\u0259 d\u0259st\u0259kl\u0259yir\u201d. \u201cReport\u201d x\u0259b\u0259r verir ki, bunu BMT-nin Az\u0259rbaycandak\u0131 rezident \u0259laq\u0259l\u0259ndiricisi Vladanka Andreyeva noyabr\u0131n 20-d\u0259 Qo\u015fulmama H\u0259r\u0259kat\u0131n\u0131n ail\u0259, qad\u0131n komit\u0259l\u0259rinin Bak\u0131da ke\u00e7iril\u0259n \u201cQad\u0131nlar\u0131n h\u00fcquqlar\u0131n\u0131n inki\u015faf etdirilm\u0259si v\u0259 s\u0259lahiyy\u0259tl\u0259rinin art\u0131r\u0131lmas\u0131\u201d m\u00f6vzusunda konfransda \u00e7\u0131x\u0131\u015f\u0131 zaman\u0131 deyib. Onun s\u00f6zl\u0259rin\u0259 g\u00f6r\u0259, qad\u0131n h\u00fcquqlar\u0131n\u0131n t\u0259min edilm\u0259si m\u0259s\u0259l\u0259si BMT-nin g\u00fcnd\u0259liyinin ayr\u0131lmaz hiss\u0259sidir: \u201cBu g\u00fcn biz gender b\u0259rab\u0259rliyi m\u0259s\u0259l\u0259sind\u0259 dialoq \u00fc\u00e7\u00fcn h\u0259r c\u00fcr platformadan istifad\u0259 etm\u0259liyik\u201d. BMT-nin rezident \u0259laq\u0259l\u0259ndiricisi vur\u011fulay\u0131b ki, gender b\u0259rab\u0259rliyi v\u0259 qad\u0131nlar\u0131n s\u0259lahiyy\u0259tl\u0259rinin art\u0131r\u0131lmas\u0131 sah\u0259sind\u0259 m\u00fcsb\u0259t n\u0259tic\u0259l\u0259r g\u0259l\u0259c\u0259kd\u0259 bu istiqam\u0259td\u0259 yeni t\u0259\u015f\u0259bb\u00fcsl\u0259r\u0259 ilham ver\u0259&hellip;<\/p>\n","protected":false},"author":2,"featured_media":658682,"comment_status":"closed","ping_status":"closed","sticky":false,"template":"","format":"standard","meta":{"om_disable_all_campaigns":false,"_monsterinsights_skip_tracking":false,"_monsterinsights_sitenote_active":false,"_monsterinsights_sitenote_note":"","_monsterinsights_sitenote_category":0},"categories":[4],"tags":[],"aioseo_notices":[],"gutentor_comment":0,"rttpg_featured_image_url":{"full":["https:\/\/arantv.az\/wp-content\/uploads\/2023\/11\/d697eb0c-5995-3c16-b48d-7436e8e00fd3_850.jpg",620,413,false],"landscape":["https:\/\/arantv.az\/wp-content\/uploads\/2023\/11\/d697eb0c-5995-3c16-b48d-7436e8e00fd3_850.jpg",620,413,false],"portraits":["https:\/\/arantv.az\/wp-content\/uploads\/2023\/11\/d697eb0c-5995-3c16-b48d-7436e8e00fd3_850.jpg",620,413,false],"thumbnail":["https:\/\/arantv.az\/wp-content\/uploads\/2023\/11\/d697eb0c-5995-3c16-b48d-7436e8e00fd3_850-500x280.jpg",500,280,true],"medium":["https:\/\/arantv.az\/wp-content\/uploads\/2023\/11\/d697eb0c-5995-3c16-b48d-7436e8e00fd3_850-548x365.jpg",548,365,true],"large":["https:\/\/arantv.az\/wp-content\/uploads\/2023\/11\/d697eb0c-5995-3c16-b48d-7436e8e00fd3_850.jpg",620,413,false],"1536x1536":["https:\/\/arantv.az\/wp-content\/uploads\/2023\/11\/d697eb0c-5995-3c16-b48d-7436e8e00fd3_850.jpg",620,413,false],"2048x2048":["https:\/\/arantv.az\/wp-content\/uploads\/2023\/11\/d697eb0c-5995-3c16-b48d-7436e8e00fd3_850.jpg",620,413,false],"post-thumbnail":["https:\/\/arantv.az\/wp-content\/uploads\/2023\/11\/d697eb0c-5995-3c16-b48d-7436e8e00fd3_850-240x172.jpg",240,172,true],"advps-thumb-one":["https:\/\/arantv.az\/wp-content\/uploads\/2023\/11\/d697eb0c-5995-3c16-b48d-7436e8e00fd3_850.jpg",620,413,false]},"rttpg_author":{"display_name":"V\u00fcsal Rafiqo\u011flu","author_link":"https:\/\/arantv.az\/?author=2"},"rttpg_comment":0,"rttpg_category":"<a href=\"https:\/\/arantv.az\/?cat=4\" rel=\"category\">Siyas\u0259t<\/a>","rttpg_excerpt":"\u201cBMT Az\u0259rbaycanda qad\u0131n h\u00fcquqlar\u0131n\u0131n qorunmas\u0131 v\u0259 inki\u015faf etdirilm\u0259si ideyas\u0131n\u0131 f\u0259al \u015f\u0259kild\u0259 d\u0259st\u0259kl\u0259yir\u201d. \u201cReport\u201d x\u0259b\u0259r verir ki, bunu BMT-nin Az\u0259rbaycandak\u0131 rezident \u0259laq\u0259l\u0259ndiricisi Vladanka Andreyeva noyabr\u0131n 20-d\u0259 Qo\u015fulmama H\u0259r\u0259kat\u0131n\u0131n ail\u0259, qad\u0131n komit\u0259l\u0259rinin Bak\u0131da ke\u00e7iril\u0259n \u201cQad\u0131nlar\u0131n h\u00fcquqlar\u0131n\u0131n inki\u015faf etdirilm\u0259si v\u0259 s\u0259lahiyy\u0259tl\u0259rinin art\u0131r\u0131lmas\u0131\u201d m\u00f6vzusunda konfransda \u00e7\u0131x\u0131\u015f\u0131 zaman\u0131 deyib. Onun s\u00f6zl\u0259rin\u0259 g\u00f6r\u0259, qad\u0131n h\u00fcquqlar\u0131n\u0131n t\u0259min edilm\u0259si m\u0259s\u0259l\u0259si BMT-nin g\u00fcnd\u0259liyinin ayr\u0131lmaz&hellip;","_links":{"self":[{"href":"https:\/\/arantv.az\/index.php?rest_route=\/wp\/v2\/posts\/658678"}],"collection":[{"href":"https:\/\/arantv.az\/index.php?rest_route=\/wp\/v2\/posts"}],"about":[{"href":"https:\/\/arantv.az\/index.php?rest_route=\/wp\/v2\/types\/post"}],"author":[{"embeddable":true,"href":"https:\/\/arantv.az\/index.php?rest_route=\/wp\/v2\/users\/2"}],"replies":[{"embeddable":true,"href":"https:\/\/arantv.az\/index.php?rest_route=%2Fwp%2Fv2%2Fcomments&post=658678"}],"version-history":[{"count":0,"href":"https:\/\/arantv.az\/index.php?rest_route=\/wp\/v2\/posts\/658678\/revisions"}],"wp:featuredmedia":[{"embeddable":true,"href":"https:\/\/arantv.az\/index.php?rest_route=\/wp\/v2\/media\/658682"}],"wp:attachment":[{"href":"https:\/\/arantv.az\/index.php?rest_route=%2Fwp%2Fv2%2Fmedia&parent=658678"}],"wp:term":[{"taxonomy":"category","embeddable":true,"href":"https:\/\/arantv.az\/index.php?rest_route=%2Fwp%2Fv2%2Fcategories&post=658678"},{"taxonomy":"post_tag","embeddable":true,"href":"https:\/\/arantv.az\/index.php?rest_route=%2Fwp%2Fv2%2Ftags&post=658678"}],"curies":[{"name":"wp","href":"https:\/\/api.w.org\/{rel}","templated":true}]}}