{"id":658695,"date":"2023-11-20T12:09:54","date_gmt":"2023-11-20T08:09:54","guid":{"rendered":"https:\/\/arantv.az\/?p=658695"},"modified":"2023-11-20T12:09:54","modified_gmt":"2023-11-20T08:09:54","slug":"dun%c9%99nin-bu-gunun-v%c9%99-sabahin-partiyasi-nec%c9%99-yarandi-c%c9%99misi-7-ay-sonra","status":"publish","type":"post","link":"https:\/\/arantv.az\/?p=658695","title":{"rendered":"D\u00fcn\u0259nin, bu g\u00fcn\u00fcn v\u0259 sabah\u0131n partiyas\u0131 nec\u0259 yarand\u0131? &#8211; C\u0259misi 7 ay sonra&#8230;"},"content":{"rendered":"<p><strong>\u015e\u00fcbh\u0259siz ki, Yeni Az\u0259rbaycan Partiyas\u0131n\u0131n yarad\u0131lmas\u0131 \u00f6z\u00fc-\u00f6zl\u00fcy\u00fcnda tarixi bir hadis\u0259 idi. Partiya yarananda Az\u0259rbaycan h\u0259r bir sah\u0259d\u0259 d\u0259rin b\u00f6hran i\u00e7ind\u0259 idi. M\u00fcst\u0259qilliyin ilk ilind\u0259 demokratik d\u0259y\u0259rl\u0259r elan olunsa da, Az\u0259rbaycan xalq\u0131 faktiki olaraq h\u0259yatda bunun \u0259ksini g\u00f6r\u00fcrd\u00fc. Media azadl\u0131\u011f\u0131 yox idi, iqtisadiyyat \u00e7ox a\u011f\u0131r v\u0259ziyy\u0259td\u0259 idi, insanlar\u0131n sosial v\u0259ziyy\u0259ti g\u00fcnd\u0259n-g\u00fcn\u0259 a\u011f\u0131rla\u015f\u0131rd\u0131, yoxsulluq t\u0259xmin\u0259n 90 faiz\u0259 \u00e7atm\u0131\u015fd\u0131, s\u0259naye istehsal\u0131 iflic v\u0259ziyy\u0259td\u0259 idi. Nizami ordu yarad\u0131lmam\u0131\u015fd\u0131, inflyasiya ikir\u0259q\u0259mlid\u0259n \u00fc\u00e7r\u0259q\u0259mliy\u0259 ke\u00e7irdi, bir t\u0259r\u0259fd\u0259n d\u0259 erm\u0259ni t\u0259cav\u00fcz\u00fc davam edirdi. T\u0259bii ki, bel\u0259 \u00e7\u0259tin bir d\u00f6vrd\u0259 ortaya yeni real q\u00fcvv\u0259nin \u00e7\u0131xmas\u0131 z\u0259ruri idi. Ba\u015fqa s\u00f6zl\u0259 des\u0259k Heyd\u0259r \u018fliyevin liderliyi il\u0259 Yeni Az\u0259rbaycan Partiyas\u0131n\u0131n yaranmas\u0131 z\u0259rur\u0259td\u0259n v\u0259 ehtiyacdan ir\u0259li g\u0259ldi.<\/strong><\/p>\n<p><strong>Bunu\u00a0<a href=\"https:\/\/publika.az\/\" target=\"_blank\" rel=\"noopener\">Publika.az<\/a>\u00a0verdiyi a\u00e7\u0131qlamada Yusif Ba\u011f\u0131rzad\u0259 deyib.\u00a0<\/strong>O bildirib ki,<strong>\u00a0<\/strong>Az\u0259rbaycan\u0131n g\u00f6rk\u0259mli n\u00fcmay\u0259nd\u0259l\u0259ri, v\u0259t\u0259np\u0259rv\u0259r insanlar, \u00f6lk\u0259nin g\u0259l\u0259c\u0259yini d\u00fc\u015f\u00fcn\u0259n insanlar \u00f6lk\u0259mizin nicat yolunu Heyd\u0259r \u018fliyevin simas\u0131nda g\u00f6r\u00fcrd\u00fcl\u0259r v\u0259 m\u0259hz buna g\u00f6r\u0259 Ulu \u00d6nd\u0259r\u0259 m\u00fcraci\u0259t \u00fcnvanlad\u0131lar:<\/p>\n<p>&#8220;21 noyabr 1992-ci il tarixind\u0259 Nax\u00e7\u0131vanda \u00f6lk\u0259mizin b\u00fct\u00fcn regionlar\u0131n\u0131 t\u0259msil ed\u0259n v\u0259 550 n\u0259f\u0259rd\u0259n ibar\u0259t olan t\u0259\u015f\u0259bb\u00fcs qrupunun i\u015ftirak\u0131 il\u0259 T\u0259sis Konfrans\u0131 ke\u00e7irildi. T\u0259sis konfrans\u0131nda Yeni Az\u0259rbaycan Partiyas\u0131n\u0131n yarad\u0131lmas\u0131 haqq\u0131nda q\u0259rar q\u0259bul olundu, el\u0259c\u0259 d\u0259 partiyan\u0131n Nizamnam\u0259sini v\u0259 Proqram\u0131 q\u0259bul edildi. Konfransda Ulu \u00d6nd\u0259r Heyd\u0259r \u018fliyev yekdillikl\u0259 partiyan\u0131n s\u0259dri se\u00e7ildi. Habel\u0259, partiyan\u0131n Siyasi \u015euras\u0131, \u0130dar\u0259 Hey\u0259ti v\u0259 s\u0259drin m\u00fcavinl\u0259ri se\u00e7ildi. Bel\u0259likl\u0259, m\u00fcst\u0259qil Az\u0259rbaycan\u0131n tarixind\u0259 \u00f6z \u00fcz\u0259rin\u0259 b\u00f6y\u00fck tarixi missiya g\u00f6t\u00fcr\u0259n Yeni Az\u0259rbaycan Partiyas\u0131 yarand\u0131.<\/p>\n<p><img loading=\"lazy\" src=\"https:\/\/haydaraliyevcenter.files.wordpress.com\/2015\/12\/622.jpg?w=700\" alt=\"\" width=\"650\" height=\"442\" \/><\/p>\n<p>Nax\u00e7\u0131vanda ke\u00e7iril\u0259n t\u0259sis Konfrans\u0131 il\u0259 siyasi s\u0259hn\u0259y\u0259 q\u0259d\u0259m qoyan YAP bununla da Az\u0259rbaycan\u0131n siyasi tarixind\u0259 yeni s\u0259hif\u0259nin a\u00e7\u0131lmas\u0131na nail oldu.<br \/>\nUlu \u00d6nd\u0259r Heyd\u0259r \u018fliyev r\u0259hb\u0259rlik etdiyi Yeni Az\u0259rbaycan Partiyas\u0131 q\u0131sa m\u00fcdd\u0259t \u0259rzind\u0259 c\u0259miyy\u0259tin apar\u0131c\u0131 q\u00fcvv\u0259sin\u0259 \u00e7evrilm\u0259yi bacard\u0131. Ulu \u00d6nd\u0259r c\u0259miyy\u0259timizin apar\u0131c\u0131 siyasi q\u00fcvv\u0259si olan Yeni Az\u0259rbaycan Partiyas\u0131n\u0131 q\u0131sa zamanda inki\u015faf etdirdi, \u00f6z\u00fcn\u00fcn dediyi kimi \u201cd\u00fcn\u0259nin, bu g\u00fcn\u00fcn v\u0259 sabah\u0131n partiyas\u0131\u201d s\u0259viyy\u0259sin\u0259 y\u00fcks\u0259ltdi.<br \/>\nPrezident \u0130lham \u018fliyevin ke\u00e7\u0259n il YAP-\u0131n 30 illik Yubileyi il\u0259 ba\u011fl\u0131 ke\u00e7iril\u0259n t\u0259dbird\u0259 \u00e7\u0131x\u0131\u015f\u0131nda dediyi kimi Yeni Az\u0259rbaycan Partiyas\u0131 yarananda m\u00fcxalif\u0259t partiyas\u0131 kimi yaranm\u0131\u015fd\u0131r v\u0259 t\u0259bii ki, m\u00fcxalif\u0259t partiyas\u0131 olaraq d\u00f6vl\u0259tin a\u011f\u0131r probleml\u0259rinin, y\u00fck\u00fcn\u00fcn bir hiss\u0259sini \u00f6z \u00fcz\u0259rin\u0259 g\u00f6t\u00fcrm\u0259k b\u00f6y\u00fck m\u0259suliyy\u0259t t\u0259l\u0259b edirdi. YAP bu m\u0259suliyy\u0259ti \u00fcz\u0259rin\u0259 g\u00f6t\u00fcrm\u0259kd\u0259n \u00e7\u0259kinm\u0259di v\u0259 yaranmas\u0131ndan c\u0259mi 7 ay sonra iqtidar partiyas\u0131na \u00e7evrildi. N\u0259tic\u0259 etibaril\u0259 Heyd\u0259r \u018fliyevin t\u0259cr\u00fcb\u0259si v\u0259 pe\u015f\u0259karl\u0131\u011f\u0131 say\u0259sind\u0259 \u00f6lk\u0259mizi \u00fczl\u0259\u015fdiyi b\u0259lalardan xilas ed\u0259 bildi. Odur ki, bug\u00fcnk\u00fc g\u00fccl\u00fc, q\u00fcdr\u0259tli Az\u0259rbaycan\u0131n b\u00fct\u00fcn u\u011furlar\u0131n\u0131n k\u00f6k\u00fc m\u0259hz el\u0259 o g\u00fcnd\u0259n ba\u015flay\u0131r&#8221;.<\/p>\n<p><img loading=\"lazy\" src=\"https:\/\/reyting.az\/uploads\/posts\/2022-11\/1669020905_000000000000000000000.jpg\" alt=\"\" width=\"650\" height=\"437\" \/><\/p>\n<p>Politoloq vur\u011fulay\u0131b ki, YAP-\u0131n ke\u00e7\u0259n d\u00f6vr \u0259rzind\u0259 f\u0259aliyy\u0259tin\u0259 n\u0259z\u0259r sald\u0131qda g\u00f6r\u00fcr\u00fck ki, bu partiya \u00f6z\u00fcn\u00fcn b\u00fct\u00fcn f\u0259aliyy\u0259ti d\u00f6vr\u00fcnd\u0259 \u00f6lk\u0259mizd\u0259 siyasi sabitliyin v\u0259 davaml\u0131 inki\u015faf\u0131n t\u0259minat\u00e7\u0131s\u0131 kimi \u00e7\u0131x\u0131\u015f etmi\u015fdir:<\/p>\n<p>&#8220;YAP h\u0259m\u00e7inin siyasi irs\u0259 sadiqlik n\u00fcmayi\u015f ed\u0259n partiya kimi d\u0259 u\u011furla inki\u015faf ed\u0259n bir partiyad\u0131r. YAP-\u0131n 2005-ci il 26 mart tarixind\u0259 ke\u00e7irilmi\u015f III qurultay\u0131nda Prezident \u0130lham \u018fliyevin partiyan\u0131n yeni s\u0259dri se\u00e7ilm\u0259si il\u0259 Yeni Az\u0259rbaycan Partiyas\u0131 n\u0259inki Az\u0259rbaycan\u0131n, h\u0259m d\u0259 C\u0259nubi Qafqaz\u0131n \u0259n b\u00f6y\u00fck siyasi partiyas\u0131na \u00e7evrilm\u0259yi bacard\u0131.<\/p>\n<p><img loading=\"lazy\" src=\"https:\/\/sonxeber.az\/uploads\/1636883260heyder.jpg\" alt=\"\" width=\"650\" height=\"514\" \/><\/p>\n<p>\u00d6z f\u0259aliyy\u0259tind\u0259 d\u00f6vl\u0259tin siyasi prioritetl\u0259rini \u0259sas tutan YAP beyn\u0259lxalq \u0259m\u0259kda\u015fl\u0131q vektorunda da milli maraqlara \u0259saslanan m\u00fcnasib\u0259tl\u0259r qurur. Partiyan\u0131n beyn\u0259lxaq m\u00fcst\u0259vid\u0259ki f\u0259al m\u00f6vqeyi paralel olaraq \u00f6lk\u0259miz\u0259 d\u0259 \u00e7oxlu sayda t\u0259r\u0259fda\u015f qazand\u0131r\u0131b.<br \/>\nYAP h\u0259m\u00e7inin \u00f6z t\u0259\u015f\u0259bb\u00fcsl\u0259ri say\u0259sind\u0259 partiyalararas\u0131 siyasi dialoqu stimulla\u015fd\u0131r\u0131r. Siyasi dialoqun inki\u015faf\u0131n\u0131 d\u00f6vl\u0259t siyas\u0259tinin prioritet f\u0259aliyy\u0259t istiqam\u0259tl\u0259rind\u0259n biri kimi q\u0259bul ed\u0259n partiya olaraq YAP \u00fcz\u0259rin\u0259 g\u00f6t\u00fcrd\u00fcy\u00fc missiyan\u0131 u\u011furla davam etdirir. Partiyan\u0131n sonuncu VII qurultayda q\u0259bul olunmu\u015f q\u0259rarlar hakim partiyan\u0131n \u201ciqtidar-xalq\u201d modelinin real i\u015f\u0259 d\u00fc\u015fd\u00fcy\u00fcn\u00fc, milli h\u0259mr\u0259yliyin yeni inki\u015faf m\u0259rh\u0259l\u0259sinin ba\u015fland\u0131\u011f\u0131n\u0131 n\u00fcmayi\u015f etdirdi.<\/p>\n<p><img loading=\"lazy\" src=\"https:\/\/static.president.az\/upload\/2360x1196\/2019\/08\/07\/10t4m1r4je_002.JPG\" alt=\"\" width=\"650\" height=\"329\" \/><br \/>\nB\u00f6y\u00fck inki\u015faf yolu ke\u00e7mi\u015f, b\u00f6y\u00fck \u0259n\u0259n\u0259l\u0259r\u0259 malik olan Yeni Az\u0259rbaycan Partiyas\u0131n\u0131n bundan sonra da \u00f6lk\u0259mizd\u0259 ged\u0259n b\u00fct\u00fcn prosesl\u0259rin m\u0259rk\u0259zind\u0259 olaca\u011f\u0131 he\u00e7 bir \u015f\u00fcbh\u0259 do\u011furmur. \u00c7\u00fcnki bu partiya t\u0259sis olundu\u011fu g\u00fcnd\u0259n etibar\u0259n xalq\u0131n inam v\u0259 etimad\u0131n\u0131 \u0259n y\u00fcks\u0259k s\u0259viyy\u0259d\u0259 do\u011frultma\u011f\u0131 bacar\u0131b&#8221;.<\/p>\n","protected":false},"excerpt":{"rendered":"<p>\u015e\u00fcbh\u0259siz ki, Yeni Az\u0259rbaycan Partiyas\u0131n\u0131n yarad\u0131lmas\u0131 \u00f6z\u00fc-\u00f6zl\u00fcy\u00fcnda tarixi bir hadis\u0259 idi. Partiya yarananda Az\u0259rbaycan h\u0259r bir sah\u0259d\u0259 d\u0259rin b\u00f6hran i\u00e7ind\u0259 idi. M\u00fcst\u0259qilliyin ilk ilind\u0259 demokratik d\u0259y\u0259rl\u0259r elan olunsa da, Az\u0259rbaycan xalq\u0131 faktiki olaraq h\u0259yatda bunun \u0259ksini g\u00f6r\u00fcrd\u00fc. Media azadl\u0131\u011f\u0131 yox idi, iqtisadiyyat \u00e7ox a\u011f\u0131r v\u0259ziyy\u0259td\u0259 idi, insanlar\u0131n sosial v\u0259ziyy\u0259ti g\u00fcnd\u0259n-g\u00fcn\u0259 a\u011f\u0131rla\u015f\u0131rd\u0131, yoxsulluq t\u0259xmin\u0259n 90 faiz\u0259 \u00e7atm\u0131\u015fd\u0131, s\u0259naye istehsal\u0131 iflic v\u0259ziyy\u0259td\u0259 idi. Nizami ordu yarad\u0131lmam\u0131\u015fd\u0131, inflyasiya ikir\u0259q\u0259mlid\u0259n \u00fc\u00e7r\u0259q\u0259mliy\u0259 ke\u00e7irdi, bir t\u0259r\u0259fd\u0259n d\u0259 erm\u0259ni t\u0259cav\u00fcz\u00fc davam edirdi. T\u0259bii ki, bel\u0259 \u00e7\u0259tin bir d\u00f6vrd\u0259 ortaya yeni real q\u00fcvv\u0259nin \u00e7\u0131xmas\u0131 z\u0259ruri idi. Ba\u015fqa s\u00f6zl\u0259&hellip;<\/p>\n","protected":false},"author":2,"featured_media":658699,"comment_status":"closed","ping_status":"closed","sticky":false,"template":"","format":"standard","meta":{"om_disable_all_campaigns":false,"_monsterinsights_skip_tracking":false,"_monsterinsights_sitenote_active":false,"_monsterinsights_sitenote_note":"","_monsterinsights_sitenote_category":0},"categories":[4],"tags":[],"aioseo_notices":[],"gutentor_comment":0,"rttpg_featured_image_url":{"full":["https:\/\/arantv.az\/wp-content\/uploads\/2023\/11\/380760.jpg",1200,795,false],"landscape":["https:\/\/arantv.az\/wp-content\/uploads\/2023\/11\/380760.jpg",1200,795,false],"portraits":["https:\/\/arantv.az\/wp-content\/uploads\/2023\/11\/380760.jpg",1200,795,false],"thumbnail":["https:\/\/arantv.az\/wp-content\/uploads\/2023\/11\/380760-500x280.jpg",500,280,true],"medium":["https:\/\/arantv.az\/wp-content\/uploads\/2023\/11\/380760-551x365.jpg",551,365,true],"large":["https:\/\/arantv.az\/wp-content\/uploads\/2023\/11\/380760-840x557.jpg",640,424,true],"1536x1536":["https:\/\/arantv.az\/wp-content\/uploads\/2023\/11\/380760.jpg",1200,795,false],"2048x2048":["https:\/\/arantv.az\/wp-content\/uploads\/2023\/11\/380760.jpg",1200,795,false],"post-thumbnail":["https:\/\/arantv.az\/wp-content\/uploads\/2023\/11\/380760-240x172.jpg",240,172,true],"advps-thumb-one":["https:\/\/arantv.az\/wp-content\/uploads\/2023\/11\/380760-1200x620.jpg",1200,620,true]},"rttpg_author":{"display_name":"V\u00fcsal Rafiqo\u011flu","author_link":"https:\/\/arantv.az\/?author=2"},"rttpg_comment":0,"rttpg_category":"<a href=\"https:\/\/arantv.az\/?cat=4\" rel=\"category\">Siyas\u0259t<\/a>","rttpg_excerpt":"\u015e\u00fcbh\u0259siz ki, Yeni Az\u0259rbaycan Partiyas\u0131n\u0131n yarad\u0131lmas\u0131 \u00f6z\u00fc-\u00f6zl\u00fcy\u00fcnda tarixi bir hadis\u0259 idi. Partiya yarananda Az\u0259rbaycan h\u0259r bir sah\u0259d\u0259 d\u0259rin b\u00f6hran i\u00e7ind\u0259 idi. M\u00fcst\u0259qilliyin ilk ilind\u0259 demokratik d\u0259y\u0259rl\u0259r elan olunsa da, Az\u0259rbaycan xalq\u0131 faktiki olaraq h\u0259yatda bunun \u0259ksini g\u00f6r\u00fcrd\u00fc. Media azadl\u0131\u011f\u0131 yox idi, iqtisadiyyat \u00e7ox a\u011f\u0131r v\u0259ziyy\u0259td\u0259 idi, insanlar\u0131n sosial v\u0259ziyy\u0259ti g\u00fcnd\u0259n-g\u00fcn\u0259 a\u011f\u0131rla\u015f\u0131rd\u0131, yoxsulluq t\u0259xmin\u0259n 90 faiz\u0259&hellip;","_links":{"self":[{"href":"https:\/\/arantv.az\/index.php?rest_route=\/wp\/v2\/posts\/658695"}],"collection":[{"href":"https:\/\/arantv.az\/index.php?rest_route=\/wp\/v2\/posts"}],"about":[{"href":"https:\/\/arantv.az\/index.php?rest_route=\/wp\/v2\/types\/post"}],"author":[{"embeddable":true,"href":"https:\/\/arantv.az\/index.php?rest_route=\/wp\/v2\/users\/2"}],"replies":[{"embeddable":true,"href":"https:\/\/arantv.az\/index.php?rest_route=%2Fwp%2Fv2%2Fcomments&post=658695"}],"version-history":[{"count":0,"href":"https:\/\/arantv.az\/index.php?rest_route=\/wp\/v2\/posts\/658695\/revisions"}],"wp:featuredmedia":[{"embeddable":true,"href":"https:\/\/arantv.az\/index.php?rest_route=\/wp\/v2\/media\/658699"}],"wp:attachment":[{"href":"https:\/\/arantv.az\/index.php?rest_route=%2Fwp%2Fv2%2Fmedia&parent=658695"}],"wp:term":[{"taxonomy":"category","embeddable":true,"href":"https:\/\/arantv.az\/index.php?rest_route=%2Fwp%2Fv2%2Fcategories&post=658695"},{"taxonomy":"post_tag","embeddable":true,"href":"https:\/\/arantv.az\/index.php?rest_route=%2Fwp%2Fv2%2Ftags&post=658695"}],"curies":[{"name":"wp","href":"https:\/\/api.w.org\/{rel}","templated":true}]}}