{"id":658704,"date":"2023-11-20T12:14:58","date_gmt":"2023-11-20T08:14:58","guid":{"rendered":"https:\/\/arantv.az\/?p=658704"},"modified":"2023-11-20T12:14:58","modified_gmt":"2023-11-20T08:14:58","slug":"almaniyadaki-az%c9%99rbaycanli-h%c9%99kiml%c9%99rin-t%c9%99qaud-proqraminin-ilk-qalibl%c9%99rinin-adlari-aciqlandi","status":"publish","type":"post","link":"https:\/\/arantv.az\/?p=658704","title":{"rendered":"Almaniyadak\u0131 Az\u0259rbaycanl\u0131 H\u0259kiml\u0259rin T\u0259qa\u00fcd Proqram\u0131n\u0131n ilk qalibl\u0259rinin adlar\u0131 A\u00c7IQLANDI"},"content":{"rendered":"<p>Almaniyadak\u0131 Az\u0259rbaycanl\u0131 H\u0259kiml\u0259rin II Forumunda T\u0259qa\u00fcd Proqram\u0131n\u0131n ilk qalibl\u0259ri m\u00fc\u0259yy\u0259n olunub.<\/p>\n<p><strong>ARANTV.AZ <\/strong>\u00a0x\u0259b\u0259r verir ki, \u201cHeyd\u0259r \u018fliyev \u0130li\u201d \u00e7\u0259r\u00e7iv\u0259sind\u0259 Berlin \u015f\u0259h\u0259rind\u0259ki Az\u0259rbaycan M\u0259d\u0259niyy\u0259t M\u0259rk\u0259zind\u0259 ke\u00e7iril\u0259n t\u0259dbird\u0259 bildirilib ki, bunlar h\u0259kim N\u0259rmin Quliyeva, Az\u0259rbaycan Tibb Universitetinin m\u0259zunu G\u00fclnar\u0259 Abdullayeva v\u0259 T\u00fcrkiy\u0259d\u0259 t\u0259hsil alan t\u0259l\u0259b\u0259 T\u0259briz M\u0259mm\u0259dlidir.<\/p>\n<p>Qeyd ed\u0259k ki, t\u0259dbird\u0259 Almaniyan\u0131n 70-\u0259 yax\u0131n \u015f\u0259h\u0259rind\u0259n g\u0259l\u0259n tibb m\u00fct\u0259x\u0259ssisl\u0259ri v\u0259 qonaqlar, o c\u00fcml\u0259d\u0259n Diasporla \u0130\u015f \u00fczr\u0259 D\u00f6vl\u0259t Komit\u0259sinin, Az\u0259rbaycan\u0131n Almaniyadak\u0131 s\u0259firliyinin, \u018fm\u0259k v\u0259 \u018fhalinin Sosial M\u00fcdafi\u0259si Nazirliyinin, \u0130cbari Tibbi S\u0131\u011forta \u00fczr\u0259 D\u00f6vl\u0259t Agentliyinin, Tibbi \u018frazi B\u00f6lm\u0259l\u0259rini \u0130dar\u0259etm\u0259 Birliyinin \u0259m\u0259kda\u015flar\u0131 i\u015ftirak edibl\u0259r.<\/p>\n<p>Forum zaman\u0131 ulu \u00f6nd\u0259r Heyd\u0259r \u018fliyevin 100 illik yubileyi \u00e7\u0259r\u00e7iv\u0259sind\u0259 II forumun t\u0259\u015fkilinin \u00e7ox b\u00f6y\u00fck \u00f6n\u0259m k\u0259sb etdiyi, respublikaya r\u0259hb\u0259rlik etdiyi h\u0259r iki d\u00f6vrd\u0259 onun b\u00fct\u00fcn sah\u0259l\u0259rl\u0259 yana\u015f\u0131, xaricd\u0259 t\u0259hsil v\u0259 inteqrasiya m\u0259s\u0259l\u0259l\u0259rin\u0259, diaspor quruculu\u011funa x\u00fcsusi qay\u011f\u0131 v\u0259 diqq\u0259t g\u00f6st\u0259rdiyi, Prezident\u00a0<strong>\u0130lham \u018fliyevin<\/strong>\u00a0d\u00fc\u015f\u00fcn\u00fclm\u00fc\u015f, m\u0259qs\u0259dy\u00f6nl\u00fc siyas\u0259ti n\u0259tic\u0259sind\u0259 Az\u0259rbaycan diasporunun yeni m\u0259rh\u0259l\u0259y\u0259 q\u0259d\u0259m qoydu\u011fu, milli d\u0259y\u0259rl\u0259rimizin d\u00fcnya miqyas\u0131nda t\u0259bli\u011fi v\u0259 tan\u0131d\u0131lmas\u0131 istiqam\u0259tind\u0259 Birinci vitse-prezident\u00a0<strong>Mehriban \u018fliyevan\u0131n<\/strong>\u00a0t\u0259\u015f\u0259bb\u00fcs\u00fc v\u0259 r\u0259hb\u0259rliyi il\u0259 g\u00f6r\u00fcl\u0259n i\u015fl\u0259r diqq\u0259t\u0259 \u00e7atd\u0131r\u0131l\u0131b.<\/p>\n<p>Forumda m\u00fcxt\u0259lif t\u0259qdimatlar v\u0259 m\u0259ruz\u0259l\u0259r t\u0259qdim olunub, Almaniyan\u0131n s\u0259hiyy\u0259 sistemind\u0259 \u00f6n\u0259mli m\u00f6vqel\u0259r\u0259 malik olan az\u0259rbaycanl\u0131 h\u0259kiml\u0259rin elmi nailiyy\u0259tl\u0259ri \u0259traf\u0131nda geni\u015f fikir m\u00fcbadil\u0259si apar\u0131l\u0131b.<\/p>\n<div id=\"22889818619\"><\/div>\n<p>T\u0259dbir \u00e7\u0259r\u00e7iv\u0259sind\u0259 \u00fcmummilli lider Heyd\u0259r \u018fliyevin portreti t\u0259qdim edilib v\u0259 xatir\u0259 \u015f\u0259kli \u00e7\u0259kilib.<\/p>\n<p>II Forum i\u015ftirak\u00e7\u0131lar\u0131 t\u0259dbirin t\u0259\u015fkilind\u0259 \u0259m\u0259yi olan h\u0259r k\u0259s\u0259 t\u0259\u015f\u0259kk\u00fcrl\u0259rini bildiribl\u0259r.<\/p>\n<p>Xat\u0131rladaq ki, Diasporla \u0130\u015f \u00fczr\u0259 D\u00f6vl\u0259t Komit\u0259sinin d\u0259st\u0259yi il\u0259 Almaniyada Az\u0259rbaycanl\u0131 H\u0259kiml\u0259rin I Forumu 5 may 2022-ci il tarixind\u0259 K\u00f6ln \u015f\u0259h\u0259rind\u0259 t\u0259\u015fkil edilib.<\/p>\n","protected":false},"excerpt":{"rendered":"<p>Almaniyadak\u0131 Az\u0259rbaycanl\u0131 H\u0259kiml\u0259rin II Forumunda T\u0259qa\u00fcd Proqram\u0131n\u0131n ilk qalibl\u0259ri m\u00fc\u0259yy\u0259n olunub. ARANTV.AZ \u00a0x\u0259b\u0259r verir ki, \u201cHeyd\u0259r \u018fliyev \u0130li\u201d \u00e7\u0259r\u00e7iv\u0259sind\u0259 Berlin \u015f\u0259h\u0259rind\u0259ki Az\u0259rbaycan M\u0259d\u0259niyy\u0259t M\u0259rk\u0259zind\u0259 ke\u00e7iril\u0259n t\u0259dbird\u0259 bildirilib ki, bunlar h\u0259kim N\u0259rmin Quliyeva, Az\u0259rbaycan Tibb Universitetinin m\u0259zunu G\u00fclnar\u0259 Abdullayeva v\u0259 T\u00fcrkiy\u0259d\u0259 t\u0259hsil alan t\u0259l\u0259b\u0259 T\u0259briz M\u0259mm\u0259dlidir. Qeyd ed\u0259k ki, t\u0259dbird\u0259 Almaniyan\u0131n 70-\u0259 yax\u0131n \u015f\u0259h\u0259rind\u0259n g\u0259l\u0259n tibb m\u00fct\u0259x\u0259ssisl\u0259ri v\u0259 qonaqlar, o c\u00fcml\u0259d\u0259n Diasporla \u0130\u015f \u00fczr\u0259 D\u00f6vl\u0259t Komit\u0259sinin, Az\u0259rbaycan\u0131n Almaniyadak\u0131 s\u0259firliyinin, \u018fm\u0259k v\u0259 \u018fhalinin Sosial M\u00fcdafi\u0259si Nazirliyinin, \u0130cbari Tibbi S\u0131\u011forta \u00fczr\u0259 D\u00f6vl\u0259t Agentliyinin, Tibbi \u018frazi B\u00f6lm\u0259l\u0259rini \u0130dar\u0259etm\u0259 Birliyinin \u0259m\u0259kda\u015flar\u0131 i\u015ftirak edibl\u0259r. Forum zaman\u0131&hellip;<\/p>\n","protected":false},"author":2,"featured_media":658705,"comment_status":"closed","ping_status":"closed","sticky":false,"template":"","format":"standard","meta":{"om_disable_all_campaigns":false,"_monsterinsights_skip_tracking":false,"_monsterinsights_sitenote_active":false,"_monsterinsights_sitenote_note":"","_monsterinsights_sitenote_category":0},"categories":[4],"tags":[],"aioseo_notices":[],"gutentor_comment":0,"rttpg_featured_image_url":{"full":["https:\/\/arantv.az\/wp-content\/uploads\/2023\/11\/FotoJet-89-2.jpg",620,413,false],"landscape":["https:\/\/arantv.az\/wp-content\/uploads\/2023\/11\/FotoJet-89-2.jpg",620,413,false],"portraits":["https:\/\/arantv.az\/wp-content\/uploads\/2023\/11\/FotoJet-89-2.jpg",620,413,false],"thumbnail":["https:\/\/arantv.az\/wp-content\/uploads\/2023\/11\/FotoJet-89-2-500x280.jpg",500,280,true],"medium":["https:\/\/arantv.az\/wp-content\/uploads\/2023\/11\/FotoJet-89-2-548x365.jpg",548,365,true],"large":["https:\/\/arantv.az\/wp-content\/uploads\/2023\/11\/FotoJet-89-2.jpg",620,413,false],"1536x1536":["https:\/\/arantv.az\/wp-content\/uploads\/2023\/11\/FotoJet-89-2.jpg",620,413,false],"2048x2048":["https:\/\/arantv.az\/wp-content\/uploads\/2023\/11\/FotoJet-89-2.jpg",620,413,false],"post-thumbnail":["https:\/\/arantv.az\/wp-content\/uploads\/2023\/11\/FotoJet-89-2-240x172.jpg",240,172,true],"advps-thumb-one":["https:\/\/arantv.az\/wp-content\/uploads\/2023\/11\/FotoJet-89-2.jpg",620,413,false]},"rttpg_author":{"display_name":"V\u00fcsal Rafiqo\u011flu","author_link":"https:\/\/arantv.az\/?author=2"},"rttpg_comment":0,"rttpg_category":"<a href=\"https:\/\/arantv.az\/?cat=4\" rel=\"category\">Siyas\u0259t<\/a>","rttpg_excerpt":"Almaniyadak\u0131 Az\u0259rbaycanl\u0131 H\u0259kiml\u0259rin II Forumunda T\u0259qa\u00fcd Proqram\u0131n\u0131n ilk qalibl\u0259ri m\u00fc\u0259yy\u0259n olunub. ARANTV.AZ \u00a0x\u0259b\u0259r verir ki, \u201cHeyd\u0259r \u018fliyev \u0130li\u201d \u00e7\u0259r\u00e7iv\u0259sind\u0259 Berlin \u015f\u0259h\u0259rind\u0259ki Az\u0259rbaycan M\u0259d\u0259niyy\u0259t M\u0259rk\u0259zind\u0259 ke\u00e7iril\u0259n t\u0259dbird\u0259 bildirilib ki, bunlar h\u0259kim N\u0259rmin Quliyeva, Az\u0259rbaycan Tibb Universitetinin m\u0259zunu G\u00fclnar\u0259 Abdullayeva v\u0259 T\u00fcrkiy\u0259d\u0259 t\u0259hsil alan t\u0259l\u0259b\u0259 T\u0259briz M\u0259mm\u0259dlidir. Qeyd ed\u0259k ki, t\u0259dbird\u0259 Almaniyan\u0131n 70-\u0259 yax\u0131n \u015f\u0259h\u0259rind\u0259n g\u0259l\u0259n tibb&hellip;","_links":{"self":[{"href":"https:\/\/arantv.az\/index.php?rest_route=\/wp\/v2\/posts\/658704"}],"collection":[{"href":"https:\/\/arantv.az\/index.php?rest_route=\/wp\/v2\/posts"}],"about":[{"href":"https:\/\/arantv.az\/index.php?rest_route=\/wp\/v2\/types\/post"}],"author":[{"embeddable":true,"href":"https:\/\/arantv.az\/index.php?rest_route=\/wp\/v2\/users\/2"}],"replies":[{"embeddable":true,"href":"https:\/\/arantv.az\/index.php?rest_route=%2Fwp%2Fv2%2Fcomments&post=658704"}],"version-history":[{"count":0,"href":"https:\/\/arantv.az\/index.php?rest_route=\/wp\/v2\/posts\/658704\/revisions"}],"wp:featuredmedia":[{"embeddable":true,"href":"https:\/\/arantv.az\/index.php?rest_route=\/wp\/v2\/media\/658705"}],"wp:attachment":[{"href":"https:\/\/arantv.az\/index.php?rest_route=%2Fwp%2Fv2%2Fmedia&parent=658704"}],"wp:term":[{"taxonomy":"category","embeddable":true,"href":"https:\/\/arantv.az\/index.php?rest_route=%2Fwp%2Fv2%2Fcategories&post=658704"},{"taxonomy":"post_tag","embeddable":true,"href":"https:\/\/arantv.az\/index.php?rest_route=%2Fwp%2Fv2%2Ftags&post=658704"}],"curies":[{"name":"wp","href":"https:\/\/api.w.org\/{rel}","templated":true}]}}