{"id":658707,"date":"2023-11-20T12:17:26","date_gmt":"2023-11-20T08:17:26","guid":{"rendered":"https:\/\/arantv.az\/?p=658707"},"modified":"2023-11-20T12:17:26","modified_gmt":"2023-11-20T08:17:26","slug":"abs-az%c9%99rbaycan-olmadan-c%c9%99nubi-qafqaz-regionunda-oz-m%c9%99qs%c9%99dl%c9%99rin%c9%99-nail-ola-bilm%c9%99y%c9%99c%c9%99k","status":"publish","type":"post","link":"https:\/\/arantv.az\/?p=658707","title":{"rendered":"&#8220;AB\u015e Az\u0259rbaycan olmadan C\u0259nubi Qafqaz regionunda \u00f6z m\u0259qs\u0259dl\u0259rin\u0259 nail ola bilm\u0259y\u0259c\u0259k&#8221;"},"content":{"rendered":"<p><strong>\u201cCozef Bayden administrasiyas\u0131 Az\u0259rbaycan olmadan C\u0259nubi Qafqaz regionunda \u00f6z m\u0259qs\u0259dl\u0259rin\u0259 nail ola bilm\u0259y\u0259c\u0259k v\u0259 bu s\u0259b\u0259bd\u0259n d\u0259 m\u00fcnasib\u0259tl\u0259rin b\u0259rpas\u0131 \u00fc\u00e7\u00fcn add\u0131mlar atmal\u0131d\u0131r\u201d.<\/strong><\/p>\n<p>Report x\u0259b\u0259r verir ki, bu bar\u0259d\u0259 \u201cS&amp;P Global\u201d\u0131n Avropa v\u0259 MDB \u00fczr\u0259 proqnozla\u015fd\u0131rma departamentinin ba\u015f analitiki Aleks Meliki\u015fvili &#8220;X&#8221; sosial \u015f\u0259b\u0259k\u0259sind\u0259 yaz\u0131b.<\/p>\n<p>Ekspert hesab edir ki, Va\u015finqton m\u00fcnasib\u0259tl\u0259ri b\u0259rpa etm\u0259k \u00fc\u00e7\u00fcn he\u00e7 bir t\u0259dbir g\u00f6rm\u0259s\u0259, bu, Amerikan\u0131n Qafqazdak\u0131 m\u00f6vqel\u0259rinin \u0259h\u0259miyy\u0259tli d\u0259r\u0259c\u0259d\u0259 z\u0259ifl\u0259m\u0259si anlam\u0131na g\u0259l\u0259 bil\u0259r.<\/p>\n<p>Onun s\u00f6zl\u0259rin\u0259 g\u00f6r\u0259, AB\u015e d\u00f6vl\u0259t katibi Antoni Blinkenin vasit\u0259\u00e7iliyi il\u0259 Az\u0259rbaycan v\u0259 Erm\u0259nistan xarici i\u015fl\u0259r nazirl\u0259ri aras\u0131nda bu g\u00fcn Va\u015finqtonda ke\u00e7irilm\u0259si planla\u015fd\u0131r\u0131lan dan\u0131\u015f\u0131qlar\u0131n pozulmas\u0131na g\u00f6r\u0259 m\u0259suliyy\u0259t d\u00f6vl\u0259t katibinin k\u00f6m\u0259k\u00e7isi Ceyms O&#8217;Brayn\u0131n \u00fcz\u0259rin\u0259 d\u00fc\u015f\u00fcr: \u201cDaha \u0259vv\u0259l qeyd etdiyim kimi, Ceyms O\u2019Brayn noyabr\u0131n 15-d\u0259 Konqresin dinl\u0259m\u0259l\u0259rind\u0259 \u00e7\u0131x\u0131\u015f\u0131 il\u0259 noyabr\u0131n 20-d\u0259 Va\u015finqtonda ba\u015f tutmal\u0131 olan Erm\u0259nistan-Az\u0259rbaycan s\u00fclh dan\u0131\u015f\u0131qlar\u0131n\u0131 pozub\u201d.<\/p>\n","protected":false},"excerpt":{"rendered":"<p>\u201cCozef Bayden administrasiyas\u0131 Az\u0259rbaycan olmadan C\u0259nubi Qafqaz regionunda \u00f6z m\u0259qs\u0259dl\u0259rin\u0259 nail ola bilm\u0259y\u0259c\u0259k v\u0259 bu s\u0259b\u0259bd\u0259n d\u0259 m\u00fcnasib\u0259tl\u0259rin b\u0259rpas\u0131 \u00fc\u00e7\u00fcn add\u0131mlar atmal\u0131d\u0131r\u201d. Report x\u0259b\u0259r verir ki, bu bar\u0259d\u0259 \u201cS&amp;P Global\u201d\u0131n Avropa v\u0259 MDB \u00fczr\u0259 proqnozla\u015fd\u0131rma departamentinin ba\u015f analitiki Aleks Meliki\u015fvili &#8220;X&#8221; sosial \u015f\u0259b\u0259k\u0259sind\u0259 yaz\u0131b. Ekspert hesab edir ki, Va\u015finqton m\u00fcnasib\u0259tl\u0259ri b\u0259rpa etm\u0259k \u00fc\u00e7\u00fcn he\u00e7 bir t\u0259dbir g\u00f6rm\u0259s\u0259, bu, Amerikan\u0131n Qafqazdak\u0131 m\u00f6vqel\u0259rinin \u0259h\u0259miyy\u0259tli d\u0259r\u0259c\u0259d\u0259 z\u0259ifl\u0259m\u0259si anlam\u0131na g\u0259l\u0259 bil\u0259r. Onun s\u00f6zl\u0259rin\u0259 g\u00f6r\u0259, AB\u015e d\u00f6vl\u0259t katibi Antoni Blinkenin vasit\u0259\u00e7iliyi il\u0259 Az\u0259rbaycan v\u0259 Erm\u0259nistan xarici i\u015fl\u0259r nazirl\u0259ri aras\u0131nda bu g\u00fcn Va\u015finqtonda ke\u00e7irilm\u0259si planla\u015fd\u0131r\u0131lan dan\u0131\u015f\u0131qlar\u0131n&hellip;<\/p>\n","protected":false},"author":2,"featured_media":658708,"comment_status":"closed","ping_status":"closed","sticky":false,"template":"","format":"standard","meta":{"om_disable_all_campaigns":false,"_monsterinsights_skip_tracking":false,"_monsterinsights_sitenote_active":false,"_monsterinsights_sitenote_note":"","_monsterinsights_sitenote_category":0},"categories":[4],"tags":[],"aioseo_notices":[],"gutentor_comment":0,"rttpg_featured_image_url":{"full":["https:\/\/arantv.az\/wp-content\/uploads\/2023\/11\/037dd3bfc664e3d9a1fc598d0be27a7c.jpg",810,450,false],"landscape":["https:\/\/arantv.az\/wp-content\/uploads\/2023\/11\/037dd3bfc664e3d9a1fc598d0be27a7c.jpg",810,450,false],"portraits":["https:\/\/arantv.az\/wp-content\/uploads\/2023\/11\/037dd3bfc664e3d9a1fc598d0be27a7c.jpg",810,450,false],"thumbnail":["https:\/\/arantv.az\/wp-content\/uploads\/2023\/11\/037dd3bfc664e3d9a1fc598d0be27a7c-500x280.jpg",500,280,true],"medium":["https:\/\/arantv.az\/wp-content\/uploads\/2023\/11\/037dd3bfc664e3d9a1fc598d0be27a7c-657x365.jpg",657,365,true],"large":["https:\/\/arantv.az\/wp-content\/uploads\/2023\/11\/037dd3bfc664e3d9a1fc598d0be27a7c.jpg",640,356,false],"1536x1536":["https:\/\/arantv.az\/wp-content\/uploads\/2023\/11\/037dd3bfc664e3d9a1fc598d0be27a7c.jpg",810,450,false],"2048x2048":["https:\/\/arantv.az\/wp-content\/uploads\/2023\/11\/037dd3bfc664e3d9a1fc598d0be27a7c.jpg",810,450,false],"post-thumbnail":["https:\/\/arantv.az\/wp-content\/uploads\/2023\/11\/037dd3bfc664e3d9a1fc598d0be27a7c-240x172.jpg",240,172,true],"advps-thumb-one":["https:\/\/arantv.az\/wp-content\/uploads\/2023\/11\/037dd3bfc664e3d9a1fc598d0be27a7c.jpg",810,450,false]},"rttpg_author":{"display_name":"V\u00fcsal Rafiqo\u011flu","author_link":"https:\/\/arantv.az\/?author=2"},"rttpg_comment":0,"rttpg_category":"<a href=\"https:\/\/arantv.az\/?cat=4\" rel=\"category\">Siyas\u0259t<\/a>","rttpg_excerpt":"\u201cCozef Bayden administrasiyas\u0131 Az\u0259rbaycan olmadan C\u0259nubi Qafqaz regionunda \u00f6z m\u0259qs\u0259dl\u0259rin\u0259 nail ola bilm\u0259y\u0259c\u0259k v\u0259 bu s\u0259b\u0259bd\u0259n d\u0259 m\u00fcnasib\u0259tl\u0259rin b\u0259rpas\u0131 \u00fc\u00e7\u00fcn add\u0131mlar atmal\u0131d\u0131r\u201d. Report x\u0259b\u0259r verir ki, bu bar\u0259d\u0259 \u201cS&amp;P Global\u201d\u0131n Avropa v\u0259 MDB \u00fczr\u0259 proqnozla\u015fd\u0131rma departamentinin ba\u015f analitiki Aleks Meliki\u015fvili &#8220;X&#8221; sosial \u015f\u0259b\u0259k\u0259sind\u0259 yaz\u0131b. Ekspert hesab edir ki, Va\u015finqton m\u00fcnasib\u0259tl\u0259ri b\u0259rpa etm\u0259k \u00fc\u00e7\u00fcn he\u00e7 bir&hellip;","_links":{"self":[{"href":"https:\/\/arantv.az\/index.php?rest_route=\/wp\/v2\/posts\/658707"}],"collection":[{"href":"https:\/\/arantv.az\/index.php?rest_route=\/wp\/v2\/posts"}],"about":[{"href":"https:\/\/arantv.az\/index.php?rest_route=\/wp\/v2\/types\/post"}],"author":[{"embeddable":true,"href":"https:\/\/arantv.az\/index.php?rest_route=\/wp\/v2\/users\/2"}],"replies":[{"embeddable":true,"href":"https:\/\/arantv.az\/index.php?rest_route=%2Fwp%2Fv2%2Fcomments&post=658707"}],"version-history":[{"count":0,"href":"https:\/\/arantv.az\/index.php?rest_route=\/wp\/v2\/posts\/658707\/revisions"}],"wp:featuredmedia":[{"embeddable":true,"href":"https:\/\/arantv.az\/index.php?rest_route=\/wp\/v2\/media\/658708"}],"wp:attachment":[{"href":"https:\/\/arantv.az\/index.php?rest_route=%2Fwp%2Fv2%2Fmedia&parent=658707"}],"wp:term":[{"taxonomy":"category","embeddable":true,"href":"https:\/\/arantv.az\/index.php?rest_route=%2Fwp%2Fv2%2Fcategories&post=658707"},{"taxonomy":"post_tag","embeddable":true,"href":"https:\/\/arantv.az\/index.php?rest_route=%2Fwp%2Fv2%2Ftags&post=658707"}],"curies":[{"name":"wp","href":"https:\/\/api.w.org\/{rel}","templated":true}]}}