{"id":658722,"date":"2023-11-20T12:43:21","date_gmt":"2023-11-20T08:43:21","guid":{"rendered":"https:\/\/arantv.az\/?p=658722"},"modified":"2023-11-20T12:43:21","modified_gmt":"2023-11-20T08:43:21","slug":"ayb-nin-katibi-anar-mu%c9%99llim-kimi-m%c9%99sl%c9%99h%c9%99t-bilibs%c9%99-evl%c9%99r-h%c9%99min-s%c9%99xsl%c9%99r%c9%99-verilib","status":"publish","type":"post","link":"https:\/\/arantv.az\/?p=658722","title":{"rendered":"AYB-nin katibi: \u201cAnar m\u00fc\u0259llim kimi m\u0259sl\u0259h\u0259t bilibs\u0259, evl\u0259r h\u0259min \u015f\u0259xsl\u0259r\u0259 verilib\u201d"},"content":{"rendered":"<p>\u201cAnar m\u00fc\u0259llim kimi m\u0259sl\u0259h\u0259t bilibs\u0259, evl\u0259r h\u0259min \u015f\u0259xsl\u0259r\u0259 verilib\u201d.<\/p>\n<p>Bunu \u201cReport\u201da a\u00e7\u0131qlamas\u0131nda Az\u0259rbaycan Yaz\u0131\u00e7\u0131lar Birliyinin katibi El\u00e7in H\u00fcseynb\u0259yli deyib.<br \/>\nOnun s\u00f6zl\u0259rin\u0259 g\u00f6r\u0259, Yaz\u0131\u00e7\u0131lar Birliyin\u0259 250 n\u0259f\u0259r ev \u00fc\u00e7\u00fcn m\u00fcraci\u0259t edib v\u0259 Anar m\u00fc\u0259llim kimi m\u0259sl\u0259h\u0259t bilibs\u0259, evl\u0259r h\u0259min \u015f\u0259xsl\u0259r\u0259 verilib:<\/p>\n<p>\u201cBu \u015f\u0259xsl\u0259rin s\u0131ras\u0131nda \u0259vv\u0259ld\u0259n ev n\u00f6vb\u0259si g\u00f6zl\u0259y\u0259nl\u0259r d\u0259, yeni m\u00fcraci\u0259t ed\u0259nl\u0259r d\u0259 var\u201d.<\/p>\n<p>\u201cH\u0259min ev b\u00f6lg\u00fcs\u00fc prosesind\u0259 i\u015ftirak etm\u0259mi\u015f\u0259m. D\u00fc\u015f\u00fcn\u00fcr\u0259m ki, ev b\u00f6lg\u00fcs\u00fc kimin evinin olub-olmamas\u0131 prinsipi il\u0259 apar\u0131l\u0131b\u201d, &#8211; dey\u0259 E.H\u00fcseynb\u0259yli vur\u011fulay\u0131b.<\/p>\n<p>Qeyd ed\u0259k ki, \u00f6t\u0259n h\u0259ft\u0259 21 n\u0259f\u0259r yarad\u0131c\u0131 adama ev verilib. Bu is\u0259 yaz\u0131\u00e7\u0131lar aras\u0131nda naraz\u0131l\u0131\u011fa s\u0259b\u0259b olub. Onlar iddia edirl\u0259r ki, ev b\u00f6lg\u00fcs\u00fc obyektiv h\u0259yata ke\u00e7irilm\u0259yib. H\u0259tta 1-2 evi olan \u015f\u0259xsl\u0259r\u0259 yenid\u0259n evl\u0259r verildiyi d\u0259 s\u0259sl\u0259ndiril\u0259n iddialar aras\u0131ndad\u0131r.<\/p>\n","protected":false},"excerpt":{"rendered":"<p>\u201cAnar m\u00fc\u0259llim kimi m\u0259sl\u0259h\u0259t bilibs\u0259, evl\u0259r h\u0259min \u015f\u0259xsl\u0259r\u0259 verilib\u201d. Bunu \u201cReport\u201da a\u00e7\u0131qlamas\u0131nda Az\u0259rbaycan Yaz\u0131\u00e7\u0131lar Birliyinin katibi El\u00e7in H\u00fcseynb\u0259yli deyib. Onun s\u00f6zl\u0259rin\u0259 g\u00f6r\u0259, Yaz\u0131\u00e7\u0131lar Birliyin\u0259 250 n\u0259f\u0259r ev \u00fc\u00e7\u00fcn m\u00fcraci\u0259t edib v\u0259 Anar m\u00fc\u0259llim kimi m\u0259sl\u0259h\u0259t bilibs\u0259, evl\u0259r h\u0259min \u015f\u0259xsl\u0259r\u0259 verilib: \u201cBu \u015f\u0259xsl\u0259rin s\u0131ras\u0131nda \u0259vv\u0259ld\u0259n ev n\u00f6vb\u0259si g\u00f6zl\u0259y\u0259nl\u0259r d\u0259, yeni m\u00fcraci\u0259t ed\u0259nl\u0259r d\u0259 var\u201d. \u201cH\u0259min ev b\u00f6lg\u00fcs\u00fc prosesind\u0259 i\u015ftirak etm\u0259mi\u015f\u0259m. D\u00fc\u015f\u00fcn\u00fcr\u0259m ki, ev b\u00f6lg\u00fcs\u00fc kimin evinin olub-olmamas\u0131 prinsipi il\u0259 apar\u0131l\u0131b\u201d, &#8211; dey\u0259 E.H\u00fcseynb\u0259yli vur\u011fulay\u0131b. Qeyd ed\u0259k ki, \u00f6t\u0259n h\u0259ft\u0259 21 n\u0259f\u0259r yarad\u0131c\u0131 adama ev verilib. Bu is\u0259 yaz\u0131\u00e7\u0131lar aras\u0131nda naraz\u0131l\u0131\u011fa s\u0259b\u0259b&hellip;<\/p>\n","protected":false},"author":2,"featured_media":658726,"comment_status":"closed","ping_status":"closed","sticky":false,"template":"","format":"standard","meta":{"om_disable_all_campaigns":false,"_monsterinsights_skip_tracking":false,"_monsterinsights_sitenote_active":false,"_monsterinsights_sitenote_note":"","_monsterinsights_sitenote_category":0},"categories":[1],"tags":[],"aioseo_notices":[],"gutentor_comment":0,"rttpg_featured_image_url":{"full":["https:\/\/arantv.az\/wp-content\/uploads\/2023\/11\/4bba8039-4e16-39b1-812a-ed79ca1ef825_850.jpg",620,413,false],"landscape":["https:\/\/arantv.az\/wp-content\/uploads\/2023\/11\/4bba8039-4e16-39b1-812a-ed79ca1ef825_850.jpg",620,413,false],"portraits":["https:\/\/arantv.az\/wp-content\/uploads\/2023\/11\/4bba8039-4e16-39b1-812a-ed79ca1ef825_850.jpg",620,413,false],"thumbnail":["https:\/\/arantv.az\/wp-content\/uploads\/2023\/11\/4bba8039-4e16-39b1-812a-ed79ca1ef825_850-500x280.jpg",500,280,true],"medium":["https:\/\/arantv.az\/wp-content\/uploads\/2023\/11\/4bba8039-4e16-39b1-812a-ed79ca1ef825_850-548x365.jpg",548,365,true],"large":["https:\/\/arantv.az\/wp-content\/uploads\/2023\/11\/4bba8039-4e16-39b1-812a-ed79ca1ef825_850.jpg",620,413,false],"1536x1536":["https:\/\/arantv.az\/wp-content\/uploads\/2023\/11\/4bba8039-4e16-39b1-812a-ed79ca1ef825_850.jpg",620,413,false],"2048x2048":["https:\/\/arantv.az\/wp-content\/uploads\/2023\/11\/4bba8039-4e16-39b1-812a-ed79ca1ef825_850.jpg",620,413,false],"post-thumbnail":["https:\/\/arantv.az\/wp-content\/uploads\/2023\/11\/4bba8039-4e16-39b1-812a-ed79ca1ef825_850-240x172.jpg",240,172,true],"advps-thumb-one":["https:\/\/arantv.az\/wp-content\/uploads\/2023\/11\/4bba8039-4e16-39b1-812a-ed79ca1ef825_850.jpg",620,413,false]},"rttpg_author":{"display_name":"V\u00fcsal Rafiqo\u011flu","author_link":"https:\/\/arantv.az\/?author=2"},"rttpg_comment":0,"rttpg_category":"<a href=\"https:\/\/arantv.az\/?cat=1\" rel=\"category\">C\u0259miyy\u0259t<\/a>","rttpg_excerpt":"\u201cAnar m\u00fc\u0259llim kimi m\u0259sl\u0259h\u0259t bilibs\u0259, evl\u0259r h\u0259min \u015f\u0259xsl\u0259r\u0259 verilib\u201d. Bunu \u201cReport\u201da a\u00e7\u0131qlamas\u0131nda Az\u0259rbaycan Yaz\u0131\u00e7\u0131lar Birliyinin katibi El\u00e7in H\u00fcseynb\u0259yli deyib. Onun s\u00f6zl\u0259rin\u0259 g\u00f6r\u0259, Yaz\u0131\u00e7\u0131lar Birliyin\u0259 250 n\u0259f\u0259r ev \u00fc\u00e7\u00fcn m\u00fcraci\u0259t edib v\u0259 Anar m\u00fc\u0259llim kimi m\u0259sl\u0259h\u0259t bilibs\u0259, evl\u0259r h\u0259min \u015f\u0259xsl\u0259r\u0259 verilib: \u201cBu \u015f\u0259xsl\u0259rin s\u0131ras\u0131nda \u0259vv\u0259ld\u0259n ev n\u00f6vb\u0259si g\u00f6zl\u0259y\u0259nl\u0259r d\u0259, yeni m\u00fcraci\u0259t ed\u0259nl\u0259r d\u0259 var\u201d. \u201cH\u0259min ev&hellip;","_links":{"self":[{"href":"https:\/\/arantv.az\/index.php?rest_route=\/wp\/v2\/posts\/658722"}],"collection":[{"href":"https:\/\/arantv.az\/index.php?rest_route=\/wp\/v2\/posts"}],"about":[{"href":"https:\/\/arantv.az\/index.php?rest_route=\/wp\/v2\/types\/post"}],"author":[{"embeddable":true,"href":"https:\/\/arantv.az\/index.php?rest_route=\/wp\/v2\/users\/2"}],"replies":[{"embeddable":true,"href":"https:\/\/arantv.az\/index.php?rest_route=%2Fwp%2Fv2%2Fcomments&post=658722"}],"version-history":[{"count":0,"href":"https:\/\/arantv.az\/index.php?rest_route=\/wp\/v2\/posts\/658722\/revisions"}],"wp:featuredmedia":[{"embeddable":true,"href":"https:\/\/arantv.az\/index.php?rest_route=\/wp\/v2\/media\/658726"}],"wp:attachment":[{"href":"https:\/\/arantv.az\/index.php?rest_route=%2Fwp%2Fv2%2Fmedia&parent=658722"}],"wp:term":[{"taxonomy":"category","embeddable":true,"href":"https:\/\/arantv.az\/index.php?rest_route=%2Fwp%2Fv2%2Fcategories&post=658722"},{"taxonomy":"post_tag","embeddable":true,"href":"https:\/\/arantv.az\/index.php?rest_route=%2Fwp%2Fv2%2Ftags&post=658722"}],"curies":[{"name":"wp","href":"https:\/\/api.w.org\/{rel}","templated":true}]}}