{"id":658728,"date":"2023-11-20T12:44:12","date_gmt":"2023-11-20T08:44:12","guid":{"rendered":"https:\/\/arantv.az\/?p=658728"},"modified":"2023-11-20T12:44:12","modified_gmt":"2023-11-20T08:44:12","slug":"daxild%c9%99-emal-gomruk-proseduru-altinda-yerl%c9%99sdiril%c9%99n-mallarin-h%c9%99cmi-aciqlandi","status":"publish","type":"post","link":"https:\/\/arantv.az\/?p=658728","title":{"rendered":"Daxild\u0259 emal g\u00f6mr\u00fck proseduru alt\u0131nda yerl\u0259\u015fdiril\u0259n mallar\u0131n h\u0259cmi A\u00c7IQLANDI"},"content":{"rendered":"<p>\u201cBu il Az\u0259rbaycanda daxild\u0259 emal x\u00fcsusi g\u00f6mr\u00fck prosedurundan istifad\u0259 imkanlar\u0131 geni\u015fl\u0259ndirilib\u201d.<\/p>\n<p><strong>ARANTV.AZ <\/strong>\u00a0x\u0259b\u0259r verir ki, bunu iqtisadiyyat nazirinin birinci m\u00fcavini Elnur \u018fliyev Bak\u0131da ke\u00e7iril\u0259n G\u00f6mr\u00fck Biznes Forumunda \u00e7\u0131x\u0131\u015f\u0131 zaman\u0131 deyib.<\/p>\n<p>O qeyd edib ki, n\u0259tic\u0259d\u0259 \u00f6lk\u0259mizd\u0259 emal olunaraq ixrac edil\u0259n m\u0259hsullar\u0131n istehsal\u0131nda istifad\u0259 olunan xammal\u0131n \u00f6lk\u0259miz\u0259 g\u0259tirilm\u0259si g\u00f6mr\u00fck r\u00fcsumlar\u0131 v\u0259 vergil\u0259rd\u0259n, o c\u00fcml\u0259d\u0259n \u018fDV-d\u0259n azad olunub:<\/p>\n<p>\u201cBu ilin 9 ay\u0131nda \u00f6t\u0259n ilin eyni d\u00f6vr\u00fc il\u0259 m\u00fcqayis\u0259d\u0259 1,5 d\u0259f\u0259 \u00e7ox &#8211; 500 milyon AB\u015e dollar\u0131ndan \u00e7ox d\u0259y\u0259rd\u0259 m\u0259hsul daxild\u0259\u00a0emal g\u00f6mr\u00fck proseduru alt\u0131nda yerl\u0259\u015fdirilib. Bel\u0259likl\u0259, bu g\u00f6st\u0259rici s\u00f6z\u00fcged\u0259n mexanizmin emal v\u0259 xidm\u0259t sektorunun inki\u015faf\u0131, x\u00fcsusil\u0259 d\u0259 ixrac f\u0259aliyy\u0259tinin geni\u015fl\u0259ndirilm\u0259si \u00fc\u00e7\u00fcn m\u00fch\u00fcm \u0259h\u0259miyy\u0259t\u0259 malik oldu\u011funu bir daha t\u0259sdiql\u0259yir\u201d.<\/p>\n","protected":false},"excerpt":{"rendered":"<p>\u201cBu il Az\u0259rbaycanda daxild\u0259 emal x\u00fcsusi g\u00f6mr\u00fck prosedurundan istifad\u0259 imkanlar\u0131 geni\u015fl\u0259ndirilib\u201d. ARANTV.AZ \u00a0x\u0259b\u0259r verir ki, bunu iqtisadiyyat nazirinin birinci m\u00fcavini Elnur \u018fliyev Bak\u0131da ke\u00e7iril\u0259n G\u00f6mr\u00fck Biznes Forumunda \u00e7\u0131x\u0131\u015f\u0131 zaman\u0131 deyib. O qeyd edib ki, n\u0259tic\u0259d\u0259 \u00f6lk\u0259mizd\u0259 emal olunaraq ixrac edil\u0259n m\u0259hsullar\u0131n istehsal\u0131nda istifad\u0259 olunan xammal\u0131n \u00f6lk\u0259miz\u0259 g\u0259tirilm\u0259si g\u00f6mr\u00fck r\u00fcsumlar\u0131 v\u0259 vergil\u0259rd\u0259n, o c\u00fcml\u0259d\u0259n \u018fDV-d\u0259n azad olunub: \u201cBu ilin 9 ay\u0131nda \u00f6t\u0259n ilin eyni d\u00f6vr\u00fc il\u0259 m\u00fcqayis\u0259d\u0259 1,5 d\u0259f\u0259 \u00e7ox &#8211; 500 milyon AB\u015e dollar\u0131ndan \u00e7ox d\u0259y\u0259rd\u0259 m\u0259hsul daxild\u0259\u00a0emal g\u00f6mr\u00fck proseduru alt\u0131nda yerl\u0259\u015fdirilib. Bel\u0259likl\u0259, bu g\u00f6st\u0259rici s\u00f6z\u00fcged\u0259n mexanizmin emal v\u0259 xidm\u0259t&hellip;<\/p>\n","protected":false},"author":2,"featured_media":658731,"comment_status":"closed","ping_status":"closed","sticky":false,"template":"","format":"standard","meta":{"om_disable_all_campaigns":false,"_monsterinsights_skip_tracking":false,"_monsterinsights_sitenote_active":false,"_monsterinsights_sitenote_note":"","_monsterinsights_sitenote_category":0},"categories":[19],"tags":[],"aioseo_notices":[],"gutentor_comment":0,"rttpg_featured_image_url":{"full":["https:\/\/arantv.az\/wp-content\/uploads\/2023\/11\/FotoJet-90-2.jpg",620,413,false],"landscape":["https:\/\/arantv.az\/wp-content\/uploads\/2023\/11\/FotoJet-90-2.jpg",620,413,false],"portraits":["https:\/\/arantv.az\/wp-content\/uploads\/2023\/11\/FotoJet-90-2.jpg",620,413,false],"thumbnail":["https:\/\/arantv.az\/wp-content\/uploads\/2023\/11\/FotoJet-90-2-500x280.jpg",500,280,true],"medium":["https:\/\/arantv.az\/wp-content\/uploads\/2023\/11\/FotoJet-90-2-548x365.jpg",548,365,true],"large":["https:\/\/arantv.az\/wp-content\/uploads\/2023\/11\/FotoJet-90-2.jpg",620,413,false],"1536x1536":["https:\/\/arantv.az\/wp-content\/uploads\/2023\/11\/FotoJet-90-2.jpg",620,413,false],"2048x2048":["https:\/\/arantv.az\/wp-content\/uploads\/2023\/11\/FotoJet-90-2.jpg",620,413,false],"post-thumbnail":["https:\/\/arantv.az\/wp-content\/uploads\/2023\/11\/FotoJet-90-2-240x172.jpg",240,172,true],"advps-thumb-one":["https:\/\/arantv.az\/wp-content\/uploads\/2023\/11\/FotoJet-90-2.jpg",620,413,false]},"rttpg_author":{"display_name":"V\u00fcsal Rafiqo\u011flu","author_link":"https:\/\/arantv.az\/?author=2"},"rttpg_comment":0,"rttpg_category":"<a href=\"https:\/\/arantv.az\/?cat=19\" rel=\"category\">G\u00fcnd\u0259m<\/a>","rttpg_excerpt":"\u201cBu il Az\u0259rbaycanda daxild\u0259 emal x\u00fcsusi g\u00f6mr\u00fck prosedurundan istifad\u0259 imkanlar\u0131 geni\u015fl\u0259ndirilib\u201d. ARANTV.AZ \u00a0x\u0259b\u0259r verir ki, bunu iqtisadiyyat nazirinin birinci m\u00fcavini Elnur \u018fliyev Bak\u0131da ke\u00e7iril\u0259n G\u00f6mr\u00fck Biznes Forumunda \u00e7\u0131x\u0131\u015f\u0131 zaman\u0131 deyib. O qeyd edib ki, n\u0259tic\u0259d\u0259 \u00f6lk\u0259mizd\u0259 emal olunaraq ixrac edil\u0259n m\u0259hsullar\u0131n istehsal\u0131nda istifad\u0259 olunan xammal\u0131n \u00f6lk\u0259miz\u0259 g\u0259tirilm\u0259si g\u00f6mr\u00fck r\u00fcsumlar\u0131 v\u0259 vergil\u0259rd\u0259n, o c\u00fcml\u0259d\u0259n \u018fDV-d\u0259n azad&hellip;","_links":{"self":[{"href":"https:\/\/arantv.az\/index.php?rest_route=\/wp\/v2\/posts\/658728"}],"collection":[{"href":"https:\/\/arantv.az\/index.php?rest_route=\/wp\/v2\/posts"}],"about":[{"href":"https:\/\/arantv.az\/index.php?rest_route=\/wp\/v2\/types\/post"}],"author":[{"embeddable":true,"href":"https:\/\/arantv.az\/index.php?rest_route=\/wp\/v2\/users\/2"}],"replies":[{"embeddable":true,"href":"https:\/\/arantv.az\/index.php?rest_route=%2Fwp%2Fv2%2Fcomments&post=658728"}],"version-history":[{"count":0,"href":"https:\/\/arantv.az\/index.php?rest_route=\/wp\/v2\/posts\/658728\/revisions"}],"wp:featuredmedia":[{"embeddable":true,"href":"https:\/\/arantv.az\/index.php?rest_route=\/wp\/v2\/media\/658731"}],"wp:attachment":[{"href":"https:\/\/arantv.az\/index.php?rest_route=%2Fwp%2Fv2%2Fmedia&parent=658728"}],"wp:term":[{"taxonomy":"category","embeddable":true,"href":"https:\/\/arantv.az\/index.php?rest_route=%2Fwp%2Fv2%2Fcategories&post=658728"},{"taxonomy":"post_tag","embeddable":true,"href":"https:\/\/arantv.az\/index.php?rest_route=%2Fwp%2Fv2%2Ftags&post=658728"}],"curies":[{"name":"wp","href":"https:\/\/api.w.org\/{rel}","templated":true}]}}