{"id":658733,"date":"2023-11-20T12:46:00","date_gmt":"2023-11-20T08:46:00","guid":{"rendered":"https:\/\/arantv.az\/?p=658733"},"modified":"2023-11-20T12:46:00","modified_gmt":"2023-11-20T08:46:00","slug":"bas-katib-s%c9%99udiyy%c9%99-%c9%99r%c9%99bistaninda-quruculuq-sah%c9%99sind%c9%99-qadinlarin-istiraki-artib","status":"publish","type":"post","link":"https:\/\/arantv.az\/?p=658733","title":{"rendered":"Ba\u015f katib: \u201cS\u0259udiyy\u0259 \u018fr\u0259bistan\u0131nda quruculuq sah\u0259sind\u0259 qad\u0131nlar\u0131n i\u015ftirak\u0131 art\u0131b\u201d"},"content":{"rendered":"<p>\u201cS\u0259udiyy\u0259 \u018fr\u0259bistan\u0131nda quruculuq sah\u0259sind\u0259 qad\u0131nlar\u0131n i\u015ftirak\u0131 2022-ci ild\u0259 22 faizd\u0259n 27 faiz\u0259 q\u0259d\u0259r art\u0131b\u201d.<\/p>\n<p>\u201cReport\u201c x\u0259b\u0259r verir ki, bunu S\u0259udiyy\u0259 \u018fr\u0259bistan\u0131n\u0131n Ail\u0259 M\u0259s\u0259l\u0259l\u0259ri \u015euras\u0131n\u0131n Ba\u015f katibi Maymuna\u00a0X\u0259lil Al X\u0259lil Bak\u0131da Qo\u015fulmama H\u0259r\u0259kat\u0131n\u0131n \u201cQad\u0131nlar\u0131n h\u00fcquqlar\u0131n\u0131n inki\u015faf etdirilm\u0259si v\u0259 s\u0259lahiyy\u0259tl\u0259rinin art\u0131r\u0131lmas\u0131\u201d m\u00f6vzusunda ke\u00e7iril\u0259n beyn\u0259lxalq konfrans\u0131nda \u00e7\u0131x\u0131\u015f\u0131 zaman\u0131 deyib.<\/p>\n<p>\u201cS\u0259udiyy\u0259 xan\u0131m\u0131 \u00f6z g\u0259l\u0259c\u0259yini d\u0259yi\u015fm\u0259y\u0259 layiqdir. Onlar bunun \u00fc\u00e7\u00fcn sosial-iqtisadi sah\u0259l\u0259rd\u0259 b\u00f6y\u00fck u\u011furlar qazan\u0131rlar. \u00d6t\u0259n il quruculuq sah\u0259sind\u0259 qad\u0131nlar\u0131n i\u015ftirak\u0131 22 faizd\u0259n 27 faiz\u0259 q\u0259d\u0259r art\u0131b. S\u0259udiyy\u0259 \u018fr\u0259bistan\u0131nda xan\u0131mlar bir \u00e7ox beyn\u0259lxalq m\u00fckafatlar \u0259ld\u0259 edibl\u0259r. T\u0259hsil sah\u0259sind\u0259 d\u0259 xan\u0131mlar u\u011fur qazan\u0131blar. S\u0259udiyy\u0259 \u018fr\u0259bistan\u0131nda qad\u0131nlar\u0131n 91 faizinin t\u0259hsil\u0259 c\u0259lb edildiyini g\u00f6r\u00fcr\u00fck\u201d, &#8211; dey\u0259 o \u0259lav\u0259 edib.<\/p>\n","protected":false},"excerpt":{"rendered":"<p>\u201cS\u0259udiyy\u0259 \u018fr\u0259bistan\u0131nda quruculuq sah\u0259sind\u0259 qad\u0131nlar\u0131n i\u015ftirak\u0131 2022-ci ild\u0259 22 faizd\u0259n 27 faiz\u0259 q\u0259d\u0259r art\u0131b\u201d. \u201cReport\u201c x\u0259b\u0259r verir ki, bunu S\u0259udiyy\u0259 \u018fr\u0259bistan\u0131n\u0131n Ail\u0259 M\u0259s\u0259l\u0259l\u0259ri \u015euras\u0131n\u0131n Ba\u015f katibi Maymuna\u00a0X\u0259lil Al X\u0259lil Bak\u0131da Qo\u015fulmama H\u0259r\u0259kat\u0131n\u0131n \u201cQad\u0131nlar\u0131n h\u00fcquqlar\u0131n\u0131n inki\u015faf etdirilm\u0259si v\u0259 s\u0259lahiyy\u0259tl\u0259rinin art\u0131r\u0131lmas\u0131\u201d m\u00f6vzusunda ke\u00e7iril\u0259n beyn\u0259lxalq konfrans\u0131nda \u00e7\u0131x\u0131\u015f\u0131 zaman\u0131 deyib. \u201cS\u0259udiyy\u0259 xan\u0131m\u0131 \u00f6z g\u0259l\u0259c\u0259yini d\u0259yi\u015fm\u0259y\u0259 layiqdir. Onlar bunun \u00fc\u00e7\u00fcn sosial-iqtisadi sah\u0259l\u0259rd\u0259 b\u00f6y\u00fck u\u011furlar qazan\u0131rlar. \u00d6t\u0259n il quruculuq sah\u0259sind\u0259 qad\u0131nlar\u0131n i\u015ftirak\u0131 22 faizd\u0259n 27 faiz\u0259 q\u0259d\u0259r art\u0131b. S\u0259udiyy\u0259 \u018fr\u0259bistan\u0131nda xan\u0131mlar bir \u00e7ox beyn\u0259lxalq m\u00fckafatlar \u0259ld\u0259 edibl\u0259r. T\u0259hsil sah\u0259sind\u0259 d\u0259 xan\u0131mlar u\u011fur qazan\u0131blar. S\u0259udiyy\u0259 \u018fr\u0259bistan\u0131nda qad\u0131nlar\u0131n&hellip;<\/p>\n","protected":false},"author":2,"featured_media":658736,"comment_status":"closed","ping_status":"closed","sticky":false,"template":"","format":"standard","meta":{"om_disable_all_campaigns":false,"_monsterinsights_skip_tracking":false,"_monsterinsights_sitenote_active":false,"_monsterinsights_sitenote_note":"","_monsterinsights_sitenote_category":0},"categories":[4],"tags":[],"aioseo_notices":[],"gutentor_comment":0,"rttpg_featured_image_url":{"full":["https:\/\/arantv.az\/wp-content\/uploads\/2023\/11\/631d177e-0615-36e3-90cd-dcaf10436126_850.jpg",620,413,false],"landscape":["https:\/\/arantv.az\/wp-content\/uploads\/2023\/11\/631d177e-0615-36e3-90cd-dcaf10436126_850.jpg",620,413,false],"portraits":["https:\/\/arantv.az\/wp-content\/uploads\/2023\/11\/631d177e-0615-36e3-90cd-dcaf10436126_850.jpg",620,413,false],"thumbnail":["https:\/\/arantv.az\/wp-content\/uploads\/2023\/11\/631d177e-0615-36e3-90cd-dcaf10436126_850-500x280.jpg",500,280,true],"medium":["https:\/\/arantv.az\/wp-content\/uploads\/2023\/11\/631d177e-0615-36e3-90cd-dcaf10436126_850-548x365.jpg",548,365,true],"large":["https:\/\/arantv.az\/wp-content\/uploads\/2023\/11\/631d177e-0615-36e3-90cd-dcaf10436126_850.jpg",620,413,false],"1536x1536":["https:\/\/arantv.az\/wp-content\/uploads\/2023\/11\/631d177e-0615-36e3-90cd-dcaf10436126_850.jpg",620,413,false],"2048x2048":["https:\/\/arantv.az\/wp-content\/uploads\/2023\/11\/631d177e-0615-36e3-90cd-dcaf10436126_850.jpg",620,413,false],"post-thumbnail":["https:\/\/arantv.az\/wp-content\/uploads\/2023\/11\/631d177e-0615-36e3-90cd-dcaf10436126_850-240x172.jpg",240,172,true],"advps-thumb-one":["https:\/\/arantv.az\/wp-content\/uploads\/2023\/11\/631d177e-0615-36e3-90cd-dcaf10436126_850.jpg",620,413,false]},"rttpg_author":{"display_name":"V\u00fcsal Rafiqo\u011flu","author_link":"https:\/\/arantv.az\/?author=2"},"rttpg_comment":0,"rttpg_category":"<a href=\"https:\/\/arantv.az\/?cat=4\" rel=\"category\">Siyas\u0259t<\/a>","rttpg_excerpt":"\u201cS\u0259udiyy\u0259 \u018fr\u0259bistan\u0131nda quruculuq sah\u0259sind\u0259 qad\u0131nlar\u0131n i\u015ftirak\u0131 2022-ci ild\u0259 22 faizd\u0259n 27 faiz\u0259 q\u0259d\u0259r art\u0131b\u201d. \u201cReport\u201c x\u0259b\u0259r verir ki, bunu S\u0259udiyy\u0259 \u018fr\u0259bistan\u0131n\u0131n Ail\u0259 M\u0259s\u0259l\u0259l\u0259ri \u015euras\u0131n\u0131n Ba\u015f katibi Maymuna\u00a0X\u0259lil Al X\u0259lil Bak\u0131da Qo\u015fulmama H\u0259r\u0259kat\u0131n\u0131n \u201cQad\u0131nlar\u0131n h\u00fcquqlar\u0131n\u0131n inki\u015faf etdirilm\u0259si v\u0259 s\u0259lahiyy\u0259tl\u0259rinin art\u0131r\u0131lmas\u0131\u201d m\u00f6vzusunda ke\u00e7iril\u0259n beyn\u0259lxalq konfrans\u0131nda \u00e7\u0131x\u0131\u015f\u0131 zaman\u0131 deyib. \u201cS\u0259udiyy\u0259 xan\u0131m\u0131 \u00f6z g\u0259l\u0259c\u0259yini d\u0259yi\u015fm\u0259y\u0259 layiqdir. Onlar bunun \u00fc\u00e7\u00fcn&hellip;","_links":{"self":[{"href":"https:\/\/arantv.az\/index.php?rest_route=\/wp\/v2\/posts\/658733"}],"collection":[{"href":"https:\/\/arantv.az\/index.php?rest_route=\/wp\/v2\/posts"}],"about":[{"href":"https:\/\/arantv.az\/index.php?rest_route=\/wp\/v2\/types\/post"}],"author":[{"embeddable":true,"href":"https:\/\/arantv.az\/index.php?rest_route=\/wp\/v2\/users\/2"}],"replies":[{"embeddable":true,"href":"https:\/\/arantv.az\/index.php?rest_route=%2Fwp%2Fv2%2Fcomments&post=658733"}],"version-history":[{"count":0,"href":"https:\/\/arantv.az\/index.php?rest_route=\/wp\/v2\/posts\/658733\/revisions"}],"wp:featuredmedia":[{"embeddable":true,"href":"https:\/\/arantv.az\/index.php?rest_route=\/wp\/v2\/media\/658736"}],"wp:attachment":[{"href":"https:\/\/arantv.az\/index.php?rest_route=%2Fwp%2Fv2%2Fmedia&parent=658733"}],"wp:term":[{"taxonomy":"category","embeddable":true,"href":"https:\/\/arantv.az\/index.php?rest_route=%2Fwp%2Fv2%2Fcategories&post=658733"},{"taxonomy":"post_tag","embeddable":true,"href":"https:\/\/arantv.az\/index.php?rest_route=%2Fwp%2Fv2%2Ftags&post=658733"}],"curies":[{"name":"wp","href":"https:\/\/api.w.org\/{rel}","templated":true}]}}