{"id":658744,"date":"2023-11-20T12:48:50","date_gmt":"2023-11-20T08:48:50","guid":{"rendered":"https:\/\/arantv.az\/?p=658744"},"modified":"2023-11-20T12:48:50","modified_gmt":"2023-11-20T08:48:50","slug":"igidl%c9%99r-diyari-dirc%c9%99lisin-mubar%c9%99k","status":"publish","type":"post","link":"https:\/\/arantv.az\/?p=658744","title":{"rendered":"\u0130gidl\u0259r diyar\u0131, dir\u00e7\u0259li\u015fin m\u00fcbar\u0259k!"},"content":{"rendered":"<div class=\"x11i5rnm xat24cr x1mh8g0r x1vvkbs xtlvy1s x126k92a\">\n<div dir=\"auto\">N\u0259 q\u0259d\u0259r incis\u0259n, k\u00fcss\u0259n d\u0259 yen\u0259<\/div>\n<div dir=\"auto\">Dur a\u00e7 qollar\u0131n\u0131, g\u0259lir\u0259m A\u011fdam!<\/div>\n<div dir=\"auto\">Dizin-dizin s\u00fcr\u00fcn\u0259c\u0259m qoynuna,<\/div>\n<div dir=\"auto\">S\u0259n\u0259 sar\u0131lmaq\u00e7\u00fcn \u00f6l\u00fcr\u0259m, A\u011fdam!<\/div>\n<\/div>\n<div class=\"x11i5rnm xat24cr x1mh8g0r x1vvkbs xtlvy1s x126k92a\">\n<div dir=\"auto\">20 noyabr 2020-ci il. \u0130ll\u0259r sonra A\u011fdamla a\u00e7\u0131lan ilk s\u0259h\u0259rimiz oldu. Uzun \u00e7\u0259k\u0259n ayr\u0131l\u0131\u011f\u0131n son d\u0259qiq\u0259l\u0259ri idi. C\u0259nab Ali Ba\u015f Komandan\u0131m\u0131z biz\u0259 h\u0259min s\u0259h\u0259r ill\u0259rdir g\u00f6zl\u0259diyimiz sevincli x\u0259b\u0259ri verdi:<\/div>\n<div dir=\"auto\">\u201c\u018fziz a\u011fdaml\u0131lar, siz art\u0131q k\u00f6\u00e7k\u00fcn deyilsiniz. Siz do\u011fma d\u0259d\u0259-baba torpa\u011f\u0131n\u0131za qay\u0131dacaqs\u0131n\u0131z.\u201d<\/div>\n<div dir=\"auto\">G\u00f6z ya\u015flar\u0131 il\u0259 izl\u0259dik bu x\u0259b\u0259ri. \u0130ll\u0259r boyu \u00e7\u0259kdiyimiz h\u0259sr\u0259tin g\u00f6z ya\u015flar\u0131 idi bu ya\u015flar. Qaraba\u011f\u0131n g\u00f6z\u00fc olan A\u011fdam art\u0131q azad idi.<\/div>\n<div dir=\"auto\">A\u011fdam i\u015f\u011faldan azad olunduqdan sonra bir ne\u00e7\u0259 d\u0259f\u0259 do\u011fma v\u0259t\u0259nimi ziyar\u0259t etdim. H\u0259r d\u0259f\u0259 m\u0259nd\u0259n ke\u00e7irdiyim hissl\u0259ri soru\u015furdular.<\/div>\n<div dir=\"auto\">\u0130ll\u0259rl\u0259 xatir\u0259l\u0259rd\u0259 ya\u015fayan A\u011fdama h\u0259r d\u0259f\u0259 q\u00fcrur, sevinc, h\u0259y\u0259can, xo\u015fb\u0259xtlik v\u0259 i\u00e7imd\u0259ki o t\u0259lat\u00fcm hissi il\u0259 getdim. Nec\u0259 ki, biz ill\u0259rl\u0259 ana yurdun h\u0259sr\u0259tini \u00e7\u0259kdik, el\u0259c\u0259 d\u0259 A\u011fdam do\u011fma \u00f6vladlar\u0131n\u0131 ill\u0259rl\u0259 g\u00f6zl\u0259di.<\/div>\n<div dir=\"auto\">S\u0259tirl\u0259r\u0259 s\u0131\u011fmayan s\u00f6zl\u0259rl\u0259 yazaram&#8230;Dan\u0131\u015faram siz\u0259..\u0130ll\u0259r sonra do\u011fma yurduna qay\u0131d\u0131b \u00f6z evini tapmamaq hissind\u0259n&#8230; Bir da\u015f par\u00e7as\u0131ndan t\u0259s\u0259llli alma\u011f\u0131n nec\u0259 a\u011fr\u0131l\u0131 oldu\u011fundan uzun-uzun dan\u0131\u015faram..<\/div>\n<div dir=\"auto\">G\u00f6r\u0259s\u0259n bu q\u0259d\u0259r a\u011fr\u0131-ac\u0131n\u0131n qar\u015f\u0131s\u0131nda nec\u0259 m\u0259\u011frur, q\u00fcrurlu dayand\u0131, A\u011fdam\u0131m m\u0259nim!<\/div>\n<div dir=\"auto\">A\u011fdam\u0131n azadl\u0131\u011f\u0131ndan bir ne\u00e7\u0259 g\u00fcn sonra, noyabr\u0131n 23-d\u0259 Az\u0259rbaycan Respublikas\u0131n\u0131n Prezidenti, Silahl\u0131 Q\u00fcvv\u0259l\u0259rin M\u00fcz\u0259ff\u0259r Ali Ba\u015f Komandan\u0131 \u0130lham \u018fliyev v\u0259 birinci xan\u0131m Mehriban \u018fliyeva i\u015f\u011faldan azad edilmi\u015f A\u011fdam \u015f\u0259h\u0259rind\u0259 olark\u0259n 27 ild\u0259n sonra do\u011fma torpa\u011f\u0131m\u0131zda d\u00f6vl\u0259t bayra\u011f\u0131m\u0131z\u0131 qald\u0131rd\u0131. Bu g\u00f6r\u00fcnt\u00fcl\u0259ri h\u0259r k\u0259s q\u00fcrur v\u0259 b\u00f6y\u00fck sevinc hissl\u0259ri il\u0259 izl\u0259di.<\/div>\n<div dir=\"auto\">B\u0259li, 30 il \u0259rzind\u0259 erm\u0259ni v\u0259h\u015fil\u0259rinin da\u015f\u0131-da\u015f \u00fcst\u00fcnd\u0259 qoymad\u0131\u011f\u0131, torpa\u011f\u0131n\u0131 bel\u0259 yand\u0131rd\u0131\u011f\u0131, g\u00f6r\u0259nl\u0259rin d\u0259h\u015f\u0259tl\u0259 &#8220;Qafqaz\u0131n Xirosimas\u0131&#8221; adland\u0131rd\u0131\u011f\u0131 A\u011fdamda ill\u0259r boyu yer \u00fcz\u00fcnd\u0259 misli g\u00f6r\u00fcnm\u0259mi\u015f vandalizm t\u00f6r\u0259dildi. Ancaq d\u00fc\u015fm\u0259n bir \u015feyi unutdu. A\u011fdam\u0131n par\u00e7alanm\u0131\u015f da\u015f\u0131 da do\u011fmad\u0131r biz\u0259.<\/div>\n<div dir=\"auto\">31 iyul 2023-c\u00fc ild\u0259 D\u00f6vl\u0259timizin ba\u015f\u00e7\u0131s\u0131 c\u0259nab \u0130lham \u018fliyevin s\u0259r\u0259ncam\u0131 il\u0259 20 Noyabr \u2013 A\u011fdam \u015e\u0259h\u0259ri G\u00fcn\u00fc elan edilib. Bu il ilk d\u0259f\u0259 noyabr\u0131n 20-ni A\u011fdam \u015e\u0259h\u0259ri G\u00fcn\u00fc kimi qeyd ed\u0259c\u0259yik. Bu g\u00f6z\u0259l g\u00fcn \u00fc\u00e7\u00fcn bir daha m\u00f6ht\u0259r\u0259m Prezidentimiz\u0259 minn\u0259tdarl\u0131\u011f\u0131m\u0131z\u0131 bildiririk.<\/div>\n<div dir=\"auto\">\u018flb\u0259tt\u0259 ki, Z\u0259f\u0259r\u0259 ged\u0259n yolumuz asan olmad\u0131. \u201cTorpaq \u0259g\u0259r u\u011frunda \u00f6l\u0259n varsa, v\u0259t\u0259ndir\u201d deyirl\u0259r. Torpaqlar\u0131m\u0131z\u0131n azadl\u0131\u011f\u0131 u\u011frunda minl\u0259rl\u0259 \u015f\u0259hid verdik&#8230; \u018fsar\u0259td\u0259 qalan torpaqlar\u0131m\u0131z\u0131n qisas\u0131 al\u0131nd\u0131. 44 g\u00fcn\u00fcn \u0259rzind\u0259 h\u0259r g\u00fcn bizim \u00fc\u00e7\u00fcn Z\u0259f\u0259r g\u00fcn\u00fc oldu. M\u00fcq\u0259dd\u0259s torpaqlar\u0131m\u0131z\u0131 qar\u0131\u015f &#8211; qar\u0131\u015f azad etdi igidl\u0259rimiz. H\u0259r bir qar\u0131\u015f torpa\u011f\u0131m\u0131z \u015f\u0259hid qan\u0131 il\u0259 suvar\u0131ld\u0131.<\/div>\n<div dir=\"auto\">C\u0259nab Prezidentimiz h\u0259r d\u0259f\u0259 i\u015f\u011faldan azad olunan k\u0259ndl\u0259rin, rayonlar\u0131n x\u0259b\u0259rl\u0259rini biz\u0259 \u00e7atd\u0131rd\u0131qca, q\u0259l\u0259b\u0259y\u0259 inam\u0131m\u0131z daha da artd\u0131&#8230;<\/div>\n<div dir=\"auto\">Son \u00fc\u00e7 il \u0259rzind\u0259 Prezident \u0130lham \u018fliyev v\u0259 birinci xan\u0131m Mehriban \u018fliyeva d\u0259f\u0259l\u0259rl\u0259 A\u011fdam rayonunda s\u0259f\u0259rd\u0259 olublar, orada h\u0259yata ke\u00e7iril\u0259n t\u0259mir, b\u0259rpa v\u0259 yenid\u0259nqurma i\u015fl\u0259ri il\u0259 tan\u0131\u015f olublar. Rayonda bir \u00e7ox t\u0259dbirl\u0259rd\u0259 v\u0259 yeni-yeni bir \u00e7ox a\u00e7\u0131l\u0131\u015f m\u0259rasiml\u0259rind\u0259 i\u015ftirak edibl\u0259r.<\/div>\n<div dir=\"auto\">Bel\u0259 ki, bu il may\u0131n 2-d\u0259 Az\u0259rbaycan Prezidenti \u0130lham \u018fliyev v\u0259 birinci xan\u0131m Mehriban \u018fliyeva A\u011fdam rayonuna s\u0259f\u0259r edibl\u0259r. D\u00f6vl\u0259t ba\u015f\u00e7\u0131s\u0131 \u201cAz\u0259ri\u015f\u0131q\u201d ASC-nin A\u011fdam \u015f\u0259h\u0259rind\u0259 R\u0259q\u0259msal \u0130dar\u0259etm\u0259 M\u0259rk\u0259zi v\u0259 T\u0259lim-T\u0259dris Kompleksinin t\u0259m\u0259lini qoyub. Sonra Prezident \u0130lham \u018fliyev v\u0259 birinci xan\u0131m Mehriban \u018fliyeva A\u011fdam Mu\u011fam M\u0259rk\u0259zinin, A\u011fdam \u015f\u0259h\u0259rind\u0259 sal\u0131nacaq 2-ci v\u0259 3-c\u00fc ya\u015fay\u0131\u015f m\u0259h\u0259ll\u0259l\u0259rinin, A\u011fdam \u015f\u0259h\u0259rind\u0259 inzibati binan\u0131n t\u0259m\u0259lini qoyublar. Daha sonra d\u00f6vl\u0259t ba\u015f\u00e7\u0131s\u0131 B\u0259rd\u0259-A\u011fdam d\u0259mir yolu x\u0259ttinin tikintisi il\u0259 tan\u0131\u015f olub.<\/div>\n<div dir=\"auto\">2023-c\u00fc il sentyabr\u0131n 19-da \u00fc\u00e7t\u0259r\u0259fli b\u0259yanat\u0131n m\u00fcdd\u0259alar\u0131n\u0131n t\u0259min olunmas\u0131, Qaraba\u011f iqtisadi rayonunda t\u00f6r\u0259dil\u0259n geni\u015fmiqyasl\u0131 t\u0259xribatlar\u0131n qar\u015f\u0131s\u0131n\u0131n al\u0131nmas\u0131, Erm\u0259nistan silahl\u0131 q\u00fcvv\u0259l\u0259rinin birl\u0259\u015fm\u0259l\u0259rinin t\u0259rk-silah edil\u0259r\u0259k \u0259razil\u0259rimizd\u0259n \u00e7\u0131xar\u0131lmas\u0131, onlar\u0131n h\u0259rbi infrastrukturunun z\u0259r\u0259rsizl\u0259\u015fdirilm\u0259si, i\u015f\u011faldan azad edilmi\u015f \u0259razil\u0259r\u0259 qay\u0131dan dinc \u0259hali, habel\u0259 b\u0259rpa-quruculuq i\u015fl\u0259rin\u0259 c\u0259lb olunmu\u015f m\u00fclki i\u015f\u00e7il\u0259r v\u0259 h\u0259rbi qulluq\u00e7ular\u0131m\u0131z\u0131n t\u0259hl\u00fck\u0259sizliyinin t\u0259min olunmas\u0131 v\u0259 Az\u0259rbaycan Respublikas\u0131n\u0131n Konstitusiya qurulu\u015funun b\u0259rpa edilm\u0259si m\u0259qs\u0259dil\u0259 b\u00f6lg\u0259d\u0259 lokal xarakterli antiterror t\u0259dbirl\u0259rin\u0259 ba\u015flan\u0131l\u0131b.<\/div>\n<div dir=\"auto\">23 saatdan bir q\u0259d\u0259r \u00e7ox davam ed\u0259n t\u0259dbirl\u0259r \u00e7\u0259r\u00e7iv\u0259sind\u0259 Erm\u0259nistan silahl\u0131 q\u00fcvv\u0259l\u0259rinin birl\u0259\u015fm\u0259l\u0259rinin \u00f6n x\u0259tt v\u0259 d\u0259rinlikd\u0259 olan m\u00f6vqel\u0259ri v\u0259 uzunm\u00fcdd\u0259tli at\u0259\u015f n\u00f6qt\u0259l\u0259ri, el\u0259c\u0259 d\u0259 d\u00f6y\u00fc\u015f vasit\u0259l\u0259ri v\u0259 h\u0259rbi t\u0259yinatl\u0131 obyektl\u0259ri y\u00fcks\u0259k d\u0259qiqlikli silahlar\u0131n t\u0259tbiqi il\u0259 s\u0131radan \u00e7\u0131xar\u0131l\u0131b. D\u00fc\u015fm\u0259n a\u011f bayraq qald\u0131raraq t\u0259slim olub. Bununla da Az\u0259rbaycan\u0131n b\u00fct\u00fcn \u0259razil\u0259rind\u0259 Konstitusiya qurulu\u015fu b\u0259rpa edilib.<\/div>\n<div dir=\"auto\">Haz\u0131rda A\u011fdamda b\u0259rpa-yenid\u0259nqurma i\u015fl\u0259ri apar\u0131l\u0131r, yeni infrastruktur qurulur, \u015f\u0259h\u0259r dir\u00e7\u0259ldilir. \u0130ndi yenid\u0259n qurulmaqda olan \u015f\u0259h\u0259r \u00f6z\u00fcn\u00fcn \u0259z\u0259li sakinl\u0259rinin &#8211; a\u011fdaml\u0131lar\u0131n yolunu g\u00f6zl\u0259yir.<\/div>\n<div dir=\"auto\">Qaraba\u011f h\u0259sr\u0259timiz\u0259 son qoyan, bizi do\u011fma torpa\u011f\u0131m\u0131za qovu\u015fduran c\u0259nab Ali Ba\u015f Komandam\u0131z ba\u015fda olmaqla, M\u00fcz\u0259ff\u0259r Ordumuza minn\u0259tdar\u0131q.<\/div>\n<div dir=\"auto\">Az\u0259rbaycan\u0131m\u0131za CAN deyib, \u00f6z can\u0131ndan ke\u00e7\u0259n \u015f\u0259hidl\u0259rimizin ruhu qar\u015f\u0131s\u0131nda ba\u015f \u0259yir, qazil\u0259rimiz\u0259 \u015f\u0259fa dil\u0259yirik. Bundan sonra da \u201cD\u0259mir Yumruq\u201d birliyini he\u00e7 kim poza bilm\u0259z.<\/div>\n<div dir=\"auto\">Azadl\u0131\u011f\u0131n bir daha, bir daha m\u00fcbar\u0259k, do\u011fma torpaq!<\/div>\n<div dir=\"auto\">Ya\u015fas\u0131n Az\u0259rbaycan, Qaraba\u011f Az\u0259rbaycand\u0131r!\u201d<\/div>\n<\/div>\n<div class=\"x11i5rnm xat24cr x1mh8g0r x1vvkbs xtlvy1s x126k92a\">\n<div dir=\"auto\">Fidan N\u0259sirli- Qaraba\u011f Regional G\u0259ncl\u0259r v\u0259 \u0130dman \u0130dar\u0259sinin B\u0259rd\u0259 rayonu \u00fczr\u0259 g\u0259ncl\u0259r v\u0259 idman sektorunun ba\u015f m\u0259sl\u0259h\u0259t\u00e7isi.<\/div>\n<\/div>\n","protected":false},"excerpt":{"rendered":"<p>N\u0259 q\u0259d\u0259r incis\u0259n, k\u00fcss\u0259n d\u0259 yen\u0259 Dur a\u00e7 qollar\u0131n\u0131, g\u0259lir\u0259m A\u011fdam! Dizin-dizin s\u00fcr\u00fcn\u0259c\u0259m qoynuna, S\u0259n\u0259 sar\u0131lmaq\u00e7\u00fcn \u00f6l\u00fcr\u0259m, A\u011fdam! 20 noyabr 2020-ci il. \u0130ll\u0259r sonra A\u011fdamla a\u00e7\u0131lan ilk s\u0259h\u0259rimiz oldu. Uzun \u00e7\u0259k\u0259n ayr\u0131l\u0131\u011f\u0131n son d\u0259qiq\u0259l\u0259ri idi. C\u0259nab Ali Ba\u015f Komandan\u0131m\u0131z biz\u0259 h\u0259min s\u0259h\u0259r ill\u0259rdir g\u00f6zl\u0259diyimiz sevincli x\u0259b\u0259ri verdi: \u201c\u018fziz a\u011fdaml\u0131lar, siz art\u0131q k\u00f6\u00e7k\u00fcn deyilsiniz. Siz do\u011fma d\u0259d\u0259-baba torpa\u011f\u0131n\u0131za qay\u0131dacaqs\u0131n\u0131z.\u201d G\u00f6z ya\u015flar\u0131 il\u0259 izl\u0259dik bu x\u0259b\u0259ri. \u0130ll\u0259r boyu \u00e7\u0259kdiyimiz h\u0259sr\u0259tin g\u00f6z ya\u015flar\u0131 idi bu ya\u015flar. Qaraba\u011f\u0131n g\u00f6z\u00fc olan A\u011fdam art\u0131q azad idi. A\u011fdam i\u015f\u011faldan azad olunduqdan sonra bir ne\u00e7\u0259 d\u0259f\u0259 do\u011fma v\u0259t\u0259nimi&hellip;<\/p>\n","protected":false},"author":2,"featured_media":658746,"comment_status":"closed","ping_status":"closed","sticky":false,"template":"","format":"standard","meta":{"om_disable_all_campaigns":false,"_monsterinsights_skip_tracking":false,"_monsterinsights_sitenote_active":false,"_monsterinsights_sitenote_note":"","_monsterinsights_sitenote_category":0},"categories":[2],"tags":[],"aioseo_notices":[],"gutentor_comment":0,"rttpg_featured_image_url":{"full":["https:\/\/arantv.az\/wp-content\/uploads\/2023\/11\/402556763_276526918675329_6219367888640061719_n.jpg",925,630,false],"landscape":["https:\/\/arantv.az\/wp-content\/uploads\/2023\/11\/402556763_276526918675329_6219367888640061719_n.jpg",925,630,false],"portraits":["https:\/\/arantv.az\/wp-content\/uploads\/2023\/11\/402556763_276526918675329_6219367888640061719_n.jpg",925,630,false],"thumbnail":["https:\/\/arantv.az\/wp-content\/uploads\/2023\/11\/402556763_276526918675329_6219367888640061719_n-500x280.jpg",500,280,true],"medium":["https:\/\/arantv.az\/wp-content\/uploads\/2023\/11\/402556763_276526918675329_6219367888640061719_n-536x365.jpg",536,365,true],"large":["https:\/\/arantv.az\/wp-content\/uploads\/2023\/11\/402556763_276526918675329_6219367888640061719_n-840x572.jpg",640,436,true],"1536x1536":["https:\/\/arantv.az\/wp-content\/uploads\/2023\/11\/402556763_276526918675329_6219367888640061719_n.jpg",925,630,false],"2048x2048":["https:\/\/arantv.az\/wp-content\/uploads\/2023\/11\/402556763_276526918675329_6219367888640061719_n.jpg",925,630,false],"post-thumbnail":["https:\/\/arantv.az\/wp-content\/uploads\/2023\/11\/402556763_276526918675329_6219367888640061719_n-240x172.jpg",240,172,true],"advps-thumb-one":["https:\/\/arantv.az\/wp-content\/uploads\/2023\/11\/402556763_276526918675329_6219367888640061719_n-925x620.jpg",925,620,true]},"rttpg_author":{"display_name":"V\u00fcsal Rafiqo\u011flu","author_link":"https:\/\/arantv.az\/?author=2"},"rttpg_comment":0,"rttpg_category":"<a href=\"https:\/\/arantv.az\/?cat=2\" rel=\"category\">Region X\u0259b\u0259rl\u0259ri<\/a>","rttpg_excerpt":"N\u0259 q\u0259d\u0259r incis\u0259n, k\u00fcss\u0259n d\u0259 yen\u0259 Dur a\u00e7 qollar\u0131n\u0131, g\u0259lir\u0259m A\u011fdam! Dizin-dizin s\u00fcr\u00fcn\u0259c\u0259m qoynuna, S\u0259n\u0259 sar\u0131lmaq\u00e7\u00fcn \u00f6l\u00fcr\u0259m, A\u011fdam! 20 noyabr 2020-ci il. \u0130ll\u0259r sonra A\u011fdamla a\u00e7\u0131lan ilk s\u0259h\u0259rimiz oldu. Uzun \u00e7\u0259k\u0259n ayr\u0131l\u0131\u011f\u0131n son d\u0259qiq\u0259l\u0259ri idi. C\u0259nab Ali Ba\u015f Komandan\u0131m\u0131z biz\u0259 h\u0259min s\u0259h\u0259r ill\u0259rdir g\u00f6zl\u0259diyimiz sevincli x\u0259b\u0259ri verdi: \u201c\u018fziz a\u011fdaml\u0131lar, siz art\u0131q k\u00f6\u00e7k\u00fcn deyilsiniz. Siz do\u011fma&hellip;","_links":{"self":[{"href":"https:\/\/arantv.az\/index.php?rest_route=\/wp\/v2\/posts\/658744"}],"collection":[{"href":"https:\/\/arantv.az\/index.php?rest_route=\/wp\/v2\/posts"}],"about":[{"href":"https:\/\/arantv.az\/index.php?rest_route=\/wp\/v2\/types\/post"}],"author":[{"embeddable":true,"href":"https:\/\/arantv.az\/index.php?rest_route=\/wp\/v2\/users\/2"}],"replies":[{"embeddable":true,"href":"https:\/\/arantv.az\/index.php?rest_route=%2Fwp%2Fv2%2Fcomments&post=658744"}],"version-history":[{"count":0,"href":"https:\/\/arantv.az\/index.php?rest_route=\/wp\/v2\/posts\/658744\/revisions"}],"wp:featuredmedia":[{"embeddable":true,"href":"https:\/\/arantv.az\/index.php?rest_route=\/wp\/v2\/media\/658746"}],"wp:attachment":[{"href":"https:\/\/arantv.az\/index.php?rest_route=%2Fwp%2Fv2%2Fmedia&parent=658744"}],"wp:term":[{"taxonomy":"category","embeddable":true,"href":"https:\/\/arantv.az\/index.php?rest_route=%2Fwp%2Fv2%2Fcategories&post=658744"},{"taxonomy":"post_tag","embeddable":true,"href":"https:\/\/arantv.az\/index.php?rest_route=%2Fwp%2Fv2%2Ftags&post=658744"}],"curies":[{"name":"wp","href":"https:\/\/api.w.org\/{rel}","templated":true}]}}