{"id":658771,"date":"2023-11-20T13:53:49","date_gmt":"2023-11-20T09:53:49","guid":{"rendered":"https:\/\/arantv.az\/?p=658771"},"modified":"2023-11-20T13:53:49","modified_gmt":"2023-11-20T09:53:49","slug":"nurnberq-prosesi-az%c9%99rbaycanin-h%c9%99rbi-tribunali-kocaryanla-sarqsyanin-h%c9%99bsi-mumkundur-s%c9%99rh-foto","status":"publish","type":"post","link":"https:\/\/arantv.az\/?p=658771","title":{"rendered":"N\u00fcrnberq prosesi, Az\u0259rbaycan\u0131n h\u0259rbi tribunal\u0131: Ko\u00e7aryanla Sarqsyan\u0131n h\u0259bsi m\u00fcmk\u00fcnd\u00fcr &#8211; \u015e\u018fRH + FOTO"},"content":{"rendered":"<p>\u0130kinci D\u00fcnya m\u00fcharib\u0259sini ba\u015flatm\u0131\u015f Adolf Hitler Almaniyas\u0131n\u0131n dig\u0259r \u00f6lk\u0259l\u0259r\u0259 h\u00fccum h\u0259yata ke\u00e7irmi\u015f, m\u00fclki insanlara qar\u015f\u0131 v\u0259h\u015filikl\u0259r haz\u0131rlay\u0131b onu icra etmi\u015f \u015f\u0259xsl\u0259ri N\u00fcrnberq prosesind\u0259 m\u00fchakim\u0259 olundular.<\/p>\n<p>1946-c\u0131 il noyabr\u0131n 20-d\u0259 ba\u015flayan v\u0259 1946-c\u0131 il oktyabr\u0131n 1-n\u0259 q\u0259d\u0259r davam ed\u0259n Beyn\u0259lxalq H\u0259rbi Tribunalda nasist Almaniyas\u0131n\u0131n siyasi, h\u0259rbi v\u0259 iqtisadi sah\u0259d\u0259 v\u0259zif\u0259 da\u015f\u0131m\u0131\u015f \u015f\u0259xsl\u0259ri bar\u0259sind\u0259 q\u0259rar \u00e7\u0131xar\u0131ld\u0131.<\/p>\n<p>Bel\u0259likl\u0259, AB\u015e, SSR\u0130, Fransa, B\u00f6y\u00fck Britaniya t\u0259r\u0259find\u0259n qurulan \u0259dal\u0259t m\u00fcst\u0259visind\u0259:<\/p>\n<p>&#8211; 12 n\u0259f\u0259r edam c\u0259zas\u0131na m\u0259hkum edildi,<\/p>\n<p>&#8211; \u00fc\u00e7 n\u0259f\u0259r \u00f6m\u00fcrl\u00fck h\u0259bs\u0259 at\u0131ld\u0131,<\/p>\n<p>&#8211; iki n\u0259f\u0259r 20 il, bir n\u0259f\u0259r 15 il, bir n\u0259f\u0259r is\u0259 10 il m\u00fcdd\u0259tin\u0259 azadl\u0131qdan m\u0259hrum edildi,<\/p>\n<p>&#8211; \u00fc\u00e7 n\u0259f\u0259r b\u0259ra\u0259t ald\u0131.<\/p>\n<p>Bu tarixi hadis\u0259d\u0259n b\u0259zi fraqmentl\u0259ri t\u0259kc\u0259 tribunal\u0131n ba\u015flanmas\u0131n\u0131n ild\u00f6n\u00fcm\u00fc m\u00fcnasib\u0259til\u0259 xat\u0131rlatm\u0131r\u0131q.<\/p>\n<p><strong>Az\u0259rbaycan h\u0259rbi tribunal\u0131 kiml\u0259r\u0259 c\u0259za h\u00f6km\u00fc k\u0259sib?<\/strong><\/p>\n<p>N\u00fcrnberq prosesi h\u0259rbi cinay\u0259tkarlar v\u0259 onlar\u0131n i\u015fin\u0259 \u015f\u0259rik \u00e7\u0131xanlar\u0131n h\u00fcquqi n\u00f6qteyi-n\u0259z\u0259rd\u0259n dam\u011falanmas\u0131d\u0131r v\u0259 indi Az\u0259rbaycan da ox\u015far bir proses qurur.<\/p>\n<p>F\u0259rq buras\u0131ndad\u0131r ki, Az\u0259rbaycan bunu t\u0259kba\u015f\u0131na edir, \u00f6z \u0259razil\u0259rind\u0259 Birinci v\u0259 \u0130kinci Qaraba\u011f m\u00fcharib\u0259l\u0259ri, h\u0259m\u00e7inin ondan sonra suverenliy\u0259 t\u0259hdid yaradan cinay\u0259tl\u0259r t\u00f6r\u0259tm\u0259kd\u0259 ittiham olunan \u015f\u0259xsl\u0259ri (Ruben Vardanyan kimi) bir-bir m\u0259hk\u0259m\u0259 aparat\u0131n\u0131n di\u015fl\u0259ri aras\u0131na \u00e7\u0131xar\u0131r.<\/p>\n<p>M\u0259lumat \u00fc\u00e7\u00fcn bildir\u0259k ki, Az\u0259rbaycan\u0131n h\u00fcquq-m\u00fchafiz\u0259 orqanlar\u0131 Qaraba\u011fda qondarma qurumun \u201cprezident\u201dl\u0259ri olmu\u015f Arkadi Qukasyan, Bako Saakyan, Arayik Arutyunyan, l\u0259\u011fv edilmi\u015f separat\u00e7\u0131 qurumun \u201cxarici i\u015fl\u0259r naziri\u201d David Babayan, el\u0259c\u0259 d\u0259 \u201cparlament s\u0259dri\u201d David \u0130\u015fxanyan, generallar Lyova Mnatsakanyan, David Manukyan v\u0259 ke\u00e7mi\u015f \u201cd\u00f6vl\u0259t naziri\u201d Ruben Vardanyan\u0131 h\u0259bs ed\u0259r\u0259k Bak\u0131ya g\u0259tiribl\u0259r.<\/p>\n<p>Onlar\u0131n istintaq\u0131 davam edir, amma h\u0259l\u0259lik i\u015fl\u0259rinin m\u0259hk\u0259m\u0259y\u0259 \u00e7\u0131xar\u0131laca\u011f\u0131 tarix b\u0259lli deyil.<\/p>\n<p><img src=\"https:\/\/cdn.oxu.az\/uploads\/W1siZiIsIjIwMjMvMTEvMjAvMTIvMjAvNTkvMTkyYTlkZjYtMmI4NC00NzllLWI4MDEtZWRkMDU2MWUyZGVjLzNoNmVvaGxkc1RmbnpGQ2N0a2R1SHEyOVR3VmhrcmNwaUJHSENCdlIuanBnIl0sWyJwIiwiZW5jb2RlIiwianBnIiwiLXF1YWxpdHkgODAiXSxbInAiLCJ0aHVtYiIsIjU5MHg1OTBcdTAwM2UiXV0?sha=0a03f53504f8198a\" alt=\"\" \/><\/p>\n<p>Bundan \u0259vv\u0259l Birinci Qaraba\u011f m\u00fcharib\u0259si zaman\u0131 v\u0259 ondan sonra az\u0259rbaycanl\u0131lara qar\u015f\u0131 cinay\u0259tl\u0259r t\u00f6r\u0259d\u0259n L\u00fcdvik Mkrt\u0131\u00e7yan v\u0259 Alyo\u015fa Xosrovyan, daha sonra is\u0259 Xocal\u0131n\u0131n Me\u015f\u0259li k\u0259ndind\u0259 soyq\u0131r\u0131m\u0131 t\u00f6r\u0259tmi\u015f Vaqif Xa\u00e7atryan bar\u0259sind\u0259 Bak\u0131 H\u0259rbi M\u0259hk\u0259m\u0259si h\u00f6km \u00e7\u0131xar\u0131b. Mkrt\u0131\u00e7yanla Xosrovyan h\u0259r\u0259si 20 il, Xa\u00e7atryan is\u0259 15 il azadl\u0131qdan m\u0259hrum edilibl\u0259r.<\/p>\n<p><img src=\"https:\/\/cdn.oxu.az\/uploads\/W1siZiIsIjIwMjMvMTEvMjAvMTIvMjAvNTkvZDk4NjcyMzgtMWI5Ny00ZjFjLWI0Y2YtOTE0YjBiMTA3OThhL2x5Rnd2QXc4OUJxejVselhwMDcxUUZoSnN1WGNlb3VRdXZyclJpSFEuanBnIl0sWyJwIiwiZW5jb2RlIiwianBnIiwiLXF1YWxpdHkgODAiXSxbInAiLCJ0aHVtYiIsIjU5MHg1OTBcdTAwM2UiXV0?sha=5d43c44e9fb23588\" alt=\"\" \/><\/p>\n<p>Bununla paralel olaraq Xocal\u0131 soyq\u0131r\u0131m\u0131n\u0131n t\u00f6r\u0259dilm\u0259sind\u0259 i\u015ftirak etm\u0259kd\u0259 ittiham olunan daha iki \u015f\u0259xsin &#8211; Madat Babayan v\u0259 Ra\u015fiq Beqlaryan\u0131n &#8211; istintaq\u0131 davam etdirilir.<\/p>\n<p><strong>M\u00fcdd\u0259tin ke\u00e7m\u0259sinin \u015famil olunmama s\u0259b\u0259bi<\/strong><\/p>\n<p>Qeyd etm\u0259k laz\u0131md\u0131r ki, Az\u0259rbaycan\u0131n separat\u00e7\u0131lar \u00fcz\u0259rind\u0259 qurdu\u011fu \u0259dal\u0259t m\u00fchakim\u0259sinin m\u0259qs\u0259di t\u0259kc\u0259 m\u00fctt\u0259himl\u0259ri m\u0259hkum etm\u0259k deyil.<\/p>\n<p>Bu h\u0259m d\u0259 Erm\u0259nistan\u0131n Az\u0259rbaycana qar\u015f\u0131 cinay\u0259tl\u0259rinin t\u0259kzibedilm\u0259z s\u00fcbutlar\u0131n\u0131 toplamaq, erm\u0259ni mill\u0259t\u00e7iliyin\u0259 tarix d\u0259rsi verm\u0259k, \u201cB\u00f6y\u00fck Erm\u0259nistan\u201d x\u0259yallar\u0131n\u0131 h\u00fcquqi c\u0259h\u0259td\u0259n da\u011f\u0131tma\u011f\u0131n qollar\u0131n\u0131 \u0259hat\u0259 ed\u0259n kompleks t\u0259dbirl\u0259rdir.<\/p>\n<p>Az\u0259rbaycan Cinay\u0259t M\u0259c\u0259ll\u0259sinin 75-ci madd\u0259si m\u00fcdd\u0259tin ke\u00e7m\u0259si il\u0259 ba\u011fl\u0131 cinay\u0259t m\u0259suliyy\u0259tind\u0259n azad etm\u0259 hallar\u0131n\u0131 qeyd edir.<\/p>\n<p>T\u00f6r\u0259dil\u0259n cinay\u0259tin d\u0259r\u0259c\u0259sind\u0259n as\u0131l\u0131 olaraq m\u00fc\u0259yy\u0259n edil\u0259n m\u00fcdd\u0259tl\u0259r ke\u00e7dikd\u0259 \u015f\u0259xs cinay\u0259t m\u0259suliyy\u0259tin\u0259 c\u0259lb edil\u0259 bilm\u0259z.<\/p>\n<p>Bel\u0259 ki:<\/p>\n<p>&#8211; b\u00f6y\u00fck ictimai t\u0259hl\u00fck\u0259 t\u00f6r\u0259tm\u0259y\u0259n cinay\u0259tin t\u00f6r\u0259dildiyi g\u00fcnd\u0259n iki il ke\u00e7dikd\u0259;<\/p>\n<p>&#8211; az a\u011f\u0131r cinay\u0259tin t\u00f6r\u0259dildiyi g\u00fcnd\u0259n yeddi il ke\u00e7dikd\u0259;<\/p>\n<p>&#8211; a\u011f\u0131r cinay\u0259tin t\u00f6r\u0259dildiyi g\u00fcnd\u0259n on iki il ke\u00e7dikd\u0259;<\/p>\n<p>&#8211; x\u00fcsusil\u0259 a\u011f\u0131r cinay\u0259tin t\u00f6r\u0259dildiyi g\u00fcnd\u0259n iyirmi il ke\u00e7dikd\u0259 \u015f\u0259xs cinay\u0259t m\u0259suliyy\u0259tin\u0259 c\u0259lb olunmur.<\/p>\n<p>Ancaq s\u00fclh v\u0259 insanl\u0131q \u0259leyhin\u0259, terror\u00e7uluq, terror\u00e7ulu\u011fu maliyy\u0259l\u0259\u015fdirm\u0259 v\u0259 m\u00fcharib\u0259 cinay\u0259tl\u0259ri t\u00f6r\u0259tmi\u015f \u015f\u0259xsl\u0259r\u0259 bu madd\u0259nin m\u00fcdd\u0259alar\u0131 t\u0259tbiq olunmur.<\/p>\n<p>Bunu ona g\u00f6r\u0259 yada sal\u0131r\u0131q ki, kims\u0259 b\u0259zi \u015f\u0259xsl\u0259rin cinay\u0259t i\u015fi haqq\u0131nda \u201cvaxt ke\u00e7ib, onlar\u0131n ham\u0131s\u0131 m\u00fchakim\u0259 oluna bilm\u0259z\u201d kimi d\u0259xlsiz s\u00f6hb\u0259tin\u0259 giri\u015fm\u0259sin.<\/p>\n<p>Y\u0259ni Az\u0259rbaycan\u0131n birg\u0259 istintaq-\u0259m\u0259liyyat qrupunun i\u015fi, ke\u00e7irdiyi v\u0259 ke\u00e7ir\u0259c\u0259yi m\u0259hk\u0259m\u0259 prosesl\u0259ri beyn\u0259lxalq h\u00fcquq normalar\u0131n\u0131n t\u0259l\u0259bl\u0259rin\u0259 uy\u011fun h\u0259yata ke\u00e7irilir.<\/p>\n<p>Perspektiv \u00fc\u00e7\u00fcn Az\u0259rbaycan d\u00f6vl\u0259tinin h\u00fcquq sisteminin c\u0259za cihaz\u0131 qeyd olunan s\u00fclh v\u0259 insanl\u0131q \u0259leyhin\u0259 cinay\u0259tl\u0259ri t\u00f6r\u0259tmi\u015f v\u0259 sonradan ali m\u0259ns\u0259b\u0259 yiy\u0259l\u0259nmi\u015f siyas\u0259t\u00e7il\u0259rin d\u0259 \u00fcz\u0259rin\u0259 qald\u0131r\u0131la bil\u0259r.<\/p>\n<p><strong>Ko\u00e7aryan v\u0259 Sarqsyana qar\u015f\u0131 axtar\u0131\u015f<\/strong><\/p>\n<p>T\u0259bii ki, m\u00f6vzunun davam\u0131 kimi, s\u00f6hb\u0259ti Erm\u0259nistan\u0131n ke\u00e7mi\u015f prezidentl\u0259ri Robert Ko\u00e7aryan v\u0259 Serj Sarqsyan\u0131n \u00fcz\u0259rin\u0259 g\u0259tiririk.<\/p>\n<p>Az\u0259rbaycan r\u0259smi \u015f\u0259kild\u0259 elan edir ki, h\u0259r iki eks-prezident haqq\u0131nda axtar\u0131\u015f elan edib. Beyind\u0259 sual yarana bil\u0259r ki, Az\u0259rbaycan ba\u015fqa bir d\u00f6vl\u0259tin eks-prezidentl\u0259rini saxlay\u0131b, onlar\u0131 \u00f6z istintaq\u0131 alt\u0131na ala bil\u0259rmi?<\/p>\n<p>Sad\u0259 bir texniki parametr: Az\u0259rbaycan Ko\u00e7aryan v\u0259 Sarqsyan haqq\u0131nda axtar\u0131\u015f elan edibs\u0259, bunu beyn\u0259lxalq h\u00fcquq v\u0259 normadan k\u0259nar m\u00fcst\u0259sna h\u00fcquq kimi qeyd etmir.<\/p>\n<p><img src=\"https:\/\/cdn.oxu.az\/uploads\/W1siZiIsIjIwMjMvMTEvMjAvMTIvMjMvNDAvMDFiNGYwM2EtMTZmNi00NjA1LWE5ZTgtYjMzNGI4MDJkZWMwL2Njdi5qcGciXSxbInAiLCJlbmNvZGUiLCJqcGciLCItcXVhbGl0eSA4MCJdLFsicCIsInRodW1iIiwiNTkweDU5MFx1MDAzZSJdXQ?sha=8b0fd93fd27b2aeb\" alt=\"\" \/><\/p>\n<p>Ke\u00e7mi\u015f prezidentl\u0259r b\u00fct\u00fcn d\u00fcnyada ara\u015fd\u0131r\u0131l\u0131r, m\u00fchakim\u0259 olunur v\u0259 h\u0259tta d\u0259mir barmaql\u0131qlar aras\u0131na g\u00f6nd\u0259rilirl\u0259r. X\u00fcsusil\u0259 s\u00fclh v\u0259 insanl\u0131q \u0259leyhin\u0259 cinay\u0259tin motivl\u0259ri varsa, onda eks-prezidentl\u0259rin h\u0259bsi \u00fc\u00e7\u00fcn ya\u015f\u0131l i\u015f\u0131q ard-arda yan\u0131r.<\/p>\n<p>M\u0259s\u0259l\u0259n, Serbiyan\u0131n ke\u00e7mi\u015f prezidenti Slobodan Milo\u015fevi\u00e7 tutularaq Haaqa tribunal\u0131na t\u0259hvil verilmi\u015fdi (O, 2006-c\u0131 ilin 11 mart\u0131nda Haaqa tribunal\u0131n\u0131n h\u0259bsxana kameras\u0131nda v\u0259fat edib).<\/p>\n<p>AB\u015e \u0130raq\u0131n ke\u00e7mi\u015f prezidenti S\u0259ddam H\u00fcseyn\u0259 qar\u015f\u0131 m\u0259hk\u0259m\u0259 s\u0259hn\u0259sinin m\u00fc\u0259llifi idi v\u0259 yekunda S\u0259ddam H\u00fcseyn edam edildi.<\/p>\n<p>Ko\u00e7aryan v\u0259 Sarqsyana g\u0259linc\u0259, onlar \u0259m\u0259ll\u0259rini dil\u0259 g\u0259tirm\u0259kd\u0259n \u00e7\u0259kinmirl\u0259r, m\u0259nc\u0259, bu, onlara qar\u015f\u0131 istintaq d\u0259lili olaraq beyn\u0259lxalq h\u00fcququn diqq\u0259t m\u0259rk\u0259zin\u0259 g\u0259tirilir. Bu prosesd\u0259 Az\u0259rbaycan\u0131n \u0259lini b\u0259rkid\u0259c\u0259k \u0259lav\u0259 fakt v\u0259 s\u00fcbutlar, y\u0259qin ki, toplan\u0131l\u0131r. \u00c7\u00fcnki Az\u0259rbaycan Ko\u00e7aryanla Sarqsyan\u0131n m\u00fchakim\u0259si \u00fc\u00e7\u00fcn \u0259saslar\u0131 beyn\u0259lxalq h\u00fcquq auditoriyas\u0131na izah etm\u0259lidir.<\/p>\n<p>Bel\u0259likl\u0259, hipotetik v\u0259 praktiki olaraq Ko\u00e7aryanla Sarqsyan\u0131n Az\u0259rbaycan\u0131n ba\u015flatd\u0131\u011f\u0131 cinay\u0259t t\u0259qibind\u0259n qa\u00e7maq \u00fc\u00e7\u00fcn h\u00fcquqi immunitetl\u0259ri yoxdur, yaln\u0131z reall\u0131qda Erm\u0259nistana olan simpatiyalar bir q\u0259d\u0259r problem yarada bil\u0259r.<\/p>\n<p>Dem\u0259li, eks-prezidentl\u0259rin toxunulmazl\u0131\u011f\u0131 haqq\u0131nda h\u00fcquqi qiym\u0259tl\u0259ndirm\u0259l\u0259r Ko\u00e7aryan-Sarqsyan ikilisin\u0259 qar\u015f\u0131 Az\u0259rbaycan\u0131n ba\u015flatd\u0131\u011f\u0131 axtar\u0131\u015f fonunda q\u00fcvv\u0259d\u0259n d\u00fc\u015f\u00fcr. M\u0259ntiq bel\u0259 deyir ki, Az\u0259rbaycan h\u0259r iki \u015f\u0259xsin c\u0259zas\u0131n\u0131 almaqdan \u00f6tr\u00fc h\u00fcquqi imtiyazlar\u0131n\u0131 art\u0131ran d\u0259lill\u0259ri daha \u00e7ox g\u00fcnd\u0259m\u0259 g\u0259tir\u0259c\u0259k.<\/p>\n","protected":false},"excerpt":{"rendered":"<p>\u0130kinci D\u00fcnya m\u00fcharib\u0259sini ba\u015flatm\u0131\u015f Adolf Hitler Almaniyas\u0131n\u0131n dig\u0259r \u00f6lk\u0259l\u0259r\u0259 h\u00fccum h\u0259yata ke\u00e7irmi\u015f, m\u00fclki insanlara qar\u015f\u0131 v\u0259h\u015filikl\u0259r haz\u0131rlay\u0131b onu icra etmi\u015f \u015f\u0259xsl\u0259ri N\u00fcrnberq prosesind\u0259 m\u00fchakim\u0259 olundular. 1946-c\u0131 il noyabr\u0131n 20-d\u0259 ba\u015flayan v\u0259 1946-c\u0131 il oktyabr\u0131n 1-n\u0259 q\u0259d\u0259r davam ed\u0259n Beyn\u0259lxalq H\u0259rbi Tribunalda nasist Almaniyas\u0131n\u0131n siyasi, h\u0259rbi v\u0259 iqtisadi sah\u0259d\u0259 v\u0259zif\u0259 da\u015f\u0131m\u0131\u015f \u015f\u0259xsl\u0259ri bar\u0259sind\u0259 q\u0259rar \u00e7\u0131xar\u0131ld\u0131. Bel\u0259likl\u0259, AB\u015e, SSR\u0130, Fransa, B\u00f6y\u00fck Britaniya t\u0259r\u0259find\u0259n qurulan \u0259dal\u0259t m\u00fcst\u0259visind\u0259: &#8211; 12 n\u0259f\u0259r edam c\u0259zas\u0131na m\u0259hkum edildi, &#8211; \u00fc\u00e7 n\u0259f\u0259r \u00f6m\u00fcrl\u00fck h\u0259bs\u0259 at\u0131ld\u0131, &#8211; iki n\u0259f\u0259r 20 il, bir n\u0259f\u0259r 15 il, bir n\u0259f\u0259r is\u0259 10&hellip;<\/p>\n","protected":false},"author":2,"featured_media":658775,"comment_status":"closed","ping_status":"closed","sticky":false,"template":"","format":"standard","meta":{"om_disable_all_campaigns":false,"_monsterinsights_skip_tracking":false,"_monsterinsights_sitenote_active":false,"_monsterinsights_sitenote_note":"","_monsterinsights_sitenote_category":0},"categories":[4],"tags":[],"aioseo_notices":[],"gutentor_comment":0,"rttpg_featured_image_url":{"full":["https:\/\/arantv.az\/wp-content\/uploads\/2023\/11\/1532698392_9529374.jpg",620,413,false],"landscape":["https:\/\/arantv.az\/wp-content\/uploads\/2023\/11\/1532698392_9529374.jpg",620,413,false],"portraits":["https:\/\/arantv.az\/wp-content\/uploads\/2023\/11\/1532698392_9529374.jpg",620,413,false],"thumbnail":["https:\/\/arantv.az\/wp-content\/uploads\/2023\/11\/1532698392_9529374-500x280.jpg",500,280,true],"medium":["https:\/\/arantv.az\/wp-content\/uploads\/2023\/11\/1532698392_9529374-548x365.jpg",548,365,true],"large":["https:\/\/arantv.az\/wp-content\/uploads\/2023\/11\/1532698392_9529374.jpg",620,413,false],"1536x1536":["https:\/\/arantv.az\/wp-content\/uploads\/2023\/11\/1532698392_9529374.jpg",620,413,false],"2048x2048":["https:\/\/arantv.az\/wp-content\/uploads\/2023\/11\/1532698392_9529374.jpg",620,413,false],"post-thumbnail":["https:\/\/arantv.az\/wp-content\/uploads\/2023\/11\/1532698392_9529374-240x172.jpg",240,172,true],"advps-thumb-one":["https:\/\/arantv.az\/wp-content\/uploads\/2023\/11\/1532698392_9529374.jpg",620,413,false]},"rttpg_author":{"display_name":"V\u00fcsal Rafiqo\u011flu","author_link":"https:\/\/arantv.az\/?author=2"},"rttpg_comment":0,"rttpg_category":"<a href=\"https:\/\/arantv.az\/?cat=4\" rel=\"category\">Siyas\u0259t<\/a>","rttpg_excerpt":"\u0130kinci D\u00fcnya m\u00fcharib\u0259sini ba\u015flatm\u0131\u015f Adolf Hitler Almaniyas\u0131n\u0131n dig\u0259r \u00f6lk\u0259l\u0259r\u0259 h\u00fccum h\u0259yata ke\u00e7irmi\u015f, m\u00fclki insanlara qar\u015f\u0131 v\u0259h\u015filikl\u0259r haz\u0131rlay\u0131b onu icra etmi\u015f \u015f\u0259xsl\u0259ri N\u00fcrnberq prosesind\u0259 m\u00fchakim\u0259 olundular. 1946-c\u0131 il noyabr\u0131n 20-d\u0259 ba\u015flayan v\u0259 1946-c\u0131 il oktyabr\u0131n 1-n\u0259 q\u0259d\u0259r davam ed\u0259n Beyn\u0259lxalq H\u0259rbi Tribunalda nasist Almaniyas\u0131n\u0131n siyasi, h\u0259rbi v\u0259 iqtisadi sah\u0259d\u0259 v\u0259zif\u0259 da\u015f\u0131m\u0131\u015f \u015f\u0259xsl\u0259ri bar\u0259sind\u0259 q\u0259rar \u00e7\u0131xar\u0131ld\u0131. Bel\u0259likl\u0259,&hellip;","_links":{"self":[{"href":"https:\/\/arantv.az\/index.php?rest_route=\/wp\/v2\/posts\/658771"}],"collection":[{"href":"https:\/\/arantv.az\/index.php?rest_route=\/wp\/v2\/posts"}],"about":[{"href":"https:\/\/arantv.az\/index.php?rest_route=\/wp\/v2\/types\/post"}],"author":[{"embeddable":true,"href":"https:\/\/arantv.az\/index.php?rest_route=\/wp\/v2\/users\/2"}],"replies":[{"embeddable":true,"href":"https:\/\/arantv.az\/index.php?rest_route=%2Fwp%2Fv2%2Fcomments&post=658771"}],"version-history":[{"count":0,"href":"https:\/\/arantv.az\/index.php?rest_route=\/wp\/v2\/posts\/658771\/revisions"}],"wp:featuredmedia":[{"embeddable":true,"href":"https:\/\/arantv.az\/index.php?rest_route=\/wp\/v2\/media\/658775"}],"wp:attachment":[{"href":"https:\/\/arantv.az\/index.php?rest_route=%2Fwp%2Fv2%2Fmedia&parent=658771"}],"wp:term":[{"taxonomy":"category","embeddable":true,"href":"https:\/\/arantv.az\/index.php?rest_route=%2Fwp%2Fv2%2Fcategories&post=658771"},{"taxonomy":"post_tag","embeddable":true,"href":"https:\/\/arantv.az\/index.php?rest_route=%2Fwp%2Fv2%2Ftags&post=658771"}],"curies":[{"name":"wp","href":"https:\/\/api.w.org\/{rel}","templated":true}]}}