{"id":658989,"date":"2023-11-20T19:43:03","date_gmt":"2023-11-20T15:43:03","guid":{"rendered":"https:\/\/arantv.az\/?p=658989"},"modified":"2023-11-20T19:43:03","modified_gmt":"2023-11-20T15:43:03","slug":"az%c9%99rbaycan-oecd-il%c9%99-vergitutma-sah%c9%99sind%c9%99-konvensiya-imzalayib-foto","status":"publish","type":"post","link":"https:\/\/arantv.az\/?p=658989","title":{"rendered":"Az\u0259rbaycan OECD il\u0259 vergitutma sah\u0259sind\u0259 Konvensiya imzalay\u0131b &#8211; FOTO"},"content":{"rendered":"<p>Bu g\u00fcn Az\u0259rbaycan \u0130qtisadiyyat Nazirliyind\u0259 \u0130qtisadi \u018fm\u0259kda\u015fl\u0131q v\u0259 \u0130nki\u015faf T\u0259\u015fkilat\u0131n\u0131n (OECD) n\u00fcmay\u0259nd\u0259l\u0259ri il\u0259 ke\u00e7iril\u0259n g\u00f6r\u00fc\u015f \u00e7\u0259r\u00e7iv\u0259sind\u0259 \u201cVergitutma bazas\u0131n\u0131n a\u015f\u0131nmas\u0131 v\u0259 m\u0259nf\u0259\u0259tin k\u00f6\u00e7\u00fcr\u00fclm\u0259sinin qar\u015f\u0131s\u0131n\u0131n al\u0131nmas\u0131 m\u0259qs\u0259dil\u0259 Vergi Sazi\u015fi \u00fczr\u0259 t\u0259dbirl\u0259rin h\u0259yata ke\u00e7irilm\u0259sin\u0259 dair \u00c7oxt\u0259r\u0259fli Konvensiya\u201ds\u0131 imzalan\u0131b.<\/p>\n<p>Bu bar\u0259d\u0259 iqtisadiyyat naziri Mikay\u0131l Cabbarov \u201cX\u201d sosial \u015f\u0259b\u0259k\u0259sind\u0259ki hesab\u0131nda yaz\u0131b.<\/p>\n<p>\u201c100-d\u0259n \u00e7ox \u00f6lk\u0259nin imzalad\u0131\u011f\u0131 bu Konvensiyaya t\u0259r\u0259fdar \u00e7\u0131xmaqla \u00f6lk\u0259mizin qlobal s\u0259viyy\u0259d\u0259 vergid\u0259n yay\u0131nman\u0131n qar\u015f\u0131s\u0131n\u0131n al\u0131nmas\u0131 prosesin\u0259 \u00f6z t\u00f6hf\u0259sini verm\u0259k niyy\u0259tini bir daha vur\u011fulad\u0131q, OECD il\u0259 ikit\u0259r\u0259fli \u0259m\u0259kda\u015fl\u0131\u011f\u0131n perspektivl\u0259ri v\u0259 potensial t\u0259r\u0259fda\u015fl\u0131q istiqam\u0259tl\u0259ri bar\u0259d\u0259 fikirl\u0259rimizi b\u00f6l\u00fc\u015fd\u00fck\u201d, &#8211; nazir qeyd edib.<\/p>\n<div>\n<div class=\"twitter-tweet twitter-tweet-rendered\"><iframe id=\"twitter-widget-0\" class=\"\" title=\"Twitter Tweet\" src=\"https:\/\/platform.twitter.com\/embed\/Tweet.html?creatorScreenName=oxuaz&amp;dnt=false&amp;embedId=twitter-widget-0&amp;features=eyJ0ZndfdGltZWxpbmVfbGlzdCI6eyJidWNrZXQiOltdLCJ2ZXJzaW9uIjpudWxsfSwidGZ3X2ZvbGxvd2VyX2NvdW50X3N1bnNldCI6eyJidWNrZXQiOnRydWUsInZlcnNpb24iOm51bGx9LCJ0ZndfdHdlZXRfZWRpdF9iYWNrZW5kIjp7ImJ1Y2tldCI6Im9uIiwidmVyc2lvbiI6bnVsbH0sInRmd19yZWZzcmNfc2Vzc2lvbiI6eyJidWNrZXQiOiJvbiIsInZlcnNpb24iOm51bGx9LCJ0ZndfZm9zbnJfc29mdF9pbnRlcnZlbnRpb25zX2VuYWJsZWQiOnsiYnVja2V0Ijoib24iLCJ2ZXJzaW9uIjpudWxsfSwidGZ3X21peGVkX21lZGlhXzE1ODk3Ijp7ImJ1Y2tldCI6InRyZWF0bWVudCIsInZlcnNpb24iOm51bGx9LCJ0ZndfZXhwZXJpbWVudHNfY29va2llX2V4cGlyYXRpb24iOnsiYnVja2V0IjoxMjA5NjAwLCJ2ZXJzaW9uIjpudWxsfSwidGZ3X3Nob3dfYmlyZHdhdGNoX3Bpdm90c19lbmFibGVkIjp7ImJ1Y2tldCI6Im9uIiwidmVyc2lvbiI6bnVsbH0sInRmd19kdXBsaWNhdGVfc2NyaWJlc190b19zZXR0aW5ncyI6eyJidWNrZXQiOiJvbiIsInZlcnNpb24iOm51bGx9LCJ0ZndfdXNlX3Byb2ZpbGVfaW1hZ2Vfc2hhcGVfZW5hYmxlZCI6eyJidWNrZXQiOiJvbiIsInZlcnNpb24iOm51bGx9LCJ0ZndfdmlkZW9faGxzX2R5bmFtaWNfbWFuaWZlc3RzXzE1MDgyIjp7ImJ1Y2tldCI6InRydWVfYml0cmF0ZSIsInZlcnNpb24iOm51bGx9LCJ0ZndfbGVnYWN5X3RpbWVsaW5lX3N1bnNldCI6eyJidWNrZXQiOnRydWUsInZlcnNpb24iOm51bGx9LCJ0ZndfdHdlZXRfZWRpdF9mcm9udGVuZCI6eyJidWNrZXQiOiJvbiIsInZlcnNpb24iOm51bGx9fQ%3D%3D&amp;frame=false&amp;hideCard=false&amp;hideThread=false&amp;id=1726603011441541156&amp;lang=en&amp;origin=https%3A%2F%2Foxu.az%2Feconomy%2F805738&amp;sessionId=4d5c44a96f072189b7d5c715c533b4e5bcb69d23&amp;siteScreenName=oxuaz&amp;theme=light&amp;widgetsVersion=01917f4d1d4cb%3A1696883169554&amp;width=550px\" frameborder=\"0\" scrolling=\"no\" allowfullscreen=\"allowfullscreen\" data-tweet-id=\"1726603011441541156\" data-mce-fragment=\"1\"><\/iframe><\/div>\n<\/div>\n<p>&nbsp;<\/p>\n","protected":false},"excerpt":{"rendered":"<p>Bu g\u00fcn Az\u0259rbaycan \u0130qtisadiyyat Nazirliyind\u0259 \u0130qtisadi \u018fm\u0259kda\u015fl\u0131q v\u0259 \u0130nki\u015faf T\u0259\u015fkilat\u0131n\u0131n (OECD) n\u00fcmay\u0259nd\u0259l\u0259ri il\u0259 ke\u00e7iril\u0259n g\u00f6r\u00fc\u015f \u00e7\u0259r\u00e7iv\u0259sind\u0259 \u201cVergitutma bazas\u0131n\u0131n a\u015f\u0131nmas\u0131 v\u0259 m\u0259nf\u0259\u0259tin k\u00f6\u00e7\u00fcr\u00fclm\u0259sinin qar\u015f\u0131s\u0131n\u0131n al\u0131nmas\u0131 m\u0259qs\u0259dil\u0259 Vergi Sazi\u015fi \u00fczr\u0259 t\u0259dbirl\u0259rin h\u0259yata ke\u00e7irilm\u0259sin\u0259 dair \u00c7oxt\u0259r\u0259fli Konvensiya\u201ds\u0131 imzalan\u0131b. Bu bar\u0259d\u0259 iqtisadiyyat naziri Mikay\u0131l Cabbarov \u201cX\u201d sosial \u015f\u0259b\u0259k\u0259sind\u0259ki hesab\u0131nda yaz\u0131b. \u201c100-d\u0259n \u00e7ox \u00f6lk\u0259nin imzalad\u0131\u011f\u0131 bu Konvensiyaya t\u0259r\u0259fdar \u00e7\u0131xmaqla \u00f6lk\u0259mizin qlobal s\u0259viyy\u0259d\u0259 vergid\u0259n yay\u0131nman\u0131n qar\u015f\u0131s\u0131n\u0131n al\u0131nmas\u0131 prosesin\u0259 \u00f6z t\u00f6hf\u0259sini verm\u0259k niyy\u0259tini bir daha vur\u011fulad\u0131q, OECD il\u0259 ikit\u0259r\u0259fli \u0259m\u0259kda\u015fl\u0131\u011f\u0131n perspektivl\u0259ri v\u0259 potensial t\u0259r\u0259fda\u015fl\u0131q istiqam\u0259tl\u0259ri bar\u0259d\u0259 fikirl\u0259rimizi b\u00f6l\u00fc\u015fd\u00fck\u201d, &#8211; nazir qeyd edib. &nbsp;<\/p>\n","protected":false},"author":2,"featured_media":658997,"comment_status":"closed","ping_status":"closed","sticky":false,"template":"","format":"standard","meta":{"om_disable_all_campaigns":false,"_monsterinsights_skip_tracking":false,"_monsterinsights_sitenote_active":false,"_monsterinsights_sitenote_note":"","_monsterinsights_sitenote_category":0},"categories":[19],"tags":[],"aioseo_notices":[],"gutentor_comment":0,"rttpg_featured_image_url":{"full":["https:\/\/arantv.az\/wp-content\/uploads\/2023\/11\/FotoJet-2-24.jpg",620,413,false],"landscape":["https:\/\/arantv.az\/wp-content\/uploads\/2023\/11\/FotoJet-2-24.jpg",620,413,false],"portraits":["https:\/\/arantv.az\/wp-content\/uploads\/2023\/11\/FotoJet-2-24.jpg",620,413,false],"thumbnail":["https:\/\/arantv.az\/wp-content\/uploads\/2023\/11\/FotoJet-2-24-500x280.jpg",500,280,true],"medium":["https:\/\/arantv.az\/wp-content\/uploads\/2023\/11\/FotoJet-2-24-548x365.jpg",548,365,true],"large":["https:\/\/arantv.az\/wp-content\/uploads\/2023\/11\/FotoJet-2-24.jpg",620,413,false],"1536x1536":["https:\/\/arantv.az\/wp-content\/uploads\/2023\/11\/FotoJet-2-24.jpg",620,413,false],"2048x2048":["https:\/\/arantv.az\/wp-content\/uploads\/2023\/11\/FotoJet-2-24.jpg",620,413,false],"post-thumbnail":["https:\/\/arantv.az\/wp-content\/uploads\/2023\/11\/FotoJet-2-24-240x172.jpg",240,172,true],"advps-thumb-one":["https:\/\/arantv.az\/wp-content\/uploads\/2023\/11\/FotoJet-2-24.jpg",620,413,false]},"rttpg_author":{"display_name":"V\u00fcsal Rafiqo\u011flu","author_link":"https:\/\/arantv.az\/?author=2"},"rttpg_comment":0,"rttpg_category":"<a href=\"https:\/\/arantv.az\/?cat=19\" rel=\"category\">G\u00fcnd\u0259m<\/a>","rttpg_excerpt":"Bu g\u00fcn Az\u0259rbaycan \u0130qtisadiyyat Nazirliyind\u0259 \u0130qtisadi \u018fm\u0259kda\u015fl\u0131q v\u0259 \u0130nki\u015faf T\u0259\u015fkilat\u0131n\u0131n (OECD) n\u00fcmay\u0259nd\u0259l\u0259ri il\u0259 ke\u00e7iril\u0259n g\u00f6r\u00fc\u015f \u00e7\u0259r\u00e7iv\u0259sind\u0259 \u201cVergitutma bazas\u0131n\u0131n a\u015f\u0131nmas\u0131 v\u0259 m\u0259nf\u0259\u0259tin k\u00f6\u00e7\u00fcr\u00fclm\u0259sinin qar\u015f\u0131s\u0131n\u0131n al\u0131nmas\u0131 m\u0259qs\u0259dil\u0259 Vergi Sazi\u015fi \u00fczr\u0259 t\u0259dbirl\u0259rin h\u0259yata ke\u00e7irilm\u0259sin\u0259 dair \u00c7oxt\u0259r\u0259fli Konvensiya\u201ds\u0131 imzalan\u0131b. Bu bar\u0259d\u0259 iqtisadiyyat naziri Mikay\u0131l Cabbarov \u201cX\u201d sosial \u015f\u0259b\u0259k\u0259sind\u0259ki hesab\u0131nda yaz\u0131b. \u201c100-d\u0259n \u00e7ox \u00f6lk\u0259nin imzalad\u0131\u011f\u0131 bu Konvensiyaya t\u0259r\u0259fdar \u00e7\u0131xmaqla \u00f6lk\u0259mizin&hellip;","_links":{"self":[{"href":"https:\/\/arantv.az\/index.php?rest_route=\/wp\/v2\/posts\/658989"}],"collection":[{"href":"https:\/\/arantv.az\/index.php?rest_route=\/wp\/v2\/posts"}],"about":[{"href":"https:\/\/arantv.az\/index.php?rest_route=\/wp\/v2\/types\/post"}],"author":[{"embeddable":true,"href":"https:\/\/arantv.az\/index.php?rest_route=\/wp\/v2\/users\/2"}],"replies":[{"embeddable":true,"href":"https:\/\/arantv.az\/index.php?rest_route=%2Fwp%2Fv2%2Fcomments&post=658989"}],"version-history":[{"count":0,"href":"https:\/\/arantv.az\/index.php?rest_route=\/wp\/v2\/posts\/658989\/revisions"}],"wp:featuredmedia":[{"embeddable":true,"href":"https:\/\/arantv.az\/index.php?rest_route=\/wp\/v2\/media\/658997"}],"wp:attachment":[{"href":"https:\/\/arantv.az\/index.php?rest_route=%2Fwp%2Fv2%2Fmedia&parent=658989"}],"wp:term":[{"taxonomy":"category","embeddable":true,"href":"https:\/\/arantv.az\/index.php?rest_route=%2Fwp%2Fv2%2Fcategories&post=658989"},{"taxonomy":"post_tag","embeddable":true,"href":"https:\/\/arantv.az\/index.php?rest_route=%2Fwp%2Fv2%2Ftags&post=658989"}],"curies":[{"name":"wp","href":"https:\/\/api.w.org\/{rel}","templated":true}]}}