{"id":659336,"date":"2023-11-21T12:07:40","date_gmt":"2023-11-21T08:07:40","guid":{"rendered":"https:\/\/arantv.az\/?p=659336"},"modified":"2023-11-21T12:07:40","modified_gmt":"2023-11-21T08:07:40","slug":"qaxin-%c9%99n-ucqar-k%c9%99ndin%c9%99-ilk-qar-yagib-yenil%c9%99nib-foto-video","status":"publish","type":"post","link":"https:\/\/arantv.az\/?p=659336","title":{"rendered":"Qax\u0131n \u0259n ucqar k\u0259ndin\u0259 ilk qar ya\u011f\u0131b &#8211; YEN\u0130L\u018fN\u0130B + FOTO\/V\u0130DEO"},"content":{"rendered":"<p>Qax rayonunun Sar\u0131ba\u015f k\u0259ndin\u0259 ilk qar ya\u011f\u0131b.<\/p>\n<p>\u200b\u201cReport\u201dun \u015eimal-q\u0259rb b\u00fcrosunun m\u0259lumat\u0131na g\u00f6r\u0259, ax\u015fam saatlar\u0131ndan etibar\u0259n Az\u0259rbaycanda hava \u015f\u0259raiti d\u0259yi\u015fib, temperatur a\u015fa\u011f\u0131 d\u00fc\u015f\u00fcb. B\u0259zi \u0259razil\u0259rd\u0259 g\u00fccl\u00fc k\u00fcl\u0259k \u0259sm\u0259y\u0259 v\u0259 ya\u011f\u0131\u015f ya\u011fma\u011fa, b\u0259zi \u0259razil\u0259rd\u0259 is\u0259 qar ya\u011fma\u011fa ba\u015flay\u0131b.<\/p>\n<p>Bel\u0259 ki, d\u00fcn\u0259n ax\u015famdan etibar\u0259n ya\u011fan ya\u011f\u0131\u015f daha sonra qara \u00e7evrilib. N\u0259tic\u0259d\u0259 Sar\u0131ba\u015f k\u0259ndind\u0259 qar\u0131n h\u00fcnd\u00fcrl\u00fcy\u00fc d\u00f6rd\u00a0santimetr\u0259 \u00e7at\u0131b.<\/p>\n<p>Qeyd ed\u0259k ki, Sar\u0131ba\u015f k\u0259ndi Az\u0259rbaycan\u0131n \u00fc\u00e7 \u0259n ucqar k\u0259ndind\u0259n biri, Qax\u0131n is\u0259 \u0259n ucqarda yerl\u0259\u015f\u0259n ya\u015fay\u0131\u015f m\u0259nt\u0259q\u0259sidir. K\u0259nd d\u0259niz s\u0259viyy\u0259sind\u0259n 1800 metr y\u00fcks\u0259klikd\u0259dir.<\/p>\n<p><strong>10:15<\/strong><\/p>\n<p>\u015eimal b\u00f6lg\u0259sind\u0259 davam ed\u0259n qeyri-sabit hava \u015f\u0259raiti temperaturun m\u0259nfi d\u0259r\u0259c\u0259y\u0259 q\u0259d\u0259r enm\u0259sin\u0259 s\u0259b\u0259b olub.<\/p>\n<p>APA-n\u0131n yerli b\u00fcrosu x\u0259b\u0259r verir ki, gec\u0259 saatlar\u0131nda X\u0131nal\u0131qda m\u0259nfi iki d\u0259r\u0259c\u0259y\u0259 q\u0259d\u0259r \u015faxta olub.<\/p>\n<p>X\u0131nal\u0131q v\u0259 Laza ya\u015fay\u0131\u015f m\u0259nt\u0259q\u0259l\u0259rin\u0259 1-4 sm qal\u0131nl\u0131\u011f\u0131nda qar ya\u011f\u0131b.<\/p>\n<p>B\u00f6lg\u0259nin dig\u0259r ya\u015fay\u0131\u015f m\u0259nt\u0259q\u0259l\u0259rind\u0259 sulu qar v\u0259 ya\u011f\u0131\u015f m\u00fc\u015fahid\u0259 edilir.<\/p>\n<p><strong>09:44<\/strong><\/p>\n<p>Noyabr\u0131n 20-d\u0259 gec\u0259 saatlar\u0131ndan ba\u015flayaraq Nax\u00e7\u0131van Muxtar Respublikas\u0131 \u0259razisind\u0259 soyuq hava \u015f\u0259raiti h\u00f6km s\u00fcr\u00fcb.<\/p>\n<p>Gec\u0259 saatlar\u0131ndan ba\u015flayan ya\u011f\u0131\u015f y\u00fcks\u0259k da\u011fl\u0131q v\u0259 da\u011f\u0259t\u0259yi \u0259razil\u0259rd\u0259 sulu qara \u00e7evrilib.<\/p>\n<p>Qar daha \u00e7ox \u015eahbuz rayonunun da\u011fl\u0131q k\u0259ndl\u0259rin\u0259 ya\u011f\u0131b. Qar\u0131n h\u00fcnd\u00fcrl\u00fcy\u00fc bu k\u0259ndl\u0259rd\u0259 2-6 sm-\u0259 \u00e7at\u0131b. Eyni zamanda, Culfa v\u0259 Bab\u0259k rayonunun b\u0259zi da\u011fl\u0131q k\u0259ndl\u0259ri d\u0259 a\u011f \u00f6rp\u0259y\u0259 b\u00fcr\u00fcn\u00fcb.<\/p>\n<div><iframe loading=\"lazy\" id=\"telegram-post-oxuaze-70623\" src=\"https:\/\/t.me\/oxuaze\/70623?embed=1\" width=\"100%\" height=\"\" frameborder=\"0\" scrolling=\"no\" data-mce-fragment=\"1\"><\/iframe><\/div>\n<p><img src=\"https:\/\/cdn.oxu.az\/uploads\/W1siZiIsIjIwMjMvMTEvMjEvMTAvMjYvNTYvMTFhY2MyOWEtNGI4Yy00NjJjLTgwOWMtMzgzMzdjNWZiMmIzLzQwMjU3MDY5Ml85MDAxNDc5MjUwNTIxMjFfMTkxNjg0NzAwMjExMTgwMTk0Ml9uLmpwZyJdLFsicCIsImVuY29kZSIsImpwZyIsIi1xdWFsaXR5IDgwIl0sWyJwIiwidGh1bWIiLCI1OTB4NTkwXHUwMDNlIl1d?sha=614a87717ab58537\" alt=\"\" \/><\/p>\n<p><img src=\"https:\/\/cdn.oxu.az\/uploads\/W1siZiIsIjIwMjMvMTEvMjEvMTAvMjYvNTcvNzhjOWRkMjAtMDRlYS00YjBmLTlmMWUtOThiN2M3ODNkNjZjLzQwMjYzNjIxOV85MDAxNDc4NjgzODU0NjBfNzA2MDcxNTA3NjE1NzA0MzUxX24uanBnIl0sWyJwIiwiZW5jb2RlIiwianBnIiwiLXF1YWxpdHkgODAiXSxbInAiLCJ0aHVtYiIsIjU5MHg1OTBcdTAwM2UiXV0?sha=cdbcab626f8b144f\" alt=\"\" \/><\/p>\n<p><img src=\"https:\/\/cdn.oxu.az\/uploads\/W1siZiIsIjIwMjMvMTEvMjEvMTAvMjYvNTcvYzNkYTRhZjAtNTBhMy00MjVmLWEzMmEtNGNlOGMzYmM0YjI5LzQwNDU5MTA0OF85MDAxNDgwODE3MTg3NzJfNDQ0MTgwOTMwNzcxNjA1OTAyM19uLmpwZyJdLFsicCIsImVuY29kZSIsImpwZyIsIi1xdWFsaXR5IDgwIl0sWyJwIiwidGh1bWIiLCI1OTB4NTkwXHUwMDNlIl1d?sha=09cc734530b54a2d\" alt=\"\" \/><\/p>\n<p><img src=\"https:\/\/cdn.oxu.az\/uploads\/W1siZiIsIjIwMjMvMTEvMjEvMTAvMjYvNTcvYTdiNzkyZDUtNDQxZC00MjFhLWE4MTItNzk3ZmI0NTBkMzRmLzQwNDc3OTgwNl85MDAxNDgwNTE3MTg3NzVfNjU1NzEwODA2OTcxNTE1MDAwNF9uLmpwZyJdLFsicCIsImVuY29kZSIsImpwZyIsIi1xdWFsaXR5IDgwIl0sWyJwIiwidGh1bWIiLCI1OTB4NTkwXHUwMDNlIl1d?sha=27f16539e0ef6d2d\" alt=\"\" \/><\/p>\n","protected":false},"excerpt":{"rendered":"<p>Qax rayonunun Sar\u0131ba\u015f k\u0259ndin\u0259 ilk qar ya\u011f\u0131b. \u200b\u201cReport\u201dun \u015eimal-q\u0259rb b\u00fcrosunun m\u0259lumat\u0131na g\u00f6r\u0259, ax\u015fam saatlar\u0131ndan etibar\u0259n Az\u0259rbaycanda hava \u015f\u0259raiti d\u0259yi\u015fib, temperatur a\u015fa\u011f\u0131 d\u00fc\u015f\u00fcb. B\u0259zi \u0259razil\u0259rd\u0259 g\u00fccl\u00fc k\u00fcl\u0259k \u0259sm\u0259y\u0259 v\u0259 ya\u011f\u0131\u015f ya\u011fma\u011fa, b\u0259zi \u0259razil\u0259rd\u0259 is\u0259 qar ya\u011fma\u011fa ba\u015flay\u0131b. Bel\u0259 ki, d\u00fcn\u0259n ax\u015famdan etibar\u0259n ya\u011fan ya\u011f\u0131\u015f daha sonra qara \u00e7evrilib. N\u0259tic\u0259d\u0259 Sar\u0131ba\u015f k\u0259ndind\u0259 qar\u0131n h\u00fcnd\u00fcrl\u00fcy\u00fc d\u00f6rd\u00a0santimetr\u0259 \u00e7at\u0131b. Qeyd ed\u0259k ki, Sar\u0131ba\u015f k\u0259ndi Az\u0259rbaycan\u0131n \u00fc\u00e7 \u0259n ucqar k\u0259ndind\u0259n biri, Qax\u0131n is\u0259 \u0259n ucqarda yerl\u0259\u015f\u0259n ya\u015fay\u0131\u015f m\u0259nt\u0259q\u0259sidir. K\u0259nd d\u0259niz s\u0259viyy\u0259sind\u0259n 1800 metr y\u00fcks\u0259klikd\u0259dir. 10:15 \u015eimal b\u00f6lg\u0259sind\u0259 davam ed\u0259n qeyri-sabit hava \u015f\u0259raiti temperaturun m\u0259nfi d\u0259r\u0259c\u0259y\u0259 q\u0259d\u0259r&hellip;<\/p>\n","protected":false},"author":2,"featured_media":659337,"comment_status":"closed","ping_status":"closed","sticky":false,"template":"","format":"standard","meta":{"om_disable_all_campaigns":false,"_monsterinsights_skip_tracking":false,"_monsterinsights_sitenote_active":false,"_monsterinsights_sitenote_note":"","_monsterinsights_sitenote_category":0},"categories":[1],"tags":[],"aioseo_notices":[],"gutentor_comment":0,"rttpg_featured_image_url":{"full":["https:\/\/arantv.az\/wp-content\/uploads\/2023\/11\/404596631_900147991718781_2964986757975514124_n-1.jpg",620,413,false],"landscape":["https:\/\/arantv.az\/wp-content\/uploads\/2023\/11\/404596631_900147991718781_2964986757975514124_n-1.jpg",620,413,false],"portraits":["https:\/\/arantv.az\/wp-content\/uploads\/2023\/11\/404596631_900147991718781_2964986757975514124_n-1.jpg",620,413,false],"thumbnail":["https:\/\/arantv.az\/wp-content\/uploads\/2023\/11\/404596631_900147991718781_2964986757975514124_n-1-500x280.jpg",500,280,true],"medium":["https:\/\/arantv.az\/wp-content\/uploads\/2023\/11\/404596631_900147991718781_2964986757975514124_n-1-548x365.jpg",548,365,true],"large":["https:\/\/arantv.az\/wp-content\/uploads\/2023\/11\/404596631_900147991718781_2964986757975514124_n-1.jpg",620,413,false],"1536x1536":["https:\/\/arantv.az\/wp-content\/uploads\/2023\/11\/404596631_900147991718781_2964986757975514124_n-1.jpg",620,413,false],"2048x2048":["https:\/\/arantv.az\/wp-content\/uploads\/2023\/11\/404596631_900147991718781_2964986757975514124_n-1.jpg",620,413,false],"post-thumbnail":["https:\/\/arantv.az\/wp-content\/uploads\/2023\/11\/404596631_900147991718781_2964986757975514124_n-1-240x172.jpg",240,172,true],"advps-thumb-one":["https:\/\/arantv.az\/wp-content\/uploads\/2023\/11\/404596631_900147991718781_2964986757975514124_n-1.jpg",620,413,false]},"rttpg_author":{"display_name":"V\u00fcsal Rafiqo\u011flu","author_link":"https:\/\/arantv.az\/?author=2"},"rttpg_comment":0,"rttpg_category":"<a href=\"https:\/\/arantv.az\/?cat=1\" rel=\"category\">C\u0259miyy\u0259t<\/a>","rttpg_excerpt":"Qax rayonunun Sar\u0131ba\u015f k\u0259ndin\u0259 ilk qar ya\u011f\u0131b. \u200b\u201cReport\u201dun \u015eimal-q\u0259rb b\u00fcrosunun m\u0259lumat\u0131na g\u00f6r\u0259, ax\u015fam saatlar\u0131ndan etibar\u0259n Az\u0259rbaycanda hava \u015f\u0259raiti d\u0259yi\u015fib, temperatur a\u015fa\u011f\u0131 d\u00fc\u015f\u00fcb. B\u0259zi \u0259razil\u0259rd\u0259 g\u00fccl\u00fc k\u00fcl\u0259k \u0259sm\u0259y\u0259 v\u0259 ya\u011f\u0131\u015f ya\u011fma\u011fa, b\u0259zi \u0259razil\u0259rd\u0259 is\u0259 qar ya\u011fma\u011fa ba\u015flay\u0131b. Bel\u0259 ki, d\u00fcn\u0259n ax\u015famdan etibar\u0259n ya\u011fan ya\u011f\u0131\u015f daha sonra qara \u00e7evrilib. N\u0259tic\u0259d\u0259 Sar\u0131ba\u015f k\u0259ndind\u0259 qar\u0131n h\u00fcnd\u00fcrl\u00fcy\u00fc d\u00f6rd\u00a0santimetr\u0259 \u00e7at\u0131b. Qeyd&hellip;","_links":{"self":[{"href":"https:\/\/arantv.az\/index.php?rest_route=\/wp\/v2\/posts\/659336"}],"collection":[{"href":"https:\/\/arantv.az\/index.php?rest_route=\/wp\/v2\/posts"}],"about":[{"href":"https:\/\/arantv.az\/index.php?rest_route=\/wp\/v2\/types\/post"}],"author":[{"embeddable":true,"href":"https:\/\/arantv.az\/index.php?rest_route=\/wp\/v2\/users\/2"}],"replies":[{"embeddable":true,"href":"https:\/\/arantv.az\/index.php?rest_route=%2Fwp%2Fv2%2Fcomments&post=659336"}],"version-history":[{"count":0,"href":"https:\/\/arantv.az\/index.php?rest_route=\/wp\/v2\/posts\/659336\/revisions"}],"wp:featuredmedia":[{"embeddable":true,"href":"https:\/\/arantv.az\/index.php?rest_route=\/wp\/v2\/media\/659337"}],"wp:attachment":[{"href":"https:\/\/arantv.az\/index.php?rest_route=%2Fwp%2Fv2%2Fmedia&parent=659336"}],"wp:term":[{"taxonomy":"category","embeddable":true,"href":"https:\/\/arantv.az\/index.php?rest_route=%2Fwp%2Fv2%2Fcategories&post=659336"},{"taxonomy":"post_tag","embeddable":true,"href":"https:\/\/arantv.az\/index.php?rest_route=%2Fwp%2Fv2%2Ftags&post=659336"}],"curies":[{"name":"wp","href":"https:\/\/api.w.org\/{rel}","templated":true}]}}