{"id":659340,"date":"2023-11-21T12:15:44","date_gmt":"2023-11-21T08:15:44","guid":{"rendered":"https:\/\/arantv.az\/?p=659340"},"modified":"2023-11-21T12:15:44","modified_gmt":"2023-11-21T08:15:44","slug":"agdamda-dagidilan-m%c9%99scidl%c9%99r%c9%99-getmir-xank%c9%99ndid%c9%99-abid%c9%99-axtarir-yunesko-fas-oldu","status":"publish","type":"post","link":"https:\/\/arantv.az\/?p=659340","title":{"rendered":"A\u011fdamda da\u011f\u0131d\u0131lan m\u0259scidl\u0259r\u0259 getmir, Xank\u0259ndid\u0259 abid\u0259 axtar\u0131r &#8211; YUNESKO fa\u015f oldu"},"content":{"rendered":"<p><strong>BMT-nin m\u00fch\u00fcm qurumlar\u0131ndan olan YUNESKO missiyas\u0131 Qaraba\u011fa s\u0259f\u0259r \u00fc\u00e7\u00fcn m\u00fcraci\u0259t edib. \u201cYeni M\u00fcsavat\u201d yada sal\u0131r ki, r\u0259smi Bak\u0131 buna raz\u0131l\u0131\u011f\u0131n\u0131 verib, lakin A\u011fdamdan ke\u00e7m\u0259kl\u0259 Xank\u0259ndin\u0259 getm\u0259yi v\u0259 s\u0259f\u0259r zaman\u0131 A\u011fdamdak\u0131 da\u011f\u0131nt\u0131lar\u0131 da qeyd\u0259 alma\u011f\u0131 t\u0259klif edib. Lakin i\u015f ondad\u0131r ki, qar\u015f\u0131 t\u0259r\u0259f bununla raz\u0131la\u015fmay\u0131b v\u0259 birba\u015fa Xank\u0259ndin\u0259 getm\u0259k, oradak\u0131 erm\u0259ni abid\u0259l\u0259rinin v\u0259ziyy\u0259tini g\u00f6rm\u0259k ist\u0259dikl\u0259rini bildiribl\u0259r.<\/p>\n<p><\/strong>APA-n\u0131n \u0259ld\u0259 etdiyi x\u0259b\u0259r\u0259 g\u00f6r\u0259, UNESCO Az\u0259rbaycan t\u0259r\u0259fin\u0259 i\u015f\u011faldan azad edilmi\u015f \u0259razil\u0259rd\u0259 c\u0259mi iki abid\u0259y\u0259 bax\u0131\u015f ke\u00e7ir\u0259c\u0259yini bildirib, bundan sonra is\u0259 d\u0259rhal Xank\u0259ndi \u015f\u0259h\u0259rin\u0259 ged\u0259c\u0259kl\u0259rini vur\u011fulay\u0131blar.<\/p>\n<p>Az\u0259rbaycan is\u0259 bunun \u0259leyhin\u0259 \u00e7\u0131x\u0131\u015f edib. Az\u0259rbaycan t\u0259r\u0259fi UNESCO missiyas\u0131n\u0131n bu \u015f\u0259rtl\u0259r daxilind\u0259 b\u00f6lg\u0259y\u0259 s\u0259f\u0259rini qeyri-s\u0259mimi v\u0259 qeyri-\u015f\u0259ffaf adland\u0131r\u0131b. Bel\u0259likl\u0259, Az\u0259rbaycan UNESCO-nun \u015f\u0259rtini q\u0259bul etm\u0259yib.<\/p>\n<p>Bir daha ayd\u0131n olub ki, bu, \u0259slind\u0259 bir xristian t\u0259\u015fkilat\u0131d\u0131r v\u0259 onu m\u00fcs\u0259lman dini-m\u0259d\u0259ni abid\u0259l\u0259rin taleyi, erm\u0259nil\u0259rin 30 il \u0259rzind\u0259 Qaraba\u011fda t\u00f6r\u0259tdikl\u0259ri vandalizm faktlar\u0131 q\u0259tiyy\u0259n maraqland\u0131rm\u0131r. Halbuki t\u0259krar edirik, bu bir BMT t\u0259sisat\u0131d\u0131r, Az\u0259rbaycan ora \u00fczvl\u00fck haqq\u0131 \u00f6d\u0259yir! O zaman n\u0259d\u0259n UNESKO iyr\u0259nc \u201cikili standart\u201d siyas\u0259tini davam etdirir? Bu, yaln\u0131zca onun r\u0259hb\u0259ri Anri Azulenin qat\u0131 erm\u0259nip\u0259r\u0259st frans\u0131z olmas\u0131 il\u0259 ba\u011fl\u0131d\u0131r, yoxsa ba\u015fqa s\u0259b\u0259bl\u0259r var? Y\u0259ni t\u0259\u015fkilatda r\u0259hb\u0259r d\u0259yi\u015fs\u0259, biz\u0259 d\u0259 m\u00fcnasib\u0259t d\u0259yi\u015f\u0259rmi? \u00dcmumiyy\u0259tl\u0259, b\u0259lk\u0259 bu qurumu\u00a0 t\u0259rk etm\u0259k zaman\u0131 \u00e7at\u0131b?<\/p>\n<p><img loading=\"lazy\" src=\"https:\/\/kulis.az\/storage\/news\/2022\/september\/09\/big\/631b2943c3c10631b2943c3c111662724419631b2943c3c0e631b2943c3c0f.jpg\" alt=\"Sabir R\u00fcst\u0259mxanl\u0131: &quot;30 ildir haqq\u0131mda qara piar apar\u0131l\u0131r&quot; - M\u00fcsahib\u0259\" width=\"1040\" height=\"693\" \/><\/p>\n<p><strong>Sabir R\u00fcst\u0259mxanl\u0131: \u201cDem\u0259li, onlar\u0131 erm\u0259ni\u00a0abid\u0259l\u0259ri maraqland\u0131r\u0131r, bunun ad\u0131 riyakarl\u0131qd\u0131r\u201d<\/strong><\/p>\n<p>\u018fvv\u0259la, YUNESKO missiyas\u0131 Xank\u0259ndid\u0259 n\u0259 axtar\u0131r? BMT missiyas\u0131 g\u0259lib bax\u0131\u015f ke\u00e7irdi, he\u00e7 n\u0259 tapmad\u0131 v\u0259 m\u00fcsb\u0259t r\u0259y verdi. \u0130ndi onun daha qolu Xank\u0259ndid\u0259 \u201cerm\u0259ni irsinin v\u0259 abid\u0259l\u0259rinin m\u0259hvi\u201d axtar\u0131\u015f\u0131na \u00e7\u0131x\u0131b. 30 il \u0259rzind\u0259 65 m\u0259scidi yerl\u0259-yeksan ed\u0259n, ibad\u0259t evl\u0259rini donuz fermas\u0131na \u00e7evir\u0259nl\u0259r\u0259 \u201cg\u00f6z\u00fcn \u00fcst\u0259 qa\u015f\u0131n var\u201d dem\u0259y\u0259nl\u0259r Xank\u0259ndid\u0259 erm\u0259ni abid\u0259l\u0259rinin t\u0259\u0259ss\u00fcb\u00fcn\u00fc \u00e7\u0259kir. Dem\u0259li, A\u011fdam\u0131, F\u00fczulini, \u015eu\u015fan\u0131 g\u00f6rm\u0259k ist\u0259mirl\u0259r, amma Xank\u0259ndid\u0259 \u201cq\u0131l\u201d axtar\u0131rlar. Onu da dey\u0259k ki, Erm\u0259nistan YUNESKO-nun t\u0259dqiqat missiyas\u0131n\u0131n Qaraba\u011fa g\u00f6nd\u0259rilm\u0259sini ist\u0259yib. Bu bar\u0259d\u0259 noyabr\u0131n 9-da Erm\u0259nistan\u0131n xarici i\u015fl\u0259r naziri Ararat Mirzoyan Parisd\u0259 YUNESKO-nun ba\u015f direktoru Odri Azule il\u0259 g\u00f6r\u00fc\u015fd\u0259 dan\u0131\u015f\u0131b. Mirzoyan Qaraba\u011fda \u201cm\u0259d\u0259ni-m\u0259n\u0259vi irsinin da\u011f\u0131d\u0131lmas\u0131, t\u0259hqir edilm\u0259si v\u0259 ya m\u0259nims\u0259nilm\u0259sinin ciddi riskl\u0259rind\u0259n\u201d narahatl\u0131\u011f\u0131n\u0131 ifad\u0259 edib. O, Odri Azuley\u0259 m\u0259d\u0259niyy\u0259t abid\u0259l\u0259rinin yerind\u0259 m\u00fcst\u0259qil monitorinqi v\u0259 x\u0259rit\u0259l\u0259\u015fdirilm\u0259sinin apar\u0131lmas\u0131 m\u0259qs\u0259dil\u0259 YUNESKO-nun t\u0259dqiqat missiyas\u0131n\u0131n Qaraba\u011fa g\u00f6nd\u0259rilm\u0259sinin vacibliyini deyib. Bel\u0259 olan halda Az\u0259rbaycan bu t\u0259\u015fkilatda \u00fczvl\u00fcy\u00fcn\u0259 yenid\u0259n baxmal\u0131d\u0131rm\u0131?<\/p>\n<p>V\u0259t\u0259nda\u015f H\u0259mr\u0259yliyi Partiyas\u0131n\u0131n (VHP) s\u0259dri, deputat Sabir R\u00fcst\u0259mxanl\u0131 \u201cYeni M\u00fcsavat\u201da bildirdi ki, YUNESKO-nun bu \u015f\u0259rtinin \u015f\u0259rhi yoxdur: \u201c\u018fslind\u0259 min ildir ki, bu b\u00f6l\u00fcc\u00fcl\u00fck davam edir. Dini t\u0259r\u0259fke\u015flikl\u0259, ayr\u0131-se\u00e7kilik etm\u0259kl\u0259, xalqlar\u0131n yaratd\u0131\u011f\u0131 m\u0259d\u0259niyy\u0259tl\u0259r\u0259 bu c\u00fcr baxmaqla, Yer k\u00fcr\u0259sini b\u00f6lm\u0259kl\u0259 \u0259dal\u0259tli yana\u015fmaq olmaz. Onlar\u0131n m\u00f6vqeyi budur ki, bir t\u0259r\u0259fin m\u0259nafeyin\u0259 xidm\u0259t etsinl\u0259r. Y\u0259ni Avrosentrizm, y\u0259ni Avropan\u0131n m\u0259rk\u0259z\u00e7iliyi davam edir. \u0130st\u0259yirl\u0259r ki, yaln\u0131z onlar\u0131n dediyi q\u0259bul edilsin. Ona g\u00f6r\u0259 YUNESKO-nun \u015f\u0259rti q\u0259buledilm\u0259zdir\u201d. S.R\u00fcst\u0259mxanl\u0131 qeyd etdi ki, bizim bir milyon qa\u00e7q\u0131n\u0131, da\u011f\u0131lan \u015f\u0259h\u0259rl\u0259ri g\u00f6rm\u0259d\u0259n yaln\u0131z Xank\u0259ndi onlar\u0131 maraqland\u0131r\u0131rsa, bunun ad\u0131 iki\u00fczl\u00fcl\u00fckd\u00fcr: \u201cAz\u0259rbaycan\u0131n t\u0259klifi do\u011frudur, g\u0259l A\u011fdam\u0131 g\u00f6r, erm\u0259nil\u0259rin hans\u0131 v\u0259h\u015filikl\u0259ri t\u00f6r\u0259tm\u0259si il\u0259 tan\u0131\u015f ol, sonra Xank\u0259ndin\u0259 get. Dem\u0259li, s\u0259ni erm\u0259ni abid\u0259l\u0259ri maraqland\u0131r\u0131r. Ax\u0131 h\u0259r bir dini ocaq Allah\u0131n evidir. S\u0259n Allah\u0131n bir evinin da\u011f\u0131d\u0131lmas\u0131n\u0131 g\u00f6rm\u0259zd\u0259n g\u0259lib, Allah\u0131n o biri evini qoruya bilm\u0259zs\u0259n. Bunun ad\u0131 riyakarl\u0131qd\u0131r\u201d.<\/p>\n<p><img src=\"https:\/\/tv.ikisahil.az\/photo\/975x540_2\/upload\/2021\/03\/01\/-865bf464161460669023182836310616364.jpeg\" alt=\"Arzuxan \u018flizad\u0259: AB\u015e T\u00fcrkiy\u0259y\u0259 qar\u015f\u0131 bu m\u00fcnasib\u0259tl\u0259 300 milyonluq t\u00fcrk  d\u00fcnyas\u0131na qar\u015f\u0131 \u00e7\u0131x\u0131b - &quot;\u0130ki sahil&quot;\" \/><\/p>\n<p><strong>Arzuxan \u018flizad\u0259: \u201cAz\u0259rbaycan \u00e7a\u011f\u0131r\u0131\u015f ed\u0259nd\u0259 s\u0259sl\u0259ri \u00e7\u0131xm\u0131rd\u0131, Erm\u0259nistan m\u00fcraci\u0259t ed\u0259n kimi&#8230;\u201d<\/strong><\/p>\n<p>Az\u0259rbaycan Milli \u0130stiqlal Partiyas\u0131n\u0131n (AM\u0130P) s\u0259dri Arzuxan \u018flizad\u0259 hesab edir ki, YUNESKO-nun ir\u0259li s\u00fcrd\u00fcy\u00fc \u015f\u0259rt beyn\u0259lxalq t\u0259\u015fkilatlar\u0131n n\u00f6vb\u0259ti ikili yana\u015fmas\u0131d\u0131r v\u0259 kifay\u0259t q\u0259d\u0259r \u0259dal\u0259tsiz m\u00fcnasib\u0259tdir. Partiya s\u0259drinin s\u00f6zl\u0259rin\u0259 g\u00f6r\u0259, torpaqlar\u0131m\u0131z i\u015f\u011fal alt\u0131nda oldu\u011fu d\u00f6vrd\u0259 67 m\u0259scidin 65-i da\u011f\u0131d\u0131l\u0131b, m\u0259d\u0259ni abid\u0259l\u0259r m\u0259hv edilib, amma h\u0259min d\u00f6vrd\u0259 YUNESKO v\u0259 dig\u0259r beyn\u0259lxalq t\u0259\u015fkilatlar Az\u0259rbaycan\u0131n \u00e7a\u011f\u0131r\u0131\u015flar\u0131na s\u0259s verm\u0259yibl\u0259r, h\u0259min \u0259razil\u0259rd\u0259 m\u00fc\u015fahid\u0259 aparmay\u0131blar, hesabatlar haz\u0131rlamay\u0131blar: \u201cBiz i\u015f\u011fala son qoymu\u015fuq, indi bu t\u0259\u015fkilatlar h\u0259r\u0259k\u0259tl\u0259nibl\u0259r. Az\u0259rbaycan \u00e7a\u011f\u0131r\u0131\u015f ed\u0259nd\u0259 s\u0259sl\u0259ri \u00e7\u0131xm\u0131rd\u0131, Erm\u0259nistan m\u00fcraci\u0259t ed\u0259n kimi reaksiya verilir. El\u0259c\u0259 d\u0259 \u0259razil\u0259r i\u015f\u011fal alt\u0131nda olanda BMT birc\u0259 d\u0259f\u0259 missiya g\u00f6nd\u0259rm\u0259yib, amma indi ara\u015fd\u0131rma apar\u0131rlar. Ona g\u00f6r\u0259 bu t\u0259\u015fkilatlar\u0131n art\u0131q Qaraba\u011fa burax\u0131lmas\u0131na \u015f\u0259rait yaratmaq laz\u0131m deyil v\u0259 onlarla \u0259laq\u0259l\u0259r\u0259 yenid\u0259n baxmaq zaman\u0131d\u0131r\u201d.<\/p>\n","protected":false},"excerpt":{"rendered":"<p>BMT-nin m\u00fch\u00fcm qurumlar\u0131ndan olan YUNESKO missiyas\u0131 Qaraba\u011fa s\u0259f\u0259r \u00fc\u00e7\u00fcn m\u00fcraci\u0259t edib. \u201cYeni M\u00fcsavat\u201d yada sal\u0131r ki, r\u0259smi Bak\u0131 buna raz\u0131l\u0131\u011f\u0131n\u0131 verib, lakin A\u011fdamdan ke\u00e7m\u0259kl\u0259 Xank\u0259ndin\u0259 getm\u0259yi v\u0259 s\u0259f\u0259r zaman\u0131 A\u011fdamdak\u0131 da\u011f\u0131nt\u0131lar\u0131 da qeyd\u0259 alma\u011f\u0131 t\u0259klif edib. Lakin i\u015f ondad\u0131r ki, qar\u015f\u0131 t\u0259r\u0259f bununla raz\u0131la\u015fmay\u0131b v\u0259 birba\u015fa Xank\u0259ndin\u0259 getm\u0259k, oradak\u0131 erm\u0259ni abid\u0259l\u0259rinin v\u0259ziyy\u0259tini g\u00f6rm\u0259k ist\u0259dikl\u0259rini bildiribl\u0259r. APA-n\u0131n \u0259ld\u0259 etdiyi x\u0259b\u0259r\u0259 g\u00f6r\u0259, UNESCO Az\u0259rbaycan t\u0259r\u0259fin\u0259 i\u015f\u011faldan azad edilmi\u015f \u0259razil\u0259rd\u0259 c\u0259mi iki abid\u0259y\u0259 bax\u0131\u015f ke\u00e7ir\u0259c\u0259yini bildirib, bundan sonra is\u0259 d\u0259rhal Xank\u0259ndi \u015f\u0259h\u0259rin\u0259 ged\u0259c\u0259kl\u0259rini vur\u011fulay\u0131blar. Az\u0259rbaycan is\u0259 bunun \u0259leyhin\u0259 \u00e7\u0131x\u0131\u015f edib. Az\u0259rbaycan t\u0259r\u0259fi UNESCO&hellip;<\/p>\n","protected":false},"author":2,"featured_media":659344,"comment_status":"closed","ping_status":"closed","sticky":false,"template":"","format":"standard","meta":{"om_disable_all_campaigns":false,"_monsterinsights_skip_tracking":false,"_monsterinsights_sitenote_active":false,"_monsterinsights_sitenote_note":"","_monsterinsights_sitenote_category":0},"categories":[1],"tags":[],"aioseo_notices":[],"gutentor_comment":0,"rttpg_featured_image_url":{"full":["https:\/\/arantv.az\/wp-content\/uploads\/2023\/11\/7a2d6ee3dfb5305ec1a3b9b9f6078dbd.jpg",700,500,false],"landscape":["https:\/\/arantv.az\/wp-content\/uploads\/2023\/11\/7a2d6ee3dfb5305ec1a3b9b9f6078dbd.jpg",700,500,false],"portraits":["https:\/\/arantv.az\/wp-content\/uploads\/2023\/11\/7a2d6ee3dfb5305ec1a3b9b9f6078dbd.jpg",700,500,false],"thumbnail":["https:\/\/arantv.az\/wp-content\/uploads\/2023\/11\/7a2d6ee3dfb5305ec1a3b9b9f6078dbd-500x280.jpg",500,280,true],"medium":["https:\/\/arantv.az\/wp-content\/uploads\/2023\/11\/7a2d6ee3dfb5305ec1a3b9b9f6078dbd-511x365.jpg",511,365,true],"large":["https:\/\/arantv.az\/wp-content\/uploads\/2023\/11\/7a2d6ee3dfb5305ec1a3b9b9f6078dbd.jpg",640,457,false],"1536x1536":["https:\/\/arantv.az\/wp-content\/uploads\/2023\/11\/7a2d6ee3dfb5305ec1a3b9b9f6078dbd.jpg",700,500,false],"2048x2048":["https:\/\/arantv.az\/wp-content\/uploads\/2023\/11\/7a2d6ee3dfb5305ec1a3b9b9f6078dbd.jpg",700,500,false],"post-thumbnail":["https:\/\/arantv.az\/wp-content\/uploads\/2023\/11\/7a2d6ee3dfb5305ec1a3b9b9f6078dbd-240x172.jpg",240,172,true],"advps-thumb-one":["https:\/\/arantv.az\/wp-content\/uploads\/2023\/11\/7a2d6ee3dfb5305ec1a3b9b9f6078dbd.jpg",700,500,false]},"rttpg_author":{"display_name":"V\u00fcsal Rafiqo\u011flu","author_link":"https:\/\/arantv.az\/?author=2"},"rttpg_comment":0,"rttpg_category":"<a href=\"https:\/\/arantv.az\/?cat=1\" rel=\"category\">C\u0259miyy\u0259t<\/a>","rttpg_excerpt":"BMT-nin m\u00fch\u00fcm qurumlar\u0131ndan olan YUNESKO missiyas\u0131 Qaraba\u011fa s\u0259f\u0259r \u00fc\u00e7\u00fcn m\u00fcraci\u0259t edib. \u201cYeni M\u00fcsavat\u201d yada sal\u0131r ki, r\u0259smi Bak\u0131 buna raz\u0131l\u0131\u011f\u0131n\u0131 verib, lakin A\u011fdamdan ke\u00e7m\u0259kl\u0259 Xank\u0259ndin\u0259 getm\u0259yi v\u0259 s\u0259f\u0259r zaman\u0131 A\u011fdamdak\u0131 da\u011f\u0131nt\u0131lar\u0131 da qeyd\u0259 alma\u011f\u0131 t\u0259klif edib. Lakin i\u015f ondad\u0131r ki, qar\u015f\u0131 t\u0259r\u0259f bununla raz\u0131la\u015fmay\u0131b v\u0259 birba\u015fa Xank\u0259ndin\u0259 getm\u0259k, oradak\u0131 erm\u0259ni abid\u0259l\u0259rinin v\u0259ziyy\u0259tini g\u00f6rm\u0259k ist\u0259dikl\u0259rini bildiribl\u0259r.&hellip;","_links":{"self":[{"href":"https:\/\/arantv.az\/index.php?rest_route=\/wp\/v2\/posts\/659340"}],"collection":[{"href":"https:\/\/arantv.az\/index.php?rest_route=\/wp\/v2\/posts"}],"about":[{"href":"https:\/\/arantv.az\/index.php?rest_route=\/wp\/v2\/types\/post"}],"author":[{"embeddable":true,"href":"https:\/\/arantv.az\/index.php?rest_route=\/wp\/v2\/users\/2"}],"replies":[{"embeddable":true,"href":"https:\/\/arantv.az\/index.php?rest_route=%2Fwp%2Fv2%2Fcomments&post=659340"}],"version-history":[{"count":0,"href":"https:\/\/arantv.az\/index.php?rest_route=\/wp\/v2\/posts\/659340\/revisions"}],"wp:featuredmedia":[{"embeddable":true,"href":"https:\/\/arantv.az\/index.php?rest_route=\/wp\/v2\/media\/659344"}],"wp:attachment":[{"href":"https:\/\/arantv.az\/index.php?rest_route=%2Fwp%2Fv2%2Fmedia&parent=659340"}],"wp:term":[{"taxonomy":"category","embeddable":true,"href":"https:\/\/arantv.az\/index.php?rest_route=%2Fwp%2Fv2%2Fcategories&post=659340"},{"taxonomy":"post_tag","embeddable":true,"href":"https:\/\/arantv.az\/index.php?rest_route=%2Fwp%2Fv2%2Ftags&post=659340"}],"curies":[{"name":"wp","href":"https:\/\/api.w.org\/{rel}","templated":true}]}}