{"id":659343,"date":"2023-11-21T14:06:08","date_gmt":"2023-11-21T10:06:08","guid":{"rendered":"https:\/\/arantv.az\/?p=659343"},"modified":"2023-11-21T14:06:08","modified_gmt":"2023-11-21T10:06:08","slug":"n%c9%99cm%c9%99ddin-sadikovun-yaxin-adamina-bu-d%c9%99f%c9%99-agir-c%c9%99za-verildi-foto","status":"publish","type":"post","link":"https:\/\/arantv.az\/?p=659343","title":{"rendered":"N\u0259cm\u0259ddin Sad\u0131kovun yax\u0131n adam\u0131na bu d\u0259f\u0259 a\u011f\u0131r c\u0259za verildi &#8211; FOTO"},"content":{"rendered":"<p>M\u00fcdafi\u0259 Nazirliyinin Daxili T\u0259hl\u00fck\u0259sizlik, h\u0259m\u00e7inin T\u0259hsil-t\u0259dris v\u0259 Elmi t\u0259dqiqatlar idar\u0259sinin sabiq ba\u015f zabiti Zahid Nift\u0259liyev v\u0259 onunla birg\u0259 ittiham olunan Elsev\u0259r Nift\u0259liyevl\u0259 ba\u011fl\u0131 h\u00f6kmd\u0259n verilmi\u015f protest\u0259 bax\u0131l\u0131b.<\/p>\n<p>\u201cQafqazinfo\u201dnun \u0259ld\u0259 etdiyi m\u0259lumata g\u00f6r\u0259, G\u0259nc\u0259 Apellyasiya M\u0259hk\u0259m\u0259sind\u0259 ke\u00e7iril\u0259n iclasda prokuror etiraz\u0131n\u0131 \u0259sasland\u0131r\u0131b. Prokuror \u00e7\u0131x\u0131\u015f\u0131nda\u00a0 t\u0259qsirl\u0259ndiril\u0259n \u015f\u0259xsl\u0259r\u0259 verilmi\u015f ittihamlara g\u00f6r\u0259 h\u0259dd\u0259n art\u0131q y\u00fcng\u00fcl c\u0259za t\u0259yin edildiyini deyib.<\/p>\n<p>Teyyub Muxtarovun s\u0259drlik etdiyi hakiml\u0259r hey\u0259ti protesti \u0259sasl\u0131 hesab edib.<\/p>\n<p>Q\u0259rara \u0259sas\u0259n, haz\u0131rda ba\u015fqa i\u015f \u00fczr\u0259 h\u0259bsd\u0259 olan Zahid Nift\u0259liyev 8 il 6 ay, b\u0259ra\u0259t alm\u0131\u015f Elsev\u0259r Nift\u0259liyev 8 il azadl\u0131qdan m\u0259hrum edilib. E.Nift\u0259liyev m\u0259hk\u0259m\u0259 zal\u0131nda h\u0259bs edilib.<\/p>\n<p>Qeyd ed\u0259k ki, t\u0259qsirl\u0259ndiril\u0259n \u015f\u0259xsl\u0259r\u0259 Cinay\u0259t M\u0259c\u0259ll\u0259sinin 311.3.1, 311.3.2 v\u0259 311.3.3 (qabaqcadan \u0259lbir olub k\u00fclli miqdarda t\u0259krar r\u00fc\u015fv\u0259t alma) madd\u0259l\u0259ri il\u0259 ittiham verilib. Z. Nift\u0259liyev, h\u0259m d\u0259 CM-in 341-ci (v\u0259zif\u0259 s\u0259lahiyy\u0259tl\u0259rind\u0259n sui-istifad\u0259 v\u0259 ya s\u0259lahiyy\u0259t h\u0259ddini a\u015fma) madd\u0259si il\u0259 t\u0259qsirl\u0259ndirilib.<\/p>\n<p>Cinay\u0259t i\u015fi T\u0259rt\u0259r H\u0259rbi M\u0259hk\u0259m\u0259sind\u0259 ara\u015fd\u0131r\u0131l\u0131b. H\u00f6km\u0259 \u0259sas\u0259n, Zahid Nift\u0259liyevin \u0259m\u0259li Cinay\u0259t M\u0259c\u0259ll\u0259sinin 312.1-ci (r\u00fc\u015fv\u0259t verm\u0259y\u0259 t\u0259hrik etm\u0259) madd\u0259sin\u0259 t\u00f6vsif edilib. Z.Nift\u0259liyev bu madd\u0259 il\u0259 t\u0259qsirli bilinib, ona 10 min manat c\u0259rim\u0259 c\u0259zas\u0131 t\u0259yin edilib. Onun bar\u0259sind\u0259 se\u00e7ilmi\u015f h\u0259bs q\u0259timkan t\u0259dbiri l\u0259\u011fv edilib, m\u0259hk\u0259m\u0259 zal\u0131ndan birba\u015fa azadl\u0131\u011fa burax\u0131l\u0131b.<\/p>\n<p>T\u0259qsirl\u0259ndiril\u0259n gizir Els\u0259v\u0259r Nift\u0259liyevin is\u0259 \u0259m\u0259lind\u0259 cinay\u0259t t\u0259rkibi olmad\u0131\u011f\u0131ndan ona b\u0259ra\u0259t verilib.<\/p>\n<p>Z.Nift\u0259liyev azadl\u0131\u011fa burax\u0131landan bir m\u00fcdd\u0259t sonra ba\u015fqa bir i\u015f \u00fczr\u0259 D\u00f6vl\u0259t T\u0259hl\u00fck\u0259sizliyi Xidm\u0259ti t\u0259r\u0259find\u0259n h\u0259bs edilib. Haz\u0131rda o i\u015fl\u0259 ba\u011fl\u0131 ibtidai istintaq davam edir.<\/p>\n<p>Xat\u0131rladaq ki, Zahid Nift\u0259liyev Az\u0259rbaycan Ordusunun ke\u00e7mi\u015f Ba\u015f Q\u0259rargah r\u0259isi N\u0259cm\u0259ddin Sad\u0131kovun yax\u0131n adam\u0131 olub. O, \u015elyapa Zahid\u00a0l\u0259q\u0259bi il\u0259 tan\u0131n\u0131b.<\/p>\n","protected":false},"excerpt":{"rendered":"<p>M\u00fcdafi\u0259 Nazirliyinin Daxili T\u0259hl\u00fck\u0259sizlik, h\u0259m\u00e7inin T\u0259hsil-t\u0259dris v\u0259 Elmi t\u0259dqiqatlar idar\u0259sinin sabiq ba\u015f zabiti Zahid Nift\u0259liyev v\u0259 onunla birg\u0259 ittiham olunan Elsev\u0259r Nift\u0259liyevl\u0259 ba\u011fl\u0131 h\u00f6kmd\u0259n verilmi\u015f protest\u0259 bax\u0131l\u0131b. \u201cQafqazinfo\u201dnun \u0259ld\u0259 etdiyi m\u0259lumata g\u00f6r\u0259, G\u0259nc\u0259 Apellyasiya M\u0259hk\u0259m\u0259sind\u0259 ke\u00e7iril\u0259n iclasda prokuror etiraz\u0131n\u0131 \u0259sasland\u0131r\u0131b. Prokuror \u00e7\u0131x\u0131\u015f\u0131nda\u00a0 t\u0259qsirl\u0259ndiril\u0259n \u015f\u0259xsl\u0259r\u0259 verilmi\u015f ittihamlara g\u00f6r\u0259 h\u0259dd\u0259n art\u0131q y\u00fcng\u00fcl c\u0259za t\u0259yin edildiyini deyib. Teyyub Muxtarovun s\u0259drlik etdiyi hakiml\u0259r hey\u0259ti protesti \u0259sasl\u0131 hesab edib. Q\u0259rara \u0259sas\u0259n, haz\u0131rda ba\u015fqa i\u015f \u00fczr\u0259 h\u0259bsd\u0259 olan Zahid Nift\u0259liyev 8 il 6 ay, b\u0259ra\u0259t alm\u0131\u015f Elsev\u0259r Nift\u0259liyev 8 il azadl\u0131qdan m\u0259hrum edilib. E.Nift\u0259liyev m\u0259hk\u0259m\u0259 zal\u0131nda&hellip;<\/p>\n","protected":false},"author":2,"featured_media":659353,"comment_status":"closed","ping_status":"closed","sticky":false,"template":"","format":"standard","meta":{"om_disable_all_campaigns":false,"_monsterinsights_skip_tracking":false,"_monsterinsights_sitenote_active":false,"_monsterinsights_sitenote_note":"","_monsterinsights_sitenote_category":0},"categories":[5],"tags":[],"aioseo_notices":[],"gutentor_comment":0,"rttpg_featured_image_url":{"full":["https:\/\/arantv.az\/wp-content\/uploads\/2023\/11\/FotoJet-2022-06-06T153428.441-1-1.jpg",620,413,false],"landscape":["https:\/\/arantv.az\/wp-content\/uploads\/2023\/11\/FotoJet-2022-06-06T153428.441-1-1.jpg",620,413,false],"portraits":["https:\/\/arantv.az\/wp-content\/uploads\/2023\/11\/FotoJet-2022-06-06T153428.441-1-1.jpg",620,413,false],"thumbnail":["https:\/\/arantv.az\/wp-content\/uploads\/2023\/11\/FotoJet-2022-06-06T153428.441-1-1-500x280.jpg",500,280,true],"medium":["https:\/\/arantv.az\/wp-content\/uploads\/2023\/11\/FotoJet-2022-06-06T153428.441-1-1-548x365.jpg",548,365,true],"large":["https:\/\/arantv.az\/wp-content\/uploads\/2023\/11\/FotoJet-2022-06-06T153428.441-1-1.jpg",620,413,false],"1536x1536":["https:\/\/arantv.az\/wp-content\/uploads\/2023\/11\/FotoJet-2022-06-06T153428.441-1-1.jpg",620,413,false],"2048x2048":["https:\/\/arantv.az\/wp-content\/uploads\/2023\/11\/FotoJet-2022-06-06T153428.441-1-1.jpg",620,413,false],"post-thumbnail":["https:\/\/arantv.az\/wp-content\/uploads\/2023\/11\/FotoJet-2022-06-06T153428.441-1-1-240x172.jpg",240,172,true],"advps-thumb-one":["https:\/\/arantv.az\/wp-content\/uploads\/2023\/11\/FotoJet-2022-06-06T153428.441-1-1.jpg",620,413,false]},"rttpg_author":{"display_name":"V\u00fcsal Rafiqo\u011flu","author_link":"https:\/\/arantv.az\/?author=2"},"rttpg_comment":0,"rttpg_category":"<a href=\"https:\/\/arantv.az\/?cat=5\" rel=\"category\">Hadis\u0259<\/a>","rttpg_excerpt":"M\u00fcdafi\u0259 Nazirliyinin Daxili T\u0259hl\u00fck\u0259sizlik, h\u0259m\u00e7inin T\u0259hsil-t\u0259dris v\u0259 Elmi t\u0259dqiqatlar idar\u0259sinin sabiq ba\u015f zabiti Zahid Nift\u0259liyev v\u0259 onunla birg\u0259 ittiham olunan Elsev\u0259r Nift\u0259liyevl\u0259 ba\u011fl\u0131 h\u00f6kmd\u0259n verilmi\u015f protest\u0259 bax\u0131l\u0131b. \u201cQafqazinfo\u201dnun \u0259ld\u0259 etdiyi m\u0259lumata g\u00f6r\u0259, G\u0259nc\u0259 Apellyasiya M\u0259hk\u0259m\u0259sind\u0259 ke\u00e7iril\u0259n iclasda prokuror etiraz\u0131n\u0131 \u0259sasland\u0131r\u0131b. Prokuror \u00e7\u0131x\u0131\u015f\u0131nda\u00a0 t\u0259qsirl\u0259ndiril\u0259n \u015f\u0259xsl\u0259r\u0259 verilmi\u015f ittihamlara g\u00f6r\u0259 h\u0259dd\u0259n art\u0131q y\u00fcng\u00fcl c\u0259za t\u0259yin edildiyini deyib. Teyyub&hellip;","_links":{"self":[{"href":"https:\/\/arantv.az\/index.php?rest_route=\/wp\/v2\/posts\/659343"}],"collection":[{"href":"https:\/\/arantv.az\/index.php?rest_route=\/wp\/v2\/posts"}],"about":[{"href":"https:\/\/arantv.az\/index.php?rest_route=\/wp\/v2\/types\/post"}],"author":[{"embeddable":true,"href":"https:\/\/arantv.az\/index.php?rest_route=\/wp\/v2\/users\/2"}],"replies":[{"embeddable":true,"href":"https:\/\/arantv.az\/index.php?rest_route=%2Fwp%2Fv2%2Fcomments&post=659343"}],"version-history":[{"count":0,"href":"https:\/\/arantv.az\/index.php?rest_route=\/wp\/v2\/posts\/659343\/revisions"}],"wp:featuredmedia":[{"embeddable":true,"href":"https:\/\/arantv.az\/index.php?rest_route=\/wp\/v2\/media\/659353"}],"wp:attachment":[{"href":"https:\/\/arantv.az\/index.php?rest_route=%2Fwp%2Fv2%2Fmedia&parent=659343"}],"wp:term":[{"taxonomy":"category","embeddable":true,"href":"https:\/\/arantv.az\/index.php?rest_route=%2Fwp%2Fv2%2Fcategories&post=659343"},{"taxonomy":"post_tag","embeddable":true,"href":"https:\/\/arantv.az\/index.php?rest_route=%2Fwp%2Fv2%2Ftags&post=659343"}],"curies":[{"name":"wp","href":"https:\/\/api.w.org\/{rel}","templated":true}]}}