{"id":659346,"date":"2023-11-21T12:19:25","date_gmt":"2023-11-21T08:19:25","guid":{"rendered":"https:\/\/arantv.az\/?p=659346"},"modified":"2023-11-21T12:19:25","modified_gmt":"2023-11-21T08:19:25","slug":"%c9%99lisa-nicat-az%c9%99rbaycanda-indi-yazici-sair-yoxdur","status":"publish","type":"post","link":"https:\/\/arantv.az\/?p=659346","title":{"rendered":"\u018flisa Nicat: \u201cAz\u0259rbaycanda indi yaz\u0131\u00e7\u0131, \u015fair yoxdur\u201d"},"content":{"rendered":"<p>Az\u0259rbaycan Yaz\u0131\u00e7\u0131lar Birliyinin (AYB) 21 \u00fczv\u00fcn\u0259 ev verm\u0259si son g\u00fcnl\u0259r \u0259n \u00e7ox m\u00fczakir\u0259 olunan m\u00f6vzudur. Qurum bununla ba\u011fl\u0131 siyah\u0131 t\u0259qdim etm\u0259s\u0259 d\u0259, bir ne\u00e7\u0259 yazar\u00a0m\u0259nzill\u0259 t\u0259min olunanlar\u0131n aras\u0131nda katib\u0259l\u0259rin, s\u00fcr\u00fcc\u00fcl\u0259rin oldu\u011funu v\u0259 b\u0259zisinin d\u0259 ev\u0259 ehtiyac\u0131 olmad\u0131\u011f\u0131n\u0131 vur\u011fulay\u0131b.<\/p>\n<p>Bundan \u0259vv\u0259l d\u0259 AYB t\u0259r\u0259find\u0259n m\u0259nzill\u0259rin b\u00f6l\u00fc\u015fd\u00fcr\u00fclm\u0259si zaman\u0131 qalmaqallar ya\u015fan\u0131b. H\u0259min vaxt m\u0259nzill\u0259rin evi olana verilm\u0259sin\u0259 dair ittihamlar ir\u0259li s\u00fcr\u00fcl\u00fcb.<\/p>\n<p>Yazarlar Zahid Sar\u0131torpaq, C\u0259lil Cavan\u015fir, Taleh Mansur v\u0259 dig\u0259rl\u0259ri sosial \u015f\u0259b\u0259k\u0259 hesablar\u0131nda Az\u0259rbaycan Yaz\u0131\u00e7\u0131lar Birliyini m\u0259nzill\u0259rin b\u00f6l\u00fc\u015fd\u00fcr\u00fclm\u0259si zaman\u0131 \u0259dal\u0259tsizliy\u0259 yol verdikl\u0259rin\u0259 g\u00f6r\u0259 s\u0259rt t\u0259nqid edibl\u0259r.<\/p>\n<p>\u00d6t\u0259n il maddi imkan\u0131n\u0131n a\u015fa\u011f\u0131 olmas\u0131, m\u0259nzilini isitm\u0259k \u00fc\u00e7\u00fcn qaz pulunu ver\u0259 bilm\u0259m\u0259si il\u0259 g\u00fcnd\u0259m\u0259 g\u0259l\u0259n filosof-yaz\u0131\u00e7\u0131 \u018flisa Nicat m\u0259s\u0259l\u0259 il\u0259 ba\u011fl\u0131 Bizim.Media-ya dan\u0131\u015f\u0131b.<\/p>\n<p>O, haz\u0131rda \u00f6lk\u0259d\u0259 ev\u0259 iddial\u0131 olacaq \u015fair v\u0259 yaz\u0131\u00e7\u0131lar\u0131n olmad\u0131\u011f\u0131n\u0131 deyib:<\/p>\n<p>\u201cD\u00fcnyan\u0131n he\u00e7 yerind\u0259 d\u00f6vl\u0259t yaz\u0131\u00e7\u0131lara ev vermir, bu \u0259n\u0259n\u0259 he\u00e7 yerd\u0259 yoxdur. S\u00f6z\u00fcm pis \u00e7\u0131xmas\u0131n, Az\u0259rbaycanda indi yaz\u0131\u00e7\u0131, \u015fair yoxdur. Ham\u0131 primitiv, b\u0259sit, ibtidai yaz\u0131r. \u0130stedad\u0131na, d\u00fc\u015f\u00fcnc\u0259 v\u0259 t\u0259f\u0259kk\u00fcr\u00fcn\u0259 g\u00f6r\u0259 Mirz\u0259 F\u0259t\u0259lil\u0259r, Nizamil\u0259r, F\u00fczulil\u0259rin izi-tozu yoxdur. Y\u0259ni he\u00e7 kim dem\u0259sin ki, ev filank\u0259s\u0259 yox, m\u0259n\u0259 verilm\u0259lidir\u201d.<\/p>\n<p>M\u0259nzill\u0259rin iddia edildiyi kimi texniki i\u015f\u00e7il\u0259r\u0259 verilm\u0259sin\u0259 g\u0259ldikd\u0259 is\u0259 yaz\u0131\u00e7\u0131 bunun Az\u0259rbaycan Yaz\u0131\u00e7\u0131lar Birliyinin se\u00e7imi oldu\u011funu bildirib:<\/p>\n<p>\u201cO, AYB-d\u0259n as\u0131l\u0131d\u0131r. AYB bax\u0131r ki, bu adam burada t\u0259mizlik\u00e7idir, ill\u0259r boyu g\u0259lib q\u0259pik-quru\u015fa i\u015fl\u0259yib, evi buna da ver\u0259k. D\u00fcz\u00fc, kimin haql\u0131, kimin haqs\u0131z oldu\u011funu\u00a0dem\u0259k \u00e7ox \u00e7\u0259tindir\u201d.<\/p>\n<p>Yaz\u0131\u00e7\u0131 hesab edir ki, istedad\u0131 olan ev \u00fc\u00e7\u00fcn boyun \u0259ym\u0259z:<\/p>\n<p>\u201cM\u0259n he\u00e7 vaxt onlardan ev almam\u0131\u015fam, \u00f6z evim var. E\u015fidir\u0259m ki, evl\u0259r\u0259 g\u00f6r\u0259 q\u0131r\u011f\u0131n-qiyam\u0259tdir, m\u00fcsib\u0259tdir. L\u0259yaq\u0259ti, istedad\u0131 olan adam he\u00e7 vaxt boyun \u0259ym\u0259z, yalvarmaz, a\u011flamaz\u201d.<\/p>\n<p>M\u0259s\u0259l\u0259 il\u0259 ba\u011fl\u0131 Az\u0259rbaycan Yaz\u0131\u00e7\u0131lar Birliyind\u0259n (AYB) is\u0259 yax\u0131n g\u00fcnl\u0259rd\u0259 a\u00e7\u0131qlama veril\u0259c\u0259yi bildirilib.<\/p>\n","protected":false},"excerpt":{"rendered":"<p>Az\u0259rbaycan Yaz\u0131\u00e7\u0131lar Birliyinin (AYB) 21 \u00fczv\u00fcn\u0259 ev verm\u0259si son g\u00fcnl\u0259r \u0259n \u00e7ox m\u00fczakir\u0259 olunan m\u00f6vzudur. Qurum bununla ba\u011fl\u0131 siyah\u0131 t\u0259qdim etm\u0259s\u0259 d\u0259, bir ne\u00e7\u0259 yazar\u00a0m\u0259nzill\u0259 t\u0259min olunanlar\u0131n aras\u0131nda katib\u0259l\u0259rin, s\u00fcr\u00fcc\u00fcl\u0259rin oldu\u011funu v\u0259 b\u0259zisinin d\u0259 ev\u0259 ehtiyac\u0131 olmad\u0131\u011f\u0131n\u0131 vur\u011fulay\u0131b. Bundan \u0259vv\u0259l d\u0259 AYB t\u0259r\u0259find\u0259n m\u0259nzill\u0259rin b\u00f6l\u00fc\u015fd\u00fcr\u00fclm\u0259si zaman\u0131 qalmaqallar ya\u015fan\u0131b. H\u0259min vaxt m\u0259nzill\u0259rin evi olana verilm\u0259sin\u0259 dair ittihamlar ir\u0259li s\u00fcr\u00fcl\u00fcb. Yazarlar Zahid Sar\u0131torpaq, C\u0259lil Cavan\u015fir, Taleh Mansur v\u0259 dig\u0259rl\u0259ri sosial \u015f\u0259b\u0259k\u0259 hesablar\u0131nda Az\u0259rbaycan Yaz\u0131\u00e7\u0131lar Birliyini m\u0259nzill\u0259rin b\u00f6l\u00fc\u015fd\u00fcr\u00fclm\u0259si zaman\u0131 \u0259dal\u0259tsizliy\u0259 yol verdikl\u0259rin\u0259 g\u00f6r\u0259 s\u0259rt t\u0259nqid edibl\u0259r. \u00d6t\u0259n il maddi imkan\u0131n\u0131n a\u015fa\u011f\u0131 olmas\u0131, m\u0259nzilini&hellip;<\/p>\n","protected":false},"author":2,"featured_media":659347,"comment_status":"closed","ping_status":"closed","sticky":false,"template":"","format":"standard","meta":{"om_disable_all_campaigns":false,"_monsterinsights_skip_tracking":false,"_monsterinsights_sitenote_active":false,"_monsterinsights_sitenote_note":"","_monsterinsights_sitenote_category":0},"categories":[1],"tags":[],"aioseo_notices":[],"gutentor_comment":0,"rttpg_featured_image_url":{"full":["https:\/\/arantv.az\/wp-content\/uploads\/2023\/11\/1700543512_photo_5395414393879122041_x.jpg",620,413,false],"landscape":["https:\/\/arantv.az\/wp-content\/uploads\/2023\/11\/1700543512_photo_5395414393879122041_x.jpg",620,413,false],"portraits":["https:\/\/arantv.az\/wp-content\/uploads\/2023\/11\/1700543512_photo_5395414393879122041_x.jpg",620,413,false],"thumbnail":["https:\/\/arantv.az\/wp-content\/uploads\/2023\/11\/1700543512_photo_5395414393879122041_x-500x280.jpg",500,280,true],"medium":["https:\/\/arantv.az\/wp-content\/uploads\/2023\/11\/1700543512_photo_5395414393879122041_x-548x365.jpg",548,365,true],"large":["https:\/\/arantv.az\/wp-content\/uploads\/2023\/11\/1700543512_photo_5395414393879122041_x.jpg",620,413,false],"1536x1536":["https:\/\/arantv.az\/wp-content\/uploads\/2023\/11\/1700543512_photo_5395414393879122041_x.jpg",620,413,false],"2048x2048":["https:\/\/arantv.az\/wp-content\/uploads\/2023\/11\/1700543512_photo_5395414393879122041_x.jpg",620,413,false],"post-thumbnail":["https:\/\/arantv.az\/wp-content\/uploads\/2023\/11\/1700543512_photo_5395414393879122041_x-240x172.jpg",240,172,true],"advps-thumb-one":["https:\/\/arantv.az\/wp-content\/uploads\/2023\/11\/1700543512_photo_5395414393879122041_x.jpg",620,413,false]},"rttpg_author":{"display_name":"V\u00fcsal Rafiqo\u011flu","author_link":"https:\/\/arantv.az\/?author=2"},"rttpg_comment":0,"rttpg_category":"<a href=\"https:\/\/arantv.az\/?cat=1\" rel=\"category\">C\u0259miyy\u0259t<\/a>","rttpg_excerpt":"Az\u0259rbaycan Yaz\u0131\u00e7\u0131lar Birliyinin (AYB) 21 \u00fczv\u00fcn\u0259 ev verm\u0259si son g\u00fcnl\u0259r \u0259n \u00e7ox m\u00fczakir\u0259 olunan m\u00f6vzudur. Qurum bununla ba\u011fl\u0131 siyah\u0131 t\u0259qdim etm\u0259s\u0259 d\u0259, bir ne\u00e7\u0259 yazar\u00a0m\u0259nzill\u0259 t\u0259min olunanlar\u0131n aras\u0131nda katib\u0259l\u0259rin, s\u00fcr\u00fcc\u00fcl\u0259rin oldu\u011funu v\u0259 b\u0259zisinin d\u0259 ev\u0259 ehtiyac\u0131 olmad\u0131\u011f\u0131n\u0131 vur\u011fulay\u0131b. Bundan \u0259vv\u0259l d\u0259 AYB t\u0259r\u0259find\u0259n m\u0259nzill\u0259rin b\u00f6l\u00fc\u015fd\u00fcr\u00fclm\u0259si zaman\u0131 qalmaqallar ya\u015fan\u0131b. H\u0259min vaxt m\u0259nzill\u0259rin evi olana verilm\u0259sin\u0259 dair&hellip;","_links":{"self":[{"href":"https:\/\/arantv.az\/index.php?rest_route=\/wp\/v2\/posts\/659346"}],"collection":[{"href":"https:\/\/arantv.az\/index.php?rest_route=\/wp\/v2\/posts"}],"about":[{"href":"https:\/\/arantv.az\/index.php?rest_route=\/wp\/v2\/types\/post"}],"author":[{"embeddable":true,"href":"https:\/\/arantv.az\/index.php?rest_route=\/wp\/v2\/users\/2"}],"replies":[{"embeddable":true,"href":"https:\/\/arantv.az\/index.php?rest_route=%2Fwp%2Fv2%2Fcomments&post=659346"}],"version-history":[{"count":0,"href":"https:\/\/arantv.az\/index.php?rest_route=\/wp\/v2\/posts\/659346\/revisions"}],"wp:featuredmedia":[{"embeddable":true,"href":"https:\/\/arantv.az\/index.php?rest_route=\/wp\/v2\/media\/659347"}],"wp:attachment":[{"href":"https:\/\/arantv.az\/index.php?rest_route=%2Fwp%2Fv2%2Fmedia&parent=659346"}],"wp:term":[{"taxonomy":"category","embeddable":true,"href":"https:\/\/arantv.az\/index.php?rest_route=%2Fwp%2Fv2%2Fcategories&post=659346"},{"taxonomy":"post_tag","embeddable":true,"href":"https:\/\/arantv.az\/index.php?rest_route=%2Fwp%2Fv2%2Ftags&post=659346"}],"curies":[{"name":"wp","href":"https:\/\/api.w.org\/{rel}","templated":true}]}}