{"id":659349,"date":"2023-11-21T12:23:08","date_gmt":"2023-11-21T08:23:08","guid":{"rendered":"https:\/\/arantv.az\/?p=659349"},"modified":"2023-11-21T12:23:08","modified_gmt":"2023-11-21T08:23:08","slug":"speca-q%c9%99tnam%c9%99-q%c9%99bul-edib","status":"publish","type":"post","link":"https:\/\/arantv.az\/?p=659349","title":{"rendered":"SPECA q\u0259tnam\u0259 q\u0259bul edib"},"content":{"rendered":"<p>Az\u0259rbaycan, Qazax\u0131stan, Q\u0131r\u011f\u0131z\u0131stan, Tacikistan, T\u00fcrkm\u0259nistan v\u0259 \u00d6zb\u0259kistan t\u0259r\u0259find\u0259n ir\u0259li s\u00fcr\u00fclm\u00fc\u015f BMT-nin M\u0259rk\u0259zi Asiya \u00d6lk\u0259l\u0259rinin \u0130qtisadiyyatlar\u0131 \u00fc\u00e7\u00fcn X\u00fcsusi Proqram\u0131n\u0131n (SPECA) 25-ci ild\u00f6n\u00fcm\u00fcn\u00fcn qeyd edilm\u0259sin\u0259 dair BMT Ba\u015f Assambleyas\u0131n\u0131n q\u0259tnam\u0259 layih\u0259si yekdillikl\u0259 q\u0259bul edilib.<\/p>\n<p>Bu bar\u0259d\u0259 Xarici \u0130\u015fl\u0259r Nazirliyi (X\u0130N) m\u0259lumat yay\u0131b.<\/p>\n<p>Bildirilib ki, \u201cD\u00fcnyam\u0131z\u0131n transformasiyas\u0131: Davaml\u0131 \u0130nki\u015faf \u00fc\u00e7\u00fcn 2030 g\u00fcnd\u0259liyi\u201d adl\u0131 q\u0259tnam\u0259d\u0259 X\u00fcsusi Proqram\u0131n \u00fczv d\u00f6vl\u0259tl\u0259r \u00fc\u00e7\u00fcn qar\u015f\u0131l\u0131ql\u0131 anla\u015fma, iqtisadi \u0259m\u0259kda\u015fl\u0131q v\u0259 regional inki\u015faf\u0131 t\u0259\u015fviq ed\u0259n regional proqram kimi m\u00fch\u00fcm rolu vur\u011fulan\u0131b.<\/p>\n<p>X\u00fcsusi proqram\u0131n t\u0259sis edildiyi 26 mart 1998-ci il tarixli Da\u015fk\u0259nd B\u0259yannam\u0259sinin m\u0259qs\u0259d v\u0259 m\u0259ramlar\u0131 xat\u0131rlad\u0131l\u0131b, M\u0259rk\u0259zi Asiya \u00f6lk\u0259l\u0259rind\u0259 \u0259ld\u0259 olunan t\u0259r\u0259qqi, onlar\u0131n Avropa v\u0259 Asiya iqtisadiyyatlar\u0131 il\u0259 inteqrasiyas\u0131n\u0131 v\u0259 qlobal iqtisadi art\u0131ma t\u00f6hf\u0259l\u0259ri alq\u0131\u015flan\u0131b.<\/p>\n<p>Q\u0259tnam\u0259d\u0259 X\u00fcsusi Proqram\u0131n i\u015ftirak\u00e7\u0131s\u0131 olan d\u00f6vl\u0259tl\u0259rin v\u0259 BMT-nin X\u00fcsusi Proqram \u00e7\u0259r\u00e7iv\u0259sind\u0259 layih\u0259l\u0259rin h\u0259yata ke\u00e7irilm\u0259si \u00fc\u00e7\u00fcn maliyy\u0259 resurslar\u0131n\u0131n s\u0259m\u0259r\u0259li v\u0259 vaxt\u0131nda s\u0259f\u0259rb\u0259r edilm\u0259si \u00fc\u00e7\u00fcn BMT-nin \u00e7oxt\u0259r\u0259fda\u015fl\u0131 etimad fondunun yarad\u0131lmas\u0131 imkanlar\u0131n\u0131n ara\u015fd\u0131r\u0131lmas\u0131n\u0131n \u0259h\u0259miyy\u0259ti qeyd olunub.<\/p>\n<p>Habel\u0259, q\u0259tnam\u0259d\u0259 Dayan\u0131ql\u0131 \u0130nki\u015faf M\u0259qs\u0259dl\u0259rin\u0259 nail olmaq v\u0259 mehriban qon\u015fuluq m\u00fcnasib\u0259tl\u0259rini inki\u015faf etdirm\u0259k \u00fc\u00e7\u00fcn M\u0259rk\u0259zi Asiya \u00f6lk\u0259l\u0259ri aras\u0131nda regional \u0259m\u0259kda\u015fl\u0131\u011f\u0131n daha da inki\u015faf etdirilm\u0259sinin vacibliyi vur\u011fulan\u0131b.<\/p>\n<p>Qeyd ed\u0259k ki, 2023-c\u00fc ild\u0259 SPECA-ya s\u0259drliyi Az\u0259rbaycan Respublikas\u0131 h\u0259yata ke\u00e7irir.<\/p>\n<p>Q\u0259tnam\u0259 il\u0259\u00a0<a href=\"https:\/\/undocs.org\/Home\/Mobile?FinalSymbol=A%2F78%2FL.8&amp;Language=E&amp;DeviceType=Desktop&amp;LangRequested=False\" target=\"_blank\" rel=\"noopener\">bu internet ke\u00e7idind\u0259n<\/a>\u00a0tan\u0131\u015f olmaq m\u00fcmk\u00fcnd\u00fcr.<\/p>\n","protected":false},"excerpt":{"rendered":"<p>Az\u0259rbaycan, Qazax\u0131stan, Q\u0131r\u011f\u0131z\u0131stan, Tacikistan, T\u00fcrkm\u0259nistan v\u0259 \u00d6zb\u0259kistan t\u0259r\u0259find\u0259n ir\u0259li s\u00fcr\u00fclm\u00fc\u015f BMT-nin M\u0259rk\u0259zi Asiya \u00d6lk\u0259l\u0259rinin \u0130qtisadiyyatlar\u0131 \u00fc\u00e7\u00fcn X\u00fcsusi Proqram\u0131n\u0131n (SPECA) 25-ci ild\u00f6n\u00fcm\u00fcn\u00fcn qeyd edilm\u0259sin\u0259 dair BMT Ba\u015f Assambleyas\u0131n\u0131n q\u0259tnam\u0259 layih\u0259si yekdillikl\u0259 q\u0259bul edilib. Bu bar\u0259d\u0259 Xarici \u0130\u015fl\u0259r Nazirliyi (X\u0130N) m\u0259lumat yay\u0131b. Bildirilib ki, \u201cD\u00fcnyam\u0131z\u0131n transformasiyas\u0131: Davaml\u0131 \u0130nki\u015faf \u00fc\u00e7\u00fcn 2030 g\u00fcnd\u0259liyi\u201d adl\u0131 q\u0259tnam\u0259d\u0259 X\u00fcsusi Proqram\u0131n \u00fczv d\u00f6vl\u0259tl\u0259r \u00fc\u00e7\u00fcn qar\u015f\u0131l\u0131ql\u0131 anla\u015fma, iqtisadi \u0259m\u0259kda\u015fl\u0131q v\u0259 regional inki\u015faf\u0131 t\u0259\u015fviq ed\u0259n regional proqram kimi m\u00fch\u00fcm rolu vur\u011fulan\u0131b. X\u00fcsusi proqram\u0131n t\u0259sis edildiyi 26 mart 1998-ci il tarixli Da\u015fk\u0259nd B\u0259yannam\u0259sinin m\u0259qs\u0259d v\u0259 m\u0259ramlar\u0131 xat\u0131rlad\u0131l\u0131b, M\u0259rk\u0259zi Asiya \u00f6lk\u0259l\u0259rind\u0259 \u0259ld\u0259&hellip;<\/p>\n","protected":false},"author":2,"featured_media":557829,"comment_status":"closed","ping_status":"closed","sticky":false,"template":"","format":"standard","meta":{"om_disable_all_campaigns":false,"_monsterinsights_skip_tracking":false,"_monsterinsights_sitenote_active":false,"_monsterinsights_sitenote_note":"","_monsterinsights_sitenote_category":0},"categories":[19],"tags":[],"aioseo_notices":[],"gutentor_comment":0,"rttpg_featured_image_url":{"full":["https:\/\/arantv.az\/wp-content\/uploads\/2023\/01\/XIN.jpg",975,540,false],"landscape":["https:\/\/arantv.az\/wp-content\/uploads\/2023\/01\/XIN.jpg",975,540,false],"portraits":["https:\/\/arantv.az\/wp-content\/uploads\/2023\/01\/XIN.jpg",975,540,false],"thumbnail":["https:\/\/arantv.az\/wp-content\/uploads\/2023\/01\/XIN-500x280.jpg",500,280,true],"medium":["https:\/\/arantv.az\/wp-content\/uploads\/2023\/01\/XIN-660x365.jpg",660,365,true],"large":["https:\/\/arantv.az\/wp-content\/uploads\/2023\/01\/XIN-840x465.jpg",640,354,true],"1536x1536":["https:\/\/arantv.az\/wp-content\/uploads\/2023\/01\/XIN.jpg",975,540,false],"2048x2048":["https:\/\/arantv.az\/wp-content\/uploads\/2023\/01\/XIN.jpg",975,540,false],"post-thumbnail":["https:\/\/arantv.az\/wp-content\/uploads\/2023\/01\/XIN-240x172.jpg",240,172,true],"advps-thumb-one":["https:\/\/arantv.az\/wp-content\/uploads\/2023\/01\/XIN.jpg",975,540,false]},"rttpg_author":{"display_name":"V\u00fcsal Rafiqo\u011flu","author_link":"https:\/\/arantv.az\/?author=2"},"rttpg_comment":0,"rttpg_category":"<a href=\"https:\/\/arantv.az\/?cat=19\" rel=\"category\">G\u00fcnd\u0259m<\/a>","rttpg_excerpt":"Az\u0259rbaycan, Qazax\u0131stan, Q\u0131r\u011f\u0131z\u0131stan, Tacikistan, T\u00fcrkm\u0259nistan v\u0259 \u00d6zb\u0259kistan t\u0259r\u0259find\u0259n ir\u0259li s\u00fcr\u00fclm\u00fc\u015f BMT-nin M\u0259rk\u0259zi Asiya \u00d6lk\u0259l\u0259rinin \u0130qtisadiyyatlar\u0131 \u00fc\u00e7\u00fcn X\u00fcsusi Proqram\u0131n\u0131n (SPECA) 25-ci ild\u00f6n\u00fcm\u00fcn\u00fcn qeyd edilm\u0259sin\u0259 dair BMT Ba\u015f Assambleyas\u0131n\u0131n q\u0259tnam\u0259 layih\u0259si yekdillikl\u0259 q\u0259bul edilib. Bu bar\u0259d\u0259 Xarici \u0130\u015fl\u0259r Nazirliyi (X\u0130N) m\u0259lumat yay\u0131b. Bildirilib ki, \u201cD\u00fcnyam\u0131z\u0131n transformasiyas\u0131: Davaml\u0131 \u0130nki\u015faf \u00fc\u00e7\u00fcn 2030 g\u00fcnd\u0259liyi\u201d adl\u0131 q\u0259tnam\u0259d\u0259 X\u00fcsusi Proqram\u0131n \u00fczv d\u00f6vl\u0259tl\u0259r&hellip;","_links":{"self":[{"href":"https:\/\/arantv.az\/index.php?rest_route=\/wp\/v2\/posts\/659349"}],"collection":[{"href":"https:\/\/arantv.az\/index.php?rest_route=\/wp\/v2\/posts"}],"about":[{"href":"https:\/\/arantv.az\/index.php?rest_route=\/wp\/v2\/types\/post"}],"author":[{"embeddable":true,"href":"https:\/\/arantv.az\/index.php?rest_route=\/wp\/v2\/users\/2"}],"replies":[{"embeddable":true,"href":"https:\/\/arantv.az\/index.php?rest_route=%2Fwp%2Fv2%2Fcomments&post=659349"}],"version-history":[{"count":0,"href":"https:\/\/arantv.az\/index.php?rest_route=\/wp\/v2\/posts\/659349\/revisions"}],"wp:featuredmedia":[{"embeddable":true,"href":"https:\/\/arantv.az\/index.php?rest_route=\/wp\/v2\/media\/557829"}],"wp:attachment":[{"href":"https:\/\/arantv.az\/index.php?rest_route=%2Fwp%2Fv2%2Fmedia&parent=659349"}],"wp:term":[{"taxonomy":"category","embeddable":true,"href":"https:\/\/arantv.az\/index.php?rest_route=%2Fwp%2Fv2%2Fcategories&post=659349"},{"taxonomy":"post_tag","embeddable":true,"href":"https:\/\/arantv.az\/index.php?rest_route=%2Fwp%2Fv2%2Ftags&post=659349"}],"curies":[{"name":"wp","href":"https:\/\/api.w.org\/{rel}","templated":true}]}}