{"id":659355,"date":"2023-11-21T14:08:07","date_gmt":"2023-11-21T10:08:07","guid":{"rendered":"https:\/\/arantv.az\/?p=659355"},"modified":"2023-11-21T14:08:07","modified_gmt":"2023-11-21T10:08:07","slug":"deputatdan-sosial-yardimla-bagli-t%c9%99klif-%c9%99m%c9%99k-qabiliyy%c9%99ti-olanlara-verilm%c9%99m%c9%99lidir","status":"publish","type":"post","link":"https:\/\/arantv.az\/?p=659355","title":{"rendered":"Deputatdan sosial yard\u0131mla ba\u011fl\u0131 T\u018fKL\u0130F: \u201c\u018fm\u0259k qabiliyy\u0259ti olanlara verilm\u0259m\u0259lidir\u201d"},"content":{"rendered":"<p>2006-c\u0131 ild\u0259n etibar\u0259n azt\u0259minatl\u0131 ail\u0259l\u0259r\u0259 \u00fcnvanl\u0131 d\u00f6vl\u0259t sosial yard\u0131m\u0131n\u0131n verilm\u0259sin\u0259 ba\u015flan\u0131l\u0131b. Bel\u0259 ail\u0259l\u0259rin orta ayl\u0131q g\u0259liri onlardan as\u0131l\u0131 olmayan s\u0259b\u0259bl\u0259rd\u0259n h\u0259r bir ail\u0259 \u00fczv\u00fc \u00fc\u00e7\u00fcn ehtiyac meyar\u0131n\u0131n m\u0259cmusundan a\u015fa\u011f\u0131d\u0131r.<\/p>\n<p>D\u00f6vl\u0259t t\u0259r\u0259find\u0259n veril\u0259n pul yard\u0131m\u0131n\u0131n t\u0259yininin m\u00fc\u0259yy\u0259n \u015f\u0259rtl\u0259ri var.<\/p>\n<p>Onlayn qaydada m\u00fcraci\u0259t \u0259sas\u0131nda v\u0259 ail\u0259nin sosial durumu yoxland\u0131qdan sonra veril\u0259n yard\u0131m\u0131 b\u00fct\u00fcn m\u00fcraci\u0259t ed\u0259nl\u0259r ala bilmir. Ail\u0259l\u0259r\u0259 \u00fcnvanl\u0131 d\u00f6vl\u0259t sosial yard\u0131m\u0131n verilm\u0259sind\u0259n imtina edilm\u0259si il\u0259 ba\u011fl\u0131 g\u0259l\u0259n m\u0259ktublar v\u0259t\u0259nda\u015flar\u0131 qane etmir. Bel\u0259 \u015fikay\u0259tl\u0259r \u0259sas\u0259n rayonlarda ya\u015fayan v\u0259 i\u015fsiz v\u0259t\u0259nda\u015flardan g\u0259lir.<\/p>\n<p>Haz\u0131rda \u00f6lk\u0259d\u0259 65 min insan\u0131n \u00fcnvanl\u0131 sosial yard\u0131m ald\u0131\u011f\u0131n\u0131 dey\u0259n \u018fm\u0259k v\u0259 \u018fhalinin Sosial M\u00fcdafi\u0259si nazirinin m\u00fcavini Anar K\u0259rimov, h\u0259m\u00e7inin\u00a0i\u015fsizl\u0259r\u0259 yard\u0131m\u0131n verilm\u0259sinin onlar\u0131n i\u015fl\u0259m\u0259m\u0259sin\u0259 g\u0259tirib \u00e7\u0131xaraca\u011f\u0131n\u0131 bildirib:<\/p>\n<p>\u201c\u0130\u015fsiz insanlara bu yard\u0131m\u0131 vers\u0259k, onda h\u0259min \u015f\u0259xsl\u0259r ancaq evd\u0259 oturacaq. Ona g\u00f6r\u0259 d\u0259 alternativ m\u0259\u015f\u011fulluq xidm\u0259tl\u0259rin\u0259 baxmaq laz\u0131md\u0131r. Haz\u0131rda m\u0259\u015f\u011fulluq sah\u0259sinin 10-dan \u00e7ox istiqam\u0259ti n\u0259z\u0259rd\u0259n ke\u00e7irilir\u201d.<\/p>\n<p>Nazir m\u00fcavininin bu a\u00e7\u0131qlamas\u0131 ictimaiyy\u0259td\u0259 m\u00fczakir\u0259l\u0259r\u0259 s\u0259b\u0259b olub.<\/p>\n<p>M\u0259s\u0259l\u0259 il\u0259 ba\u011fl\u0131 Bizim.media-ya dan\u0131\u015fan Milli M\u0259clisin \u018fm\u0259k v\u0259 sosial siyas\u0259t komit\u0259sinin s\u0259dri\u00a0Musa Quliyev\u00a0d\u0259 nazir m\u00fcavininin fikirl\u0259ri il\u0259 raz\u0131la\u015f\u0131b.<\/p>\n<p>O, \u0259m\u0259k qabiliyy\u0259tli insanlara yard\u0131m\u0131n verilm\u0259sinin \u0259leyhin\u0259 oldu\u011funu deyib:<\/p>\n<p>\u201c\u00dcnvanl\u0131 sosial yard\u0131m o ail\u0259l\u0259r\u0259 verilm\u0259lidir ki, h\u0259min ail\u0259d\u0259 \u0259m\u0259k qabiliyy\u0259ti olmayan ail\u0259 \u00fczvl\u0259ri, \u0259lil v\u0259 ya t\u0259qa\u00fcd\u00fc az olan t\u0259qa\u00fcd\u00e7\u00fcl\u0259r, \u0259m\u0259k qabiliyy\u0259ti ya\u015f\u0131na \u00e7atmayan u\u015faqlar olsun. Dig\u0259r hallarda is\u0259 onlar\u0131n aktiv sosial m\u00fcdafi\u0259 t\u0259dbirl\u0259rin\u0259 c\u0259lb olunmas\u0131na \u00fcst\u00fcnl\u00fck verm\u0259k laz\u0131md\u0131r. Aktiv sosial m\u00fcdafi\u0259 t\u0259dbirl\u0259rin\u0259 \u00f6z pe\u015f\u0259si, ixtisas\u0131 \u00fczr\u0259 i\u015fl\u0259 t\u0259min olunmaq v\u0259 ya pe\u015f\u0259si, ixtisas\u0131 yoxdursa, h\u0259min b\u00f6lg\u0259d\u0259 var olan vakansiyalara uy\u011fun pe\u015f\u0259l\u0259ri \u00f6yr\u0259dib i\u015fl\u0259 t\u0259minat daxildir.<\/p>\n<p>Bu insanlar\u0131 \u00f6z\u00fcn\u00fcm\u0259\u015f\u011fulluq proqramlar\u0131na, haqq\u0131 \u00f6d\u0259nil\u0259n sosial i\u015fl\u0259r\u0259 c\u0259lb etm\u0259k laz\u0131md\u0131r ki, gedib, \u00e7al\u0131\u015f\u0131b, i\u015fl\u0259sinl\u0259r. \u018fg\u0259r onun g\u0259tirdiyi \u0259m\u0259khaqq\u0131 ail\u0259 \u00fczvl\u0259rinin say\u0131na b\u00f6l\u0259nd\u0259 ya\u015fay\u0131\u015f minimumundan az olacaqsa, onda o ail\u0259l\u0259r\u0259 \u00fcnvanl\u0131 d\u00f6vl\u0259t sosial yard\u0131m\u0131 verilsin. Biz 2006-c\u0131 ild\u0259 bu qanunu haz\u0131rlayanda d\u00fc\u015f\u00fcn\u00fcrd\u00fck ki, bunun insanlar\u0131n t\u0259nb\u0259ll\u0259\u015fm\u0259sin\u0259, \u0259l\u0259bax\u0131ml\u0131l\u0131\u011f\u0131na g\u0259tirib \u00e7\u0131xarmas\u0131na he\u00e7 bir v\u0259chl\u0259 \u00e7al\u0131\u015fmaq laz\u0131m deyil. Bu m\u0259nada \u00f6z\u00fcn\u00fcm\u0259\u015f\u011fulluq proqram\u0131 daha da aktivl\u0259\u015fm\u0259lidir v\u0259 \u00fcnvanl\u0131 d\u00f6vl\u0259t sosial yard\u0131m proqram\u0131 is\u0259 azalmal\u0131d\u0131r\u201d.<\/p>\n<p>Deputat\u00a0dig\u0259r v\u0259t\u0259nda\u015f\u0131n \u00f6d\u0259diyi sosial \u00f6d\u0259ni\u015fl\u0259r hesab\u0131na ba\u015fqa v\u0259t\u0259nda\u015f\u0131n yard\u0131m almas\u0131n\u0131 d\u00fczg\u00fcn hesab etm\u0259diyini bildirib:<\/p>\n<p>\u201c\u0130nsan deyir ki, m\u0259n k\u0259nd yerind\u0259 ya\u015fay\u0131ram, m\u0259nim torpa\u011f\u0131m g\u0259lir g\u0259tirmir, ona g\u00f6r\u0259 m\u0259n\u0259 yard\u0131m verin. Bu anlay\u0131\u015fla yana\u015fsaq, t\u0259bii ki, insanlar i\u015fd\u0259n soyuyacaqlar, \u00f6zl\u0259rinin v\u0259 ail\u0259 \u00fczvl\u0259rinin h\u0259yat\u0131n\u0131 t\u0259min etm\u0259k \u00fc\u00e7\u00fcn t\u0259dbirl\u0259rd\u0259n yay\u0131nacaqlar. Dem\u0259li, biz i\u015fl\u0259y\u0259c\u0259yik, amma bizim \u00f6d\u0259dikl\u0259rimizd\u0259n \u0259m\u0259k qabiliyy\u0259ti g\u00fcc\u00fcnd\u0259 v\u0259 ya\u015f\u0131nda olan ba\u015fqa soyda\u015f\u0131m\u0131z oturub faydalanacaq.<\/p>\n<p>Bu da sosial \u0259dal\u0259t prinsipinin pozulmas\u0131d\u0131r.<\/p>\n<p>\u018flb\u0259tt\u0259, yard\u0131m da verilm\u0259lidir, \u00f6z\u00fcn\u00fcm\u0259\u015f\u011fulluq proqram\u0131, ictimai i\u015fl\u0259r, ba\u015fqa-ba\u015fqa insanlar\u0131n sosial m\u00fcdafi\u0259sini t\u0259min ed\u0259n t\u0259dbirl\u0259r olmal\u0131d\u0131r v\u0259 olacaq. Amma burada el\u0259 bir q\u0131z\u0131l ortan\u0131 se\u00e7m\u0259k laz\u0131md\u0131r ki, h\u0259m sosial \u0259dal\u0259t prinsipi pozulmas\u0131n, h\u0259m d\u0259 ehtiyac\u0131 olan insanlar\u0131n rifah\u0131 t\u0259min olunsun. Bundan \u0259lav\u0259 rayonlarda m\u0259\u015f\u011fulluq agentlikl\u0259rinin n\u0259zdind\u0259 kurslar var, v\u0259t\u0259nda\u015flar o kurslara gedirl\u0259r, kursda oxuduqlar\u0131 m\u00fcdd\u0259td\u0259 t\u0259qa\u00fcd al\u0131rlar, rayonda m\u00f6vcud olan i\u015f yerl\u0259rin\u0259, pe\u015f\u0259l\u0259rin\u0259 uy\u011fun i\u015fl\u0259 t\u0259min olunurlar\u201d.<\/p>\n","protected":false},"excerpt":{"rendered":"<p>2006-c\u0131 ild\u0259n etibar\u0259n azt\u0259minatl\u0131 ail\u0259l\u0259r\u0259 \u00fcnvanl\u0131 d\u00f6vl\u0259t sosial yard\u0131m\u0131n\u0131n verilm\u0259sin\u0259 ba\u015flan\u0131l\u0131b. Bel\u0259 ail\u0259l\u0259rin orta ayl\u0131q g\u0259liri onlardan as\u0131l\u0131 olmayan s\u0259b\u0259bl\u0259rd\u0259n h\u0259r bir ail\u0259 \u00fczv\u00fc \u00fc\u00e7\u00fcn ehtiyac meyar\u0131n\u0131n m\u0259cmusundan a\u015fa\u011f\u0131d\u0131r. D\u00f6vl\u0259t t\u0259r\u0259find\u0259n veril\u0259n pul yard\u0131m\u0131n\u0131n t\u0259yininin m\u00fc\u0259yy\u0259n \u015f\u0259rtl\u0259ri var. Onlayn qaydada m\u00fcraci\u0259t \u0259sas\u0131nda v\u0259 ail\u0259nin sosial durumu yoxland\u0131qdan sonra veril\u0259n yard\u0131m\u0131 b\u00fct\u00fcn m\u00fcraci\u0259t ed\u0259nl\u0259r ala bilmir. Ail\u0259l\u0259r\u0259 \u00fcnvanl\u0131 d\u00f6vl\u0259t sosial yard\u0131m\u0131n verilm\u0259sind\u0259n imtina edilm\u0259si il\u0259 ba\u011fl\u0131 g\u0259l\u0259n m\u0259ktublar v\u0259t\u0259nda\u015flar\u0131 qane etmir. Bel\u0259 \u015fikay\u0259tl\u0259r \u0259sas\u0259n rayonlarda ya\u015fayan v\u0259 i\u015fsiz v\u0259t\u0259nda\u015flardan g\u0259lir. Haz\u0131rda \u00f6lk\u0259d\u0259 65 min insan\u0131n \u00fcnvanl\u0131 sosial yard\u0131m ald\u0131\u011f\u0131n\u0131 dey\u0259n \u018fm\u0259k&hellip;<\/p>\n","protected":false},"author":2,"featured_media":659359,"comment_status":"closed","ping_status":"closed","sticky":false,"template":"","format":"standard","meta":{"om_disable_all_campaigns":false,"_monsterinsights_skip_tracking":false,"_monsterinsights_sitenote_active":false,"_monsterinsights_sitenote_note":"","_monsterinsights_sitenote_category":0},"categories":[19],"tags":[],"aioseo_notices":[],"gutentor_comment":0,"rttpg_featured_image_url":{"full":["https:\/\/arantv.az\/wp-content\/uploads\/2023\/11\/FotoJet-99.jpg",620,413,false],"landscape":["https:\/\/arantv.az\/wp-content\/uploads\/2023\/11\/FotoJet-99.jpg",620,413,false],"portraits":["https:\/\/arantv.az\/wp-content\/uploads\/2023\/11\/FotoJet-99.jpg",620,413,false],"thumbnail":["https:\/\/arantv.az\/wp-content\/uploads\/2023\/11\/FotoJet-99-500x280.jpg",500,280,true],"medium":["https:\/\/arantv.az\/wp-content\/uploads\/2023\/11\/FotoJet-99-548x365.jpg",548,365,true],"large":["https:\/\/arantv.az\/wp-content\/uploads\/2023\/11\/FotoJet-99.jpg",620,413,false],"1536x1536":["https:\/\/arantv.az\/wp-content\/uploads\/2023\/11\/FotoJet-99.jpg",620,413,false],"2048x2048":["https:\/\/arantv.az\/wp-content\/uploads\/2023\/11\/FotoJet-99.jpg",620,413,false],"post-thumbnail":["https:\/\/arantv.az\/wp-content\/uploads\/2023\/11\/FotoJet-99-240x172.jpg",240,172,true],"advps-thumb-one":["https:\/\/arantv.az\/wp-content\/uploads\/2023\/11\/FotoJet-99.jpg",620,413,false]},"rttpg_author":{"display_name":"V\u00fcsal Rafiqo\u011flu","author_link":"https:\/\/arantv.az\/?author=2"},"rttpg_comment":0,"rttpg_category":"<a href=\"https:\/\/arantv.az\/?cat=19\" rel=\"category\">G\u00fcnd\u0259m<\/a>","rttpg_excerpt":"2006-c\u0131 ild\u0259n etibar\u0259n azt\u0259minatl\u0131 ail\u0259l\u0259r\u0259 \u00fcnvanl\u0131 d\u00f6vl\u0259t sosial yard\u0131m\u0131n\u0131n verilm\u0259sin\u0259 ba\u015flan\u0131l\u0131b. Bel\u0259 ail\u0259l\u0259rin orta ayl\u0131q g\u0259liri onlardan as\u0131l\u0131 olmayan s\u0259b\u0259bl\u0259rd\u0259n h\u0259r bir ail\u0259 \u00fczv\u00fc \u00fc\u00e7\u00fcn ehtiyac meyar\u0131n\u0131n m\u0259cmusundan a\u015fa\u011f\u0131d\u0131r. D\u00f6vl\u0259t t\u0259r\u0259find\u0259n veril\u0259n pul yard\u0131m\u0131n\u0131n t\u0259yininin m\u00fc\u0259yy\u0259n \u015f\u0259rtl\u0259ri var. Onlayn qaydada m\u00fcraci\u0259t \u0259sas\u0131nda v\u0259 ail\u0259nin sosial durumu yoxland\u0131qdan sonra veril\u0259n yard\u0131m\u0131 b\u00fct\u00fcn m\u00fcraci\u0259t ed\u0259nl\u0259r ala bilmir.&hellip;","_links":{"self":[{"href":"https:\/\/arantv.az\/index.php?rest_route=\/wp\/v2\/posts\/659355"}],"collection":[{"href":"https:\/\/arantv.az\/index.php?rest_route=\/wp\/v2\/posts"}],"about":[{"href":"https:\/\/arantv.az\/index.php?rest_route=\/wp\/v2\/types\/post"}],"author":[{"embeddable":true,"href":"https:\/\/arantv.az\/index.php?rest_route=\/wp\/v2\/users\/2"}],"replies":[{"embeddable":true,"href":"https:\/\/arantv.az\/index.php?rest_route=%2Fwp%2Fv2%2Fcomments&post=659355"}],"version-history":[{"count":0,"href":"https:\/\/arantv.az\/index.php?rest_route=\/wp\/v2\/posts\/659355\/revisions"}],"wp:featuredmedia":[{"embeddable":true,"href":"https:\/\/arantv.az\/index.php?rest_route=\/wp\/v2\/media\/659359"}],"wp:attachment":[{"href":"https:\/\/arantv.az\/index.php?rest_route=%2Fwp%2Fv2%2Fmedia&parent=659355"}],"wp:term":[{"taxonomy":"category","embeddable":true,"href":"https:\/\/arantv.az\/index.php?rest_route=%2Fwp%2Fv2%2Fcategories&post=659355"},{"taxonomy":"post_tag","embeddable":true,"href":"https:\/\/arantv.az\/index.php?rest_route=%2Fwp%2Fv2%2Ftags&post=659355"}],"curies":[{"name":"wp","href":"https:\/\/api.w.org\/{rel}","templated":true}]}}