{"id":659358,"date":"2023-11-21T14:07:56","date_gmt":"2023-11-21T10:07:56","guid":{"rendered":"https:\/\/arantv.az\/?p=659358"},"modified":"2023-11-21T14:07:56","modified_gmt":"2023-11-21T10:07:56","slug":"az%c9%99rbaycan-v%c9%99-ozb%c9%99kistan-arasinda-baglanan-bir-sira-sazisl%c9%99r-t%c9%99sdiq-olunub","status":"publish","type":"post","link":"https:\/\/arantv.az\/?p=659358","title":{"rendered":"Az\u0259rbaycan v\u0259 \u00d6zb\u0259kistan aras\u0131nda ba\u011flanan bir s\u0131ra sazi\u015fl\u0259r t\u0259sdiq olunub"},"content":{"rendered":"<p>Prezident\u00a0<strong>\u0130lham \u018fliyev<\/strong>\u00a0Az\u0259rbaycan v\u0259 \u00d6zb\u0259kistan h\u00f6kum\u0259tl\u0259ri aras\u0131nda ba\u011flanm\u0131\u015f iki sazi\u015fi t\u0259sdiq edib.<\/p>\n<p>Bu bar\u0259d\u0259\u00a0<a href=\"https:\/\/president.az\/az\/articles\/view\/62280\" target=\"_blank\" rel=\"noopener\"><strong>President.az<\/strong><\/a>\u00a0x\u0259b\u0259r verir.<\/p>\n<p>D\u00f6vl\u0259t ba\u015f\u00e7\u0131s\u0131n\u0131n imzalad\u0131\u011f\u0131 f\u0259rmanla 2023-c\u00fc il avqustun 22-d\u0259 Bak\u0131 \u015f\u0259h\u0259rind\u0259 imzalanm\u0131\u015f \u201cAz\u0259rbaycan Respublikas\u0131 H\u00f6kum\u0259ti il\u0259 \u00d6zb\u0259kistan Respublikas\u0131 H\u00f6kum\u0259ti aras\u0131nda energetika sah\u0259sind\u0259 \u0259m\u0259kda\u015fl\u0131\u011f\u0131n daha da d\u0259rinl\u0259\u015fdirilm\u0259si haqq\u0131nda Sazi\u015f\u201d t\u0259sdiq edilib.<\/p>\n<p>Bu sazi\u015f q\u00fcvv\u0259y\u0259 mindikd\u0259n sonra Az\u0259rbaycan Respublikas\u0131n\u0131n Energetika Nazirliyin\u0259 onun m\u00fcdd\u0259alar\u0131n\u0131n h\u0259yata ke\u00e7irilm\u0259sini t\u0259min etm\u0259k h\u0259val\u0259 olunub.<\/p>\n<p>H\u0259m\u00e7inin, Az\u0259rbaycan Prezidenti dig\u0259r bir\u00a0<a href=\"https:\/\/president.az\/az\/articles\/view\/62281\" target=\"_blank\" rel=\"noopener\"><strong>f\u0259rmanla<\/strong><\/a>\u00a02023-c\u00fc il avqustun 22-d\u0259 Bak\u0131 \u015f\u0259h\u0259rind\u0259 imzalanm\u0131\u015f \u201cAz\u0259rbaycan Respublikas\u0131n\u0131n G\u0259ncl\u0259r v\u0259 \u0130dman Nazirliyi il\u0259 \u00d6zb\u0259kistan Respublikas\u0131n\u0131n G\u0259ncl\u0259r Siyas\u0259ti v\u0259 \u0130dman Nazirliyi aras\u0131nda g\u0259ncl\u0259r siyas\u0259ti v\u0259 idman sah\u0259l\u0259rind\u0259 \u0259m\u0259kda\u015fl\u0131q haqq\u0131nda Sazi\u015f\u201di t\u0259sdiq edib.<\/p>\n<p>Bu sazi\u015f q\u00fcvv\u0259y\u0259 mindikd\u0259n sonra Az\u0259rbaycan Respublikas\u0131n\u0131n G\u0259ncl\u0259r v\u0259 \u0130dman Nazirliyin\u0259 onun m\u00fcdd\u0259alar\u0131n\u0131n h\u0259yata ke\u00e7irilm\u0259sini t\u0259min etm\u0259k tap\u015f\u0131r\u0131l\u0131b.<\/p>\n<p>Az\u0259rbaycan Respublikas\u0131n\u0131n Xarici \u0130\u015fl\u0259r Nazirliyin\u0259 h\u0259r iki sazi\u015fin q\u00fcvv\u0259y\u0259 minm\u0259si \u00fc\u00e7\u00fcn z\u0259ruri olan d\u00f6vl\u0259tdaxili prosedurlar\u0131n yerin\u0259 yetirildiyi bar\u0259d\u0259 \u00d6zb\u0259kistan Respublikas\u0131 H\u00f6kum\u0259tin\u0259 bildiri\u015f g\u00f6nd\u0259rm\u0259k h\u0259val\u0259 olunub.<\/p>\n","protected":false},"excerpt":{"rendered":"<p>Prezident\u00a0\u0130lham \u018fliyev\u00a0Az\u0259rbaycan v\u0259 \u00d6zb\u0259kistan h\u00f6kum\u0259tl\u0259ri aras\u0131nda ba\u011flanm\u0131\u015f iki sazi\u015fi t\u0259sdiq edib. Bu bar\u0259d\u0259\u00a0President.az\u00a0x\u0259b\u0259r verir. D\u00f6vl\u0259t ba\u015f\u00e7\u0131s\u0131n\u0131n imzalad\u0131\u011f\u0131 f\u0259rmanla 2023-c\u00fc il avqustun 22-d\u0259 Bak\u0131 \u015f\u0259h\u0259rind\u0259 imzalanm\u0131\u015f \u201cAz\u0259rbaycan Respublikas\u0131 H\u00f6kum\u0259ti il\u0259 \u00d6zb\u0259kistan Respublikas\u0131 H\u00f6kum\u0259ti aras\u0131nda energetika sah\u0259sind\u0259 \u0259m\u0259kda\u015fl\u0131\u011f\u0131n daha da d\u0259rinl\u0259\u015fdirilm\u0259si haqq\u0131nda Sazi\u015f\u201d t\u0259sdiq edilib. Bu sazi\u015f q\u00fcvv\u0259y\u0259 mindikd\u0259n sonra Az\u0259rbaycan Respublikas\u0131n\u0131n Energetika Nazirliyin\u0259 onun m\u00fcdd\u0259alar\u0131n\u0131n h\u0259yata ke\u00e7irilm\u0259sini t\u0259min etm\u0259k h\u0259val\u0259 olunub. H\u0259m\u00e7inin, Az\u0259rbaycan Prezidenti dig\u0259r bir\u00a0f\u0259rmanla\u00a02023-c\u00fc il avqustun 22-d\u0259 Bak\u0131 \u015f\u0259h\u0259rind\u0259 imzalanm\u0131\u015f \u201cAz\u0259rbaycan Respublikas\u0131n\u0131n G\u0259ncl\u0259r v\u0259 \u0130dman Nazirliyi il\u0259 \u00d6zb\u0259kistan Respublikas\u0131n\u0131n G\u0259ncl\u0259r Siyas\u0259ti v\u0259 \u0130dman Nazirliyi aras\u0131nda g\u0259ncl\u0259r siyas\u0259ti v\u0259 idman&hellip;<\/p>\n","protected":false},"author":2,"featured_media":659360,"comment_status":"closed","ping_status":"closed","sticky":false,"template":"","format":"standard","meta":{"om_disable_all_campaigns":false,"_monsterinsights_skip_tracking":false,"_monsterinsights_sitenote_active":false,"_monsterinsights_sitenote_note":"","_monsterinsights_sitenote_category":0},"categories":[4],"tags":[],"aioseo_notices":[],"gutentor_comment":0,"rttpg_featured_image_url":{"full":["https:\/\/arantv.az\/wp-content\/uploads\/2023\/11\/82d96b3307d0a6c166b1817b5185c4fc_6002-5.jpg",620,413,false],"landscape":["https:\/\/arantv.az\/wp-content\/uploads\/2023\/11\/82d96b3307d0a6c166b1817b5185c4fc_6002-5.jpg",620,413,false],"portraits":["https:\/\/arantv.az\/wp-content\/uploads\/2023\/11\/82d96b3307d0a6c166b1817b5185c4fc_6002-5.jpg",620,413,false],"thumbnail":["https:\/\/arantv.az\/wp-content\/uploads\/2023\/11\/82d96b3307d0a6c166b1817b5185c4fc_6002-5-500x280.jpg",500,280,true],"medium":["https:\/\/arantv.az\/wp-content\/uploads\/2023\/11\/82d96b3307d0a6c166b1817b5185c4fc_6002-5-548x365.jpg",548,365,true],"large":["https:\/\/arantv.az\/wp-content\/uploads\/2023\/11\/82d96b3307d0a6c166b1817b5185c4fc_6002-5.jpg",620,413,false],"1536x1536":["https:\/\/arantv.az\/wp-content\/uploads\/2023\/11\/82d96b3307d0a6c166b1817b5185c4fc_6002-5.jpg",620,413,false],"2048x2048":["https:\/\/arantv.az\/wp-content\/uploads\/2023\/11\/82d96b3307d0a6c166b1817b5185c4fc_6002-5.jpg",620,413,false],"post-thumbnail":["https:\/\/arantv.az\/wp-content\/uploads\/2023\/11\/82d96b3307d0a6c166b1817b5185c4fc_6002-5-240x172.jpg",240,172,true],"advps-thumb-one":["https:\/\/arantv.az\/wp-content\/uploads\/2023\/11\/82d96b3307d0a6c166b1817b5185c4fc_6002-5.jpg",620,413,false]},"rttpg_author":{"display_name":"V\u00fcsal Rafiqo\u011flu","author_link":"https:\/\/arantv.az\/?author=2"},"rttpg_comment":0,"rttpg_category":"<a href=\"https:\/\/arantv.az\/?cat=4\" rel=\"category\">Siyas\u0259t<\/a>","rttpg_excerpt":"Prezident\u00a0\u0130lham \u018fliyev\u00a0Az\u0259rbaycan v\u0259 \u00d6zb\u0259kistan h\u00f6kum\u0259tl\u0259ri aras\u0131nda ba\u011flanm\u0131\u015f iki sazi\u015fi t\u0259sdiq edib. Bu bar\u0259d\u0259\u00a0President.az\u00a0x\u0259b\u0259r verir. D\u00f6vl\u0259t ba\u015f\u00e7\u0131s\u0131n\u0131n imzalad\u0131\u011f\u0131 f\u0259rmanla 2023-c\u00fc il avqustun 22-d\u0259 Bak\u0131 \u015f\u0259h\u0259rind\u0259 imzalanm\u0131\u015f \u201cAz\u0259rbaycan Respublikas\u0131 H\u00f6kum\u0259ti il\u0259 \u00d6zb\u0259kistan Respublikas\u0131 H\u00f6kum\u0259ti aras\u0131nda energetika sah\u0259sind\u0259 \u0259m\u0259kda\u015fl\u0131\u011f\u0131n daha da d\u0259rinl\u0259\u015fdirilm\u0259si haqq\u0131nda Sazi\u015f\u201d t\u0259sdiq edilib. Bu sazi\u015f q\u00fcvv\u0259y\u0259 mindikd\u0259n sonra Az\u0259rbaycan Respublikas\u0131n\u0131n Energetika Nazirliyin\u0259 onun m\u00fcdd\u0259alar\u0131n\u0131n h\u0259yata&hellip;","_links":{"self":[{"href":"https:\/\/arantv.az\/index.php?rest_route=\/wp\/v2\/posts\/659358"}],"collection":[{"href":"https:\/\/arantv.az\/index.php?rest_route=\/wp\/v2\/posts"}],"about":[{"href":"https:\/\/arantv.az\/index.php?rest_route=\/wp\/v2\/types\/post"}],"author":[{"embeddable":true,"href":"https:\/\/arantv.az\/index.php?rest_route=\/wp\/v2\/users\/2"}],"replies":[{"embeddable":true,"href":"https:\/\/arantv.az\/index.php?rest_route=%2Fwp%2Fv2%2Fcomments&post=659358"}],"version-history":[{"count":0,"href":"https:\/\/arantv.az\/index.php?rest_route=\/wp\/v2\/posts\/659358\/revisions"}],"wp:featuredmedia":[{"embeddable":true,"href":"https:\/\/arantv.az\/index.php?rest_route=\/wp\/v2\/media\/659360"}],"wp:attachment":[{"href":"https:\/\/arantv.az\/index.php?rest_route=%2Fwp%2Fv2%2Fmedia&parent=659358"}],"wp:term":[{"taxonomy":"category","embeddable":true,"href":"https:\/\/arantv.az\/index.php?rest_route=%2Fwp%2Fv2%2Fcategories&post=659358"},{"taxonomy":"post_tag","embeddable":true,"href":"https:\/\/arantv.az\/index.php?rest_route=%2Fwp%2Fv2%2Ftags&post=659358"}],"curies":[{"name":"wp","href":"https:\/\/api.w.org\/{rel}","templated":true}]}}