{"id":659438,"date":"2023-11-21T14:34:14","date_gmt":"2023-11-21T10:34:14","guid":{"rendered":"https:\/\/arantv.az\/?p=659438"},"modified":"2023-11-21T14:34:14","modified_gmt":"2023-11-21T10:34:14","slug":"aleksey-cixayev-fransa-insan-huquqlarindan-danisir-amma-%c9%99m%c9%99ld%c9%99-onlari-pozur","status":"publish","type":"post","link":"https:\/\/arantv.az\/?p=659438","title":{"rendered":"Aleksey \u00c7ixayev: \u201cFransa insan h\u00fcquqlar\u0131ndan dan\u0131\u015f\u0131r, amma \u0259m\u0259ld\u0259 onlar\u0131 pozur\u201d"},"content":{"rendered":"<p>\u201cFransa insan h\u00fcquqlar\u0131n\u0131n qorunmas\u0131n\u0131n z\u0259ruriliyind\u0259n dan\u0131\u015fsa da, \u0259m\u0259ld\u0259 onlar\u0131 pozmaqdan usanm\u0131r\u201d.<\/p>\n<p>\u201cReport\u201d x\u0259b\u0259r verir ki, bunu Sankt-Peterburq D\u00f6vl\u0259t Universitetinin apar\u0131c\u0131 elmi i\u015f\u00e7isi Aleksey \u00c7ixayev Bak\u0131da \u201cDekolonizasiya: Qad\u0131nlar\u0131n s\u0259lahiyy\u0259tl\u0259rinin art\u0131r\u0131lmas\u0131\u201d m\u00f6vzusunda ke\u00e7iril\u0259n t\u0259dbird\u0259 \u00e7\u0131x\u0131\u015f\u0131 zaman\u0131 deyib.<\/p>\n<p>Onun s\u00f6zl\u0259rin\u0259 g\u00f6r\u0259, bunu Parisin Afrika regionunda apard\u0131\u011f\u0131 siyas\u0259td\u0259 ayd\u0131n g\u00f6rm\u0259k olar:<\/p>\n<p>\u201cFransa \u00f6z\u00fcn\u00fc \u00e7ox eqoist apar\u0131r. Bu \u00f6lk\u0259nin hakimiyy\u0259ti ancaq \u00f6z kommersiya maraqlar\u0131na uy\u011fun olan\u0131 edir\u201d.<\/p>\n<p>A.\u00c7ixayev qeyd edib ki, Fransa uzun ill\u0259rdir Afrika \u00f6lk\u0259l\u0259rin\u0259 qar\u015f\u0131 \u0259dal\u0259tsiz siyas\u0259tini davam etdirir.<\/p>\n<p>O \u0259lav\u0259 edib ki, onun \u0259sas m\u0259qs\u0259di Afrika qit\u0259sind\u0259ki \u00f6lk\u0259l\u0259rin inki\u015faf\u0131na mane olmaq idi:<\/p>\n<p>\u201cBu m\u0259nada, Fransa haz\u0131rda neokolonial siyas\u0259t y\u00fcr\u00fcd\u00fcr\u201d.<\/p>\n","protected":false},"excerpt":{"rendered":"<p>\u201cFransa insan h\u00fcquqlar\u0131n\u0131n qorunmas\u0131n\u0131n z\u0259ruriliyind\u0259n dan\u0131\u015fsa da, \u0259m\u0259ld\u0259 onlar\u0131 pozmaqdan usanm\u0131r\u201d. \u201cReport\u201d x\u0259b\u0259r verir ki, bunu Sankt-Peterburq D\u00f6vl\u0259t Universitetinin apar\u0131c\u0131 elmi i\u015f\u00e7isi Aleksey \u00c7ixayev Bak\u0131da \u201cDekolonizasiya: Qad\u0131nlar\u0131n s\u0259lahiyy\u0259tl\u0259rinin art\u0131r\u0131lmas\u0131\u201d m\u00f6vzusunda ke\u00e7iril\u0259n t\u0259dbird\u0259 \u00e7\u0131x\u0131\u015f\u0131 zaman\u0131 deyib. Onun s\u00f6zl\u0259rin\u0259 g\u00f6r\u0259, bunu Parisin Afrika regionunda apard\u0131\u011f\u0131 siyas\u0259td\u0259 ayd\u0131n g\u00f6rm\u0259k olar: \u201cFransa \u00f6z\u00fcn\u00fc \u00e7ox eqoist apar\u0131r. Bu \u00f6lk\u0259nin hakimiyy\u0259ti ancaq \u00f6z kommersiya maraqlar\u0131na uy\u011fun olan\u0131 edir\u201d. A.\u00c7ixayev qeyd edib ki, Fransa uzun ill\u0259rdir Afrika \u00f6lk\u0259l\u0259rin\u0259 qar\u015f\u0131 \u0259dal\u0259tsiz siyas\u0259tini davam etdirir. O \u0259lav\u0259 edib ki, onun \u0259sas m\u0259qs\u0259di Afrika qit\u0259sind\u0259ki \u00f6lk\u0259l\u0259rin inki\u015faf\u0131na mane olmaq idi:&hellip;<\/p>\n","protected":false},"author":2,"featured_media":659446,"comment_status":"closed","ping_status":"closed","sticky":false,"template":"","format":"standard","meta":{"om_disable_all_campaigns":false,"_monsterinsights_skip_tracking":false,"_monsterinsights_sitenote_active":false,"_monsterinsights_sitenote_note":"","_monsterinsights_sitenote_category":0},"categories":[4],"tags":[],"aioseo_notices":[],"gutentor_comment":0,"rttpg_featured_image_url":{"full":["https:\/\/arantv.az\/wp-content\/uploads\/2023\/11\/72f40313-e586-3354-96ae-07828996ce51_850.jpg",620,413,false],"landscape":["https:\/\/arantv.az\/wp-content\/uploads\/2023\/11\/72f40313-e586-3354-96ae-07828996ce51_850.jpg",620,413,false],"portraits":["https:\/\/arantv.az\/wp-content\/uploads\/2023\/11\/72f40313-e586-3354-96ae-07828996ce51_850.jpg",620,413,false],"thumbnail":["https:\/\/arantv.az\/wp-content\/uploads\/2023\/11\/72f40313-e586-3354-96ae-07828996ce51_850-500x280.jpg",500,280,true],"medium":["https:\/\/arantv.az\/wp-content\/uploads\/2023\/11\/72f40313-e586-3354-96ae-07828996ce51_850-548x365.jpg",548,365,true],"large":["https:\/\/arantv.az\/wp-content\/uploads\/2023\/11\/72f40313-e586-3354-96ae-07828996ce51_850.jpg",620,413,false],"1536x1536":["https:\/\/arantv.az\/wp-content\/uploads\/2023\/11\/72f40313-e586-3354-96ae-07828996ce51_850.jpg",620,413,false],"2048x2048":["https:\/\/arantv.az\/wp-content\/uploads\/2023\/11\/72f40313-e586-3354-96ae-07828996ce51_850.jpg",620,413,false],"post-thumbnail":["https:\/\/arantv.az\/wp-content\/uploads\/2023\/11\/72f40313-e586-3354-96ae-07828996ce51_850-240x172.jpg",240,172,true],"advps-thumb-one":["https:\/\/arantv.az\/wp-content\/uploads\/2023\/11\/72f40313-e586-3354-96ae-07828996ce51_850.jpg",620,413,false]},"rttpg_author":{"display_name":"V\u00fcsal Rafiqo\u011flu","author_link":"https:\/\/arantv.az\/?author=2"},"rttpg_comment":0,"rttpg_category":"<a href=\"https:\/\/arantv.az\/?cat=4\" rel=\"category\">Siyas\u0259t<\/a>","rttpg_excerpt":"\u201cFransa insan h\u00fcquqlar\u0131n\u0131n qorunmas\u0131n\u0131n z\u0259ruriliyind\u0259n dan\u0131\u015fsa da, \u0259m\u0259ld\u0259 onlar\u0131 pozmaqdan usanm\u0131r\u201d. \u201cReport\u201d x\u0259b\u0259r verir ki, bunu Sankt-Peterburq D\u00f6vl\u0259t Universitetinin apar\u0131c\u0131 elmi i\u015f\u00e7isi Aleksey \u00c7ixayev Bak\u0131da \u201cDekolonizasiya: Qad\u0131nlar\u0131n s\u0259lahiyy\u0259tl\u0259rinin art\u0131r\u0131lmas\u0131\u201d m\u00f6vzusunda ke\u00e7iril\u0259n t\u0259dbird\u0259 \u00e7\u0131x\u0131\u015f\u0131 zaman\u0131 deyib. Onun s\u00f6zl\u0259rin\u0259 g\u00f6r\u0259, bunu Parisin Afrika regionunda apard\u0131\u011f\u0131 siyas\u0259td\u0259 ayd\u0131n g\u00f6rm\u0259k olar: \u201cFransa \u00f6z\u00fcn\u00fc \u00e7ox eqoist apar\u0131r. Bu \u00f6lk\u0259nin hakimiyy\u0259ti&hellip;","_links":{"self":[{"href":"https:\/\/arantv.az\/index.php?rest_route=\/wp\/v2\/posts\/659438"}],"collection":[{"href":"https:\/\/arantv.az\/index.php?rest_route=\/wp\/v2\/posts"}],"about":[{"href":"https:\/\/arantv.az\/index.php?rest_route=\/wp\/v2\/types\/post"}],"author":[{"embeddable":true,"href":"https:\/\/arantv.az\/index.php?rest_route=\/wp\/v2\/users\/2"}],"replies":[{"embeddable":true,"href":"https:\/\/arantv.az\/index.php?rest_route=%2Fwp%2Fv2%2Fcomments&post=659438"}],"version-history":[{"count":0,"href":"https:\/\/arantv.az\/index.php?rest_route=\/wp\/v2\/posts\/659438\/revisions"}],"wp:featuredmedia":[{"embeddable":true,"href":"https:\/\/arantv.az\/index.php?rest_route=\/wp\/v2\/media\/659446"}],"wp:attachment":[{"href":"https:\/\/arantv.az\/index.php?rest_route=%2Fwp%2Fv2%2Fmedia&parent=659438"}],"wp:term":[{"taxonomy":"category","embeddable":true,"href":"https:\/\/arantv.az\/index.php?rest_route=%2Fwp%2Fv2%2Fcategories&post=659438"},{"taxonomy":"post_tag","embeddable":true,"href":"https:\/\/arantv.az\/index.php?rest_route=%2Fwp%2Fv2%2Ftags&post=659438"}],"curies":[{"name":"wp","href":"https:\/\/api.w.org\/{rel}","templated":true}]}}