{"id":659445,"date":"2023-11-21T14:34:40","date_gmt":"2023-11-21T10:34:40","guid":{"rendered":"https:\/\/arantv.az\/?p=659445"},"modified":"2023-11-21T14:34:40","modified_gmt":"2023-11-21T10:34:40","slug":"abs-nin-vasit%c9%99cilik-t%c9%99s%c9%99bbusu-vasinqtonun-s%c9%99mimiyy%c9%99ti-sual-dogurur-s%c9%99rh-foto","status":"publish","type":"post","link":"https:\/\/arantv.az\/?p=659445","title":{"rendered":"AB\u015e-nin vasit\u0259\u00e7ilik t\u0259\u015f\u0259bb\u00fcs\u00fc: Va\u015finqtonun s\u0259mimiyy\u0259ti sual do\u011furur &#8211; \u015e\u018fRH + FOTO"},"content":{"rendered":"<p>Beyn\u0259lxalq ictimaiyy\u0259t Az\u0259rbaycan-Erm\u0259nistan normalla\u015fma prosesi il\u0259 ba\u011fl\u0131 r\u0259smi Bak\u0131n\u0131n m\u00f6vqeyini d\u0259st\u0259kl\u0259y\u0259c\u0259k. \u00c7\u00fcnki \u0259n optimal t\u0259klifl\u0259ri o t\u0259qdim edib. R\u0259smi \u0130r\u0259van is\u0259 onlar\u0131 ya cavabland\u0131rmay\u0131b, ya da cavab x\u0259ttin\u0259 n\u00f6vb\u0259t\u00e7i bir yaz\u0131 t\u0259qdim edib.<\/p>\n<p>Erm\u0259nistan\u0131n vaxt\u0131 uzatma, saxta s\u00fclhsev\u0259r a\u00e7\u0131qlamalar\u0131 v\u0259 ba\u015fqa bu kimi m\u00fcnasib\u0259ti bel\u0259 t\u0259\u0259ss\u00fcrat yarad\u0131r ki, havadarlar\u0131, yaxud sponsorlar\u0131 ona yen\u0259 v\u0259d verib, arxay\u0131n sal\u0131blar.<\/p>\n<p>Uzun ill\u0259rdir Erm\u0259nistan-Az\u0259rbaycan m\u00fcnasib\u0259tinin normalla\u015fmas\u0131na ba\u015fl\u0131ca mane Moskva v\u0259 onun \u0130r\u0259vanda hakimiyy\u0259td\u0259 olan n\u00fcmay\u0259nd\u0259l\u0259ri say\u0131l\u0131rd\u0131. Onunla paralel Fransadak\u0131 hakimiyy\u0259tin d\u0259 bu istiqam\u0259td\u0259 f\u0259aliyy\u0259ti g\u00f6r\u00fcn\u0259n q\u0259d\u0259r idi. Nikol Pa\u015finyan hakimiyy\u0259t\u0259 g\u0259tirildikd\u0259n sonra rollar d\u0259yi\u015fm\u0259y\u0259 ba\u015flay\u0131b.\u00a0\u0130ndi Erm\u0259nistana v\u0259dl\u0259r verib, ba\u015f\u0131n\u0131n alt\u0131na yast\u0131q qoyan Fransad\u0131r.<\/p>\n<p>Az\u0259rbaycan Prezidenti\u00a0<strong>\u0130lham \u018fliyev<\/strong>\u00a0Bak\u0131 T\u0259\u015f\u0259bb\u00fcs Qrupunun t\u0259\u015fkilat\u00e7\u0131l\u0131\u011f\u0131 il\u0259 noyabr\u0131n 21-d\u0259 Bak\u0131da \u201cDekolonizasiya: Qad\u0131nlar\u0131n g\u00fccl\u0259ndirilm\u0259si v\u0259 inki\u015faf\u201d m\u00f6vzusunda ke\u00e7iril\u0259n konfrans\u0131n i\u015ftirak\u00e7\u0131lar\u0131na \u00fcnvanlad\u0131\u011f\u0131 m\u00fcraci\u0259tind\u0259 bu m\u0259s\u0259l\u0259d\u0259n b\u0259hs edib:<\/p>\n<p>\u201cFransa t\u0259kc\u0259 ke\u00e7mi\u015f v\u0259 indiki m\u00fcst\u0259ml\u0259k\u0259l\u0259rind\u0259 deyil, eyni zamanda bizim regionumuzda &#8211; C\u0259nubi Qafqazda stabilliyi pozur, separatizm meyill\u0259rini v\u0259 separat\u00e7\u0131lar\u0131 d\u0259st\u0259kl\u0259yir\u201d.<\/p>\n<p><img src=\"https:\/\/cdn.oxu.az\/uploads\/W1siZiIsIjIwMjMvMTEvMjEvMTMvMTkvMjMvYTNhMTk1YzAtOGYwNS00MTUyLWIzMWItMTkzNTQwZWFlYzA0L2QyOTdiZWExLTRjOGItM2U1ZC04NzRiLTM2YzMyMTlkN2UzMC5qcGciXSxbInAiLCJlbmNvZGUiLCJqcGciLCItcXVhbGl0eSA4MCJdLFsicCIsInRodW1iIiwiNTkweDU5MFx1MDAzZSJdXQ?sha=e91a38937c8a86ee\" alt=\"\" \/><\/p>\n<p>D\u00f6vl\u0259t ba\u015f\u00e7\u0131s\u0131 vur\u011fulay\u0131b ki, Fransa Erm\u0259nistan\u0131 silahland\u0131rmaqla militarist siyas\u0259t h\u0259yata ke\u00e7irir, revan\u015fist q\u00fcvv\u0259l\u0259ri t\u0259\u015fviq edir, regionda yeni m\u00fcharib\u0259l\u0259rin ba\u015flamas\u0131 \u00fc\u00e7\u00fcn z\u0259min haz\u0131rlay\u0131r.<\/p>\n<p>Son zamanlar AB\u015e da \u00f6z\u00fcn\u00fc Fransa kimi aparma\u011fa s\u0259y g\u00f6st\u0259rir. Noyabr\u0131n 15-d\u0259 Konqresin Yuxar\u0131 Palatas\u0131 Az\u0259rbaycana yard\u0131mla ba\u011fl\u0131 s\u0259lahiyy\u0259tl\u0259rd\u0259n imtinan\u0131 n\u0259z\u0259rd\u0259 tutan S.3000 qanun layih\u0259sini t\u0259sdiql\u0259yib. Bu s\u0259n\u0259d AB\u015e Prezidentin\u0259 Az\u0259rbaycanla ba\u011fl\u0131 \u201c907-ci d\u00fcz\u0259li\u015fi\u201d dayand\u0131rma\u011fa icaz\u0259 vermir. Azadl\u0131\u011fa D\u0259st\u0259k Akt\u0131na edil\u0259n \u201cd\u00fcz\u0259li\u015f\u201d AB\u015e h\u00f6kum\u0259tinin Az\u0259rbaycan\u0131n r\u0259smi strukturlar\u0131na yard\u0131m g\u00f6st\u0259rm\u0259sini qada\u011fan edir. Q\u0259rar N\u00fcmay\u0259nd\u0259l\u0259r Palatas\u0131 t\u0259r\u0259find\u0259n t\u0259sdiq edildikd\u0259n sonra Prezident t\u0259r\u0259find\u0259n imzalanmal\u0131d\u0131r. Xat\u0131rladaq ki, 907-ci d\u00fcz\u0259li\u015f\u00a02002-ci ild\u0259n b\u0259ri AB\u015e prezidentl\u0259ri t\u0259r\u0259find\u0259n h\u0259r il dayand\u0131r\u0131l\u0131rd\u0131.<\/p>\n<p>Ancaq AB\u015e D\u00f6vl\u0259t Departamenti m\u0259tbuat xidm\u0259tinin katibi Metyu Millerin g\u00fcnd\u0259lik brifinqd\u0259 verdiyi a\u00e7\u0131qlama r\u0259smi Va\u015finqtonun m\u00f6vqeyin\u0259 korrektd\u0259 etdiyi ehtimal\u0131n\u0131 ir\u0259li s\u00fcrm\u0259y\u0259 \u0259sas verir.<\/p>\n<p><img src=\"https:\/\/cdn.oxu.az\/uploads\/W1siZiIsIjIwMjMvMTEvMjEvMTMvMTkvMjMvZTVjYzdhMjktY2JjZi00ZjU5LWE4NDYtYTY5NDAwNmJiMTM5L2MyMDQwZWYyLWU3ODUtMzYxYy1hNTk0LTMyNjg2OWIyMzVjNS5qcGciXSxbInAiLCJlbmNvZGUiLCJqcGciLCItcXVhbGl0eSA4MCJdLFsicCIsInRodW1iIiwiNTkweDU5MFx1MDAzZSJdXQ?sha=c1476aa45260ceac\" alt=\"\" \/><\/p>\n<p>R\u0259smi Bak\u0131 d\u0259f\u0259l\u0259rl\u0259 Erm\u0259nistanla ikit\u0259r\u0259fli dan\u0131\u015f\u0131qlar t\u0259klif edib. \u00c7\u00fcnki ikit\u0259r\u0259fli dan\u0131\u015f\u0131qlarda daha \u00e7ox Az\u0259rbaycan v\u0259 Erm\u0259nistan\u0131n maraqlar\u0131 t\u0259min oluna bil\u0259r. Bunun n\u0259tic\u0259si olaraq iki t\u0259r\u0259f aras\u0131nda normalla\u015fma prosesinin ba\u015fa \u00e7atmas\u0131 regional v\u0259 qlobal t\u0259hl\u00fck\u0259sizliyin t\u0259min olunmas\u0131n\u0131 g\u00fccl\u0259ndir\u0259r, dayan\u0131ql\u0131 ed\u0259r.<\/p>\n<p>Metyu Miller bildirib ki, AB\u015e Erm\u0259nistan v\u0259 Az\u0259rbaycan aras\u0131nda birba\u015fa dan\u0131\u015f\u0131qlar\u0131 vacib say\u0131r, bununla yana\u015f\u0131 ba\u015fqa d\u00f6vl\u0259tl\u0259rin d\u0259 s\u0259yin\u0259 qar\u015f\u0131 deyil: \u201cErm\u0259nistan v\u0259 Az\u0259rbaycan\u0131n regionun rifah\u0131 namin\u0259 probleml\u0259ri m\u00fczakir\u0259 etm\u0259si v\u0259 birba\u015fa h\u0259ll etm\u0259si vacibdir\u201d.<\/p>\n<p>O, iki \u00f6lk\u0259nin raz\u0131l\u0131\u011fa g\u0259lm\u0259si \u00fc\u00e7\u00fcn t\u0259kb\u0259t\u0259k dan\u0131\u015f\u0131qlar\u0131n vacibliyin\u0259 inand\u0131qlar\u0131n\u0131 vur\u011fulay\u0131b.<\/p>\n<p>Millerin a\u00e7\u0131qlamas\u0131 perspektivd\u0259 AB\u015e t\u0259r\u0259find\u0259n d\u0259st\u0259kl\u0259n\u0259rs\u0259, habel\u0259 Fransa hakimiyy\u0259ti kimi pozucu \u00fcns\u00fcrl\u0259rin m\u0259sl\u0259h\u0259tl\u0259rin\u0259 Erm\u0259nistan m\u0259h\u0259l qoymazsa, o zaman u\u011fur \u0259ld\u0259 etm\u0259k m\u00fcmk\u00fcnd\u00fcr. Ba\u015fqa s\u00f6zl\u0259, Az\u0259rbaycanla Erm\u0259nistan\u0131n birba\u015fa, ikit\u0259r\u0259fli dan\u0131\u015f\u0131qlara ba\u015flamas\u0131 \u00fc\u00e7\u00fcn Fransa ba\u015fda olmaqla Avropa \u0130ttifaq\u0131n\u0131n m\u00fczakir\u0259l\u0259rd\u0259n k\u0259nar saxlan\u0131lmas\u0131 vacibdir. \u00c7\u00fcnki h\u0259m r\u0259smi Paris, h\u0259m d\u0259 \u0130ttifaq son 3 ild\u0259, x\u00fcsus\u0259n Qranada g\u00f6r\u00fc\u015f\u00fc il\u0259 ba\u011fl\u0131 atd\u0131\u011f\u0131 add\u0131mla etibar\u0131n\u0131 itirib.<\/p>\n<p><img src=\"https:\/\/cdn.oxu.az\/uploads\/W1siZiIsIjIwMjMvMTEvMjEvMTMvMTkvMjQvOWJkZWFhNDYtZTQyMS00NDc5LTkzMjYtMzhkNjhmYzU4YzZjLzJiMWYwZTUxLWQyNGEtM2I5ZS05OGYyLTQ3OGVmODEyNGZjZS5qcGciXSxbInAiLCJlbmNvZGUiLCJqcGciLCItcXVhbGl0eSA4MCJdLFsicCIsInRodW1iIiwiNTkweDU5MFx1MDAzZSJdXQ?sha=e1c5ed10da132961\" alt=\"\" \/><\/p>\n<p>Odur ki, D\u00f6vl\u0259t Departamenti t\u0259klifind\u0259 s\u0259mimidirs\u0259, ilk n\u00f6vb\u0259d\u0259 Fransan\u0131n Erm\u0259nistan-Az\u0259rbaycan normalla\u015fma prosesin\u0259 q\u0259r\u0259zli yana\u015fmas\u0131n\u0131 neytralla\u015fd\u0131rma\u011fa yard\u0131m etm\u0259si d\u0259 vacibdir. M\u0259s\u0259l\u0259nin ba\u015fqa bir t\u0259r\u0259fi is\u0259 r\u0259smi Bak\u0131 il\u0259 \u0130r\u0259van aras\u0131nda dan\u0131\u015f\u0131qlara ev sahibliyi, yaxud vasit\u0259\u00e7ilik ed\u0259c\u0259k \u00f6lk\u0259nin, t\u0259\u015fkilat\u0131n beyn\u0259lxalq s\u0259viyy\u0259d\u0259 \u00fcst\u00fcnl\u00fcy\u00fcn\u00fc n\u00fcmayi\u015f etdirm\u0259m\u0259sidir. \u00c7\u00fcnki bu halda proses\u0259 \u00fc\u00e7\u00fcnc\u00fc t\u0259r\u0259fin d\u0259 maraqlar\u0131 \u0259lav\u0259 olunur. Bu \u015f\u0259raitd\u0259 is\u0259 dan\u0131\u015f\u0131qlar yar\u0131m\u00e7\u0131q qal\u0131r, ev sahibliyi v\u0259 ya vasit\u0259\u00e7ilik ed\u0259c\u0259k t\u0259r\u0259f\u0259 etimad it\u0259c\u0259k.<\/p>\n<p>Son 3 ild\u0259 dan\u0131\u015f\u0131qlar\u0131n n\u0259tic\u0259 verm\u0259m\u0259sinin \u0259n ba\u015fl\u0131ca s\u0259b\u0259bi \u00fc\u00e7\u00fcnc\u00fc t\u0259r\u0259fin problem yaratmas\u0131 olub. Odur ki, Metyu Millerin ikit\u0259r\u0259fli dan\u0131\u015f\u0131qlarla ba\u011fl\u0131 a\u00e7\u0131qlamas\u0131 ke\u00e7\u0259rli say\u0131la bil\u0259r. Bu halda t\u0259r\u0259fl\u0259r m\u00fczakir\u0259 ed\u0259c\u0259kl\u0259ri m\u00f6vzular\u0131 haz\u0131rlayar, q\u0259bul edil\u0259n q\u0259rara t\u0259minat\u00e7\u0131ya, qarant \u00f6lk\u0259y\u0259 d\u0259 ehtiyac yaranmaz. Bu halda t\u0259r\u0259fl\u0259r aras\u0131nda etimad m\u00fchiti d\u0259 yaranar. Bel\u0259likl\u0259, 30 il \u0259rzind\u0259 \u00f6z\u00fcn\u00fc do\u011frultmayan 3 v\u0259 daha \u00e7oxt\u0259r\u0259fli formatda g\u00f6r\u00fc\u015fl\u0259r bundan sonra da \u00e7\u0259tin u\u011fur qazana. Odur ki, \u0259n optimal variant ikit\u0259r\u0259fli g\u00f6r\u00fc\u015fd\u00fcr. D\u00f6vl\u0259t Departamentinin a\u00e7\u0131qlamas\u0131nda s\u0259mimilik AB\u015e Prezidenti Co Baydenin S.3000\u00a0qanun layih\u0259sini imzalamamas\u0131ndan da g\u00f6r\u00fcn\u0259r.<\/p>\n<p><strong>\u201cReport\u201d \u0130nformasiya Agentliyi<\/strong><\/p>\n","protected":false},"excerpt":{"rendered":"<p>Beyn\u0259lxalq ictimaiyy\u0259t Az\u0259rbaycan-Erm\u0259nistan normalla\u015fma prosesi il\u0259 ba\u011fl\u0131 r\u0259smi Bak\u0131n\u0131n m\u00f6vqeyini d\u0259st\u0259kl\u0259y\u0259c\u0259k. \u00c7\u00fcnki \u0259n optimal t\u0259klifl\u0259ri o t\u0259qdim edib. R\u0259smi \u0130r\u0259van is\u0259 onlar\u0131 ya cavabland\u0131rmay\u0131b, ya da cavab x\u0259ttin\u0259 n\u00f6vb\u0259t\u00e7i bir yaz\u0131 t\u0259qdim edib. Erm\u0259nistan\u0131n vaxt\u0131 uzatma, saxta s\u00fclhsev\u0259r a\u00e7\u0131qlamalar\u0131 v\u0259 ba\u015fqa bu kimi m\u00fcnasib\u0259ti bel\u0259 t\u0259\u0259ss\u00fcrat yarad\u0131r ki, havadarlar\u0131, yaxud sponsorlar\u0131 ona yen\u0259 v\u0259d verib, arxay\u0131n sal\u0131blar. Uzun ill\u0259rdir Erm\u0259nistan-Az\u0259rbaycan m\u00fcnasib\u0259tinin normalla\u015fmas\u0131na ba\u015fl\u0131ca mane Moskva v\u0259 onun \u0130r\u0259vanda hakimiyy\u0259td\u0259 olan n\u00fcmay\u0259nd\u0259l\u0259ri say\u0131l\u0131rd\u0131. Onunla paralel Fransadak\u0131 hakimiyy\u0259tin d\u0259 bu istiqam\u0259td\u0259 f\u0259aliyy\u0259ti g\u00f6r\u00fcn\u0259n q\u0259d\u0259r idi. Nikol Pa\u015finyan hakimiyy\u0259t\u0259 g\u0259tirildikd\u0259n sonra rollar d\u0259yi\u015fm\u0259y\u0259&hellip;<\/p>\n","protected":false},"author":2,"featured_media":659449,"comment_status":"closed","ping_status":"closed","sticky":false,"template":"","format":"standard","meta":{"om_disable_all_campaigns":false,"_monsterinsights_skip_tracking":false,"_monsterinsights_sitenote_active":false,"_monsterinsights_sitenote_note":"","_monsterinsights_sitenote_category":0},"categories":[4],"tags":[],"aioseo_notices":[],"gutentor_comment":0,"rttpg_featured_image_url":{"full":["https:\/\/arantv.az\/wp-content\/uploads\/2023\/11\/FotoJet-100-1.jpg",620,413,false],"landscape":["https:\/\/arantv.az\/wp-content\/uploads\/2023\/11\/FotoJet-100-1.jpg",620,413,false],"portraits":["https:\/\/arantv.az\/wp-content\/uploads\/2023\/11\/FotoJet-100-1.jpg",620,413,false],"thumbnail":["https:\/\/arantv.az\/wp-content\/uploads\/2023\/11\/FotoJet-100-1-500x280.jpg",500,280,true],"medium":["https:\/\/arantv.az\/wp-content\/uploads\/2023\/11\/FotoJet-100-1-548x365.jpg",548,365,true],"large":["https:\/\/arantv.az\/wp-content\/uploads\/2023\/11\/FotoJet-100-1.jpg",620,413,false],"1536x1536":["https:\/\/arantv.az\/wp-content\/uploads\/2023\/11\/FotoJet-100-1.jpg",620,413,false],"2048x2048":["https:\/\/arantv.az\/wp-content\/uploads\/2023\/11\/FotoJet-100-1.jpg",620,413,false],"post-thumbnail":["https:\/\/arantv.az\/wp-content\/uploads\/2023\/11\/FotoJet-100-1-240x172.jpg",240,172,true],"advps-thumb-one":["https:\/\/arantv.az\/wp-content\/uploads\/2023\/11\/FotoJet-100-1.jpg",620,413,false]},"rttpg_author":{"display_name":"V\u00fcsal Rafiqo\u011flu","author_link":"https:\/\/arantv.az\/?author=2"},"rttpg_comment":0,"rttpg_category":"<a href=\"https:\/\/arantv.az\/?cat=4\" rel=\"category\">Siyas\u0259t<\/a>","rttpg_excerpt":"Beyn\u0259lxalq ictimaiyy\u0259t Az\u0259rbaycan-Erm\u0259nistan normalla\u015fma prosesi il\u0259 ba\u011fl\u0131 r\u0259smi Bak\u0131n\u0131n m\u00f6vqeyini d\u0259st\u0259kl\u0259y\u0259c\u0259k. \u00c7\u00fcnki \u0259n optimal t\u0259klifl\u0259ri o t\u0259qdim edib. R\u0259smi \u0130r\u0259van is\u0259 onlar\u0131 ya cavabland\u0131rmay\u0131b, ya da cavab x\u0259ttin\u0259 n\u00f6vb\u0259t\u00e7i bir yaz\u0131 t\u0259qdim edib. Erm\u0259nistan\u0131n vaxt\u0131 uzatma, saxta s\u00fclhsev\u0259r a\u00e7\u0131qlamalar\u0131 v\u0259 ba\u015fqa bu kimi m\u00fcnasib\u0259ti bel\u0259 t\u0259\u0259ss\u00fcrat yarad\u0131r ki, havadarlar\u0131, yaxud sponsorlar\u0131 ona yen\u0259 v\u0259d verib,&hellip;","_links":{"self":[{"href":"https:\/\/arantv.az\/index.php?rest_route=\/wp\/v2\/posts\/659445"}],"collection":[{"href":"https:\/\/arantv.az\/index.php?rest_route=\/wp\/v2\/posts"}],"about":[{"href":"https:\/\/arantv.az\/index.php?rest_route=\/wp\/v2\/types\/post"}],"author":[{"embeddable":true,"href":"https:\/\/arantv.az\/index.php?rest_route=\/wp\/v2\/users\/2"}],"replies":[{"embeddable":true,"href":"https:\/\/arantv.az\/index.php?rest_route=%2Fwp%2Fv2%2Fcomments&post=659445"}],"version-history":[{"count":0,"href":"https:\/\/arantv.az\/index.php?rest_route=\/wp\/v2\/posts\/659445\/revisions"}],"wp:featuredmedia":[{"embeddable":true,"href":"https:\/\/arantv.az\/index.php?rest_route=\/wp\/v2\/media\/659449"}],"wp:attachment":[{"href":"https:\/\/arantv.az\/index.php?rest_route=%2Fwp%2Fv2%2Fmedia&parent=659445"}],"wp:term":[{"taxonomy":"category","embeddable":true,"href":"https:\/\/arantv.az\/index.php?rest_route=%2Fwp%2Fv2%2Fcategories&post=659445"},{"taxonomy":"post_tag","embeddable":true,"href":"https:\/\/arantv.az\/index.php?rest_route=%2Fwp%2Fv2%2Ftags&post=659445"}],"curies":[{"name":"wp","href":"https:\/\/api.w.org\/{rel}","templated":true}]}}