{"id":659451,"date":"2023-11-21T14:48:34","date_gmt":"2023-11-21T10:48:34","guid":{"rendered":"https:\/\/arantv.az\/?p=659451"},"modified":"2023-11-21T14:48:34","modified_gmt":"2023-11-21T10:48:34","slug":"tarixi-z%c9%99rur%c9%99t-v%c9%99-atilan-duzgun-addim","status":"publish","type":"post","link":"https:\/\/arantv.az\/?p=659451","title":{"rendered":"Tarixi z\u0259rur\u0259t v\u0259 at\u0131lan d\u00fczg\u00fcn add\u0131m"},"content":{"rendered":"<div class=\"x11i5rnm xat24cr x1mh8g0r x1vvkbs xtlvy1s x126k92a\">\n<div dir=\"auto\">\u00d6lk\u0259miz 1991-c\u0131 ild\u0259 yenid\u0259n m\u00fcst\u0259qillik qazansa da onun ba\u015f\u0131 \u00fcz\u0259rind\u0259n qara buludar \u00e7\u0259kilm\u0259mi\u015fdi. Bir t\u0259r\u0259fd\u0259n o vaxtk\u0131 hakimiyy\u0259tin yar\u0131tmaz idar\u0259\u00e7iliyi, dig\u0259r t\u0259r\u0259fd\u0259n Erm\u0259nistan\u0131n \u00f6lk\u0259miz\u0259 qar\u015f\u0131 i\u015f\u011fal\u00e7\u0131l\u0131q siyas\u0259ti, h\u0259m\u00e7inin \u00f6zba\u015f\u0131nal\u0131q, v\u0259zif\u0259 u\u011frunda m\u00fcbariz\u0259, v\u0259t\u0259nda\u015f m\u00fcharib\u0259si Az\u0259rbaycan\u0131 \u00e7\u0131x\u0131lmaz duruma salm\u0131\u015fd\u0131. Az\u0259rbaycan tarixinin son d\u0259r\u0259c\u0259 a\u011f\u0131r v\u0259 ke\u015fm\u0259ke\u015fli g\u00fcnl\u0259rind\u0259, \u00f6lk\u0259nin ciddi s\u0131naqlara m\u0259ruz qald\u0131\u011f\u0131 bir d\u00f6vrd\u0259 Az\u0259rbaycan xalq\u0131n\u0131n m\u0259suliyy\u0259tli add\u0131m\u0131 v\u0259 do\u011fru q\u0259rar q\u0259bul etm\u0259si tarixi bir z\u0259rur\u0259t idi. M\u0259hz bu zaman Az\u0259rbaycan ziyal\u0131lar\u0131n\u0131n t\u0259\u015f\u0259bb\u00fcs\u00fc v\u0259 f\u0259al i\u015ftirak\u0131 il\u0259 b\u00fct\u00fcn xalq\u0131n arzu v\u0259 ist\u0259kl\u0259rinin ifad\u0259si olaraq, \u00f6lk\u0259ni b\u00f6hrandan \u00e7\u0131xara bil\u0259c\u0259k yeni bir partiya yaratmaq t\u0259\u015f\u0259bb\u00fcs\u00fc il\u0259 \u00e7\u0131x\u0131\u015f etdil\u0259r. Bel\u0259likl\u0259, &#8220;91-l\u0259r&#8221;in m\u00fcraci\u0259ti \u0259sas\u0131nda 1992-ci il noyabr\u0131n 21-d\u0259 Nax\u00e7\u0131vanda Heyd\u0259r \u018fliyevin s\u0259drliyi v\u0259 550 n\u0259f\u0259rd\u0259n ibar\u0259t t\u0259\u015f\u0259bb\u00fcs qrupunun i\u015ftirak\u0131 il\u0259 t\u0259sis konfrans\u0131 ke\u00e7irildi. T\u0259sis konfrans\u0131 Yeni Az\u0259rbaycan Partiyas\u0131n\u0131n yarad\u0131lmas\u0131 haqq\u0131nda q\u0259rar, partiyan\u0131n Nizamnam\u0259sini v\u0259 proqram\u0131n\u0131 q\u0259bul etdi. Konfransda Ulu \u00d6nd\u0259r Heyd\u0259r \u018fliyev yekdillikl\u0259 partiyan\u0131n s\u0259dri se\u00e7ildi. Habel\u0259, partiyan\u0131n Siyasi \u015euras\u0131, \u0130dar\u0259 Hey\u0259ti v\u0259 s\u0259drin m\u00fcavinl\u0259ri se\u00e7ildi. Bel\u0259likl\u0259, m\u00fcst\u0259qil Az\u0259rbaycan\u0131n tarixind\u0259 \u00f6z \u00fcz\u0259rin\u0259 b\u00f6y\u00fck tarixi missiya g\u00f6t\u00fcr\u0259n Yeni Az\u0259rbaycan Partiyas\u0131 yarad\u0131ld\u0131.<\/div>\n<div dir=\"auto\">Partiya s\u0259dri Heyd\u0259r \u018fliyev 4 iyun G\u0259nc\u0259 qiyam\u0131ndan sonra Bak\u0131ya d\u0259v\u0259t olundu\u011fu \u00fc\u00e7\u00fcn 9 iyun 1993-c\u00fc il tarixind\u0259 Nax\u00e7\u0131vandan Bak\u0131ya g\u0259ldi. O, 15 iyun 1993-c\u00fc il tarixind\u0259 Az\u0259rbaycan Respublikas\u0131 Ali Sovetinin s\u0259dri se\u00e7ildi. 3 oktyabr 1993-c\u00fc il prezident se\u00e7kil\u0259rind\u0259 Heyd\u0259r \u018fliyev xalq\u0131n 98.80 % s\u0259si il\u0259 prezident se\u00e7ildi. Bununlada \u00f6lk\u0259mizd\u0259 YAP-\u0131n iqtidar partiya kimi f\u0259aliyy\u0259ti ba\u015flad\u0131. Ulu \u00f6nd\u0259r Heyd\u0259r \u018fliyev ilk olaraq \u00f6lk\u0259mizd\u0259 sabitliyin b\u0259rq\u0259rar olmas\u0131 o c\u00fcml\u0259d\u0259n Erm\u0259nistanla at\u0259\u015fk\u0259sin \u0259ld\u0259 edilm\u0259si prosesini h\u0259ll etdi v\u0259 daha sonra iqtisadiyyat\u0131n dir\u00e7\u0259ldilm\u0259si \u00fc\u00e7\u00fcn \u201c\u018fsrin m\u00fcqavil\u0259si\u201dnin ba\u011flan\u0131lmas\u0131 kimi tarixi add\u0131mlar atd\u0131. Bel\u0259likl\u0259 , Az\u0259rbaycan Yeni Az\u0259rbaycan Partiyas\u0131 il\u0259 yeni u\u011furlara do\u011fru add\u0131mlama\u011fa ba\u015flad\u0131. Ulu \u00d6nd\u0259r Heyd\u0259r \u018fliyev r\u0259hb\u0259rlik etdiyi Yeni Az\u0259rbaycan Partiyas\u0131 q\u0131sa m\u00fcdd\u0259t \u0259rzind\u0259 c\u0259miyy\u0259tin apar\u0131c\u0131 q\u00fcvv\u0259sin\u0259 \u00e7evrildi. O, YAP-\u0131 \u00f6z\u00fcn\u00fcn dediyi kimi, \u201cd\u00fcn\u0259nin, bu g\u00fcn\u00fcn v\u0259 sabah\u0131n partiyas\u0131\u201d s\u0259viyy\u0259sin\u0259 y\u00fcks\u0259ltdi.<\/div>\n<div dir=\"auto\">Yeni Az\u0259rbaycan Partiyas\u0131n\u0131n 2005-ci il 26 mart tarixind\u0259 ke\u00e7irilmi\u015f III qurultay\u0131nda Partiyan\u0131n yeni s\u0259dri Az\u0259rbaycan Respublikas\u0131n\u0131n Prezidenti c\u0259nab \u0130lham \u018fliyevin se\u00e7ilm\u0259si Ulu \u00d6nd\u0259r Heyd\u0259r \u018fliyevin siyasi irsin\u0259 sadiqliyin n\u00fcmun\u0259si idi.<\/div>\n<div dir=\"auto\">B\u00fct\u00fcn bu ill\u0259r \u0259rzind\u0259 Prezident \u0130lham \u018fliyevin \u00f6lk\u0259mizin milli maraqlar\u0131 v\u0259 h\u0259rt\u0259r\u0259fli inki\u015faf\u0131 \u00fc\u00e7\u00fcn g\u00f6rd\u00fcy\u00fc i\u015fl\u0259r g\u00f6z \u00f6n\u00fcnd\u0259dir. \u00d6lk\u0259mizin 30 il\u0259 yax\u0131n Erm\u0259nistan\u0131n i\u015f\u011fla\u00e7\u0131l\u0131q siyas\u0259tin\u0259 m\u0259ruz qalmas\u0131 \u0259n b\u00f6y\u00fck problem idi. 2020-ci il sentyabr ay\u0131n\u0131n 27-d\u0259 Erm\u0259nistan\u0131n \u00f6lk\u0259miz\u0259 qar\u015f\u0131 t\u00f6r\u0259tdiyi n\u00f6vb\u0259ti t\u0259xribata \u0259ks h\u00fccumla ba\u015flanan V\u0259t\u0259n m\u00fcharib\u0259si b\u00fct\u00f6vl\u00fckd\u0259 regionun geosiyasi v\u0259ziyy\u0259tini d\u0259yi\u015fdi. Az\u0259rbaycan \u00f6z \u0259razi b\u00fct\u00f6vl\u00fcy\u00fcn\u00fc b\u0259rpa etdi. \u00d6lk\u0259miz m\u00fcst\u0259qil v\u0259 d\u00fcny\u0259vi bir d\u00f6vl\u0259t kimi regionda terror\u00e7uluq v\u0259 i\u015f\u011fal\u0131\u00e7\u0131\u011fa son qoyaraq s\u00fclh t\u0259minat\u00e7\u0131s\u0131 oldu\u011funu bir daha d\u00fcnyaya n\u00fcmayi\u015f etdirdi. Bu tarixi Q\u0259l\u0259b\u0259y\u0259 ged\u0259n yolun \u0259sas\u0131 m\u0259hs Yeni Az\u0259rbaycan Partiyas\u0131n\u0131n yarad\u0131lmas\u0131ndan ba\u015flad\u0131. Partiya m\u0259fkur\u0259sinin \u0259sas\u0131n\u0131 t\u0259\u015fkil ed\u0259n m\u00fcst\u0259qil d\u00f6vl\u0259t\u00e7ilik, qanun\u00e7uluq, az\u0259rbaycan\u00e7\u0131l\u0131q, yarad\u0131c\u0131 t\u0259kam\u00fcl, v\u0259t\u0259nda\u015f h\u0259mr\u0259yliyi v\u0259 sosial \u0259dal\u0259t prinsipl\u0259ri YAP-\u0131n qar\u015f\u0131s\u0131nda duran v\u0259zif\u0259l\u0259rin h\u0259yata ke\u00e7irilm\u0259sinin ideya t\u0259minat\u0131 olaraq mahiyy\u0259tc\u0259 Az\u0259rbaycan\u0131n siyasi g\u0259l\u0259c\u0259yinin d\u0259 ideya bazas\u0131n\u0131 \u015f\u0259rtl\u0259ndirmi\u015f oldu. YAP-\u0131n s\u0259dri \u00f6lk\u0259 Prezidenti c\u0259nab \u0130lham \u018fliyevin r\u0259hb\u0259rliyi il\u0259 \u00f6lk\u0259miz bu ill\u0259r \u0259rzind\u0259 m\u00fcst\u0259qil xarici siyas\u0259t y\u00fcr\u00fctm\u0259yi, ordu quruculu\u011fu, g\u00fccl\u00fc iqtisadiyyat qurma\u011f\u0131 bacard\u0131 v\u0259 n\u0259tic\u0259 etibar\u0131 il\u0259 b\u00fct\u00fcn bunlar \u00f6z b\u0259hr\u0259sini verdi. \u00d6k\u0259mizin \u0259razi b\u00fct\u00f6vl\u00fcy\u00fcn\u00fcn v\u0259 suverenliyinin b\u0259rpa edilm\u0259si, g\u00fccl\u00fc iqtisadiyyat\u0131n qurulmas\u0131, beyn\u0259lxalq al\u0259md\u0259 etibarl\u0131 t\u0259r\u0259fda\u015f v\u0259 n\u00fcfuz sahibin\u0259 \u00e7evrilm\u0259si Yeni Az\u0259rbaycan Partiyas\u0131 s\u0259drl\u0259ri ulu \u00f6nd\u0259r Heyd\u0259r \u018fliyev v\u0259 onun siyasi kursunun layiqli davam\u00e7\u0131s\u0131 c\u0259nab \u0130lham \u018fliyevin \u0259v\u0259zsiz v\u0259 g\u0259rgin f\u0259aliyy\u0259tinin n\u0259tic\u0259sidir.<\/div>\n<div dir=\"auto\">Art\u0131q bu il Yeni Az\u0259rbaycan Partiyas\u0131n\u0131n t\u0259sis edilm\u0259sinin 31 ili tamam olur. Ulu \u00d6nd\u0259r Heyd\u0259r \u018fliyevin yaratd\u0131\u011f\u0131 partiya \u00f6t\u0259n ill\u0259r \u0259rzind\u0259 \u00f6lk\u0259mizd\u0259 siyasi sabitliyin v\u0259 davaml\u0131 inki\u015faf\u0131n t\u0259minat\u00e7\u0131s\u0131 kimi \u00e7\u0131x\u0131\u015f etmi\u015fdir. Q\u0131sa m\u00fcdd\u0259t \u0259rzind\u0259 \u00fcmumxalq partiyas\u0131na \u00e7evrilmi\u015f Yeni Az\u0259rbaycan Partiyas\u0131 yarand\u0131qdan bu g\u00fcn\u0259 q\u0259d\u0259r \u00e7ox b\u00f6y\u00fck, \u015f\u0259r\u0259fli v\u0259 u\u011furlu yol ke\u00e7mi\u015fdir. Bu g\u00fcn C\u0259nubi Qafqaz\u0131n \u0259n b\u00f6y\u00fck v\u0259 n\u00fcfuzlu siyasi partiyas\u0131 s\u0259viyy\u0259sin\u0259 q\u0259d\u0259r inki\u015faf etmi\u015f Yeni Az\u0259rbaycan Partiyas\u0131n\u0131n haz\u0131rda 720, 830 \u00fczv\u00fc var. Bu g\u00fcn \u00f6lk\u0259mizd\u0259 xalq-iqtidar birliyi h\u00f6km s\u00fcr\u00fcr.<\/div>\n<div dir=\"auto\">G\u00fcc faktoru beyn\u0259lxalq m\u00fcnasib\u0259tl\u0259r sistemind\u0259 \u00f6z aktuall\u0131\u011f\u0131n\u0131 qoruyub saxlad\u0131\u011f\u0131 \u00fc\u00e7\u00fcn YAP hakim partiya olaraq \u00f6z siyas\u0259tini adekvat olaraq qurur. Beyn\u0259lxalq m\u00fcst\u0259vid\u0259 f\u0259al m\u00f6vqe v\u0259 qlobal t\u0259\u015f\u0259bb\u00fcsl\u0259r Az\u0259rbaycana \u00e7oxlu sayda t\u0259r\u0259fda\u015f qazand\u0131r\u0131b.<\/div>\n<div dir=\"auto\">M\u00fcst\u0259qil Az\u0259rbaycan d\u00f6vl\u0259ti \u00f6z\u00fcn\u00fcn \u0259n g\u00fccl\u00fc v\u0259 \u00e7i\u00e7\u0259kl\u0259nin d\u00f6vr\u00fcn\u00fc ya\u015fay\u0131r. Xalq\u0131m\u0131z YAP-\u0131n s\u0259dri M\u00fcz\u0259ff\u0259r Ali Ba\u015f Komandan c\u0259nab \u0130lham \u018fliyevin r\u0259hb\u0259rliyi il\u0259 \u00f6lk\u0259mizin g\u0259l\u0259c\u0259yin\u0259 y\u00fcks\u0259k inam b\u0259sl\u0259yir.<\/div>\n<\/div>\n<div class=\"x11i5rnm xat24cr x1mh8g0r x1vvkbs xtlvy1s x126k92a\">\n<div dir=\"auto\">S\u0259bin\u0259 Yusifova \u2013 B\u0259rd\u0259 \u015f\u0259h\u0259r Tofiq \u0130smay\u0131lov ad\u0131na 1 n\u00f6mr\u0259li tam orta m\u0259kt\u0259bin direktoru<\/div>\n<\/div>\n","protected":false},"excerpt":{"rendered":"<p>\u00d6lk\u0259miz 1991-c\u0131 ild\u0259 yenid\u0259n m\u00fcst\u0259qillik qazansa da onun ba\u015f\u0131 \u00fcz\u0259rind\u0259n qara buludar \u00e7\u0259kilm\u0259mi\u015fdi. Bir t\u0259r\u0259fd\u0259n o vaxtk\u0131 hakimiyy\u0259tin yar\u0131tmaz idar\u0259\u00e7iliyi, dig\u0259r t\u0259r\u0259fd\u0259n Erm\u0259nistan\u0131n \u00f6lk\u0259miz\u0259 qar\u015f\u0131 i\u015f\u011fal\u00e7\u0131l\u0131q siyas\u0259ti, h\u0259m\u00e7inin \u00f6zba\u015f\u0131nal\u0131q, v\u0259zif\u0259 u\u011frunda m\u00fcbariz\u0259, v\u0259t\u0259nda\u015f m\u00fcharib\u0259si Az\u0259rbaycan\u0131 \u00e7\u0131x\u0131lmaz duruma salm\u0131\u015fd\u0131. Az\u0259rbaycan tarixinin son d\u0259r\u0259c\u0259 a\u011f\u0131r v\u0259 ke\u015fm\u0259ke\u015fli g\u00fcnl\u0259rind\u0259, \u00f6lk\u0259nin ciddi s\u0131naqlara m\u0259ruz qald\u0131\u011f\u0131 bir d\u00f6vrd\u0259 Az\u0259rbaycan xalq\u0131n\u0131n m\u0259suliyy\u0259tli add\u0131m\u0131 v\u0259 do\u011fru q\u0259rar q\u0259bul etm\u0259si tarixi bir z\u0259rur\u0259t idi. M\u0259hz bu zaman Az\u0259rbaycan ziyal\u0131lar\u0131n\u0131n t\u0259\u015f\u0259bb\u00fcs\u00fc v\u0259 f\u0259al i\u015ftirak\u0131 il\u0259 b\u00fct\u00fcn xalq\u0131n arzu v\u0259 ist\u0259kl\u0259rinin ifad\u0259si olaraq, \u00f6lk\u0259ni b\u00f6hrandan \u00e7\u0131xara bil\u0259c\u0259k yeni bir partiya&hellip;<\/p>\n","protected":false},"author":2,"featured_media":659452,"comment_status":"closed","ping_status":"closed","sticky":false,"template":"","format":"standard","meta":{"om_disable_all_campaigns":false,"_monsterinsights_skip_tracking":false,"_monsterinsights_sitenote_active":false,"_monsterinsights_sitenote_note":"","_monsterinsights_sitenote_category":0},"categories":[2],"tags":[],"aioseo_notices":[],"gutentor_comment":0,"rttpg_featured_image_url":{"full":["https:\/\/arantv.az\/wp-content\/uploads\/2023\/11\/402652164_277015845293103_3646116719193462531_n.jpg",750,543,false],"landscape":["https:\/\/arantv.az\/wp-content\/uploads\/2023\/11\/402652164_277015845293103_3646116719193462531_n.jpg",750,543,false],"portraits":["https:\/\/arantv.az\/wp-content\/uploads\/2023\/11\/402652164_277015845293103_3646116719193462531_n.jpg",750,543,false],"thumbnail":["https:\/\/arantv.az\/wp-content\/uploads\/2023\/11\/402652164_277015845293103_3646116719193462531_n-500x280.jpg",500,280,true],"medium":["https:\/\/arantv.az\/wp-content\/uploads\/2023\/11\/402652164_277015845293103_3646116719193462531_n-504x365.jpg",504,365,true],"large":["https:\/\/arantv.az\/wp-content\/uploads\/2023\/11\/402652164_277015845293103_3646116719193462531_n.jpg",640,463,false],"1536x1536":["https:\/\/arantv.az\/wp-content\/uploads\/2023\/11\/402652164_277015845293103_3646116719193462531_n.jpg",750,543,false],"2048x2048":["https:\/\/arantv.az\/wp-content\/uploads\/2023\/11\/402652164_277015845293103_3646116719193462531_n.jpg",750,543,false],"post-thumbnail":["https:\/\/arantv.az\/wp-content\/uploads\/2023\/11\/402652164_277015845293103_3646116719193462531_n-240x172.jpg",240,172,true],"advps-thumb-one":["https:\/\/arantv.az\/wp-content\/uploads\/2023\/11\/402652164_277015845293103_3646116719193462531_n.jpg",750,543,false]},"rttpg_author":{"display_name":"V\u00fcsal Rafiqo\u011flu","author_link":"https:\/\/arantv.az\/?author=2"},"rttpg_comment":0,"rttpg_category":"<a href=\"https:\/\/arantv.az\/?cat=2\" rel=\"category\">Region X\u0259b\u0259rl\u0259ri<\/a>","rttpg_excerpt":"\u00d6lk\u0259miz 1991-c\u0131 ild\u0259 yenid\u0259n m\u00fcst\u0259qillik qazansa da onun ba\u015f\u0131 \u00fcz\u0259rind\u0259n qara buludar \u00e7\u0259kilm\u0259mi\u015fdi. Bir t\u0259r\u0259fd\u0259n o vaxtk\u0131 hakimiyy\u0259tin yar\u0131tmaz idar\u0259\u00e7iliyi, dig\u0259r t\u0259r\u0259fd\u0259n Erm\u0259nistan\u0131n \u00f6lk\u0259miz\u0259 qar\u015f\u0131 i\u015f\u011fal\u00e7\u0131l\u0131q siyas\u0259ti, h\u0259m\u00e7inin \u00f6zba\u015f\u0131nal\u0131q, v\u0259zif\u0259 u\u011frunda m\u00fcbariz\u0259, v\u0259t\u0259nda\u015f m\u00fcharib\u0259si Az\u0259rbaycan\u0131 \u00e7\u0131x\u0131lmaz duruma salm\u0131\u015fd\u0131. Az\u0259rbaycan tarixinin son d\u0259r\u0259c\u0259 a\u011f\u0131r v\u0259 ke\u015fm\u0259ke\u015fli g\u00fcnl\u0259rind\u0259, \u00f6lk\u0259nin ciddi s\u0131naqlara m\u0259ruz qald\u0131\u011f\u0131 bir d\u00f6vrd\u0259 Az\u0259rbaycan xalq\u0131n\u0131n&hellip;","_links":{"self":[{"href":"https:\/\/arantv.az\/index.php?rest_route=\/wp\/v2\/posts\/659451"}],"collection":[{"href":"https:\/\/arantv.az\/index.php?rest_route=\/wp\/v2\/posts"}],"about":[{"href":"https:\/\/arantv.az\/index.php?rest_route=\/wp\/v2\/types\/post"}],"author":[{"embeddable":true,"href":"https:\/\/arantv.az\/index.php?rest_route=\/wp\/v2\/users\/2"}],"replies":[{"embeddable":true,"href":"https:\/\/arantv.az\/index.php?rest_route=%2Fwp%2Fv2%2Fcomments&post=659451"}],"version-history":[{"count":0,"href":"https:\/\/arantv.az\/index.php?rest_route=\/wp\/v2\/posts\/659451\/revisions"}],"wp:featuredmedia":[{"embeddable":true,"href":"https:\/\/arantv.az\/index.php?rest_route=\/wp\/v2\/media\/659452"}],"wp:attachment":[{"href":"https:\/\/arantv.az\/index.php?rest_route=%2Fwp%2Fv2%2Fmedia&parent=659451"}],"wp:term":[{"taxonomy":"category","embeddable":true,"href":"https:\/\/arantv.az\/index.php?rest_route=%2Fwp%2Fv2%2Fcategories&post=659451"},{"taxonomy":"post_tag","embeddable":true,"href":"https:\/\/arantv.az\/index.php?rest_route=%2Fwp%2Fv2%2Ftags&post=659451"}],"curies":[{"name":"wp","href":"https:\/\/api.w.org\/{rel}","templated":true}]}}