{"id":659455,"date":"2023-11-21T14:54:52","date_gmt":"2023-11-21T10:54:52","guid":{"rendered":"https:\/\/arantv.az\/?p=659455"},"modified":"2023-11-21T14:54:52","modified_gmt":"2023-11-21T10:54:52","slug":"dezinformasiyaya-qarsi-mubariz%c9%99-ifsa-detektoru-layih%c9%99si","status":"publish","type":"post","link":"https:\/\/arantv.az\/?p=659455","title":{"rendered":"\u201cDezinformasiyaya qar\u015f\u0131 m\u00fcbariz\u0259: if\u015fa detektoru\u201d layih\u0259si"},"content":{"rendered":"<h3><strong>Az\u0259rbaycana qar\u015f\u0131 h\u00fccumlar: beyn\u0259lxalq h\u00fcquq, m\u0259hk\u0259m\u0259 v\u0259 \u0259dliyy\u0259 sisteminin apar\u0131c\u0131 institutlar\u0131nda erm\u0259ni diasporunun siyasi korrupsiya f\u0259aliyy\u0259ti<\/strong><\/h3>\n<p>\u201c<strong>Biz indi Az\u0259rbaycana qar\u015f\u0131 apar\u0131lan misli g\u00f6r\u00fcnm\u0259mi\u015f informasiya m\u00fcharib\u0259si il\u0259 \u00fcz-\u00fcz\u0259 qalm\u0131\u015f\u0131q. Biz, \u0259lb\u0259tt\u0259, \u00f6z g\u00fcc\u00fcm\u00fczl\u0259 buna m\u00fcqavim\u0259t g\u00f6st\u0259ririk, ba\u015f ver\u0259nl\u0259rl\u0259 ba\u011fl\u0131 h\u0259qiq\u0259tl\u0259ri \u00e7atd\u0131rma\u011fa \u00e7al\u0131\u015f\u0131r\u0131q v\u0259 \u00e7atd\u0131r\u0131r\u0131q. Ancaq ba\u015fa d\u00fc\u015fm\u0259k laz\u0131md\u0131r ki, g\u00fccl\u0259r qeyri-b\u0259rab\u0259rdir. \u00c7oxillik m\u00fcst\u0259ml\u0259k\u0259\u00e7ilik tarixin\u0259 malik Fransa kimi \u00f6lk\u0259l\u0259rin d\u00fcnya \u00fczr\u0259 media resurslar\u0131 bizd\u0259kind\u0259n qat-qat \u00e7oxdur.\u201d<\/strong>\u00a0<strong>Prezident \u0130lham \u018fL\u0130YEV<\/strong><\/p>\n<p><strong><img src=\"https:\/\/cdnn1.img.sputnik.az\/img\/07e5\/0c\/10\/437291340_849:185:2950:1367_1920x0_80_0_0_8b3ed08a707924a9d18e85645d0676e2.jpg\" alt=\"Y\u0259hudi prezident \u0130lham \u018fliyev\u0259 120 il \u00f6m\u00fcr arzulad\u0131\" width=\"700\" \/><\/strong><\/p>\n<p>Beyn\u0259lxalq h\u00fc\u00fcquq, \u0259dliyy\u0259 v\u0259 m\u0259hk\u0259m\u0259 sistemin\u0259 k\u00f6k salm\u0131\u015f erm\u0259ni \u015f\u0259b\u0259k\u0259sinin miqyas v\u0259 f\u0259aliyy\u0259ti onu dem\u0259y\u0259 \u0259sas verir ki,\u00a0<strong>d\u00fcnya \u00f6lk\u0259l\u0259rinin s\u0259yl\u0259ri il\u0259 onill\u0259rl\u0259 bir araya g\u0259lib t\u0259sis etdikl\u0259ri cinay\u0259t \u0259dliyy\u0259 sistemini v\u0259 \u0259dal\u0259t m\u00fchakim\u0259si m\u0259hv olmaq\u00a0 \u0259r\u0259f\u0259sind\u0259dir<\/strong>. Bunlar sad\u0259c\u0259 s\u00f6zl\u0259r deyil, bu hesabatda faktlarla \u0259ksini tapan ger\u00e7\u0259kl\u0259rdir.<\/p>\n<p>Sosial T\u0259dqiqatlar M\u0259rk\u0259zinin haz\u0131rlad\u0131\u011f\u0131\u00a0<strong>\u201cBeyn\u0259lxalq h\u00fcquq, m\u0259hk\u0259m\u0259 v\u0259 \u0259dliyy\u0259 sisteminin apar\u0131c\u0131 institutlar\u0131nda erm\u0259ni diasporunun siyasi korrupsiya f\u0259aliyy\u0259ti\u201d adl\u0131 hesabatda qeyd edilir ki, beyn\u0259lxalq h\u00fcquq, \u0259dliyy\u0259 v\u0259 m\u0259hk\u0259m\u0259 sistemin\u0259 k\u00f6k salm\u0131\u015f, buraya s\u0131zm\u0131\u015f erm\u0259ni \u015f\u0259b\u0259k\u0259sinin miqyas v\u0259 f\u0259aliyy\u0259ti\u00a0 say\u0259sind\u0259\u00a0 d\u00fcnya \u00f6lk\u0259l\u0259rinin s\u0259yl\u0259ri il\u0259 onill\u0259rl\u0259 bir araya g\u0259lib t\u0259sis etdikl\u0259ri cinay\u0259t \u0259dliyy\u0259 sistemi v\u0259 \u0259dal\u0259t m\u00fchakim\u0259si\u00a0 m\u0259hv\u00a0 olmaq\u00a0 \u0259r\u0259f\u0259sind\u0259dir.<\/strong><\/p>\n<p><strong><img src=\"https:\/\/cdn.globalinfo.az\/2023\/03\/BMT.jpeg\" alt=\"BMT-d\u0259n Erm\u0259nistana \u00e7a\u011f\u0131r\u0131\u015f - GlobalInfo.az\" \/><\/strong><\/p>\n<p>Hesabatda qlobal erm\u0259ni diasporunun\u00a0<strong>BMT-nin Beyn\u0259lxalq \u018fdal\u0259t M\u0259hk\u0259m\u0259sinin, Beyn\u0259lxaq Cinay\u0259t M\u0259hk\u0259m\u0259sinin, AB\u015e-da v\u0259 Avropada m\u0259nzill\u0259n\u0259n \u00e7oxsayl\u0131 m\u0259hk\u0259m\u0259 h\u00fcquq sistemi, \u0259dliyy\u0259 qurumlar\u0131n\u0131n\u00a0<\/strong>f\u0259aliyy\u0259tin\u0259 m\u00fctt\u0259\u015f\u0259kkil siyasi korrupsiya \u015f\u0259b\u0259k\u0259sin\u0259 c\u0259lb etm\u0259si if\u015fa edilir. \u00d6lk\u0259miz\u0259 qar\u015f\u0131 \u00e7ox\u015fax\u0259li pozucu f\u0259aliyy\u0259ti n\u0259tic\u0259sind\u0259 beyn\u0259lxalq h\u00fcququn t\u0259minat\u0131n\u0131n istisna olmadan b\u00fct\u00fcn sah\u0259l\u0259rind\u0259 yaranan f\u0259lak\u0259tli v\u0259ziyy\u0259t, onun beyn\u0259lxalq t\u0259hl\u00fck\u0259sizliy\u0259 v\u0259 \u00f6lk\u0259l\u0259raras\u0131 m\u00fcnasib\u0259tl\u0259r\u0259 t\u0259hdidl\u0259ri, qa\u00e7\u0131lmaz riskl\u0259ri diqq\u0259t m\u0259rk\u0259zin\u0259 g\u0259tirilir.<\/p>\n<p><strong>Qaraba\u011f\u0131n azad edilm\u0259sind\u0259n sonra erm\u0259ni diasporunun \u00f6lk\u0259miz\u0259 qar\u015f\u0131 y\u00f6n\u0259l\u0259n geosiyasi t\u0259zyiq, informasiya h\u00fccumu, media\u00a0 v\u0259 h\u00fcquq\u00a0 infrastrukturunu\u00a0 daha da geni\u015fl\u0259ndirm\u0259k \u00fc\u00e7\u00fcn davaml\u0131 olaraq, buraya yeni institut, t\u0259r\u0259fda\u015f v\u0259 isiml\u0259r c\u0259lb edir.<\/strong>\u00a0Son bir ild\u0259 Qaraba\u011f erm\u0259nil\u0259rinin h\u00fcquqlar\u0131 il\u0259 ba\u011fl\u0131 \u00e7oxsayl\u0131 qurumlar\u0131n t\u0259sis edilm\u0259si, beyn\u0259lxalq h\u00fcquq sah\u0259sind\u0259 v\u0259zif\u0259li yaxud sabiql\u0259rin c\u0259lb edilm\u0259si il\u0259 yeni qurumlar\u0131n yarad\u0131lmas\u0131, onlar\u0131n r\u0259hb\u0259r postlara g\u0259tirilm\u0259si, prosesl\u0259r\u0259 d\u00fcnyada m\u00fcxt\u0259lif\u00a0<strong>sah\u0259l\u0259rd\u0259 tan\u0131nm\u0131\u015f isiml\u0259rin, \u015fou-biznes ulduzlar\u0131n\u0131n c\u0259lb edilm\u0259si il\u0259 t\u0259min edil\u0259n s\u0259f\u0259rb\u0259rlik haz\u0131rda beyn\u0259lxalq h\u00fcquq m\u00fcst\u0259visin\u0259 da\u015f\u0131nmaqla- x\u00fcsusil\u0259 g\u00fccl\u0259ndirilm\u0259kd\u0259dir.<\/strong><\/p>\n<p><strong>\u00a0\u00a0\u00a0\u00a0\u00a0\u00a0\u00a0\u00a0 M\u0259qs\u0259d is\u0259 ayd\u0131nd\u0131r: La\u00e7\u0131n yolu v\u0259 saxta \u201cblokada\u201d il\u0259 ba\u011fl\u0131 informasiya h\u00fccumu sonras\u0131,\u00a0 erm\u0259nil\u0259rin Xank\u0259ndind\u0259n k\u00fctl\u0259vi k\u00f6\u00e7\u00fcn\u00fc Az\u0259rbaycan\u0131 insanl\u0131q \u0259leyhin\u0259 v\u0259 h\u0259rbi cinay\u0259tl\u0259rd\u0259, saxta soyq\u0131r\u0131mda\u201d ittiham etm\u0259k, c\u0259zaland\u0131rmaq, sanksiyalara s\u00fcr\u00fckl\u0259m\u0259kl\u0259 beyn\u0259lxalq imicini qaralamaq, z\u0259rb\u0259 vurmaq, bu m\u0259qs\u0259dl\u0259 \u00f6lk\u0259mizd\u0259 ali siyasi r\u0259hb\u0259rlikd\u0259n tutmu\u015f, ayr\u0131-ayr\u0131 \u015f\u0259xsl\u0259r\u0259 qar\u015f\u0131 beyn\u0259lxalq h\u00fcquqi c\u0259za t\u0259dbirl\u0259rinin g\u00f6r\u00fclm\u0259sin\u0259 nail olmaqd\u0131r.<\/strong><\/p>\n<p>Haz\u0131rk\u0131 total dezinformasiya \u015f\u0259raitind\u0259 erm\u0259nil\u0259rin:\u00a0<strong>beyn\u0259lxalq h\u00fcquq, m\u0259hk\u0259m\u0259, v\u0259killik\u00a0 institutlar\u0131, m\u00fcxt\u0259lif adlar v\u0259 sah\u0259l\u0259r \u00fczr\u0259 \u00f6lk\u0259l\u0259raras\u0131:\u00a0 h\u00fcquq profilli akademik ictimaiyy\u0259t, universitet h\u00fcquq birlikl\u0259ri, \u201csoyq\u0131r\u0131m\u201d ara\u015fd\u0131rma, qad\u0131n h\u00fcquq t\u0259\u015fkilatlar\u0131, institutlar, assosiasiyalar, fak\u00fclt\u0259l\u0259r, t\u0259qa\u00fcd\u00a0 proqramlar\u0131\u00a0 v\u0259 s. istiqam\u0259tli m\u0259rk\u0259zl\u0259r, h\u00fcquq y\u00f6nl\u00fc QHT-l\u0259r, onlar\u0131 y\u00f6n\u0259ld\u0259n konkret adlar v\u0259 s-l\u0259 ba\u011fl\u0131\u00a0\u00a0<\/strong>t\u0259hlill\u0259r\u0259 k\u0259skin ehtiyac yaran\u0131b.<\/p>\n<p><img src=\"https:\/\/sesqazeti.az\/storage\/2022\/09\/13\/aydin_quliyev-ermeniler_yalan234.jpg\" alt=\"Erm\u0259nistan\u0131n dezinformasiya yaymaqda m\u0259qs\u0259di n\u0259dir? BA\u015e REDAKTORDAN REAKS\u0130YA\" width=\"700\" \/><\/p>\n<p>Bu h\u0259m s\u00f6z\u00fcged\u0259n \u015f\u0259b\u0259k\u0259nin f\u0259aliyy\u0259tin\u0259 qar\u015f\u0131\u00a0<strong>\u00f6nl\u0259yici-preventiv add\u0131mlar\u0131n at\u0131lmas\u0131, h\u0259m d\u0259 onlar\u0131n xalq\u0131m\u0131za v\u0259 d\u00fcnyaya tan\u0131d\u0131lmas\u0131 y\u00f6n\u00fcnd\u0259 strateji<\/strong>\u00a0\u0259h\u0259miyy\u0259t\u0259 malikdir.<\/p>\n<p>Xat\u0131rladaq ki, Sosial T\u0259dqiqatlar M\u0259rk\u0259zi (STM), \u00f6lk\u0259miz\u0259 qar\u015f\u0131 apar\u0131lan hibrid\u00a0\u00a0 m\u00fcharib\u0259nin yeni fazas\u0131nda m\u0259hz bu m\u00f6vqenin vacibliyini n\u0259z\u0259r\u0259 alaraq, \u201cDezinformasiyaya qar\u015f\u0131 m\u00fcbariz\u0259, if\u015fa detektoru\u201d Layih\u0259sini h\u0259yata ke\u00e7irir. Bu silsil\u0259d\u0259n\u00a0 t\u0259qdim edil\u0259n n\u00f6vb\u0259ti analitik hesabatda, 2023-c\u00fc ilin avqust ay\u0131ndan ba\u015flayaraq Qaraba\u011fda erm\u0259nil\u0259r\u0259 qar\u015f\u0131 saxta \u201csoyq\u0131r\u0131mla\u201d ba\u011fl\u0131 aqressiv tirajlanan \u201c<strong>L.M.Okamponun ekspert r\u0259yind\u0259n\u201d<\/strong>\u00a0b\u0259hs edilir. \u00d6lk\u0259 medias\u0131nda Okamponun r\u0259yin\u0259:1-cisi, ciddiy\u0259 al\u0131naraq cavab verilm\u0259si; 2.Okamponun yaln\u0131z siyasi korrupsiya f\u0259aliyy\u0259tin\u0259 toxunulmas\u0131n\u0131n qeyri-kafi v\u0259\u00a0 qeyri-m\u0259qbul olmas\u0131 vur\u011fulan\u0131r.<\/p>\n<p><img src=\"https:\/\/cdn.oxu.az\/uploads\/W1siZiIsIjIwMjMvMDgvMTEvMTcvMjEvMDgvY2VjYWJmNDUtZDlmZi00YzczLTkyODgtYWE2MDE2ZTU4NjgyLzM2MzYwMTQ0NV85ODg3Mjk5NjI0MDIyMDVfMjk4MDM2ODE2OTY1NDc4NTY0M19uLmpwZyJdLFsicCIsImVuY29kZSIsImpwZyIsIi1xdWFsaXR5IDgwIl0sWyJwIiwidGh1bWIiLCI2MjB4NDEzIyJdXQ?sha=4b4f439d82bad068\" alt=\"Oxu.az - Okampo: Erm\u0259nip\u0259r\u0259st xorun n\u00f6vb\u0259ti tamahkar solisti - V\u0130DEO\" width=\"700\" \/><\/p>\n<p><strong>L.M.Okampo<\/strong><\/p>\n<p>\u018fsas m\u0259s\u0259l\u0259nin-<strong>Okamponun \u00f6z\u00fcnd\u0259n daha \u00e7ox, onu d\u00fcnyada ilk d\u0259f\u0259 yarad\u0131lan beyn\u0259lxalq h\u00fcquq institutuna ilk r\u0259hb\u0259r se\u00e7ilm\u0259sinin, son 15 ild\u0259 tamamil\u0259 unudulan bu fiqurun nec\u0259 yenid\u0259n n\u0259 \u00fc\u00e7\u00fcn \u201cdirildilm\u0259sinin\u201d s\u0259b\u0259bkarlar\u0131 v\u0259 m\u0259qs\u0259dl\u0259ri, ba\u015fqa s\u00f6zl\u0259 deyils\u0259- arxas\u0131nda duran qlobal erm\u0259niliyin if\u015fas\u0131<\/strong>\u00a0oldu\u011fu x\u00fcsusi vur\u011fulan\u0131r.<\/p>\n<p>Bu aspektd\u0259, Argentinan\u0131n \u201c5-ci kalonu\u201d adlana bil\u0259c\u0259k, \u201cTransparensy \u0130nternational\/Beyn\u0259lxalq \u015e\u0259ffafl\u0131q\u201d t\u0259\u015fkilat\u0131n\u0131 Lat\u0131n Amerikas\u0131nda t\u0259msil ed\u0259n &#8220;V\u0259t\u0259nda\u015f G\u00fcc\u00fc&#8221;(Poder Ciudadano)\u00a0 adl\u0131 QHT-nin\u00a0 r\u0259hb\u0259ri, yerli TV-d\u0259 sosial probleml\u0259rl\u0259 ba\u011fl\u0131 \u015fou-biznes verili\u015finin apar\u0131c\u0131l\u0131q ed\u0259n Okamponun\u00a0<strong>h\u0259l\u0259 1985-ci<\/strong>\u00a0<strong>ild\u0259n Argentina erm\u0259nil\u0259rinin \u0259linin alt\u0131nda, bu \u00f6lk\u0259nin\u00a0<u>m\u0259hk\u0259m\u0259-h\u00fcquq, media v\u0259 biznes sektorunu idar\u0259 ed\u0259n z\u0259ngin erm\u0259ni diasporunun\u00a0<\/u>n\u0259h\u0259ng infrastrukturunda \u00e7al\u0131\u015fmas\u0131,<\/strong>\u00a0onlar\u0131n m\u0259qs\u0259dy\u00f6nl\u00fc planlar\u0131 say\u0259sind\u0259 BCM-nin ba\u015f\u0131na nec\u0259 g\u0259tirilm\u0259si g\u00f6st\u0259rilir.<\/p>\n<p><img src=\"https:\/\/www.cipdh.gob.ar\/wp-content\/uploads\/2023\/10\/Leon-Carlos-Arslanian-1.jpg\" alt=\"Le\u00f3n Carlos Arslanian\" width=\"500\" \/><\/p>\n<p><strong>Levon Arslanlyan<\/strong><\/p>\n<p>Bu qisimd\u0259 Okamponun Argentinada m\u00fcsir h\u00fcquq-m\u00fchafiz\u0259 sisteminin, islahatlar proqram\u0131n\u0131n banisi v\u0259 r\u0259hb\u0259ri adland\u0131r\u0131lan, 90-c\u0131 ill\u0259rd\u0259n b\u00fct\u00fcn argentinal\u0131 prezidentl\u0259rinin\u00a0 birba\u015fa m\u0259sl\u0259h\u0259t\u00e7isi, \u201ca\u011fsaqqal\u0131\u201d say\u0131lan\u00a0<strong>Levon Arslanlyan\u0131n (Leon Karlos Arslanyan) h\u0259l\u0259 1980-ci ill\u0259rd\u0259n \u0259m\u0259kda\u015f\u0131n\u0131n olmas\u0131na, bu<\/strong>\u00a0fiquru \u00e7ox\u015fax\u0259li f\u0259aliyy\u0259tin\u0259 diqq\u0259t c\u0259lb edilir.<\/p>\n<p>T\u00fcrkiy\u0259d\u0259n Buenos Ayres\u0259 m\u00fchacir\u0259t ed\u0259n aktyorun o\u011flu -L.Arslanyan h\u0259l\u0259 60-c\u0131 ill\u0259rd\u0259n\u00a0<strong>v\u0259killik f\u0259aliyy\u0259ti<\/strong>\u00a0il\u0259 m\u0259\u015f\u011ful olub,\u00a0<strong>1982-ci ild\u0259 Arslanyan Cinay\u0259t Apellyasiya M\u0259hk\u0259m\u0259sinin hakimi, 1991-ci ild\u0259 \u018fdliyy\u0259 naziri, Argentinan\u0131n milli T\u0259hl\u00fck\u0259sizlik naziri, 1998&#8211;2007-ci ill\u0259rd\u0259 15 milyondan \u00e7ox \u0259halisi olan Buenos-Ayres \u015f\u0259h\u0259ri\/\u0259yal\u0259tinin t\u0259hl\u00fck\u0259sizlik naziri, daha sonra Buenos Ayres Cinay\u0259t Siyas\u0259ti v\u0259 T\u0259hl\u00fck\u0259sizlik \u0130nstitutunun prezidenti olub. 2005-ci ild\u0259 Buenos-Ayresd\u0259 \u201c911 h\u00fcquq xidm\u0259tini\u201d yarad\u0131b \u00c7oxsayl\u0131 h\u00fcquq institutlar\u0131n\u0131n, Argentina \u0130nsan H\u00fcquqlar\u0131 Klubunun t\u0259sis\u00e7isi, Lat\u0131n Amerikas\u0131 \u00f6lk\u0259l\u0259rinin h\u00fcquq platformalar\u0131n\u0131n t\u0259sis\u00e7i v\u0259 r\u0259hb\u0259ri<\/strong>\u00a0olan Arslanyan\u0131n Argentinada \u0259n b\u00f6y\u00fck \u00f6z\u0259l h\u00fcquq \u015firk\u0259ti d\u0259 var. Burada m\u00fcxt\u0259lif v\u0259zif\u0259li \u015f\u0259xsl\u0259rin, transmilli biznes r\u0259hb\u0259rl\u0259rinin, oliqarxlar\u0131n, prokurorlar\u0131n, prezidentl\u0259rin m\u0259hk\u0259m\u0259 i\u015fl\u0259rin\u0259 bax\u0131l\u0131r. Qarda\u015f\u0131\u00a0<strong>Xuan Arslanyan da Buenos<\/strong>-Ayres \u015f\u0259h\u0259rinin meri olub.<\/p>\n<p><img src=\"https:\/\/pressklub.az\/wp-content\/uploads\/2022\/01\/diaspora1.jpg\" alt=\"Erm\u0259ni diasporu m\u0259yyus olma\u011fa ba\u015flay\u0131b - G\u0259l\u0259c\u0259yi g\u00f6rm\u00fcr\" width=\"700\" \/><\/p>\n<p>L.Arslanyan \u0259n \u00e7ox 80-ci ill\u0259rd\u0259 Argentinada d\u00f6vl\u0259t \u00e7evrili\u015fi il\u0259 hakimiyy\u0259t\u0259 g\u0259l\u0259n h\u0259rb\u00e7il\u0259rin (1976-1983) Q\u0259rbin m\u00fcdaxil\u0259si il\u0259 devrilm\u0259sind\u0259n sonra onlar\u0131n \u00fcz\u0259rind\u0259 d\u00fcnya medias\u0131nda rezonans do\u011furan, N\u00fcrnberq prosesi il\u0259 m\u00fcqayis\u0259 edil\u0259n \u201c<strong>Xunta m\u0259hk\u0259m\u0259si\u201d adlanan uzunm\u00fcdd\u0259tli m\u0259hk\u0259m\u0259 prosesin\u0259 r\u0259hb\u0259rlik<\/strong>\u00a0edib. Buna g\u00f6s\u0259 \u201c\u0259fsan\u0259vi prokuror, h\u00fcquq sisteminin banisi\u201d v\u0259 s. adland\u0131r\u0131l\u0131r.\u00a0 Xunta m\u0259hk\u0259m\u0259si il\u0259 ba\u011fl\u0131 erm\u0259ni diasporunun da s\u0259yl\u0259ri il\u0259 filml\u0259r \u00e7\u0259kilir, t\u0259bli\u011f edilir.<\/p>\n<p><img src=\"https:\/\/media.cnn.com\/api\/v1\/images\/stellar\/prod\/210214104949-carlos-menem.jpg?q=w_1600,h_1067,x_0,y_0,c_fill\" alt=\"Carlos Menem, former President of Argentina, has died | CNN\" width=\"700\" \/><\/p>\n<p><strong>Karlos Menem<\/strong><\/p>\n<p>Erm\u0259ni diasporun 3 n\u0259slinin g\u00fccl\u00fc \u015f\u0259b\u0259k\u0259 yaratd\u0131\u011f\u0131,\u00a0<strong>90-c\u0131 ill\u0259rd\u0259 Livandan olan erm\u0259ni \u0259silli prezident, \u0130r\u0259van\u0131n f\u0259xri v\u0259t\u0259nda\u015f\u0131, 24 apreli erm\u0259nil\u0259r\u0259 g\u00f6r\u0259 d\u00f6z\u00fcm g\u00fcn\u00fc elan ed\u0259n Karlos Menemin idar\u0259\u00e7ilik d\u00f6vr\u00fcnd\u0259 erm\u0259ni diasporunun b\u00fct\u00fcn r\u0259hb\u0259r<\/strong>\u00a0v\u0259zif\u0259l\u0259r\u0259-h\u00fcquq m\u00fchafiz\u0259 sistemi,\u00a0<strong>Arslanyan\u0131n t\u0259hl\u00fck\u0259sizlik,<\/strong>\u00a0Karlos Melkonyan\u0131n\u00a0<strong>Argentina Milli Bank\u0131na<\/strong>\u00a0s\u0259dr t\u0259yin edildiyi, x\u00fcsusil\u0259 h\u00fcquq-m\u00fchafiz\u0259 sisteminin ba\u015f\u0131na ke\u00e7diyi, Argentina h\u00fcquq m\u0259hk\u0259m\u0259 sistemin\u0259 Arslanyan\u0131n r\u0259hb\u0259rlik etdiyi bir vaxtda\u00a0 L.M.Okampo QHT i\u015find\u0259n m\u00fcv\u0259qq\u0259ti ayr\u0131l\u0131r.\u00a0\u00a0 Lat\u0131n Amerikas\u0131 \u00fczr\u0259 Q\u0259rb y\u00f6n\u00fcml\u00fc Transparensy t\u0259\u015fkilat\u0131n\u0131n t\u0259msil\u00e7isi Arslanyan\u0131n \u0259m\u0259kda\u015f\u0131 olur.<\/p>\n<p>Argentinada qeyd edil\u0259n xunta m\u0259hk\u0259m\u0259si il\u0259 bir m\u0259rh\u0259l\u0259nin\u00a0 sonu v\u0259 guya demokratiya eras\u0131n\u0131n ba\u015flan\u011f\u0131c\u0131 g\u00f6r\u00fcnt\u00fcs\u00fc yarad\u0131l\u0131r. S\u00f6z\u00fcged\u0259n Arslanyan\u0131n r\u0259hb\u0259rlik etdiyi m\u0259hk\u0259m\u0259 prosesi gedi\u015find\u0259\u00a0<strong>Okampo ittiham\u00e7\u0131 prokuror t\u0259r\u0259find\u0259n ara\u015fd\u0131rmaya k\u00f6m\u0259k\u00e7i kimi<\/strong>\u00a0d\u0259v\u0259t edilir. Xunta m\u0259hk\u0259m\u0259sind\u0259n sonra ba\u015fda\u00a0<strong>Arslanyan olmaqla, prosesi aparan hey\u0259t\u00a0 \u201cdemokratiya simvollar\u0131\u201d ad\u0131 il\u0259 siyasi m\u0259qs\u0259dl\u0259rl\u0259 t\u0259bli\u011f edilir<\/strong>. Prosesl\u0259r ba\u011fl\u0131 s\u0259n\u0259dli filml\u0259r \u00e7\u0259kilir, kitablar yaz\u0131l\u0131r. Bu prosesd\u0259 Okampo da erm\u0259ni diasporunun yeni fiquru kimi t\u0259bli\u011f edilir.<\/p>\n<p>Hesabatda\u00a0<strong>Okamponun izi il\u0259 BCM-nin yaranmas\u0131nda b\u0259ri onun r\u0259hb\u0259r hey\u0259tl\u0259rind\u0259,\u00a0<\/strong>hakiml\u0259ri s\u0131ras\u0131nda argentinal\u0131lar\u0131n,\u00a0 bir qayda olaraq h\u00fcquqi d\u00f6vl\u0259t imici il\u0259 tan\u0131nmayan Argentinan\u0131n BCM-ni s\u00f6z\u00fcn \u0259sil m\u0259nas\u0131nda \u0259l\u0259 ke\u00e7irm\u0259si, BCM-nin r\u0259hb\u0259rliyind\u0259, el\u0259c\u0259 d\u0259, r\u0259hb\u0259r hey\u0259td\u0259 argentinal\u0131lar\u0131n b\u00f6y\u00fck faiz t\u0259\u015fkil etm\u0259si,BMT-nin h\u00fcquq profilli strukturlar\u0131nda ir\u0259li \u00e7\u0259kilm\u0259si, a\u00e7ar fiqurlara \u00e7evrilm\u0259sind\u0259\u00a0<strong>bu \u00f6lk\u0259nin h\u00fcquq, media v\u0259 biznes sektorunu idar\u0259 ed\u0259n erm\u0259ni milyarderl\u0259rin konkret \u201cxidm\u0259tl\u0259ri\u201d<\/strong>\u00a0faktlarla g\u00f6st\u0259rilir.<\/p>\n<p>Hesabatda Okamponun beyn\u0259lxalq h\u00fcquq sah\u0259sind\u0259 yarad\u0131lan ilk qlobal sistemin ba\u015f\u0131na erm\u0259nil\u0259rin d\u0259st\u0259yi il\u0259, Beyn\u0259lxalq Cinay\u0259t M\u0259hk\u0259m\u0259sinin (BCM) yarad\u0131ld\u0131\u011f\u0131 ilk d\u00f6vrd\u0259 nec\u0259\u00a0<strong>alternativsiz\u00a0 namiz\u0259d kimi ir\u0259li s\u00fcr\u00fclm\u0259si<\/strong>\u00a0v\u0259 se\u00e7ilm\u0259si prosedurlar\u0131nda ba\u015f ver\u0259n qanun pozuntular\u0131n\u0131n pe\u015f\u0259kar h\u00fcquq\u015f\u00fcnaslar\u0131n d\u0259f\u0259l\u0259rl\u0259 yazmas\u0131, r\u0259hb\u0259rliyinin ilk on ilind\u0259 bu qurumun n\u00fcfuzunu darmada\u011f\u0131n etm\u0259si, bu s\u0259b\u0259bd\u0259n d\u00fcnya media v\u0259 analitik t\u0259hlil g\u00fcnd\u0259mind\u0259 olmas\u0131, AB\u015e-\u0131n davaml\u0131 k\u0259skin t\u0259nqidin\u0259 m\u0259ruz qalmas\u0131 faktlar\u0131 g\u0259tirilir.<\/p>\n<p>BCM-nin ba\u015f prokurorlu\u011fa namiz\u0259dl\u0259ri ir\u0259li s\u00fcr\u00fclm\u0259si v\u0259 se\u00e7ilm\u0259si prosesind\u0259 Argentinan\u0131n BMT-d\u0259ki m\u00fcmay\u0259nd\u0259si olan xan\u0131m\u0131n f\u0259all\u0131\u011f\u0131, namiz\u0259dliyini ver\u0259n 2 Afrika \u00f6lk\u0259sini onu geri g\u00f6t\u00fcrm\u0259yi t\u00f6vsiy\u0259 ed\u0259r\u0259k buna nail olmas\u0131, son anda\u00a0<strong>Okamponun alternativsiz namiz\u0259d kimi t\u0259k qalmas\u0131, bu alternativsiz se\u00e7ki v\u0259ziyy\u0259tin BCM-Roma statusuna \u00fczv \u00f6lk\u0259 olan Almaniya t\u0259r\u0259find\u0259n t\u0259nqid edilm\u0259si v\u0259 s. maraql\u0131 m\u0259qamlar diqq\u0259t\u0259 \u00e7\u0259kilir.\u00a0<\/strong>Okamponun ilk d\u0259f\u0259 yarad\u0131lan BCM-nin r\u0259hb\u0259rliyin\u0259 g\u0259tir\u0259n erm\u0259ni diasporunun \u00e7ox\u015fax\u0259li f\u0259aliyy\u0259tin\u0259 toxunulur.<\/p>\n<p>Bu aspektd\u0259 hesabatda h\u0259l\u0259 BCM-nin h\u00fcquqi \u0259sas\u0131 olan Roma statutunun yarand\u0131\u011f\u0131 ilk vaxtlardan BMT-d\u0259\u00a0<strong>uzun m\u00fcdd\u0259t-1962-ci ild\u0259, 24 ya\u015f\u0131ndan m\u00fchasiblikl\u0259 ba\u015flay\u0131b-Ba\u015f Katibliy\u0259 q\u0259d\u0259r\u00a0 g\u0259l\u0259n Kofe Annan fiquru \u0259traf\u0131nda yuva salm\u0131\u015f erm\u0259ni diasporunun\u00a0 gizli f\u0259aliyy\u0259tind\u0259n b\u0259hs edilir.<\/strong><\/p>\n<p><strong><img src=\"https:\/\/stm.az\/storage\/pages\/1649064270.1500x500.jpg\" alt=\"STM | Ana S\u0259hif\u0259\" \/><\/strong><\/p>\n<p>Sosial T\u0259diqatlar M\u0259rk\u0259zi \u00f6z ara\u015fd\u0131rmalar\u0131nda d\u00fcnya erm\u0259ni diasporunun ciddi maskalanmas\u0131 s\u0259b\u0259bind\u0259n \u00f6lk\u0259mizd\u0259 m\u0259lum olmayan \u00fczvl\u0259rinin qlobal f\u0259aliyy\u0259tini ilk d\u0259f\u0259 a\u015fkara \u00e7\u0131xar\u0131b. Onlardan biri- Livan do\u011fumlu d\u00fcnya almaz-brilyant s\u0259naye maqnatlar\u0131 (Bogh-Art\u201d), haz\u0131rda Fransa, \u0130ngilt\u0259r\u0259 v\u0259 Br\u00fcsseld\u0259 m\u0259nzill\u0259n\u0259n\u00a0<strong>Albert, Jan, Ralf v\u0259 Robert\u00a0 Boqosyan qarda\u015flar\u0131ndan<\/strong>\u00a0b\u0259hs edilib. Haz\u0131rda\u00a0<strong>Natali Luazo il\u0259 \u0259lbir olaraq<\/strong>, Avropa Parlamentind\u0259 \u00f6lk\u0259miz\u0259 qar\u015f\u0131 yarad\u0131lan \u015f\u0259b\u0259k\u0259nin ba\u015f\u0131nda\u00a0<strong>Rafael Gluksman\u0131n-Boqosyanlar<\/strong>\u00a0ail\u0259sinin \u00fczv\u00fc olmas\u0131 g\u00f6st\u0259rilib.Boqosyanlar\u0131n bac\u0131s\u0131 Meri Boqosyan 2000-ci ild\u0259n Livan m\u0259d\u0259niyy\u0259t naziri olmu\u015f\u00a0<strong>Hassan Salamenin<\/strong>\u00a0h\u0259yat yolda\u015f\u0131d\u0131r.Hasan Salame uzun m\u00fcdd\u0259t Kofe Annanla birg\u0259 \u00e7al\u0131\u015f\u0131b.\u00dcmumilikd\u0259 Kofe Anan\u0131n \u0259traf\u0131nda erm\u0259nil\u0259rin say\u0131-heyr\u0259tamiz d\u0259r\u0259c\u0259d\u0259 olub ki, bunun ba\u015fl\u0131ca\u00a0<strong>s\u0259b\u0259bi-Boqosyan-Hassan Salame \u0259laq\u0259l\u0259ri<\/strong>\u00a0olub.<\/p>\n<p>Butros Qalinin AB\u015e-a m\u00fcnasib\u0259td\u0259 m\u00fcst\u0259qil siyas\u0259ti fonunda b\u0259lli\u00a0 dair\u0259l\u0259r AB\u015e-a daha loyal ba\u015f katib se\u00e7ilm\u0259si niyy\u0259ti il\u0259 Qanadan olan\u00a0<strong>Kofe Annan\u0131 BMT-nin 7-ci ba\u015f katibi v\u0259zif\u0259sin\u0259 g\u0259tirib. Bu vaxtdan erm\u0259nil\u0259rin BMT v\u0259 beyn\u0259lxalq h\u00fcquq sah\u0259sin\u0259 davaml\u0131 yerl\u0259\u015fm\u0259si olduqca intensivl\u0259\u015fib.<\/strong>\u00a0Sonda bug\u00fcnk\u00fc m\u0259nz\u0259r\u0259 yaran\u0131b-ba\u015fqa s\u00f6zl\u0259 deyils\u0259,b\u00fcrokratik Q\u0259rbin h\u0259r g\u00fcn \u00e7eviklikl\u0259 Az\u0259rbaycana qar\u015f\u0131 q\u0259tnam\u0259l\u0259r q\u0259bul etm\u0259si kimi v\u0259ziyy\u0259t yaran\u0131b.<\/p>\n<p><img src=\"https:\/\/upload.wikimedia.org\/wikipedia\/commons\/7\/72\/Kofi_Annan_2012_%28cropped%29.jpg\" alt=\"Kofi Annan - Wikipedia\" width=\"400\" \/><\/p>\n<p><strong>Kofe Anan-2005-ci ild\u0259 Hassan Salame<\/strong>ni m\u00fcxt\u0259lif aral\u0131qla\u00a0<strong>\u0130raq, Liviya v\u0259 s. m\u00fcnaqi\u015f\u0259li \u00f6lk\u0259l\u0259rd\u0259 BMT n\u00fcmay\u0259nd\u0259si t\u0259yin e<\/strong>dilir. Bu f\u0259aliyy\u0259t gedi\u015find\u0259\u00a0<strong>Kofe Annan\u0131n o\u011flunun<\/strong>\u00a0<strong>miqyasl\u0131 korrupsiya f\u0259aliyy\u0259ti<\/strong>, BMT-nin \u0259rzaq yard\u0131m\u0131 m\u00fcqabilind\u0259 k\u00fclli miqdarda \u0130raq neftinin alq\u0131-satq\u0131s\u0131na bula\u015fd\u0131\u011f\u0131 \u0130sve\u00e7r\u0259 biznesi b\u00f6y\u00fck qalmaqallar\u0131n v\u0259\u00a0 ayr\u0131ca t\u0259dqiqat\u0131n m\u00f6vzusudur. Ayd\u0131nd\u0131r ki, bu f\u0259aliyy\u0259t Kofe Annan\u0131n t\u0259msil\u00e7isi olan Hassan Salamenin \u201ch\u0259ssas\u201d diqq\u0259tinin n\u0259tic\u0259si olub. Bununla yana\u015f\u0131, \u0259sas m\u0259s\u0259l\u0259,\u00a0<strong>Kofe Anan\u0131n s\u0259r\u0259ncam\u0131 il\u0259 t\u0259yin edil\u0259n Boqosyanlar ail\u0259 \u00fczv\u00fc Hasssan Salamenin bu\u00a0 quruma yerl\u0259\u015fdirdiyi erm\u0259nil\u0259rdir<\/strong>. Kofe Annan\u0131n sa\u011fl\u0131\u011f\u0131nda onun k\u00f6m\u0259k\u00e7il\u0259rind\u0259n olan Fransa v\u0259t\u0259nda\u015f\u0131 olan\u00a0<strong>Korin Momal-Vanian<\/strong>\u00a0haz\u0131rda BMT-nin Cenevr\u0259 ofisind\u0259 \u201cKonfranslar\u0131n \u0130dar\u0259 Edilm\u0259si v\u0259 \u00c7oxdillilik \u00fczr\u0259 \u018flaq\u0259l\u0259ndirm\u0259 M\u0259rk\u0259zi\u201dnin direktorudur. Erm\u0259nil\u0259r\u0259 h\u0259r c\u00fcr \u015f\u0259rait yaratmas\u0131n\u0131n n\u0259tic\u0259sidir ki<strong>, bu g\u00fcn \u201cBeyn\u0259lxalq Kofe Annan Fondunun\u201d r\u0259hb\u0259rliyind\u0259 d\u0259 Hassan Salame-Boqosyan, Korin Momal-Vanyan<\/strong>\u00a0 v\u0259 s. erm\u0259nil\u0259r ke\u00e7ib.<\/p>\n<p>Kofe Annan fiquru dolay\u0131s\u0131 il\u0259 Roma Statutu v\u0259 BCM-nin yarad\u0131lmas\u0131nda erm\u0259ni faktorunun olduqca g\u00fccl\u00fc m\u00f6vqel\u0259r\u0259 sahib olmas\u0131n\u0131 \u015f\u0259rtl\u0259ndirib.M\u0259hz onun vaxtlar\u0131ndan beyn\u0259lxalq h\u00fcquq v\u0259 cinay\u0259t-\u0259dliyy\u0259 sistemind\u0259: 1. Amal Kluni v\u0259 2. Luis M.Okampo s\u0259hn\u0259y\u0259 \u00e7\u0131x\u0131r, s\u00f6z\u00fcged\u0259n m\u00fcst\u0259vid\u0259 diasporla\u015fma-\u015f\u0259b\u0259k\u0259l\u0259\u015fm\u0259 tam g\u00fcc\u00fc il\u0259 davam edir.<\/p>\n<p><img src=\"https:\/\/images.hellomagazine.com\/horizon\/landscape\/daf5f1cc8271-amal-clooney-george-clooney.jpg\" alt=\"Amal Clooney is unrecognizable in new photo leaving fans doing a  double-take | HELLO!\" width=\"700\" \/><\/p>\n<p><strong>Amal Kluni<\/strong><\/p>\n<p>Haqq\u0131nda n\u00f6vb\u0259ti aray\u0131\u015f\u0131n t\u0259qdim edil\u0259c\u0259yi\u00a0<strong>Amal Kluni \u0259n\u0259n\u0259vi d\u00fcnya \u0259dal\u0259t ilah\u0259sini \u0259v\u0259zl\u0259y\u0259r\u0259k, qlobal erm\u0259niliyin Femidas\u0131na \u00e7evrilir<\/strong>. Az\u0259rbaycanda 5-ci kalonun (X\u0259dic\u0259 \u0130smay\u0131l, Tofiq Yaqublu v\u0259 s.) Avropa M\u0259hk\u0259m\u0259l\u0259rind\u0259 v\u0259killik ed\u0259n livanl\u0131 Amal Kluni 2010-cu ill\u0259rd\u0259n livanl\u0131-Boqosyanlar\u0131n d\u0259st\u0259yi il\u0259 Kofe Annan\u0131n k\u00f6m\u0259k\u00e7isi t\u0259yin edilir.<\/p>\n<p>H\u0259min vaxtlardan bu g\u00fcn\u0259 q\u0259d\u0259r art\u0131q \u00f6z\u00fcn\u00fcn qlobal h\u00fcquq \u015f\u0259b\u0259k\u0259sini yaradan Amal Kluni BMT \u018fdal\u0259t m\u0259hk\u0259m\u0259sinin,\u00a0<strong>BCM-nin<\/strong>, A\u0130HM-nin b\u00fct\u00fcn \u0259sas prosedurlar\u0131nda apar\u0131c\u0131 v\u0259kil, ittiham\u00e7\u0131 v\u0259 s. qismind\u0259 f\u0259aliyy\u0259tini davam etdirir. ( \u201cPerincek \u0130sve\u00e7r\u0259y\u0259 qar\u015f\u0131\u201d i\u015find\u0259 d\u0259 erm\u0259nil\u0259rin v\u0259kili olur). X\u00fcsuil\u0259,\u00a0<strong>BCM-nd\u0259 Okamponun ba\u015f prokuror se\u00e7ilm\u0259sind\u0259n sonra, indiki vaxta q\u0259d\u0259r d\u0259\u00a0 b\u00fct\u00fcn prosedurlarda i\u015ftirak edir.<\/strong><\/p>\n<p><strong>Hesabatda<\/strong>\u00a0Okamponun BCM-n\u0259 s\u0259ri\u015ft\u0259siz r\u0259hb\u0259rliyi d\u00f6vr\u00fcnd\u0259,\u00a0<strong>Afrika qit\u0259si \u00f6lk\u0259l\u0259rinin siyasi liderl\u0259rin\u0259 qar\u015f\u0131 r\u00fcsvay\u00e7\u0131 q\u0259r\u0259zli m\u00fcnasib\u0259tin\u0259, onlara qar\u015f\u0131 \u0259sass\u0131z cinay\u0259t i\u015fl\u0259ri qald\u0131rmas\u0131na, daxili sabitliyi pozma\u011fa hesablanm\u0131\u015f uzunm\u00fcdd\u0259tli axtar\u0131\u015f v\u0259 m\u0259hk\u0259m\u0259 prosedurlar\u0131na c\u0259lb edilm\u0259si g\u00f6r\u0259 BCM-nin \u201ckolonializmin xidm\u0259t\u00e7isi\u201d adland\u0131r\u0131lmas\u0131<\/strong>, Afrika qit\u0259si \u00f6lk\u0259l\u0259rinin Okamponun sifari\u015fli v\u0259 q\u0259r\u0259zli m\u0259hk\u0259m\u0259 \u00e7\u0259ki\u015fm\u0259l\u0259rin\u0259 k\u0259skin etiraz \u0259lam\u0259ti olaraq,\u00a0<strong>BCM-n\u0259 \u00fczvl\u00fckd\u0259n k\u00fctl\u0259vi v\u0259 n\u00fcmayi\u015fk\u0259ran\u0259 s\u00fcr\u0259td\u0259 \u00e7\u0131xmas\u0131, qit\u0259 \u0259halisinin<\/strong>\u00a0mediada\u00a0<strong>\u201cOkampo\u00a0 \u00fcsyan\u0131\u201d adlanan k\u00fctl\u0259vi etiraz aksiyalar\u0131<\/strong>\u00a0t\u0259\u015fkil etm\u0259si, bu \u015f\u0259xsin k\u0259nardan idar\u0259 edil\u0259n bu \u015f\u0259xsin sifari\u015fl\u0259r \u0259sas\u0131nda g\u00f6rd\u00fcy\u00fc i\u015fl\u0259r n\u0259tic\u0259sind\u0259\u00a0<strong>beyn\u0259lxalq h\u00fcququn \u201cOkampo simas\u0131\u201d il\u0259 eynil\u0259\u015fdiril\u0259r\u0259k m\u0259ruz qald\u0131\u011f\u0131 a\u011f\u0131r n\u00fcfuz itkisi, \u0259dal\u0259t institutu kimi ald\u0131\u011f\u0131 z\u0259rb\u0259l\u0259r faktlarla<\/strong>\u00a0t\u0259hlil edilir.<\/p>\n<p>Hesabatda Okamponun BCM-n\u0259 r\u0259hb\u0259rliyi d\u00f6vr\u00fcnd\u0259\u00a0<strong>qurumun idar\u0259\u00e7iliyind\u0259 ba\u015f ver\u0259n kobud s\u0259hvl\u0259r, m\u0259hk\u0259m\u0259 prosedurlar\u0131n\u0131n h\u00fcquq ad\u0131na utanc g\u0259tir\u0259n f\u0259aliyy\u0259ti<\/strong>\u00a0il\u0259 ba\u011fl\u0131 beyn\u0259lxalq h\u00fcquq sah\u0259sind\u0259 pe\u015f\u0259karlar\u0131n \u00e7oxsayl\u0131 if\u015faedici t\u0259dqiqatlar m\u0259nb\u0259l\u0259rl\u0259, beyn\u0259lxalq \u0259dal\u0259tin t\u0259minat\u0131nda konfidensial say\u0131lan prosedurlar\u0131 \u015fou-biznes sah\u0259si t\u0259msil\u00e7il\u0259rinin c\u0259lb edilm\u0259si il\u0259 il\u0259\u00a0 yolverilm\u0259z \u015f\u0259kild\u0259 \u201ch\u0259ll etm\u0259k s\u0259yl\u0259ri\u201dn\u0259 dair s\u00fcbutlar misal g\u0259tirilir.<\/p>\n<p>BCM-nin,\u00a0<strong>yaln\u0131z Afrika \u00f6lk\u0259l\u0259rinin r\u0259hb\u0259rl\u0259rin\u0259 qar\u015f\u0131 b\u0259lli m\u0259rk\u0259zl\u0259rin sifari\u015fi il\u0259 siyasi rejiml\u0259ri d\u0259yi\u015fdirm\u0259k m\u0259qs\u0259di il\u0259 q\u0259r\u0259zli cinay\u0259t i\u015fl\u0259ri a\u00e7maq, onlar\u0131 h\u0259bs etm\u0259k\u00a0 y\u00f6n\u00fcnd\u0259 f\u0259aliyy\u0259ti il\u0259 bu \u00f6lk\u0259l\u0259rd\u0259 v\u0259t\u0259nda\u015f m\u00fcharib\u0259si h\u0259ddin\u0259 \u00e7atan qeyri-sabitlik prosesl\u0259rin\u0259 r\u0259vac verm\u0259si,<\/strong>\u00a0on il s\u00fcr\u0259n \u0259zabl\u0131 m\u0259hk\u0259m\u0259 \u00e7\u0259ki\u015fm\u0259l\u0259rin\u0259 c\u0259lb etm\u0259sin\u0259 baxmayaraq, he\u00e7 n\u0259y\u0259 nail olmamas\u0131 v\u0259 s. n\u0259tic\u0259sind\u0259 qurumun n\u00fcfuzunu m\u0259hv etm\u0259si il\u0259 ba\u011fl\u0131 sah\u0259nin pe\u015f\u0259kar h\u00fcquq\u015f\u00fcnaslar\u0131 t\u0259r\u0259find\u0259n yaz\u0131lan 10-larla t\u0259dqiqat\u00a0 m\u0259nb\u0259l\u0259ri d\u0259qq\u0259t m\u0259rk\u0259zin\u0259 g\u0259tirilir.<\/p>\n<p><img src=\"https:\/\/4.bp.blogspot.com\/-g8pZwN_ADZ4\/U_eGU4d5YGI\/AAAAAAAAG8g\/b-nf7ZDCGYU\/s1600\/Afrika%2B%C3%B6lk%C9%99l%C9%99ri.jpg\" alt=\"Afrika \u00f6lk\u0259l\u0259ri | cografiya.biz\" \/><\/p>\n<p><strong>Okamponun beyn\u0259lxalq h\u00fcquq\u015f\u00fcnas kimi BCM r\u0259hb\u0259rliyind\u0259 bu sah\u0259d\u0259 t\u0259l\u0259b olunan y\u00fcks\u0259k m\u0259n\u0259vi meyarlar\u0131n, \u015f\u0259ffafl\u0131q v\u0259 hesabatl\u0131l\u0131q prosedurlar\u0131n\u0131n he\u00e7 birin\u0259 \u0259m\u0259l etm\u0259m\u0259si, q\u0259r\u0259z v\u0259 korrupsiya f\u0259aliyy\u0259ti\u00a0 say\u0259sind\u0259 h\u00fcquq\u015f\u00fcnas simas\u0131n\u0131 itir\u0259r\u0259k tamamil\u0259 g\u00f6zd\u0259n d\u00fc\u015fm\u0259si, 2010-cu ill\u0259rd\u0259n b\u0259ri h\u00fcquq came\u0259sind\u0259 unudulmas\u0131 qeyd edilir.\u00a0<\/strong>Yaln\u0131z vaxta\u015f\u0131r\u0131 Erm\u0259nistanda ke\u00e7iril\u0259n beyn\u0259lxalq soyq\u0131r\u0131m konfranslar\u0131nda i\u015ftirak etm\u0259k \u00fc\u00e7\u00fcn 2010-cu ild\u0259 v\u0259 2015-ci ill\u0259rd\u0259 erm\u0259ni prezidentl\u0259rl\u0259 g\u00f6r\u00fc\u015fm\u0259si vur\u011fulan\u0131r.<\/p>\n<p><strong>Okampo ad\u0131n\u0131n beyn\u0259lxalq h\u00fcquqda unuduldu\u011fu 15 ild\u0259n sonra, Az\u0259rbaycan\u0131n Qaraba\u011fda Z\u0259f\u0259rind\u0259n, x\u00fcsusil\u0259, 2022-ci ild\u0259n ba\u015flayaraq, erm\u0259nil\u0259r t\u0259r\u0259find\u0259n \u201cyenid\u0259n dirili\u015f\u201d ssenarisinin t\u0259f\u0259rr\u00fcatlar\u0131, bu sah\u0259d\u0259 apar\u0131lan t\u0259bli\u011fat\u0131n tamamil\u0259 saxtakarl\u0131q v\u0259 yalan \u00fcz\u0259rind\u0259 qurulmas\u0131\u00a0 faktlarla\u00a0 t\u0259qdim edilir<\/strong>.<\/p>\n<p><strong>2022-ci ild\u0259 1.qondarma respublikada v\u0259 2.\u0130r\u0259vanda Amal Kluninin beyn\u0259lxalq insan h\u00fcquqlar\u0131 \u015f\u0259b\u0259k\u0259sinin 2 m\u0259rk\u0259zi<\/strong>\u00a0t\u0259sis edilir. Ba\u015f q\u0259rargah\u0131 Los-Ancelesd\u0259 yerl\u0259\u015f\u0259n bu m\u0259rk\u0259zl\u0259rin qar\u015f\u0131s\u0131na\u00a0<strong>Az\u0259rbaycan\u0131n \u201ch\u0259rbi cinay\u0259tl\u0259ri\u201d il\u0259 ba\u011fl\u0131 faktlar toplamaq v\u0259zif\u0259 kimi qoyulur. A.Klunini beyn\u0259lxalq v\u0259kil \u015f\u0259b\u0259k\u0259si<\/strong>\u00a0v\u0259 Amerikan\u0131n \u201cErm\u0259ni v\u0259kill\u0259r Asosiasiyas\u0131\u201d Xank\u0259ndind\u0259 v\u0259 \u0130r\u0259vanda treninql\u0259r ke\u00e7irir, beyn\u0259lxalq konfranslar t\u0259\u015fkil edir. X\u00fcsusil\u0259, saxta \u201cblokada\u201d qalmaqal\u0131n\u0131n yarad\u0131ld\u0131\u011f\u0131 9 ay \u0259rzind\u0259 bu 2 m\u0259rk\u0259z olduqca f\u0259all\u0131q g\u00f6st\u0259rir.<\/p>\n<p>N\u0259hay\u0259t, 2023-c\u00fc il avqustun 7-d\u0259 qlobal erm\u0259ni v\u0259kil \u015f\u0259b\u0259k\u0259sinin haz\u0131rlad\u0131\u011f\u0131 hesabat \u201cOkamponun ekspet r\u0259yi\u201d ad\u0131 alt\u0131nda tirajlan\u0131r.\u00a0<strong>He\u00e7 yerd\u0259 ad\u0131 olmayan Okampo son 15 ild\u0259 erm\u0259nil\u0259rin Amerika v Avropadak\u0131 t\u0259hsil, h\u00fcquq\u00a0 v\u0259 s. qurumlar\u0131nda m\u00fcv\u0259qq\u0259ti t\u0259qa\u00fcdl\u0259rl\u0259 ba\u015f\u0131n\u0131 girl\u0259yir.<\/strong>\u00a0Yaydak\u0131 hesabat\u0131ndan sonra onun \u201cm\u0259\u015fhur ekspert kimi\u201d yenid\u0259n diriltm\u0259sin\u0259 \u00e7al\u0131\u015fsalar da-al\u0131nm\u0131r.<\/p>\n<p>L.M Okamponun siyasi korrupsiya f\u0259aliyy\u0259ti il\u0259 ba\u011fl\u0131 qeyd edils\u0259 d\u0259 onun b\u00fct\u00fcn miqyas\u0131 v\u0259 \u0259n \u00e7irkin metodlara \u0259l atmas\u0131 haqda geni\u015f yaz\u0131lmay\u0131b. Hesabatda bu m\u0259qamlara-Okamponun Sudan prezidenti\u00a0<strong>Omar \u0259l B\u0259\u015f\u0259ri aldad\u0131b m\u0259hk\u0259m\u0259y\u0259 g\u0259tirm\u0259k<\/strong>\u00a0\u00fc\u00e7\u00fcn d\u00fcnya \u015fou biznes n\u00fcmay\u0259nd\u0259l\u0259ri, Hollivud ulduzu olan\u00a0<strong>Anjelik Joly il\u0259 BMT<\/strong>-nin konfidensial materiallar\u0131n\u0131 payla\u015fmas\u0131, Anjelikan\u0131n Omar Ba\u015firi t\u0259dbir ad\u0131 il\u0259 aldad\u0131b g\u0259tirm\u0259si il\u0259 ba\u011fl\u0131 xahi\u015fi v\u0259 s. \u00e7oxsayl\u0131 utancverici h\u0259r\u0259k\u0259tl\u0259rinin\u00a0 beyn\u0259lxalq h\u00fcquq came\u0259sind\u0259 hidd\u0259tl\u0259 qar\u015f\u0131lanmas\u0131, qlobal r\u0259ngli inqilablar\u0131n sponsoru olan\u00a0<strong>Pyer Omidyar\u0131n h\u0259yat yolda\u015f\u0131ndan da analoji<\/strong>\u00a0xahi\u015fl\u0259r etm\u0259si v\u0259 s. r\u00fcsvay\u00e7\u0131l\u0131qlar\u0131 yer al\u0131b.<\/p>\n<p>Hesabatda\u00a0<strong>Okamponun Liviyada v\u0259 Afrikada-Sudanda ba\u015f ver\u0259nl\u0259ri ara\u015fd\u0131rmaq \u00fc\u00e7\u00fcn Amal Kluninin h\u0259yat yolda\u015f\u0131, \u201cerm\u0259nid\u0259n daha \u00e7ox erm\u0259ni\u201d olan Hollivud ulduzu Jorc Kluninin<\/strong>\u00a0C\u0130A t\u0259r\u0259find\u0259n maliyy\u0259l\u0259\u015fdiril\u0259n\u00a0<strong>\u00f6z\u0259l dron k\u0259\u015ffiyyat \u015firk\u0259tini<\/strong>\u00a0c\u0259lb etm\u0259si kimi k\u0259skin qanun pozuntular\u0131na yol verm\u0259si, Hollivud ulduzlar\u0131 v\u0259\u00a0 BCM r\u0259hb\u0259rliyi aras\u0131nda m\u00fcnasib\u0259tl\u0259rin beyn\u0259lxalq h\u00fcquq ad\u0131na g\u0259tirdiyi n\u00fcfuz itkisi il\u0259 ba\u011fl\u0131 pe\u015f\u0259kar ekspertl\u0259rin \u00f6ld\u00fcr\u00fcc\u00fc t\u0259nqidl\u0259rinin yer ald\u0131\u011f\u0131 m\u0259nb\u0259l\u0259r t\u0259hlil edilir.<\/p>\n<p><img src=\"https:\/\/ordu.az\/photos\/2023\/08\/1692021839.jpg\" alt=\"Afrikada \u00e7evrili\u015fl\u0259r domino da\u015flar\u0131 kimi bir-birini izl\u0259yir \u2013 ANAL\u0130Z\" width=\"700\" \/><\/p>\n<p>Siyasi korrupsiya v\u0259 of\u015for qalmaqallar\u0131 b\u0259lli olan Okamponun son d\u00f6vrd\u0259 daha bir siyasi korrupsioner\u00a0<strong>amerikal\u0131 erm\u0259ni lobbi\u00e7isi Bob Menendesin<\/strong>\u00a0\u0259laq\u0259l\u0259ri, Konqresd\u0259 birg\u0259 m\u00fczakir\u0259l\u0259r ke\u00e7irm\u0259si, sonuncunun haz\u0131rda istintaq prosesind\u0259 olmas\u0131 fonunda, d\u00fcnya erm\u0259ni \u015f\u0259b\u0259k\u0259sinin h\u00fcquq v\u0259 \u0259dal\u0259t sistemin\u0259 g\u0259tirdiyi q\u0259r\u0259z v\u0259 korrupsiyan\u0131n a\u011f\u0131r n\u0259tic\u0259l\u0259rin\u0259\u00a0 diqq\u0259t c\u0259lb edilir.<\/p>\n<p>Hesabatda Okampo n\u00fcmun\u0259sind\u0259 Argentinada erm\u0259ni diasporu il\u0259 ba\u011fl\u0131 t\u0259dqiqatlar\u0131n, Argentina xarici siyas\u0259tind\u0259 erm\u0259ni faktoru m\u0259s\u0259l\u0259sin\u0259 toxunulur. Erm\u0259ni prezident\u00a0<strong>Karlos Menemd\u0259n sonra \u00f6t\u0259n h\u0259ft\u0259 prezident se\u00e7kil\u0259rind\u0259<\/strong>\u00a0yenid\u0259n\u00a0<strong>dem\u0259k olar ki, erm\u0259nil\u0259rin qalib g\u0259lm\u0259si vur\u011fulan\u0131r.<\/strong>\u00a0Bu aspektd\u0259 Argentinan\u0131n\u00a0<strong>2-ci \u0259n varl\u0131 \u015f\u0259xsi, d\u00fcnyada 53 hava liman\u0131 olan Eduardo Ernekyan\u00a0 fiqurunun son 50 ild\u0259 erm\u0259nip\u0259r\u0259st\u00a0<\/strong>siyas\u0259tin \u0259sas isiml\u0259rind\u0259n olmas\u0131 qeyd edilir.\u00a0 \u00d6t\u0259n h\u0259ft\u0259 prezident se\u00e7il\u0259n\u00a0<strong>Xavyer Miley &#8211; 15 il E.Ernekyan\u0131n iqtisadi m\u00fc\u015faviri olub<\/strong>\u00a0v\u0259\u00a0<strong>onun t\u00f6vsiy\u0259si il\u0259 se\u00e7kil\u0259r\u0259 qat\u0131l\u0131b. Ernekyan\u0131n maliyy\u0259si il\u0259<\/strong>\u00a0qalib g\u0259lib.<\/p>\n<p><img src=\"https:\/\/pravda.az\/cdn\/2020\/october\/24\/fransa.jpg\" alt=\"Az\u0259rbaycan Fransan\u0131 vasit\u0259\u00e7i d\u00f6vl\u0259t kimi q\u0259bul etmir\u201d Pravda.az\" \/><\/p>\n<p>D\u00fcnyada erm\u0259nil\u0259ri himay\u0259 ed\u0259n d\u00f6vl\u0259tl\u0259r s\u0131ras\u0131nda\u00a0<strong>Fransan\u0131 \u00f6n\u0259 \u00e7\u0259kilm\u0259si fonunda<\/strong>\u00a0Argentina k\u00f6lg\u0259d\u0259 qal\u0131b. Halbuki Fransa d\u00fcnya erm\u0259nil\u0259rinin\u00a0<strong>siyasi paytaxt\u0131, Argentina is\u0259-maddi-maliyy\u0259<\/strong>\u00a0paytaxt\u0131d\u0131r. Bu 2 m\u0259qam is\u0259 bir biri il\u0259 s\u0131x ba\u011fl\u0131d\u0131r.\u00a0<strong>Argentina \u0259silli \u015f\u0259xsl\u0259rin beyn\u0259lxalq h\u00fcquq m\u0259kan\u0131na intensiv yerl\u0259\u015fdirilm\u0259si, BCM-d\u0259 ilk prokurorun (Okampo) argentinal\u0131, onun m\u00fcavininin, Okampodan sonrak\u0131 ba\u015f prokurorun da argentinal\u0131 xan\u0131m olmas\u0131, BMT-nin saxta soyq\u0131r\u0131m s\u0259n\u0259dini q\u0259bul etdir\u0259n \u015f\u0259xsin argentinal\u0131 olmas\u0131 diqq\u0259ti \u00e7\u0259kir. G-20 son sammitind\u0259 Argentina prezidenti Fernandesin<\/strong>\u00a0La\u00e7\u0131n blokadas\u0131ndan b\u0259hs etm\u0259si sensasiya olmaqla yana\u015f\u0131, t\u0259sad\u00fcf say\u0131la bilm\u0259z. \u00c7\u00fcnki Fernandesin se\u00e7ki kompaniyas\u0131 L.Arslanyan\u0131n maliyy\u0259si il\u0259 t\u0259\u015fkil edilmi\u015fdi. Bu d\u0259f\u0259 se\u00e7il\u0259n\u00a0<strong>Xavyer Mileyi is\u0259 Eduard Ernelkyan maliyy\u0259l\u0259\u015fdirir. Argentinada biznes-media v\u0259 maliyy\u0259 m\u00fcst\u0259sna<\/strong>\u00a0olaraq erm\u0259nil\u0259r\u0259 m\u0259xsusdur. 2010-cu ild\u0259 erm\u0259nil\u0259r bu \u00f6lk\u0259y\u0259 R.T.\u018frdo\u011fan\u0131n n\u0259z\u0259rd\u0259 tutulmu\u015f s\u0259f\u0259rini l\u0259\u011fv el\u0259tdirmi\u015fdi. O zaman T\u00fcrkiy\u0259 X\u0130N r\u0259smi b\u0259yanatla erm\u0259ni diasporunun bu \u00f6lk\u0259ni y\u00f6n\u0259ltdiyini a\u00e7\u0131qlam\u0131\u015fd\u0131. B\u00fct\u00f6vl\u00fckd\u0259,\u00a0<strong>haz\u0131rda \u00f6lk\u0259miz\u0259 qar\u015f\u0131 a\u00e7\u0131lan yeni: beyn\u0259lxlaq h\u00fcquq, m\u0259hk\u0259m\u0259-diplomatik sava\u015fda Argentina-Fransa, ispandilli \u00f6lk\u0259l\u0259rin h\u00fcquq \u015f\u0259b\u0259k\u0259sinin m\u00fct\u0259\u015f\u0259kkil f\u0259aliyy\u0259tinin n\u0259tic\u0259l\u0259rinin uzun m\u00fcdd\u0259t \u201cqanqarald\u0131c\u0131\u201d effekt yaradaca\u011f\u0131<\/strong>\u00a0istisna deyil. Bu h\u00fccumlara qar\u015f\u0131 is\u0259 ilk v\u0259 ba\u015fl\u0131ca m\u0259s\u0259l\u0259, h\u0259min m\u00fct\u0259\u015f\u0259kkil \u201cbeyn\u0259lxalq h\u00fcquq mafiyas\u0131n\u0131n\u201d \u00e7evik if\u015fa edilm\u0259si, konkret \u015f\u0259xsl\u0259rl\u0259 ba\u011fl\u0131 faktlar\u0131n t\u0259qdim edilm\u0259sidir.<\/p>\n<p><strong>\u018flav\u0259l\u0259r:<\/strong><\/p>\n<p>D\u00fcnyan\u0131n \u0259n varl\u0131 erm\u0259nil\u0259rinin 2-cisi argentinal\u0131, \u00f6t\u0259n h\u0259ft\u0259 prezident se\u00e7il\u0259n \u015f\u0259xsin sabiq \u015fefi v\u0259 maliyy\u0259\u00e7isi Eduard Ernekyand\u0131r.1-ci yerd\u0259ki Sergey Qalitski Bak\u0131dak\u0131 Maqnit ma\u011fazalar \u015f\u0259b\u0259k\u0259sinin sahibidir.<\/p>\n<p><strong>\u00a0Arslanyan\u00a0 v\u0259 i\u015f\u00e7isi Okampo<\/strong><\/p>\n<p><strong>Okampo v\u0259 \u015fefi Arslanyanla ba\u011fl\u0131<\/strong><\/p>\n<p><strong>.<\/strong><\/p>\n<p><strong>2010-cu ild\u0259n B\u018fM-BCM BMT d\u0259 Kofe Anan\u0131 y\u00f6n\u0259ld\u0259n Amal Kluni<\/strong><\/p>\n<p><strong>Xank\u0259ndi v\u0259 \u0130r\u0259vanda Kluni m\u0259rk\u0259zl\u0259rind\u0259 Okampo t\u0259liml\u0259ri\u00a0<\/strong><strong>2015-ci ild\u0259\u00a0\u00a0 Okampo ir\u0259vanda<\/strong><\/p>\n<p>Hassan salame Boqosyan<\/p>\n<p><strong>Okampo Amal Kluni Hassan Salame 2017-ci ild\u0259 \u0130raqda<\/strong><\/p>\n<p><a href=\"https:\/\/www.instagram.com\/p\/BUAjyCXga4w\/\"><strong>https:\/\/www.instagram.com\/p\/BUAjyCXga4w\/<\/strong><\/a><strong>\u00a0\u00a0\u00a0 \u2022Embassy of Iraq \u2013 London.<\/strong>\u00a0<a href=\"https:\/\/www.instagram.com\/p\/BUAjyCXga4w\/\">MAY 13, 2017<\/a><\/p>\n<p><a href=\"https:\/\/www.facebook.com\/juanernesto.mendez\"><strong>Haz\u0131rda<\/strong><\/a><strong>\u00a0BCM-nin r\u0259hb\u0259ri K\u0259rim Xan erm\u0259ni diasporuna xidm\u0259t edir. Amal Kluni onun m\u00fc\u015faviridir<\/strong><\/p>\n<p><strong>Okampo v\u0259 K\u0259rim xan Amal Kluninin M\u0259rk\u0259zind\u0259 r\u0259hb\u0259rlikd\u0259dir<\/strong><\/p>\n<p><strong>Ernekyan\u0131n se\u00e7dirdiyi yeni prezident \u00a0<\/strong><\/p>\n<p><strong>Ernekyan\u0131n himay\u0259 etdiyi Xavyer Mileyin se\u00e7ki simvolu-motopilad\u0131r&#8230;<\/strong><\/p>\n<p><strong>\u00a0<\/strong><\/p>\n<p><strong>Tahir\u0259 Allahyarova, STM \u0130dar\u0259 Hey\u0259tinin \u00fczv\u00fc, professor<\/strong><\/p>\n<p><strong><img src=\"https:\/\/sherg.az\/\/storage\/posts\/July2020\/77795b3f72f73df14d3f128c69403df6.png\" alt=\"STM-d\u0259 daha bir t\u0259yinat...\" \/><\/strong><\/p>\n","protected":false},"excerpt":{"rendered":"<p>Az\u0259rbaycana qar\u015f\u0131 h\u00fccumlar: beyn\u0259lxalq h\u00fcquq, m\u0259hk\u0259m\u0259 v\u0259 \u0259dliyy\u0259 sisteminin apar\u0131c\u0131 institutlar\u0131nda erm\u0259ni diasporunun siyasi korrupsiya f\u0259aliyy\u0259ti \u201cBiz indi Az\u0259rbaycana qar\u015f\u0131 apar\u0131lan misli g\u00f6r\u00fcnm\u0259mi\u015f informasiya m\u00fcharib\u0259si il\u0259 \u00fcz-\u00fcz\u0259 qalm\u0131\u015f\u0131q. Biz, \u0259lb\u0259tt\u0259, \u00f6z g\u00fcc\u00fcm\u00fczl\u0259 buna m\u00fcqavim\u0259t g\u00f6st\u0259ririk, ba\u015f ver\u0259nl\u0259rl\u0259 ba\u011fl\u0131 h\u0259qiq\u0259tl\u0259ri \u00e7atd\u0131rma\u011fa \u00e7al\u0131\u015f\u0131r\u0131q v\u0259 \u00e7atd\u0131r\u0131r\u0131q. Ancaq ba\u015fa d\u00fc\u015fm\u0259k laz\u0131md\u0131r ki, g\u00fccl\u0259r qeyri-b\u0259rab\u0259rdir. \u00c7oxillik m\u00fcst\u0259ml\u0259k\u0259\u00e7ilik tarixin\u0259 malik Fransa kimi \u00f6lk\u0259l\u0259rin d\u00fcnya \u00fczr\u0259 media resurslar\u0131 bizd\u0259kind\u0259n qat-qat \u00e7oxdur.\u201d\u00a0Prezident \u0130lham \u018fL\u0130YEV Beyn\u0259lxalq h\u00fc\u00fcquq, \u0259dliyy\u0259 v\u0259 m\u0259hk\u0259m\u0259 sistemin\u0259 k\u00f6k salm\u0131\u015f erm\u0259ni \u015f\u0259b\u0259k\u0259sinin miqyas v\u0259 f\u0259aliyy\u0259ti onu dem\u0259y\u0259 \u0259sas verir ki,\u00a0d\u00fcnya \u00f6lk\u0259l\u0259rinin s\u0259yl\u0259ri il\u0259 onill\u0259rl\u0259 bir araya&hellip;<\/p>\n","protected":false},"author":2,"featured_media":659457,"comment_status":"closed","ping_status":"closed","sticky":false,"template":"","format":"standard","meta":{"om_disable_all_campaigns":false,"_monsterinsights_skip_tracking":false,"_monsterinsights_sitenote_active":false,"_monsterinsights_sitenote_note":"","_monsterinsights_sitenote_category":0},"categories":[19],"tags":[],"aioseo_notices":[],"gutentor_comment":0,"rttpg_featured_image_url":{"full":["https:\/\/arantv.az\/wp-content\/uploads\/2023\/11\/f21f3d19df3a606e5bec7b9e7dcf5779.jpg",850,500,false],"landscape":["https:\/\/arantv.az\/wp-content\/uploads\/2023\/11\/f21f3d19df3a606e5bec7b9e7dcf5779.jpg",850,500,false],"portraits":["https:\/\/arantv.az\/wp-content\/uploads\/2023\/11\/f21f3d19df3a606e5bec7b9e7dcf5779.jpg",850,500,false],"thumbnail":["https:\/\/arantv.az\/wp-content\/uploads\/2023\/11\/f21f3d19df3a606e5bec7b9e7dcf5779-500x280.jpg",500,280,true],"medium":["https:\/\/arantv.az\/wp-content\/uploads\/2023\/11\/f21f3d19df3a606e5bec7b9e7dcf5779-621x365.jpg",621,365,true],"large":["https:\/\/arantv.az\/wp-content\/uploads\/2023\/11\/f21f3d19df3a606e5bec7b9e7dcf5779-840x494.jpg",640,376,true],"1536x1536":["https:\/\/arantv.az\/wp-content\/uploads\/2023\/11\/f21f3d19df3a606e5bec7b9e7dcf5779.jpg",850,500,false],"2048x2048":["https:\/\/arantv.az\/wp-content\/uploads\/2023\/11\/f21f3d19df3a606e5bec7b9e7dcf5779.jpg",850,500,false],"post-thumbnail":["https:\/\/arantv.az\/wp-content\/uploads\/2023\/11\/f21f3d19df3a606e5bec7b9e7dcf5779-240x172.jpg",240,172,true],"advps-thumb-one":["https:\/\/arantv.az\/wp-content\/uploads\/2023\/11\/f21f3d19df3a606e5bec7b9e7dcf5779.jpg",850,500,false]},"rttpg_author":{"display_name":"V\u00fcsal Rafiqo\u011flu","author_link":"https:\/\/arantv.az\/?author=2"},"rttpg_comment":0,"rttpg_category":"<a href=\"https:\/\/arantv.az\/?cat=19\" rel=\"category\">G\u00fcnd\u0259m<\/a>","rttpg_excerpt":"Az\u0259rbaycana qar\u015f\u0131 h\u00fccumlar: beyn\u0259lxalq h\u00fcquq, m\u0259hk\u0259m\u0259 v\u0259 \u0259dliyy\u0259 sisteminin apar\u0131c\u0131 institutlar\u0131nda erm\u0259ni diasporunun siyasi korrupsiya f\u0259aliyy\u0259ti \u201cBiz indi Az\u0259rbaycana qar\u015f\u0131 apar\u0131lan misli g\u00f6r\u00fcnm\u0259mi\u015f informasiya m\u00fcharib\u0259si il\u0259 \u00fcz-\u00fcz\u0259 qalm\u0131\u015f\u0131q. Biz, \u0259lb\u0259tt\u0259, \u00f6z g\u00fcc\u00fcm\u00fczl\u0259 buna m\u00fcqavim\u0259t g\u00f6st\u0259ririk, ba\u015f ver\u0259nl\u0259rl\u0259 ba\u011fl\u0131 h\u0259qiq\u0259tl\u0259ri \u00e7atd\u0131rma\u011fa \u00e7al\u0131\u015f\u0131r\u0131q v\u0259 \u00e7atd\u0131r\u0131r\u0131q. Ancaq ba\u015fa d\u00fc\u015fm\u0259k laz\u0131md\u0131r ki, g\u00fccl\u0259r qeyri-b\u0259rab\u0259rdir. \u00c7oxillik m\u00fcst\u0259ml\u0259k\u0259\u00e7ilik tarixin\u0259 malik Fransa&hellip;","_links":{"self":[{"href":"https:\/\/arantv.az\/index.php?rest_route=\/wp\/v2\/posts\/659455"}],"collection":[{"href":"https:\/\/arantv.az\/index.php?rest_route=\/wp\/v2\/posts"}],"about":[{"href":"https:\/\/arantv.az\/index.php?rest_route=\/wp\/v2\/types\/post"}],"author":[{"embeddable":true,"href":"https:\/\/arantv.az\/index.php?rest_route=\/wp\/v2\/users\/2"}],"replies":[{"embeddable":true,"href":"https:\/\/arantv.az\/index.php?rest_route=%2Fwp%2Fv2%2Fcomments&post=659455"}],"version-history":[{"count":0,"href":"https:\/\/arantv.az\/index.php?rest_route=\/wp\/v2\/posts\/659455\/revisions"}],"wp:featuredmedia":[{"embeddable":true,"href":"https:\/\/arantv.az\/index.php?rest_route=\/wp\/v2\/media\/659457"}],"wp:attachment":[{"href":"https:\/\/arantv.az\/index.php?rest_route=%2Fwp%2Fv2%2Fmedia&parent=659455"}],"wp:term":[{"taxonomy":"category","embeddable":true,"href":"https:\/\/arantv.az\/index.php?rest_route=%2Fwp%2Fv2%2Fcategories&post=659455"},{"taxonomy":"post_tag","embeddable":true,"href":"https:\/\/arantv.az\/index.php?rest_route=%2Fwp%2Fv2%2Ftags&post=659455"}],"curies":[{"name":"wp","href":"https:\/\/api.w.org\/{rel}","templated":true}]}}