{"id":659465,"date":"2023-11-21T15:14:59","date_gmt":"2023-11-21T11:14:59","guid":{"rendered":"https:\/\/arantv.az\/?p=659465"},"modified":"2023-11-21T15:14:59","modified_gmt":"2023-11-21T11:14:59","slug":"qvadelupali-siyas%c9%99tci-umid-edirik-ki-fransanin-olk%c9%99l%c9%99rimizd%c9%99-tor%c9%99tdiyi-cinay%c9%99tl%c9%99r-taninacaq","status":"publish","type":"post","link":"https:\/\/arantv.az\/?p=659465","title":{"rendered":"Qvadelupal\u0131 siyas\u0259t\u00e7i: \u201c\u00dcmid edirik ki, Fransan\u0131n \u00f6lk\u0259l\u0259rimizd\u0259 t\u00f6r\u0259tdiyi cinay\u0259tl\u0259r tan\u0131nacaq\u201d"},"content":{"rendered":"<p>\u201cFransa s\u00f6z\u00fcn d\u0259y\u0259rini yax\u015f\u0131 bilir v\u0259 ona g\u00f6r\u0259 d\u0259 h\u0259mi\u015f\u0259 s\u00f6z oyunu oynayaraq \u00f6z maraqlar\u0131ndan \u00e7\u0131x\u0131\u015f edir\u201d.<\/p>\n<p>\u201cReport\u201d x\u0259b\u0259r verir ki, bunu Qvadelupan\u0131n Beyn\u0259lxalq Reparasiya H\u0259r\u0259kat\u0131n\u0131n Birinci vitse-prezidenti Viktorina Sinne Bak\u0131 T\u0259\u015f\u0259bb\u00fcs Qrupunun t\u0259\u015fkilat\u00e7\u0131l\u0131\u011f\u0131 il\u0259 h\u0259yata ke\u00e7iril\u0259n \u201cDekolonizasiya: Qad\u0131nlar\u0131n G\u00fccl\u0259ndirilm\u0259si v\u0259 \u0130nki\u015faf\u201d m\u00f6vzusunda t\u0259dbird\u0259 deyib.<\/p>\n<p>O qeyd edib ki, Fransa qarda\u015fl\u0131qdan, b\u0259rab\u0259rlikd\u0259n, azadl\u0131qda dan\u0131\u015f\u0131r, amma b\u00fct\u00fcn bunlar\u0131n kim \u00fc\u00e7\u00fcn n\u0259z\u0259rd\u0259 tutuldu\u011funu bilmir.<\/p>\n<p>\u201c\u00c7\u00fcnki tarix d\u0259 s\u00fcbut edir ki, xalqlar\u0131m\u0131z h\u0259mi\u015f\u0259 ayr\u0131-se\u00e7kiliy\u0259 m\u0259ruz qal\u0131blar. Fransa qarda\u015fl\u0131qdan dan\u0131\u015faraq qarda\u015f q\u0131r\u011f\u0131n\u0131 t\u00f6r\u0259dib, Afrika \u00f6lk\u0259l\u0259rini istismar edib. Biz t\u0259kc\u0259 quldarl\u0131\u011f\u0131n yox, h\u0259m d\u0259 deportasiyan\u0131n qurban\u0131 olmu\u015fuq. \u018frazimizi, milli m\u0259nsubiyy\u0259timizi, m\u00fcst\u0259qilliyimizi, insanlar\u0131m\u0131z\u0131, inanclar\u0131m\u0131z\u0131, ruhumuzu itirmi\u015fik. Bizim h\u0259r \u015feyimiz o\u011furlanm\u0131\u015fd\u0131\u201d.<\/p>\n<p>O bildirib ki, indi bu z\u0259nciri q\u0131rma\u011f\u0131n yollar\u0131 axtar\u0131l\u0131r.<\/p>\n<p>\u201cFransan\u0131n \u00f6lk\u0259l\u0259rimizd\u0259 t\u00f6r\u0259tdiyi cinay\u0259tl\u0259rin tan\u0131naca\u011f\u0131na \u00fcmid edirik. H\u0259r zaman deyirik ki, buna cavab verm\u0259lidirl\u0259r, biz daha ayr\u0131-se\u00e7kilik ist\u0259mirik. El\u0259 bir c\u0259miyy\u0259t ist\u0259yirik ki, m\u0259nsubiyy\u0259timizi qoruya bil\u0259k. \u0130st\u0259yirik ki, b\u00fct\u00fcn Afrika \u00f6lk\u0259l\u0259ri deportasiyaya qar\u015f\u0131 m\u00fcbariz\u0259ni g\u00fccl\u0259ndir\u0259 bilsinl\u0259r\u201d, &#8211; dey\u0259 o, s\u00f6zl\u0259rin\u0259 \u0259lav\u0259 edib.<\/p>\n","protected":false},"excerpt":{"rendered":"<p>\u201cFransa s\u00f6z\u00fcn d\u0259y\u0259rini yax\u015f\u0131 bilir v\u0259 ona g\u00f6r\u0259 d\u0259 h\u0259mi\u015f\u0259 s\u00f6z oyunu oynayaraq \u00f6z maraqlar\u0131ndan \u00e7\u0131x\u0131\u015f edir\u201d. \u201cReport\u201d x\u0259b\u0259r verir ki, bunu Qvadelupan\u0131n Beyn\u0259lxalq Reparasiya H\u0259r\u0259kat\u0131n\u0131n Birinci vitse-prezidenti Viktorina Sinne Bak\u0131 T\u0259\u015f\u0259bb\u00fcs Qrupunun t\u0259\u015fkilat\u00e7\u0131l\u0131\u011f\u0131 il\u0259 h\u0259yata ke\u00e7iril\u0259n \u201cDekolonizasiya: Qad\u0131nlar\u0131n G\u00fccl\u0259ndirilm\u0259si v\u0259 \u0130nki\u015faf\u201d m\u00f6vzusunda t\u0259dbird\u0259 deyib. O qeyd edib ki, Fransa qarda\u015fl\u0131qdan, b\u0259rab\u0259rlikd\u0259n, azadl\u0131qda dan\u0131\u015f\u0131r, amma b\u00fct\u00fcn bunlar\u0131n kim \u00fc\u00e7\u00fcn n\u0259z\u0259rd\u0259 tutuldu\u011funu bilmir. \u201c\u00c7\u00fcnki tarix d\u0259 s\u00fcbut edir ki, xalqlar\u0131m\u0131z h\u0259mi\u015f\u0259 ayr\u0131-se\u00e7kiliy\u0259 m\u0259ruz qal\u0131blar. Fransa qarda\u015fl\u0131qdan dan\u0131\u015faraq qarda\u015f q\u0131r\u011f\u0131n\u0131 t\u00f6r\u0259dib, Afrika \u00f6lk\u0259l\u0259rini istismar edib. Biz t\u0259kc\u0259 quldarl\u0131\u011f\u0131n yox, h\u0259m d\u0259 deportasiyan\u0131n&hellip;<\/p>\n","protected":false},"author":2,"featured_media":659472,"comment_status":"closed","ping_status":"closed","sticky":false,"template":"","format":"standard","meta":{"om_disable_all_campaigns":false,"_monsterinsights_skip_tracking":false,"_monsterinsights_sitenote_active":false,"_monsterinsights_sitenote_note":"","_monsterinsights_sitenote_category":0},"categories":[4],"tags":[],"aioseo_notices":[],"gutentor_comment":0,"rttpg_featured_image_url":{"full":["https:\/\/arantv.az\/wp-content\/uploads\/2023\/11\/dfrt.jpg",620,413,false],"landscape":["https:\/\/arantv.az\/wp-content\/uploads\/2023\/11\/dfrt.jpg",620,413,false],"portraits":["https:\/\/arantv.az\/wp-content\/uploads\/2023\/11\/dfrt.jpg",620,413,false],"thumbnail":["https:\/\/arantv.az\/wp-content\/uploads\/2023\/11\/dfrt-500x280.jpg",500,280,true],"medium":["https:\/\/arantv.az\/wp-content\/uploads\/2023\/11\/dfrt-548x365.jpg",548,365,true],"large":["https:\/\/arantv.az\/wp-content\/uploads\/2023\/11\/dfrt.jpg",620,413,false],"1536x1536":["https:\/\/arantv.az\/wp-content\/uploads\/2023\/11\/dfrt.jpg",620,413,false],"2048x2048":["https:\/\/arantv.az\/wp-content\/uploads\/2023\/11\/dfrt.jpg",620,413,false],"post-thumbnail":["https:\/\/arantv.az\/wp-content\/uploads\/2023\/11\/dfrt-240x172.jpg",240,172,true],"advps-thumb-one":["https:\/\/arantv.az\/wp-content\/uploads\/2023\/11\/dfrt.jpg",620,413,false]},"rttpg_author":{"display_name":"V\u00fcsal Rafiqo\u011flu","author_link":"https:\/\/arantv.az\/?author=2"},"rttpg_comment":0,"rttpg_category":"<a href=\"https:\/\/arantv.az\/?cat=4\" rel=\"category\">Siyas\u0259t<\/a>","rttpg_excerpt":"\u201cFransa s\u00f6z\u00fcn d\u0259y\u0259rini yax\u015f\u0131 bilir v\u0259 ona g\u00f6r\u0259 d\u0259 h\u0259mi\u015f\u0259 s\u00f6z oyunu oynayaraq \u00f6z maraqlar\u0131ndan \u00e7\u0131x\u0131\u015f edir\u201d. \u201cReport\u201d x\u0259b\u0259r verir ki, bunu Qvadelupan\u0131n Beyn\u0259lxalq Reparasiya H\u0259r\u0259kat\u0131n\u0131n Birinci vitse-prezidenti Viktorina Sinne Bak\u0131 T\u0259\u015f\u0259bb\u00fcs Qrupunun t\u0259\u015fkilat\u00e7\u0131l\u0131\u011f\u0131 il\u0259 h\u0259yata ke\u00e7iril\u0259n \u201cDekolonizasiya: Qad\u0131nlar\u0131n G\u00fccl\u0259ndirilm\u0259si v\u0259 \u0130nki\u015faf\u201d m\u00f6vzusunda t\u0259dbird\u0259 deyib. O qeyd edib ki, Fransa qarda\u015fl\u0131qdan, b\u0259rab\u0259rlikd\u0259n, azadl\u0131qda dan\u0131\u015f\u0131r, amma&hellip;","_links":{"self":[{"href":"https:\/\/arantv.az\/index.php?rest_route=\/wp\/v2\/posts\/659465"}],"collection":[{"href":"https:\/\/arantv.az\/index.php?rest_route=\/wp\/v2\/posts"}],"about":[{"href":"https:\/\/arantv.az\/index.php?rest_route=\/wp\/v2\/types\/post"}],"author":[{"embeddable":true,"href":"https:\/\/arantv.az\/index.php?rest_route=\/wp\/v2\/users\/2"}],"replies":[{"embeddable":true,"href":"https:\/\/arantv.az\/index.php?rest_route=%2Fwp%2Fv2%2Fcomments&post=659465"}],"version-history":[{"count":0,"href":"https:\/\/arantv.az\/index.php?rest_route=\/wp\/v2\/posts\/659465\/revisions"}],"wp:featuredmedia":[{"embeddable":true,"href":"https:\/\/arantv.az\/index.php?rest_route=\/wp\/v2\/media\/659472"}],"wp:attachment":[{"href":"https:\/\/arantv.az\/index.php?rest_route=%2Fwp%2Fv2%2Fmedia&parent=659465"}],"wp:term":[{"taxonomy":"category","embeddable":true,"href":"https:\/\/arantv.az\/index.php?rest_route=%2Fwp%2Fv2%2Fcategories&post=659465"},{"taxonomy":"post_tag","embeddable":true,"href":"https:\/\/arantv.az\/index.php?rest_route=%2Fwp%2Fv2%2Ftags&post=659465"}],"curies":[{"name":"wp","href":"https:\/\/api.w.org\/{rel}","templated":true}]}}