{"id":659468,"date":"2023-11-21T15:14:21","date_gmt":"2023-11-21T11:14:21","guid":{"rendered":"https:\/\/arantv.az\/?p=659468"},"modified":"2023-11-21T15:14:21","modified_gmt":"2023-11-21T11:14:21","slug":"kecmis-is-adami-onun-evind%c9%99n-sevgilisini-aparmaq-ist%c9%99y%c9%99n-sahibkari-bicaqladi","status":"publish","type":"post","link":"https:\/\/arantv.az\/?p=659468","title":{"rendered":"Ke\u00e7mi\u015f i\u015f adam\u0131 onun evind\u0259n sevgilisini aparmaq ist\u0259y\u0259n sahibkar\u0131 b\u0131\u00e7aqlad\u0131"},"content":{"rendered":"<p>Bak\u0131 A\u011f\u0131r Cinay\u0259tl\u0259r M\u0259hk\u0259m\u0259sind\u0259 q\u0259sd\u0259n sa\u011flaml\u0131\u011fa a\u011f\u0131r z\u0259r\u0259r vurmada t\u0259qsirl\u0259ndiril\u0259n D\u0259mir \u018flib\u0259ylinin (\u015f\u0259rti) cinay\u0259t i\u015fi \u00fczr\u0259 m\u0259hk\u0259m\u0259 istintaq\u0131 yekunla\u015f\u0131b.<\/p>\n<p>Pravda.az x\u0259b\u0259r verir ki,\u00a0hakim Telman H\u00fcseynovun s\u0259drliyi il\u0259 ke\u00e7iril\u0259n prosesd\u0259 h\u00f6km oxunub.<\/p>\n<p>M\u0259hk\u0259m\u0259nin h\u00f6km\u00fc il\u0259 o, 5 il m\u00fcdd\u0259tin\u0259 azadl\u0131qdan m\u0259hrum edilib.<\/p>\n<p>\u0130ttihama g\u00f6r\u0259, 24 yanvar 2023-c\u00fc il tarixd\u0259, saat 02 rad\u0259l\u0259rind\u0259 paytaxt \u0259razisind\u0259 yerl\u0259\u015f\u0259n evl\u0259rin birind\u0259 qeyd\u0259 al\u0131n\u0131b.<\/p>\n<p>Bel\u0259 ki, D\u0259mir \u018flib\u0259ylinin tan\u0131\u015f\u0131, z\u0259r\u0259r\u00e7\u0259kmi\u015f Qabil Q\u00fcdr\u0259tov onun kiray\u0259 ya\u015fad\u0131\u011f\u0131 \u00fcnvana g\u0259l\u0259r\u0259k \u0259vv\u0259lc\u0259 m\u0259nzilin qap\u0131s\u0131n\u0131 t\u0259pikl\u0259 vurub. Z\u0259r\u0259r\u00e7\u0259kmi\u015f t\u0259qsirl\u0259ndiril\u0259n \u015f\u0259xsin qeyri-r\u0259smi arvad\u0131 S\u0259man\u0131 \u00f6z\u00fc il\u0259 aparmaq ist\u0259yib. Bu zaman onlar\u0131n aras\u0131nda m\u00fcbahis\u0259 d\u00fc\u015f\u00fcb. D\u0259mir \u0259lind\u0259 olan \u015f\u00fc\u015f\u0259 qabla v\u0259 taxta il\u0259 Qabilin b\u0259d\u0259ninin m\u00fcxt\u0259lif nahiy\u0259l\u0259rin\u0259 z\u0259rb\u0259 endirib. Daha sonra o, m\u0259tb\u0259x b\u0131\u00e7a\u011f\u0131 il\u0259 q\u0259sd\u0259n z\u0259r\u0259r\u00e7\u0259kmi\u015f \u015f\u0259xsin b\u0259d\u0259ninin m\u00fcxt\u0259lif yerl\u0259rin\u0259 vuraraq, ona x\u0259sar\u0259t yetirib.<\/p>\n<p>Hadis\u0259d\u0259n sonra D\u0259mir \u018flib\u0259yli saxlan\u0131l\u0131b.<\/p>\n<p>M\u0259hk\u0259m\u0259d\u0259 D\u0259mir \u018flib\u0259yli elan olunmu\u015f ittiham \u00fczr\u0259 \u00f6z\u00fcn\u00fc t\u0259qsirli bilm\u0259yib. O deyib ki, \u00f6z\u00fc G\u0259nc\u0259 \u015f\u0259h\u0259rind\u0259 b\u00f6y\u00fck i\u015f adam\u0131 olub, sonra maddi c\u0259h\u0259td\u0259n v\u0259ziyy\u0259ti yax\u015f\u0131 olmad\u0131\u011f\u0131 \u00fc\u00e7\u00fcn Bak\u0131ya g\u0259lib. Burada icar\u0259y\u0259 kafe g\u00f6t\u00fcr\u00fcb i\u015fl\u0259tm\u0259y\u0259 ba\u015flay\u0131b. Kafed\u0259 d\u0259 i\u015fl\u0259ri yax\u015f\u0131 olmad\u0131\u011f\u0131 \u00fc\u00e7\u00fcn onu ba\u011flamal\u0131 olub. Sonra S\u0259ma doqquz ay sahibkarl\u0131qla m\u0259\u015f\u011ful olan Qabilin yan\u0131nda i\u015fl\u0259yib. D\u0259mir \u018flib\u0259ylinin s\u00f6zl\u0259rin\u0259 g\u00f6r\u0259, hadis\u0259d\u0259n \u0259vv\u0259l S\u0259ma il\u0259 Qabilin aras\u0131nda n\u0259s\u0259 oldu\u011funu e\u015fidib, lakin z\u0259r\u0259r\u00e7\u0259kmi\u015f and i\u00e7\u0259r\u0259k bel\u0259 bir hal\u0131n ba\u015f verm\u0259diyini s\u00f6yl\u0259yib.<\/p>\n","protected":false},"excerpt":{"rendered":"<p>Bak\u0131 A\u011f\u0131r Cinay\u0259tl\u0259r M\u0259hk\u0259m\u0259sind\u0259 q\u0259sd\u0259n sa\u011flaml\u0131\u011fa a\u011f\u0131r z\u0259r\u0259r vurmada t\u0259qsirl\u0259ndiril\u0259n D\u0259mir \u018flib\u0259ylinin (\u015f\u0259rti) cinay\u0259t i\u015fi \u00fczr\u0259 m\u0259hk\u0259m\u0259 istintaq\u0131 yekunla\u015f\u0131b. Pravda.az x\u0259b\u0259r verir ki,\u00a0hakim Telman H\u00fcseynovun s\u0259drliyi il\u0259 ke\u00e7iril\u0259n prosesd\u0259 h\u00f6km oxunub. M\u0259hk\u0259m\u0259nin h\u00f6km\u00fc il\u0259 o, 5 il m\u00fcdd\u0259tin\u0259 azadl\u0131qdan m\u0259hrum edilib. \u0130ttihama g\u00f6r\u0259, 24 yanvar 2023-c\u00fc il tarixd\u0259, saat 02 rad\u0259l\u0259rind\u0259 paytaxt \u0259razisind\u0259 yerl\u0259\u015f\u0259n evl\u0259rin birind\u0259 qeyd\u0259 al\u0131n\u0131b. Bel\u0259 ki, D\u0259mir \u018flib\u0259ylinin tan\u0131\u015f\u0131, z\u0259r\u0259r\u00e7\u0259kmi\u015f Qabil Q\u00fcdr\u0259tov onun kiray\u0259 ya\u015fad\u0131\u011f\u0131 \u00fcnvana g\u0259l\u0259r\u0259k \u0259vv\u0259lc\u0259 m\u0259nzilin qap\u0131s\u0131n\u0131 t\u0259pikl\u0259 vurub. Z\u0259r\u0259r\u00e7\u0259kmi\u015f t\u0259qsirl\u0259ndiril\u0259n \u015f\u0259xsin qeyri-r\u0259smi arvad\u0131 S\u0259man\u0131 \u00f6z\u00fc il\u0259 aparmaq ist\u0259yib. Bu zaman onlar\u0131n aras\u0131nda&hellip;<\/p>\n","protected":false},"author":2,"featured_media":659469,"comment_status":"closed","ping_status":"closed","sticky":false,"template":"","format":"standard","meta":{"om_disable_all_campaigns":false,"_monsterinsights_skip_tracking":false,"_monsterinsights_sitenote_active":false,"_monsterinsights_sitenote_note":"","_monsterinsights_sitenote_category":0},"categories":[5],"tags":[],"aioseo_notices":[],"gutentor_comment":0,"rttpg_featured_image_url":{"full":["https:\/\/arantv.az\/wp-content\/uploads\/2023\/11\/qadin.jpg",620,413,false],"landscape":["https:\/\/arantv.az\/wp-content\/uploads\/2023\/11\/qadin.jpg",620,413,false],"portraits":["https:\/\/arantv.az\/wp-content\/uploads\/2023\/11\/qadin.jpg",620,413,false],"thumbnail":["https:\/\/arantv.az\/wp-content\/uploads\/2023\/11\/qadin-500x280.jpg",500,280,true],"medium":["https:\/\/arantv.az\/wp-content\/uploads\/2023\/11\/qadin-548x365.jpg",548,365,true],"large":["https:\/\/arantv.az\/wp-content\/uploads\/2023\/11\/qadin.jpg",620,413,false],"1536x1536":["https:\/\/arantv.az\/wp-content\/uploads\/2023\/11\/qadin.jpg",620,413,false],"2048x2048":["https:\/\/arantv.az\/wp-content\/uploads\/2023\/11\/qadin.jpg",620,413,false],"post-thumbnail":["https:\/\/arantv.az\/wp-content\/uploads\/2023\/11\/qadin-240x172.jpg",240,172,true],"advps-thumb-one":["https:\/\/arantv.az\/wp-content\/uploads\/2023\/11\/qadin.jpg",620,413,false]},"rttpg_author":{"display_name":"V\u00fcsal Rafiqo\u011flu","author_link":"https:\/\/arantv.az\/?author=2"},"rttpg_comment":0,"rttpg_category":"<a href=\"https:\/\/arantv.az\/?cat=5\" rel=\"category\">Hadis\u0259<\/a>","rttpg_excerpt":"Bak\u0131 A\u011f\u0131r Cinay\u0259tl\u0259r M\u0259hk\u0259m\u0259sind\u0259 q\u0259sd\u0259n sa\u011flaml\u0131\u011fa a\u011f\u0131r z\u0259r\u0259r vurmada t\u0259qsirl\u0259ndiril\u0259n D\u0259mir \u018flib\u0259ylinin (\u015f\u0259rti) cinay\u0259t i\u015fi \u00fczr\u0259 m\u0259hk\u0259m\u0259 istintaq\u0131 yekunla\u015f\u0131b. Pravda.az x\u0259b\u0259r verir ki,\u00a0hakim Telman H\u00fcseynovun s\u0259drliyi il\u0259 ke\u00e7iril\u0259n prosesd\u0259 h\u00f6km oxunub. M\u0259hk\u0259m\u0259nin h\u00f6km\u00fc il\u0259 o, 5 il m\u00fcdd\u0259tin\u0259 azadl\u0131qdan m\u0259hrum edilib. \u0130ttihama g\u00f6r\u0259, 24 yanvar 2023-c\u00fc il tarixd\u0259, saat 02 rad\u0259l\u0259rind\u0259 paytaxt \u0259razisind\u0259 yerl\u0259\u015f\u0259n evl\u0259rin&hellip;","_links":{"self":[{"href":"https:\/\/arantv.az\/index.php?rest_route=\/wp\/v2\/posts\/659468"}],"collection":[{"href":"https:\/\/arantv.az\/index.php?rest_route=\/wp\/v2\/posts"}],"about":[{"href":"https:\/\/arantv.az\/index.php?rest_route=\/wp\/v2\/types\/post"}],"author":[{"embeddable":true,"href":"https:\/\/arantv.az\/index.php?rest_route=\/wp\/v2\/users\/2"}],"replies":[{"embeddable":true,"href":"https:\/\/arantv.az\/index.php?rest_route=%2Fwp%2Fv2%2Fcomments&post=659468"}],"version-history":[{"count":0,"href":"https:\/\/arantv.az\/index.php?rest_route=\/wp\/v2\/posts\/659468\/revisions"}],"wp:featuredmedia":[{"embeddable":true,"href":"https:\/\/arantv.az\/index.php?rest_route=\/wp\/v2\/media\/659469"}],"wp:attachment":[{"href":"https:\/\/arantv.az\/index.php?rest_route=%2Fwp%2Fv2%2Fmedia&parent=659468"}],"wp:term":[{"taxonomy":"category","embeddable":true,"href":"https:\/\/arantv.az\/index.php?rest_route=%2Fwp%2Fv2%2Fcategories&post=659468"},{"taxonomy":"post_tag","embeddable":true,"href":"https:\/\/arantv.az\/index.php?rest_route=%2Fwp%2Fv2%2Ftags&post=659468"}],"curies":[{"name":"wp","href":"https:\/\/api.w.org\/{rel}","templated":true}]}}