{"id":659471,"date":"2023-11-21T15:17:25","date_gmt":"2023-11-21T11:17:25","guid":{"rendered":"https:\/\/arantv.az\/?p=659471"},"modified":"2023-11-21T15:17:25","modified_gmt":"2023-11-21T11:17:25","slug":"rok-xaokas-yeni-kaledoniya-baki-t%c9%99s%c9%99bbus-qrupunun-f%c9%99aliyy%c9%99tini-yuks%c9%99k-qiym%c9%99tl%c9%99ndirir","status":"publish","type":"post","link":"https:\/\/arantv.az\/?p=659471","title":{"rendered":"Rok Xaokas: \u201cYeni Kaledoniya Bak\u0131 T\u0259\u015f\u0259bb\u00fcs Qrupunun f\u0259aliyy\u0259tini y\u00fcks\u0259k qiym\u0259tl\u0259ndirir\u201d"},"content":{"rendered":"<p>\u201cYeni Kaledoniya Bak\u0131 T\u0259\u015f\u0259bb\u00fcs Qrupunun f\u0259aliyy\u0259tini y\u00fcks\u0259k qiym\u0259tl\u0259ndirir\u201d.<\/p>\n<p>\u201cReport\u201d x\u0259b\u0259r verir ki, bunu Kanak \u0130\u015f\u00e7il\u0259ri H\u0259mkarlar \u0130ttifaq\u0131n\u0131n xarici m\u0259s\u0259l\u0259l\u0259r \u00fczr\u0259 koordinatoru Rok Xaokas noyabr\u0131n 21-d\u0259 Bak\u0131 T\u0259\u015f\u0259bb\u00fcs Qrupunun t\u0259\u015fkilat\u00e7\u0131l\u0131\u011f\u0131 il\u0259 Bak\u0131da \u201cDekolonizasiya: Qad\u0131nlar\u0131n g\u00fccl\u0259ndirilm\u0259si v\u0259 inki\u015faf\u0131\u201d m\u00f6vzusunda ke\u00e7iril\u0259n konfransda deyib.<\/p>\n<p>\u201c\u00d6t\u0259n ay Bak\u0131da b\u0259yannam\u0259 q\u0259bul olunub v\u0259 n\u00f6vb\u0259ti ill\u0259rd\u0259 d\u0259 biz bu prinsipl\u0259r\u0259 sadiq olmal\u0131y\u0131q. Biz Az\u0259rbaycan\u0131n \u0259dal\u0259t\u0259 nail olmaq \u00fc\u00e7\u00fcn siyasi irad\u0259sini g\u00f6r\u00fcr\u00fck\u201d, &#8211; dey\u0259 Rok Xaokas bildirib.<\/p>\n","protected":false},"excerpt":{"rendered":"<p>\u201cYeni Kaledoniya Bak\u0131 T\u0259\u015f\u0259bb\u00fcs Qrupunun f\u0259aliyy\u0259tini y\u00fcks\u0259k qiym\u0259tl\u0259ndirir\u201d. \u201cReport\u201d x\u0259b\u0259r verir ki, bunu Kanak \u0130\u015f\u00e7il\u0259ri H\u0259mkarlar \u0130ttifaq\u0131n\u0131n xarici m\u0259s\u0259l\u0259l\u0259r \u00fczr\u0259 koordinatoru Rok Xaokas noyabr\u0131n 21-d\u0259 Bak\u0131 T\u0259\u015f\u0259bb\u00fcs Qrupunun t\u0259\u015fkilat\u00e7\u0131l\u0131\u011f\u0131 il\u0259 Bak\u0131da \u201cDekolonizasiya: Qad\u0131nlar\u0131n g\u00fccl\u0259ndirilm\u0259si v\u0259 inki\u015faf\u0131\u201d m\u00f6vzusunda ke\u00e7iril\u0259n konfransda deyib. \u201c\u00d6t\u0259n ay Bak\u0131da b\u0259yannam\u0259 q\u0259bul olunub v\u0259 n\u00f6vb\u0259ti ill\u0259rd\u0259 d\u0259 biz bu prinsipl\u0259r\u0259 sadiq olmal\u0131y\u0131q. Biz Az\u0259rbaycan\u0131n \u0259dal\u0259t\u0259 nail olmaq \u00fc\u00e7\u00fcn siyasi irad\u0259sini g\u00f6r\u00fcr\u00fck\u201d, &#8211; dey\u0259 Rok Xaokas bildirib.<\/p>\n","protected":false},"author":2,"featured_media":659475,"comment_status":"closed","ping_status":"closed","sticky":false,"template":"","format":"standard","meta":{"om_disable_all_campaigns":false,"_monsterinsights_skip_tracking":false,"_monsterinsights_sitenote_active":false,"_monsterinsights_sitenote_note":"","_monsterinsights_sitenote_category":0},"categories":[4],"tags":[],"aioseo_notices":[],"gutentor_comment":0,"rttpg_featured_image_url":{"full":["https:\/\/arantv.az\/wp-content\/uploads\/2023\/11\/e152b4f7-b339-3792-95ea-035895e8f1a4_850.jpg",620,413,false],"landscape":["https:\/\/arantv.az\/wp-content\/uploads\/2023\/11\/e152b4f7-b339-3792-95ea-035895e8f1a4_850.jpg",620,413,false],"portraits":["https:\/\/arantv.az\/wp-content\/uploads\/2023\/11\/e152b4f7-b339-3792-95ea-035895e8f1a4_850.jpg",620,413,false],"thumbnail":["https:\/\/arantv.az\/wp-content\/uploads\/2023\/11\/e152b4f7-b339-3792-95ea-035895e8f1a4_850-500x280.jpg",500,280,true],"medium":["https:\/\/arantv.az\/wp-content\/uploads\/2023\/11\/e152b4f7-b339-3792-95ea-035895e8f1a4_850-548x365.jpg",548,365,true],"large":["https:\/\/arantv.az\/wp-content\/uploads\/2023\/11\/e152b4f7-b339-3792-95ea-035895e8f1a4_850.jpg",620,413,false],"1536x1536":["https:\/\/arantv.az\/wp-content\/uploads\/2023\/11\/e152b4f7-b339-3792-95ea-035895e8f1a4_850.jpg",620,413,false],"2048x2048":["https:\/\/arantv.az\/wp-content\/uploads\/2023\/11\/e152b4f7-b339-3792-95ea-035895e8f1a4_850.jpg",620,413,false],"post-thumbnail":["https:\/\/arantv.az\/wp-content\/uploads\/2023\/11\/e152b4f7-b339-3792-95ea-035895e8f1a4_850-240x172.jpg",240,172,true],"advps-thumb-one":["https:\/\/arantv.az\/wp-content\/uploads\/2023\/11\/e152b4f7-b339-3792-95ea-035895e8f1a4_850.jpg",620,413,false]},"rttpg_author":{"display_name":"V\u00fcsal Rafiqo\u011flu","author_link":"https:\/\/arantv.az\/?author=2"},"rttpg_comment":0,"rttpg_category":"<a href=\"https:\/\/arantv.az\/?cat=4\" rel=\"category\">Siyas\u0259t<\/a>","rttpg_excerpt":"\u201cYeni Kaledoniya Bak\u0131 T\u0259\u015f\u0259bb\u00fcs Qrupunun f\u0259aliyy\u0259tini y\u00fcks\u0259k qiym\u0259tl\u0259ndirir\u201d. \u201cReport\u201d x\u0259b\u0259r verir ki, bunu Kanak \u0130\u015f\u00e7il\u0259ri H\u0259mkarlar \u0130ttifaq\u0131n\u0131n xarici m\u0259s\u0259l\u0259l\u0259r \u00fczr\u0259 koordinatoru Rok Xaokas noyabr\u0131n 21-d\u0259 Bak\u0131 T\u0259\u015f\u0259bb\u00fcs Qrupunun t\u0259\u015fkilat\u00e7\u0131l\u0131\u011f\u0131 il\u0259 Bak\u0131da \u201cDekolonizasiya: Qad\u0131nlar\u0131n g\u00fccl\u0259ndirilm\u0259si v\u0259 inki\u015faf\u0131\u201d m\u00f6vzusunda ke\u00e7iril\u0259n konfransda deyib. \u201c\u00d6t\u0259n ay Bak\u0131da b\u0259yannam\u0259 q\u0259bul olunub v\u0259 n\u00f6vb\u0259ti ill\u0259rd\u0259 d\u0259 biz bu prinsipl\u0259r\u0259 sadiq olmal\u0131y\u0131q.&hellip;","_links":{"self":[{"href":"https:\/\/arantv.az\/index.php?rest_route=\/wp\/v2\/posts\/659471"}],"collection":[{"href":"https:\/\/arantv.az\/index.php?rest_route=\/wp\/v2\/posts"}],"about":[{"href":"https:\/\/arantv.az\/index.php?rest_route=\/wp\/v2\/types\/post"}],"author":[{"embeddable":true,"href":"https:\/\/arantv.az\/index.php?rest_route=\/wp\/v2\/users\/2"}],"replies":[{"embeddable":true,"href":"https:\/\/arantv.az\/index.php?rest_route=%2Fwp%2Fv2%2Fcomments&post=659471"}],"version-history":[{"count":0,"href":"https:\/\/arantv.az\/index.php?rest_route=\/wp\/v2\/posts\/659471\/revisions"}],"wp:featuredmedia":[{"embeddable":true,"href":"https:\/\/arantv.az\/index.php?rest_route=\/wp\/v2\/media\/659475"}],"wp:attachment":[{"href":"https:\/\/arantv.az\/index.php?rest_route=%2Fwp%2Fv2%2Fmedia&parent=659471"}],"wp:term":[{"taxonomy":"category","embeddable":true,"href":"https:\/\/arantv.az\/index.php?rest_route=%2Fwp%2Fv2%2Fcategories&post=659471"},{"taxonomy":"post_tag","embeddable":true,"href":"https:\/\/arantv.az\/index.php?rest_route=%2Fwp%2Fv2%2Ftags&post=659471"}],"curies":[{"name":"wp","href":"https:\/\/api.w.org\/{rel}","templated":true}]}}