{"id":659477,"date":"2023-11-21T15:21:19","date_gmt":"2023-11-21T11:21:19","guid":{"rendered":"https:\/\/arantv.az\/?p=659477"},"modified":"2023-11-21T15:21:19","modified_gmt":"2023-11-21T11:21:19","slug":"erm%c9%99nistanin-isgal-dovrund%c9%99-az%c9%99rbaycan-%c9%99razil%c9%99rind%c9%99-qurdugu-aviasiya-mane%c9%99l%c9%99ri-m%c9%99hv-edilir-foto-video","status":"publish","type":"post","link":"https:\/\/arantv.az\/?p=659477","title":{"rendered":"Erm\u0259nistan\u0131n i\u015f\u011fal d\u00f6vr\u00fcnd\u0259 Az\u0259rbaycan \u0259razil\u0259rind\u0259 qurdu\u011fu aviasiya mane\u0259l\u0259ri m\u0259hv edilir &#8211; FOTO\/V\u0130DEO"},"content":{"rendered":"<p>Erm\u0259nistan ordusunun i\u015f\u011fal alt\u0131nda saxlad\u0131\u011f\u0131 Az\u0259rbaycan \u0259razil\u0259rind\u0259 yaratd\u0131\u011f\u0131 m\u00fcdafi\u0259 &#8211; s\u00fcni istehkam qur\u011fular\u0131 a\u015fkarlanaraq m\u0259hv edilir.<\/p>\n<p>APA x\u0259b\u0259r verir ki, Erm\u0259nistan ordusunun hava h\u00fccumundan m\u00fcdafi\u0259 m\u0259qs\u0259di il\u0259 bir-birin\u0259 \u201ctikdiyi\u201d \u201ctros\u201dlar, daha do\u011frusu d\u0259mir torlar a\u015fkarlanaraq s\u00f6k\u00fcl\u00fcb.<\/p>\n<p>44 g\u00fcnl\u00fck V\u0259t\u0259n m\u00fcharib\u0259sind\u0259n sonra bel\u0259 m\u00fcdafi\u0259 x\u0259tl\u0259rin\u0259 ilk d\u0259f\u0259 Hadrut istiqam\u0259tind\u0259 rast g\u0259linib. Sonra is\u0259 A\u011fdam rayonunun i\u015f\u011faldan azad edil\u0259n Q\u0131z\u0131ll\u0131 K\u0259ng\u0259rli k\u0259ndi \u0259razisind\u0259 g\u00f6r\u00fcn\u00fcb. Hava h\u00fccumunun qar\u015f\u0131s\u0131n\u0131 almaq \u00fc\u00e7\u00fcn istifad\u0259 edil\u0259n bu \u201cmetod\u201d \u015eu\u015fa v\u0259 La\u00e7\u0131n da\u011flar\u0131nda a\u015fkarlan\u0131b. M\u0259qs\u0259d geni\u015fmiqyasl\u0131 h\u0259rbi \u0259m\u0259liyyatlar zaman\u0131 Az\u0259rbaycan Ordusunun a\u015fa\u011f\u0131 m\u0259saf\u0259d\u0259n aviasiya u\u00e7u\u015funun qar\u015f\u0131s\u0131n\u0131 almaq \u00fc\u00e7\u00fcn n\u0259z\u0259rd\u0259 tutulub.<\/p>\n<p>Erm\u0259nistan ordusunun da\u011fdan-da\u011fa \u00e7\u0259kdiyi, \u00fcmumi uzunlu\u011fu 1000 metrd\u0259n art\u0131q olan qal\u0131n troslar &#8211; t\u0259xmin\u0259n 40 metrd\u0259n bir h\u0259min trosa b\u0259rkidil\u0259r\u0259k a\u015fa\u011f\u0131 sallanan troslar &#8211; ciddi v\u0259 hiyl\u0259g\u0259r mane\u0259 hesab edilir.<\/p>\n<div><iframe loading=\"lazy\" id=\"telegram-post-oxuaze-70649\" src=\"https:\/\/t.me\/oxuaze\/70649?embed=1\" width=\"100%\" height=\"\" frameborder=\"0\" scrolling=\"no\" data-mce-fragment=\"1\"><\/iframe><\/div>\n<p>&nbsp;<\/p>\n<div class=\"gallery\">\n<div class=\"gallery-i\"><img src=\"https:\/\/cdn.oxu.az\/uploads\/W1siZiIsIjIwMjMvMTEvMjEvMTQvNDYvNTgvZDY0YmRiMTQtY2RmYi00NzJkLWI1NDUtYzJiMjM1MjIyM2VhLzY1NWM4NmFjOTc1ZDQ2NTVjODZhYzk3NWQ1MTcwMDU2MjYwMzVjMWVkZjQ3MmZlMjQ3Y2VhMWVmOWQxNDA5NzdhMDBiLmpwZWciXSxbInAiLCJlbmNvZGUiLCJqcGciLCItcXVhbGl0eSA4MCJdLFsicCIsInRodW1iIiwiNTkweDU5MFx1MDAzZSJdXQ?sha=e9811d717d4940d9\" alt=\"\" \/><\/p>\n<div class=\"gallery-i-caption\"><\/div>\n<\/div>\n<div class=\"gallery-i\"><img src=\"https:\/\/cdn.oxu.az\/uploads\/W1siZiIsIjIwMjMvMTEvMjEvMTQvNDYvNTgvNjdkY2JlOTItMzA5Zi00ZThiLWJmMjItMzNiYWU0YWU5YmJjLzY1NWM4NmFjMDI1NWU2NTVjODZhYzAyNTVmMTcwMDU2MjYwM2I5MzFjNTlhMDI2MjYxMDkzZDAyMDgxZmYyZTc5ODM4LmpwZWciXSxbInAiLCJlbmNvZGUiLCJqcGciLCItcXVhbGl0eSA4MCJdLFsicCIsInRodW1iIiwiNTkweDU5MFx1MDAzZSJdXQ?sha=5564093bdad05a04\" alt=\"\" \/><\/p>\n<div class=\"gallery-i-caption\"><\/div>\n<\/div>\n<div class=\"gallery-i\"><img src=\"https:\/\/cdn.oxu.az\/uploads\/W1siZiIsIjIwMjMvMTEvMjEvMTQvNDYvNTgvMDZmNzNhMzItYWYxOC00Zjg5LTlhOTAtMGFjODA5NjhlZmEyLzY1NWM4NmFiYWU3NTQ2NTVjODZhYmFlNzU1MTcwMDU2MjYwM2RlZGM2ZjA1OGI2NWFmYTcyODYzZjYxZjRkMGEzOThlLmpwZWciXSxbInAiLCJlbmNvZGUiLCJqcGciLCItcXVhbGl0eSA4MCJdLFsicCIsInRodW1iIiwiNTkweDU5MFx1MDAzZSJdXQ?sha=57a0e26b601e7541\" alt=\"\" \/><\/p>\n<div class=\"gallery-i-caption\"><\/div>\n<\/div>\n<div class=\"gallery-i\"><img src=\"https:\/\/cdn.oxu.az\/uploads\/W1siZiIsIjIwMjMvMTEvMjEvMTQvNDYvNTgvNDA3MDc1NmEtOTE0My00YzE0LTk2ZmYtNzYzM2Y1ZGIwNDYwLzY1NWM4NmFjNGIxZGI2NTVjODZhYzRiMWRjMTcwMDU2MjYwM2M2OTVlZjBmM2FlNGE0ODYwZTY0MjJjZDBlYzEwOTIzLmpwZWciXSxbInAiLCJlbmNvZGUiLCJqcGciLCItcXVhbGl0eSA4MCJdLFsicCIsInRodW1iIiwiNTkweDU5MFx1MDAzZSJdXQ?sha=570986b224af2800\" alt=\"\" \/><\/div>\n<\/div>\n","protected":false},"excerpt":{"rendered":"<p>Erm\u0259nistan ordusunun i\u015f\u011fal alt\u0131nda saxlad\u0131\u011f\u0131 Az\u0259rbaycan \u0259razil\u0259rind\u0259 yaratd\u0131\u011f\u0131 m\u00fcdafi\u0259 &#8211; s\u00fcni istehkam qur\u011fular\u0131 a\u015fkarlanaraq m\u0259hv edilir. APA x\u0259b\u0259r verir ki, Erm\u0259nistan ordusunun hava h\u00fccumundan m\u00fcdafi\u0259 m\u0259qs\u0259di il\u0259 bir-birin\u0259 \u201ctikdiyi\u201d \u201ctros\u201dlar, daha do\u011frusu d\u0259mir torlar a\u015fkarlanaraq s\u00f6k\u00fcl\u00fcb. 44 g\u00fcnl\u00fck V\u0259t\u0259n m\u00fcharib\u0259sind\u0259n sonra bel\u0259 m\u00fcdafi\u0259 x\u0259tl\u0259rin\u0259 ilk d\u0259f\u0259 Hadrut istiqam\u0259tind\u0259 rast g\u0259linib. Sonra is\u0259 A\u011fdam rayonunun i\u015f\u011faldan azad edil\u0259n Q\u0131z\u0131ll\u0131 K\u0259ng\u0259rli k\u0259ndi \u0259razisind\u0259 g\u00f6r\u00fcn\u00fcb. Hava h\u00fccumunun qar\u015f\u0131s\u0131n\u0131 almaq \u00fc\u00e7\u00fcn istifad\u0259 edil\u0259n bu \u201cmetod\u201d \u015eu\u015fa v\u0259 La\u00e7\u0131n da\u011flar\u0131nda a\u015fkarlan\u0131b. M\u0259qs\u0259d geni\u015fmiqyasl\u0131 h\u0259rbi \u0259m\u0259liyyatlar zaman\u0131 Az\u0259rbaycan Ordusunun a\u015fa\u011f\u0131 m\u0259saf\u0259d\u0259n aviasiya u\u00e7u\u015funun qar\u015f\u0131s\u0131n\u0131 almaq \u00fc\u00e7\u00fcn&hellip;<\/p>\n","protected":false},"author":2,"featured_media":659481,"comment_status":"closed","ping_status":"closed","sticky":false,"template":"","format":"standard","meta":{"om_disable_all_campaigns":false,"_monsterinsights_skip_tracking":false,"_monsterinsights_sitenote_active":false,"_monsterinsights_sitenote_note":"","_monsterinsights_sitenote_category":0},"categories":[19],"tags":[],"aioseo_notices":[],"gutentor_comment":0,"rttpg_featured_image_url":{"full":["https:\/\/arantv.az\/wp-content\/uploads\/2023\/11\/FotoJet-2023-11-21T144602.583.jpg",620,413,false],"landscape":["https:\/\/arantv.az\/wp-content\/uploads\/2023\/11\/FotoJet-2023-11-21T144602.583.jpg",620,413,false],"portraits":["https:\/\/arantv.az\/wp-content\/uploads\/2023\/11\/FotoJet-2023-11-21T144602.583.jpg",620,413,false],"thumbnail":["https:\/\/arantv.az\/wp-content\/uploads\/2023\/11\/FotoJet-2023-11-21T144602.583-500x280.jpg",500,280,true],"medium":["https:\/\/arantv.az\/wp-content\/uploads\/2023\/11\/FotoJet-2023-11-21T144602.583-548x365.jpg",548,365,true],"large":["https:\/\/arantv.az\/wp-content\/uploads\/2023\/11\/FotoJet-2023-11-21T144602.583.jpg",620,413,false],"1536x1536":["https:\/\/arantv.az\/wp-content\/uploads\/2023\/11\/FotoJet-2023-11-21T144602.583.jpg",620,413,false],"2048x2048":["https:\/\/arantv.az\/wp-content\/uploads\/2023\/11\/FotoJet-2023-11-21T144602.583.jpg",620,413,false],"post-thumbnail":["https:\/\/arantv.az\/wp-content\/uploads\/2023\/11\/FotoJet-2023-11-21T144602.583-240x172.jpg",240,172,true],"advps-thumb-one":["https:\/\/arantv.az\/wp-content\/uploads\/2023\/11\/FotoJet-2023-11-21T144602.583.jpg",620,413,false]},"rttpg_author":{"display_name":"V\u00fcsal Rafiqo\u011flu","author_link":"https:\/\/arantv.az\/?author=2"},"rttpg_comment":0,"rttpg_category":"<a href=\"https:\/\/arantv.az\/?cat=19\" rel=\"category\">G\u00fcnd\u0259m<\/a>","rttpg_excerpt":"Erm\u0259nistan ordusunun i\u015f\u011fal alt\u0131nda saxlad\u0131\u011f\u0131 Az\u0259rbaycan \u0259razil\u0259rind\u0259 yaratd\u0131\u011f\u0131 m\u00fcdafi\u0259 &#8211; s\u00fcni istehkam qur\u011fular\u0131 a\u015fkarlanaraq m\u0259hv edilir. APA x\u0259b\u0259r verir ki, Erm\u0259nistan ordusunun hava h\u00fccumundan m\u00fcdafi\u0259 m\u0259qs\u0259di il\u0259 bir-birin\u0259 \u201ctikdiyi\u201d \u201ctros\u201dlar, daha do\u011frusu d\u0259mir torlar a\u015fkarlanaraq s\u00f6k\u00fcl\u00fcb. 44 g\u00fcnl\u00fck V\u0259t\u0259n m\u00fcharib\u0259sind\u0259n sonra bel\u0259 m\u00fcdafi\u0259 x\u0259tl\u0259rin\u0259 ilk d\u0259f\u0259 Hadrut istiqam\u0259tind\u0259 rast g\u0259linib. Sonra is\u0259 A\u011fdam rayonunun i\u015f\u011faldan&hellip;","_links":{"self":[{"href":"https:\/\/arantv.az\/index.php?rest_route=\/wp\/v2\/posts\/659477"}],"collection":[{"href":"https:\/\/arantv.az\/index.php?rest_route=\/wp\/v2\/posts"}],"about":[{"href":"https:\/\/arantv.az\/index.php?rest_route=\/wp\/v2\/types\/post"}],"author":[{"embeddable":true,"href":"https:\/\/arantv.az\/index.php?rest_route=\/wp\/v2\/users\/2"}],"replies":[{"embeddable":true,"href":"https:\/\/arantv.az\/index.php?rest_route=%2Fwp%2Fv2%2Fcomments&post=659477"}],"version-history":[{"count":0,"href":"https:\/\/arantv.az\/index.php?rest_route=\/wp\/v2\/posts\/659477\/revisions"}],"wp:featuredmedia":[{"embeddable":true,"href":"https:\/\/arantv.az\/index.php?rest_route=\/wp\/v2\/media\/659481"}],"wp:attachment":[{"href":"https:\/\/arantv.az\/index.php?rest_route=%2Fwp%2Fv2%2Fmedia&parent=659477"}],"wp:term":[{"taxonomy":"category","embeddable":true,"href":"https:\/\/arantv.az\/index.php?rest_route=%2Fwp%2Fv2%2Fcategories&post=659477"},{"taxonomy":"post_tag","embeddable":true,"href":"https:\/\/arantv.az\/index.php?rest_route=%2Fwp%2Fv2%2Ftags&post=659477"}],"curies":[{"name":"wp","href":"https:\/\/api.w.org\/{rel}","templated":true}]}}