{"id":659486,"date":"2023-11-21T15:34:35","date_gmt":"2023-11-21T11:34:35","guid":{"rendered":"https:\/\/arantv.az\/?p=659486"},"modified":"2023-11-21T15:34:35","modified_gmt":"2023-11-21T11:34:35","slug":"bas-katib-turkpa-nin-%c9%99m%c9%99kdasliq-al%c9%99tl%c9%99rind%c9%99n-biri-model-qanunlarin-hazirlanmasidir","status":"publish","type":"post","link":"https:\/\/arantv.az\/?p=659486","title":{"rendered":"Ba\u015f katib: \u201cT\u00dcRKPA-n\u0131n \u0259m\u0259kda\u015fl\u0131q al\u0259tl\u0259rind\u0259n biri model qanunlar\u0131n haz\u0131rlanmas\u0131d\u0131r\u201d"},"content":{"rendered":"<p>\u201cT\u00dcRKPA-n\u0131n istifad\u0259 etdiyi g\u00fccl\u00fc \u0259m\u0259kda\u015fl\u0131q al\u0259tl\u0259rind\u0259n biri model qanunlar\u0131n haz\u0131rlanmas\u0131d\u0131r\u201d.<\/p>\n<p>\u201cReport\u201d\u00a0x\u0259b\u0259r verir ki, bunu T\u00dcRKPA-n\u0131n Ba\u015f katibi Mehmet S\u00fcreyya Er \u201cT\u00dcRKPA-n\u0131n 15-ci ild\u00f6n\u00fcm\u00fc: Ke\u00e7mi\u015fin t\u0259cr\u00fcb\u0259si, bu g\u00fcn\u00fcn reall\u0131qlar\u0131 v\u0259 g\u0259l\u0259c\u0259k perspektivl\u0259ri\u201dn\u0259 h\u0259sr olunmu\u015f konfransda \u00e7\u0131x\u0131\u015f\u0131 zaman\u0131 deyib.<\/p>\n<p>Ba\u015f katib bildirib ki, qanunvericilikl\u0259rin uy\u011funla\u015fd\u0131r\u0131lmas\u0131, vahid h\u00fcquqi m\u0259kan\u0131n formala\u015fd\u0131r\u0131lmas\u0131 u\u011furlu inteqrasiya prosesinin \u0259sas \u00fcns\u00fcrl\u0259rind\u0259n biridir:<\/p>\n<p>\u201cModel qanunvericilik f\u0259aliyy\u0259timiz m\u0259hz bu m\u0259qs\u0259dl\u0259r\u0259 istiqam\u0259tl\u0259nib. T\u00dcRKPA \u00e7\u0259r\u00e7iv\u0259sind\u0259 ya\u015f\u0131 nisb\u0259t\u0259n g\u0259nc olan bu f\u0259aliyy\u0259t daimi komissiyalar\u0131m\u0131z t\u0259r\u0259find\u0259n aktual m\u00f6vzularda u\u011furla davam etdirilir. T\u00dcRKPA n\u00fcfuzlu regional v\u0259 beyn\u0259lxalq t\u0259\u015fkilatlarla qar\u015f\u0131l\u0131ql\u0131 faydal\u0131 \u0259laq\u0259l\u0259r qurub v\u0259 bu \u0259laq\u0259l\u0259rin davaml\u0131 inki\u015faf\u0131nda maraql\u0131d\u0131r. Gerid\u0259 qoydu\u011fumuz ill\u0259rd\u0259 t\u0259r\u0259fda\u015f qurumlarla qar\u015f\u0131l\u0131ql\u0131 f\u0259aliyy\u0259t art\u0131b v\u0259 beyn\u0259lxalq \u0259m\u0259kda\u015fl\u0131\u011f\u0131m\u0131z\u0131n s\u0259rh\u0259dl\u0259ri getdikc\u0259 geni\u015fl\u0259nm\u0259kd\u0259dir\u201d.<\/p>\n","protected":false},"excerpt":{"rendered":"<p>\u201cT\u00dcRKPA-n\u0131n istifad\u0259 etdiyi g\u00fccl\u00fc \u0259m\u0259kda\u015fl\u0131q al\u0259tl\u0259rind\u0259n biri model qanunlar\u0131n haz\u0131rlanmas\u0131d\u0131r\u201d. \u201cReport\u201d\u00a0x\u0259b\u0259r verir ki, bunu T\u00dcRKPA-n\u0131n Ba\u015f katibi Mehmet S\u00fcreyya Er \u201cT\u00dcRKPA-n\u0131n 15-ci ild\u00f6n\u00fcm\u00fc: Ke\u00e7mi\u015fin t\u0259cr\u00fcb\u0259si, bu g\u00fcn\u00fcn reall\u0131qlar\u0131 v\u0259 g\u0259l\u0259c\u0259k perspektivl\u0259ri\u201dn\u0259 h\u0259sr olunmu\u015f konfransda \u00e7\u0131x\u0131\u015f\u0131 zaman\u0131 deyib. Ba\u015f katib bildirib ki, qanunvericilikl\u0259rin uy\u011funla\u015fd\u0131r\u0131lmas\u0131, vahid h\u00fcquqi m\u0259kan\u0131n formala\u015fd\u0131r\u0131lmas\u0131 u\u011furlu inteqrasiya prosesinin \u0259sas \u00fcns\u00fcrl\u0259rind\u0259n biridir: \u201cModel qanunvericilik f\u0259aliyy\u0259timiz m\u0259hz bu m\u0259qs\u0259dl\u0259r\u0259 istiqam\u0259tl\u0259nib. T\u00dcRKPA \u00e7\u0259r\u00e7iv\u0259sind\u0259 ya\u015f\u0131 nisb\u0259t\u0259n g\u0259nc olan bu f\u0259aliyy\u0259t daimi komissiyalar\u0131m\u0131z t\u0259r\u0259find\u0259n aktual m\u00f6vzularda u\u011furla davam etdirilir. T\u00dcRKPA n\u00fcfuzlu regional v\u0259 beyn\u0259lxalq t\u0259\u015fkilatlarla qar\u015f\u0131l\u0131ql\u0131 faydal\u0131 \u0259laq\u0259l\u0259r qurub v\u0259 bu \u0259laq\u0259l\u0259rin davaml\u0131&hellip;<\/p>\n","protected":false},"author":2,"featured_media":659489,"comment_status":"closed","ping_status":"closed","sticky":false,"template":"","format":"standard","meta":{"om_disable_all_campaigns":false,"_monsterinsights_skip_tracking":false,"_monsterinsights_sitenote_active":false,"_monsterinsights_sitenote_note":"","_monsterinsights_sitenote_category":0},"categories":[4],"tags":[],"aioseo_notices":[],"gutentor_comment":0,"rttpg_featured_image_url":{"full":["https:\/\/arantv.az\/wp-content\/uploads\/2023\/11\/85809c70-8bea-3609-b9bd-5d542137bbed_850.jpg",620,413,false],"landscape":["https:\/\/arantv.az\/wp-content\/uploads\/2023\/11\/85809c70-8bea-3609-b9bd-5d542137bbed_850.jpg",620,413,false],"portraits":["https:\/\/arantv.az\/wp-content\/uploads\/2023\/11\/85809c70-8bea-3609-b9bd-5d542137bbed_850.jpg",620,413,false],"thumbnail":["https:\/\/arantv.az\/wp-content\/uploads\/2023\/11\/85809c70-8bea-3609-b9bd-5d542137bbed_850-500x280.jpg",500,280,true],"medium":["https:\/\/arantv.az\/wp-content\/uploads\/2023\/11\/85809c70-8bea-3609-b9bd-5d542137bbed_850-548x365.jpg",548,365,true],"large":["https:\/\/arantv.az\/wp-content\/uploads\/2023\/11\/85809c70-8bea-3609-b9bd-5d542137bbed_850.jpg",620,413,false],"1536x1536":["https:\/\/arantv.az\/wp-content\/uploads\/2023\/11\/85809c70-8bea-3609-b9bd-5d542137bbed_850.jpg",620,413,false],"2048x2048":["https:\/\/arantv.az\/wp-content\/uploads\/2023\/11\/85809c70-8bea-3609-b9bd-5d542137bbed_850.jpg",620,413,false],"post-thumbnail":["https:\/\/arantv.az\/wp-content\/uploads\/2023\/11\/85809c70-8bea-3609-b9bd-5d542137bbed_850-240x172.jpg",240,172,true],"advps-thumb-one":["https:\/\/arantv.az\/wp-content\/uploads\/2023\/11\/85809c70-8bea-3609-b9bd-5d542137bbed_850.jpg",620,413,false]},"rttpg_author":{"display_name":"V\u00fcsal Rafiqo\u011flu","author_link":"https:\/\/arantv.az\/?author=2"},"rttpg_comment":0,"rttpg_category":"<a href=\"https:\/\/arantv.az\/?cat=4\" rel=\"category\">Siyas\u0259t<\/a>","rttpg_excerpt":"\u201cT\u00dcRKPA-n\u0131n istifad\u0259 etdiyi g\u00fccl\u00fc \u0259m\u0259kda\u015fl\u0131q al\u0259tl\u0259rind\u0259n biri model qanunlar\u0131n haz\u0131rlanmas\u0131d\u0131r\u201d. \u201cReport\u201d\u00a0x\u0259b\u0259r verir ki, bunu T\u00dcRKPA-n\u0131n Ba\u015f katibi Mehmet S\u00fcreyya Er \u201cT\u00dcRKPA-n\u0131n 15-ci ild\u00f6n\u00fcm\u00fc: Ke\u00e7mi\u015fin t\u0259cr\u00fcb\u0259si, bu g\u00fcn\u00fcn reall\u0131qlar\u0131 v\u0259 g\u0259l\u0259c\u0259k perspektivl\u0259ri\u201dn\u0259 h\u0259sr olunmu\u015f konfransda \u00e7\u0131x\u0131\u015f\u0131 zaman\u0131 deyib. Ba\u015f katib bildirib ki, qanunvericilikl\u0259rin uy\u011funla\u015fd\u0131r\u0131lmas\u0131, vahid h\u00fcquqi m\u0259kan\u0131n formala\u015fd\u0131r\u0131lmas\u0131 u\u011furlu inteqrasiya prosesinin \u0259sas \u00fcns\u00fcrl\u0259rind\u0259n biridir: \u201cModel qanunvericilik&hellip;","_links":{"self":[{"href":"https:\/\/arantv.az\/index.php?rest_route=\/wp\/v2\/posts\/659486"}],"collection":[{"href":"https:\/\/arantv.az\/index.php?rest_route=\/wp\/v2\/posts"}],"about":[{"href":"https:\/\/arantv.az\/index.php?rest_route=\/wp\/v2\/types\/post"}],"author":[{"embeddable":true,"href":"https:\/\/arantv.az\/index.php?rest_route=\/wp\/v2\/users\/2"}],"replies":[{"embeddable":true,"href":"https:\/\/arantv.az\/index.php?rest_route=%2Fwp%2Fv2%2Fcomments&post=659486"}],"version-history":[{"count":0,"href":"https:\/\/arantv.az\/index.php?rest_route=\/wp\/v2\/posts\/659486\/revisions"}],"wp:featuredmedia":[{"embeddable":true,"href":"https:\/\/arantv.az\/index.php?rest_route=\/wp\/v2\/media\/659489"}],"wp:attachment":[{"href":"https:\/\/arantv.az\/index.php?rest_route=%2Fwp%2Fv2%2Fmedia&parent=659486"}],"wp:term":[{"taxonomy":"category","embeddable":true,"href":"https:\/\/arantv.az\/index.php?rest_route=%2Fwp%2Fv2%2Fcategories&post=659486"},{"taxonomy":"post_tag","embeddable":true,"href":"https:\/\/arantv.az\/index.php?rest_route=%2Fwp%2Fv2%2Ftags&post=659486"}],"curies":[{"name":"wp","href":"https:\/\/api.w.org\/{rel}","templated":true}]}}