{"id":659764,"date":"2023-11-22T09:44:34","date_gmt":"2023-11-22T05:44:34","guid":{"rendered":"https:\/\/arantv.az\/?p=659764"},"modified":"2023-11-22T09:44:34","modified_gmt":"2023-11-22T05:44:34","slug":"lacin-fusunkar-t%c9%99bi%c9%99tin%c9%99-uygun-s%c9%99kild%c9%99-abadlasdirilib","status":"publish","type":"post","link":"https:\/\/arantv.az\/?p=659764","title":{"rendered":"\u201cLa\u00e7\u0131n f\u00fcsunkar t\u0259bi\u0259tin\u0259 uy\u011fun \u015f\u0259kild\u0259 abadla\u015fd\u0131r\u0131l\u0131b\u201d"},"content":{"rendered":"<p><strong>K\u00f6n\u00fcl \u0130smay\u0131lova: \u201cAta yurdum La\u00e7\u0131na \u00fcz tutan k\u00f6\u00e7 karvanlar\u0131 bizl\u0259rd\u0259 bir k\u00f6vr\u0259klik yaratsa da&#8230;\u201d<\/strong><\/p>\n<p>Az\u0259rbaycan Prezidenti \u0130lham \u018fliyevin tap\u015f\u0131r\u0131\u011f\u0131na uy\u011fun olaraq, \u201cQaraba\u011fa b\u00f6y\u00fck qay\u0131d\u0131\u015f\u201d prosesi \u00e7\u0259r\u00e7iv\u0259sind\u0259 yenid\u0259n qurulan La\u00e7\u0131na ke\u00e7mi\u015f m\u0259cburi k\u00f6\u00e7k\u00fcnl\u0259rin qay\u0131d\u0131\u015f\u0131 davam edir. Noyabr\u0131n 20-d\u0259 rayonun Zabux k\u0259ndin\u0259 daha 25 ail\u0259 &#8211; 91 n\u0259f\u0259r k\u00f6\u00e7\u00fcr\u00fcld\u00fc.<\/p>\n<p>Bak\u0131n\u0131n Qarada\u011f rayonunun L\u00f6kbatan q\u0259s\u0259b\u0259sind\u0259 m\u0259cburi k\u00f6\u00e7k\u00fcnl\u0259r \u00fc\u00e7\u00fcn sal\u0131nm\u0131\u015f \u201cQobupark-3&#8243; ya\u015fay\u0131\u015f kompleksind\u0259n Zabux sakinl\u0259ri k\u0259nd\u0259 yola sal\u0131n\u0131b.<\/p>\n<p>Qeyd ed\u0259k ki, bundan iki g\u00fcn \u00f6nc\u0259-noyabr\u0131n 18-d\u0259 Zabuxa daha 25 ail\u0259 &#8211; 103 n\u0259f\u0259r k\u00f6\u00e7\u00fcr\u00fcl\u00fcb. El\u0259 h\u0259min g\u00fcn k\u0259nd\u0259 k\u00f6\u00e7\u00fcr\u00fcl\u0259n ail\u0259l\u0259r\u0259 m\u0259nzill\u0259rinin a\u00e7arlar\u0131 t\u0259qdim olunub.<\/p>\n<p>Bununla da bu g\u00fcn\u0259d\u0259k Zabuxda \u00fcmumilikd\u0259 96 ail\u0259nin, y\u0259ni 382 n\u0259f\u0259rin daimi m\u0259skunla\u015fmas\u0131 t\u0259min edilib.<\/p>\n<p>Zabuxlular h\u0259rt\u0259r\u0259fli d\u00f6vl\u0259t qay\u011f\u0131s\u0131 il\u0259 \u0259hat\u0259 olunduqlar\u0131na g\u00f6r\u0259 Prezident \u0130lham \u018fliyev\u0259 v\u0259 birinci vitse-prezident Mehriban xan\u0131m \u018fliyevaya t\u0259\u015f\u0259kk\u00fcr edibl\u0259r. Onlar h\u0259m\u00e7inin torpaqlar\u0131m\u0131z\u0131 i\u015f\u011faldan qurtaran r\u0259\u015fad\u0259tli Az\u0259rbaycan Ordusuna, q\u0259hr\u0259man \u0259sg\u0259r v\u0259 zabitl\u0259rimiz\u0259 minn\u0259tdarl\u0131qlar\u0131n\u0131 bildirib, bu yolda canlar\u0131ndan ke\u00e7\u0259n \u015f\u0259hidl\u0259rimiz\u0259 r\u0259hm\u0259t, ail\u0259l\u0259rin\u0259 s\u0259bir dil\u0259yibl\u0259r.<\/p>\n<p><strong>K\u00f6\u00e7\u00fcr\u00fcl\u0259n ail\u0259l\u0259r Zabux k\u0259ndind\u0259 yenid\u0259n tikil\u0259n evl\u0259rd\u0259 m\u0259skunla\u015facaqlar.<\/strong><\/p>\n<p><strong><img loading=\"lazy\" src=\"https:\/\/cdn.musavat.com\/news\/thumbnails\/b81cbb723d8fe9dbfec22f488926e258.jpg\" alt=\"k\u00f6n\u00fcl La\u00e7\u0131n.jpg (57 KB)\" width=\"1024\" height=\"682\" \/><\/strong><\/p>\n<p><strong>\u018fsl\u0259n La\u00e7\u0131ndan olan MMP-nin Siyasi \u015eura v\u0259 \u0130dar\u0259 Hey\u0259tinin \u00fczv\u00fc K\u00f6n\u00fcl \u0130smay\u0131lova \u201cYeni M\u00fcsavat\u201da a\u00e7\u0131qlamas\u0131nda h\u0259r k\u0259sin g\u00f6zl\u0259diyind\u0259n daha s\u00fcr\u0259tl\u0259 La\u00e7\u0131nda b\u0259rpa prosesinin getdiyini s\u00f6yl\u0259di:<\/strong>\u00a0\u201c2023-c\u00fc ili ba\u015fa vurmaqday\u0131q. \u0130limiz u\u011furlar\u0131m\u0131z\u0131, q\u0259l\u0259b\u0259l\u0259rimizi, \u015f\u0259h\u0259r g\u00fcnl\u0259rimizi qeyd etm\u0259kl\u0259 z\u0259nginl\u0259\u015fdi. Qaraba\u011fa qay\u0131d\u0131\u015f prosesi is\u0259 bu z\u0259nginliy\u0259 bir ba\u015fqa g\u00f6z\u0259llik qat\u0131r. &#8220;30 il bir igidin \u00f6mr\u00fcd\u00fcr&#8221;, &#8211; dey\u0259 bir deyim var. \u00c7ox h\u0259sr\u0259t qald\u0131q, \u00e7ox v\u0259t\u0259nd\u0259n uzaqda boynub\u00fck\u00fck qald\u0131q. Amma \u0259min\u0259m ki, h\u0259r birimizin \u00fcr\u0259yind\u0259 \u00f6z torpa\u011f\u0131na qay\u0131daca\u011f\u0131 g\u00fcn\u00fcn h\u0259mi\u015f\u0259 \u00fcmidi olub. Art\u0131q o \u00fcmidl\u0259r ger\u00e7\u0259kl\u0259\u015fib &#8211; yurdumuza, el-obam\u0131za qay\u0131d\u0131r\u0131q. Ata yurdum La\u00e7\u0131na \u00fcz tutan k\u00f6\u00e7 karvanlar\u0131 bizl\u0259rd\u0259 bir k\u00f6vr\u0259klik yaratsa da, bu k\u00f6vr\u0259klik xo\u015fb\u0259xtlikl\u0259 s\u00f6z\u00fcn \u0259sl m\u0259nas\u0131nda b\u0259rq vurur. Son vaxtlar La\u00e7\u0131n \u015f\u0259h\u0259r m\u0259rk\u0259zinin, Zabux v\u0259 Sus k\u0259ndl\u0259rinin b\u0259rpa prosesinin s\u00fcr\u0259tl\u0259 h\u0259yata ke\u00e7irilm\u0259si n\u0259tic\u0259sind\u0259 \u0259halinin geri qaytar\u0131lmas\u0131 ard\u0131c\u0131l \u015f\u0259kild\u0259 davam edir. Bu fonda La\u00e7\u0131n\u0131n b\u0259rpa prosesi g\u00f6zl\u0259diyimizd\u0259n d\u0259 art\u0131q s\u00fcr\u0259tl\u0259 davam edir. \u0130nsanlar\u0131n geri qay\u0131d\u0131\u015f\u0131 il\u0259 La\u00e7\u0131nda h\u0259r \u015fey \u00f6z m\u0259cras\u0131na d\u00f6n\u00fc\u015f\u00fcr. La\u00e7\u0131n\u0131n b\u00f6y\u00fck strateji \u0259h\u0259miyy\u0259ti ondan ibar\u0259tdir ki, rayon s\u0259rh\u0259dd\u0259 yerl\u0259\u015fir. Qay\u0131d\u0131\u015f prosesinin s\u00fcr\u0259tl\u0259 h\u0259yata ke\u00e7irilm\u0259si v\u0259 insanlar\u0131m\u0131z\u0131n rayonda s\u00fcr\u0259tl\u0259 formala\u015fmas\u0131 d\u00fc\u015fm\u0259n t\u0259r\u0259f\u0259 a\u00e7\u0131q-a\u015fkar mesaj verir ki, bu yerl\u0259rin daimi sakinl\u0259ri qay\u0131d\u0131blar, az\u0259rbaycanl\u0131lar art\u0131q s\u0259rh\u0259dl\u0259rd\u0259 m\u00f6hk\u0259ml\u0259nir. \u015e\u0259rqi Z\u0259ng\u0259zur iqtisadi rayonuna daxil olan La\u00e7\u0131nda quruculuq i\u015fl\u0259rinin h\u0259yata ke\u00e7irilm\u0259si g\u00f6st\u0259rir ki, Az\u0259rbaycan d\u00f6vl\u0259ti h\u0259m s\u0259rh\u0259dl\u0259rd\u0259, h\u0259m d\u0259 Qaraba\u011fda apard\u0131\u011f\u0131 b\u0259rpa-quruculuq i\u015fl\u0259rini t\u0259sad\u00fcfi proses olaraq h\u0259yata ke\u00e7irmir, n\u0259 etdiyini bilir. D\u00fc\u015f\u00fcn\u00fcr\u0259m ki, bundan sonrak\u0131 m\u00fcdd\u0259td\u0259 \u00f6lk\u0259 r\u0259hb\u0259rinin siyasi irad\u0259si, Az\u0259rbaycan d\u00f6vl\u0259tinin imkan verdiyi iqtisadi g\u00fcc v\u0259 eyni zamanda Az\u0259rbaycan xalq\u0131n\u0131n ill\u0259rl\u0259 g\u00f6zl\u0259diyi bu proses s\u00fcr\u0259tl\u0259 davam ed\u0259c\u0259k v\u0259 insanlar \u00f6z ata-baba yurdlar\u0131na k\u00f6\u00e7\u0259r\u0259k daimi ya\u015fayacaqlar&#8221;.<\/p>\n<p><strong>K.\u0130smay\u0131lova La\u00e7\u0131na k\u00f6\u00e7\u00fcr\u00fcl\u0259n m\u0259cburi k\u00f6\u00e7k\u00fcnl\u0259rimizin \u00f6zl\u0259rini \u00e7ox t\u0259hl\u00fck\u0259siz hiss etm\u0259l\u0259rind\u0259n d\u0259 s\u00f6z a\u00e7d\u0131: \u201cOnu da qeyd edim ki, La\u00e7\u0131na k\u00f6\u00e7\u0259n tan\u0131d\u0131\u011f\u0131m insanlardan La\u00e7\u0131n\u0131m\u0131zla ba\u011fl\u0131 xo\u015f m\u0259lumatlar al\u0131ram. \u00d6zl\u0259rini m\u00fcasir La\u00e7\u0131nda \u00e7ox rahat, t\u0259hl\u00fck\u0259siz hiss etdikl\u0259rini deyirl\u0259r. \u00d6vladlar\u0131n\u0131n yenid\u0259n b\u0259rpa edilmi\u015f, standartlara uy\u011fun qurulmu\u015f 2 sayl\u0131 tam orta m\u0259kt\u0259bd\u0259 t\u0259hsil almas\u0131n\u0131 el\u0259 sevincl\u0259 dan\u0131\u015f\u0131rlar ki. Ax\u0131 bir zamanlar bu m\u0259kt\u0259bd\u0259 onlar\u0131n \u00f6zl\u0259ri \u015fagird olub. Bu g\u00fcn is\u0259 \u00f6vladlar\u0131 bu m\u0259kt\u0259b\u0259 c\u0131\u011f\u0131r sal\u0131r. Orada t\u0259dris ed\u0259n m\u00fc\u0259lliml\u0259rd\u0259n tan\u0131d\u0131qlar\u0131m da var. H\u0259min m\u00fc\u0259lliml\u0259rin b\u0259zil\u0259rinin valideynl\u0259ri vaxtil\u0259 bu m\u0259kt\u0259bd\u0259 m\u00fc\u0259llim olublar. Q\u00fcrurverici deyilmi?<\/strong><\/p>\n<p>S\u00f6hb\u0259tl\u0259rind\u0259n doyulmur La\u00e7\u0131ndak\u0131 la\u00e7\u0131nl\u0131lar\u0131m\u0131z\u0131n. S\u00f6yl\u0259dikl\u0259rind\u0259n ayd\u0131n g\u00f6r\u00fcn\u00fcr ki, La\u00e7\u0131n f\u00fcsunkar t\u0259bi\u0259tin\u0259, g\u00f6z\u0259liyin\u0259 uy\u011fun \u015f\u0259kild\u0259 abadla\u015fd\u0131r\u0131l\u0131b v\u0259 bu proses davam edir. Evl\u0259rin tikilm\u0259si, infrastrukturun qurulmas\u0131 &#8211; i\u015f\u0131q, qaz, su x\u0259tl\u0259ri, yollar \u00e7\u0259kilir, bir s\u00f6zl\u0259, h\u0259r bir i\u015f el\u0259 nizam-intizamla apar\u0131l\u0131r ki, naraz\u0131l\u0131\u011fa s\u0259b\u0259b olmur. T\u0259bii ki, h\u0259r bir i\u015fd\u0259 m\u00fc\u0259yy\u0259n probleml\u0259r, \u0259ng\u0259ll\u0259r d\u0259 yaranacaq. Amma zamanla irad\u0259mizd\u0259n as\u0131l\u0131 olmayaraq yaranan b\u00fct\u00fcn neqativl\u0259r \u00e7\u00f6z\u00fcl\u0259c\u0259k, h\u0259lli yolunu tapacaq. He\u00e7 bir qarag\u00fcruh\u00e7u q\u00fcvv\u0259 bizim Qaraba\u011fla ba\u011fl\u0131 q\u0259l\u0259b\u0259miz\u0259, u\u011furlar\u0131m\u0131za k\u00f6lg\u0259 sala bilm\u0259z&#8221;.<\/p>\n<p><strong>Yaz\u0131n\u0131 haz\u0131rlad\u0131: Cavan\u015fir ABBASLI<\/strong><\/p>\n","protected":false},"excerpt":{"rendered":"<p>K\u00f6n\u00fcl \u0130smay\u0131lova: \u201cAta yurdum La\u00e7\u0131na \u00fcz tutan k\u00f6\u00e7 karvanlar\u0131 bizl\u0259rd\u0259 bir k\u00f6vr\u0259klik yaratsa da&#8230;\u201d Az\u0259rbaycan Prezidenti \u0130lham \u018fliyevin tap\u015f\u0131r\u0131\u011f\u0131na uy\u011fun olaraq, \u201cQaraba\u011fa b\u00f6y\u00fck qay\u0131d\u0131\u015f\u201d prosesi \u00e7\u0259r\u00e7iv\u0259sind\u0259 yenid\u0259n qurulan La\u00e7\u0131na ke\u00e7mi\u015f m\u0259cburi k\u00f6\u00e7k\u00fcnl\u0259rin qay\u0131d\u0131\u015f\u0131 davam edir. Noyabr\u0131n 20-d\u0259 rayonun Zabux k\u0259ndin\u0259 daha 25 ail\u0259 &#8211; 91 n\u0259f\u0259r k\u00f6\u00e7\u00fcr\u00fcld\u00fc. Bak\u0131n\u0131n Qarada\u011f rayonunun L\u00f6kbatan q\u0259s\u0259b\u0259sind\u0259 m\u0259cburi k\u00f6\u00e7k\u00fcnl\u0259r \u00fc\u00e7\u00fcn sal\u0131nm\u0131\u015f \u201cQobupark-3&#8243; ya\u015fay\u0131\u015f kompleksind\u0259n Zabux sakinl\u0259ri k\u0259nd\u0259 yola sal\u0131n\u0131b. Qeyd ed\u0259k ki, bundan iki g\u00fcn \u00f6nc\u0259-noyabr\u0131n 18-d\u0259 Zabuxa daha 25 ail\u0259 &#8211; 103 n\u0259f\u0259r k\u00f6\u00e7\u00fcr\u00fcl\u00fcb. El\u0259 h\u0259min g\u00fcn k\u0259nd\u0259 k\u00f6\u00e7\u00fcr\u00fcl\u0259n ail\u0259l\u0259r\u0259 m\u0259nzill\u0259rinin a\u00e7arlar\u0131 t\u0259qdim olunub.&hellip;<\/p>\n","protected":false},"author":2,"featured_media":659768,"comment_status":"closed","ping_status":"closed","sticky":false,"template":"","format":"standard","meta":{"om_disable_all_campaigns":false,"_monsterinsights_skip_tracking":false,"_monsterinsights_sitenote_active":false,"_monsterinsights_sitenote_note":"","_monsterinsights_sitenote_category":0},"categories":[1],"tags":[],"aioseo_notices":[],"gutentor_comment":0,"rttpg_featured_image_url":{"full":["https:\/\/arantv.az\/wp-content\/uploads\/2023\/11\/e52c3dffc8375189584af50b82d2853c.jpg",870,500,false],"landscape":["https:\/\/arantv.az\/wp-content\/uploads\/2023\/11\/e52c3dffc8375189584af50b82d2853c.jpg",870,500,false],"portraits":["https:\/\/arantv.az\/wp-content\/uploads\/2023\/11\/e52c3dffc8375189584af50b82d2853c.jpg",870,500,false],"thumbnail":["https:\/\/arantv.az\/wp-content\/uploads\/2023\/11\/e52c3dffc8375189584af50b82d2853c-500x280.jpg",500,280,true],"medium":["https:\/\/arantv.az\/wp-content\/uploads\/2023\/11\/e52c3dffc8375189584af50b82d2853c-635x365.jpg",635,365,true],"large":["https:\/\/arantv.az\/wp-content\/uploads\/2023\/11\/e52c3dffc8375189584af50b82d2853c-840x483.jpg",640,368,true],"1536x1536":["https:\/\/arantv.az\/wp-content\/uploads\/2023\/11\/e52c3dffc8375189584af50b82d2853c.jpg",870,500,false],"2048x2048":["https:\/\/arantv.az\/wp-content\/uploads\/2023\/11\/e52c3dffc8375189584af50b82d2853c.jpg",870,500,false],"post-thumbnail":["https:\/\/arantv.az\/wp-content\/uploads\/2023\/11\/e52c3dffc8375189584af50b82d2853c-240x172.jpg",240,172,true],"advps-thumb-one":["https:\/\/arantv.az\/wp-content\/uploads\/2023\/11\/e52c3dffc8375189584af50b82d2853c.jpg",870,500,false]},"rttpg_author":{"display_name":"V\u00fcsal Rafiqo\u011flu","author_link":"https:\/\/arantv.az\/?author=2"},"rttpg_comment":0,"rttpg_category":"<a href=\"https:\/\/arantv.az\/?cat=1\" rel=\"category\">C\u0259miyy\u0259t<\/a>","rttpg_excerpt":"K\u00f6n\u00fcl \u0130smay\u0131lova: \u201cAta yurdum La\u00e7\u0131na \u00fcz tutan k\u00f6\u00e7 karvanlar\u0131 bizl\u0259rd\u0259 bir k\u00f6vr\u0259klik yaratsa da&#8230;\u201d Az\u0259rbaycan Prezidenti \u0130lham \u018fliyevin tap\u015f\u0131r\u0131\u011f\u0131na uy\u011fun olaraq, \u201cQaraba\u011fa b\u00f6y\u00fck qay\u0131d\u0131\u015f\u201d prosesi \u00e7\u0259r\u00e7iv\u0259sind\u0259 yenid\u0259n qurulan La\u00e7\u0131na ke\u00e7mi\u015f m\u0259cburi k\u00f6\u00e7k\u00fcnl\u0259rin qay\u0131d\u0131\u015f\u0131 davam edir. Noyabr\u0131n 20-d\u0259 rayonun Zabux k\u0259ndin\u0259 daha 25 ail\u0259 &#8211; 91 n\u0259f\u0259r k\u00f6\u00e7\u00fcr\u00fcld\u00fc. Bak\u0131n\u0131n Qarada\u011f rayonunun L\u00f6kbatan q\u0259s\u0259b\u0259sind\u0259 m\u0259cburi k\u00f6\u00e7k\u00fcnl\u0259r \u00fc\u00e7\u00fcn&hellip;","_links":{"self":[{"href":"https:\/\/arantv.az\/index.php?rest_route=\/wp\/v2\/posts\/659764"}],"collection":[{"href":"https:\/\/arantv.az\/index.php?rest_route=\/wp\/v2\/posts"}],"about":[{"href":"https:\/\/arantv.az\/index.php?rest_route=\/wp\/v2\/types\/post"}],"author":[{"embeddable":true,"href":"https:\/\/arantv.az\/index.php?rest_route=\/wp\/v2\/users\/2"}],"replies":[{"embeddable":true,"href":"https:\/\/arantv.az\/index.php?rest_route=%2Fwp%2Fv2%2Fcomments&post=659764"}],"version-history":[{"count":0,"href":"https:\/\/arantv.az\/index.php?rest_route=\/wp\/v2\/posts\/659764\/revisions"}],"wp:featuredmedia":[{"embeddable":true,"href":"https:\/\/arantv.az\/index.php?rest_route=\/wp\/v2\/media\/659768"}],"wp:attachment":[{"href":"https:\/\/arantv.az\/index.php?rest_route=%2Fwp%2Fv2%2Fmedia&parent=659764"}],"wp:term":[{"taxonomy":"category","embeddable":true,"href":"https:\/\/arantv.az\/index.php?rest_route=%2Fwp%2Fv2%2Fcategories&post=659764"},{"taxonomy":"post_tag","embeddable":true,"href":"https:\/\/arantv.az\/index.php?rest_route=%2Fwp%2Fv2%2Ftags&post=659764"}],"curies":[{"name":"wp","href":"https:\/\/api.w.org\/{rel}","templated":true}]}}