{"id":659773,"date":"2023-11-22T09:48:28","date_gmt":"2023-11-22T05:48:28","guid":{"rendered":"https:\/\/arantv.az\/?p=659773"},"modified":"2023-11-22T09:48:28","modified_gmt":"2023-11-22T05:48:28","slug":"agdam-qafqazin-c%c9%99nn%c9%99tin%c9%99-cevril%c9%99c%c9%99k","status":"publish","type":"post","link":"https:\/\/arantv.az\/?p=659773","title":{"rendered":"A\u011fdam \u201cQafqaz\u0131n c\u0259nn\u0259ti\u201dn\u0259 \u00e7evril\u0259c\u0259k"},"content":{"rendered":"<p>Bu il ilk d\u0259f\u0259 A\u011fdam \u015e\u0259h\u0259ri G\u00fcn\u00fc qeyd olundu. Prezident \u0130lham \u018fliyevin 2023-c\u00fc il iyulun 31-d\u0259 imzalad\u0131\u011f\u0131 S\u0259r\u0259ncama \u0259sas\u0259n, h\u0259r il noyabr\u0131n 20-si A\u011fdam \u015e\u0259h\u0259ri G\u00fcn\u00fc olacaq. Bu \u0259lam\u0259tdar g\u00fcn\u00fcn t\u0259sis olunmas\u0131 A\u011fdam \u015f\u0259h\u0259rinin Erm\u0259nistan silahl\u0131 q\u00fcvv\u0259l\u0259rinin i\u015f\u011fal\u0131ndan azad edilm\u0259si tarixi il\u0259 ba\u011fl\u0131d\u0131r.<\/p>\n<p>Olduqca g\u00f6z\u0259l, f\u00fcs\u00fcnkar t\u0259bi\u0259t\u0259, m\u0259hsuldar torpa\u011fa\u00a0 malik olan q\u0259dim A\u011fdam rayonu Qaraba\u011f\u0131n m\u0259rk\u0259zind\u0259 yerl\u0259\u015fir. A\u011fdam s\u00f6z\u00fc q\u0259dim t\u00fcrk dilind\u0259 \u201cki\u00e7ik qala\u201d dem\u0259kdir. Ke\u00e7mi\u015f zamanlarda burada q\u0259dim t\u00fcrk q\u0259bil\u0259l\u0259ri d\u00fc\u015fm\u0259nd\u0259n qorunmaq \u00fc\u00e7\u00fcn \u00f6zl\u0259rin\u0259 ki\u00e7ik qalalar tikibl\u0259r. XVIII \u0259srin birinci yar\u0131s\u0131nda is\u0259 P\u0259nah\u0259li xan burada \u00f6z\u00fc \u00fc\u00e7\u00fcn a\u011f da\u015fdan imar\u0259t tikdirib. Bu imar\u0259t h\u0259r t\u0259r\u0259fd\u0259n-dig\u0259r k\u0259ndl\u0259rd\u0259n bel\u0259\u00a0 g\u00f6r\u00fcnd\u00fcy\u00fc \u00fc\u00e7\u00fcn burada sanki bir oriyentir\u0259 \u00e7evrilib. Deyil\u0259nl\u0259r\u0259 g\u00f6r\u0259, bu s\u0259b\u0259bd\u0259n d\u0259 h\u0259min m\u0259kan\u0131 A\u011fdam adland\u0131r\u0131blar. A\u011fdam h\u0259m d\u0259 Erm\u0259nistan\u0131n i\u015f\u011fal\u0131ndan \u0259n \u00e7ox z\u0259r\u0259r\u00e7\u0259k\u0259n rayonlardan biri olmu\u015fdur. Vaxtil\u0259 \u00f6z \u015f\u00f6hr\u0259ti il\u0259, istehsal etdiyi m\u0259hsullarla t\u0259kc\u0259 C\u0259nubi Qafqazda yox, d\u00fcnyada tan\u0131nan bu rayonumuz t\u0259\u0259ss\u00fcf ki, 23 iyul 1993-c\u00fc ild\u0259 42 g\u00fcn davam ed\u0259n qeyri-b\u0259rab\u0259r d\u00f6y\u00fc\u015fl\u0259r n\u0259tic\u0259sind\u0259 Erm\u0259nistan Silahl\u0131 Q\u00fcvv\u0259l\u0259ri t\u0259r\u0259find\u0259n i\u015f\u011fal edildi. Onu da bildir\u0259k ki, A\u011fdam Birinci Qaraba\u011f m\u00fcharib\u0259si zaman\u0131 hadis\u0259l\u0259rin episentri idi. Qaraba\u011f d\u00f6y\u00fc\u015fl\u0259rind\u0259 \u0259n \u00e7ox k\u00fc\u00e7\u0259 d\u00f6y\u00fc\u015fl\u0259ri apar\u0131lan rayon da m\u0259hz A\u011fdam olub. Bu rayon Birinci Qaraba\u011f m\u00fcharib\u0259sind\u0259 6 mind\u0259n \u00e7ox \u015f\u0259hid verib, 16 n\u0259f\u0259r Milli Q\u0259hr\u0259man ad\u0131na layiq g\u00f6r\u00fcl\u00fcb.<\/p>\n<p>\u0130\u015f\u011fal alt\u0131nda qald\u0131\u011f\u0131 27 il \u0259rzind\u0259 erm\u0259ni silahl\u0131 d\u0259st\u0259l\u0259ri A\u011fdamda g\u00f6r\u00fcnm\u0259mi\u015f vandalizm h\u0259yata ke\u00e7iribl\u0259r. Buna q\u0259d\u0259r is\u0259 A\u011fdam n\u0259inki Qaraba\u011f b\u00f6lg\u0259sinin, el\u0259c\u0259 d\u0259 respublikan\u0131n \u0259n b\u00f6y\u00fck, inki\u015faf etmi\u015f \u015f\u0259h\u0259rl\u0259rind\u0259n idi. Burada 15 mind\u0259n art\u0131q f\u0259rdi ya\u015fay\u0131\u015f evi, 31 \u00e7oxm\u0259rt\u0259b\u0259li bina olub, 42 mind\u0259n \u00e7ox insan ya\u015fay\u0131b. A\u011fdamda 17 s\u0259naye m\u00fc\u0259ssis\u0259si f\u0259aliyy\u0259t g\u00f6st\u0259rirdi. Erm\u0259nil\u0259r i\u015f\u011fal etdikl\u0259ri A\u011fdam \u015f\u0259h\u0259rind\u0259 v\u0259 rayonun k\u0259ndl\u0259rind\u0259 ya\u015fay\u0131\u015f evl\u0259rini, ictimai binalar\u0131, m\u0259kt\u0259bl\u0259ri, u\u015faq ba\u011f\u00e7alar\u0131n\u0131, x\u0259st\u0259xanalar\u0131, istehsal m\u00fc\u0259ssis\u0259l\u0259rini talan edib, da\u011f\u0131d\u0131b v\u0259 yand\u0131r\u0131blar. Rayonun Xa\u00e7\u0131n-D\u0259rb\u0259ndli k\u0259ndind\u0259 Qutlu Musa o\u011flu t\u00fcrb\u0259si (1314-c\u00fc il), A\u011fdam \u015f\u0259h\u0259rind\u0259 m\u0259scid (1868-ci il), \u015eahbulaq k\u0259ndind\u0259 m\u0259b\u0259d (VI-VIII \u0259srl\u0259r), Karvansara (XVIII \u0259sr), Xano\u011flan m\u0259qb\u0259r\u0259si (XVII \u0259sr), K\u0259ng\u0259rli k\u0259ndind\u0259 m\u0259b\u0259d (VI \u0259sr), XIV \u0259sr\u0259 aid T\u00fcrb\u0259 v\u0259 Da\u015f abid\u0259l\u0259r, Paprav\u0259nd k\u0259ndind\u0259 XVIII \u0259sr\u0259 aid k\u00fcmb\u0259z v\u0259 m\u0259scid, A\u011fdam \u015f\u0259h\u0259rind\u0259 Qaraba\u011f xan\u0131 P\u0259nah\u0259li xan\u0131n imar\u0259ti (XVIII \u0259sr) v\u0259 t\u00fcrb\u0259si (XVIII \u0259sr), Xan q\u0131z\u0131 Xur\u015fidbanu Nat\u0259van\u0131n v\u0259 onun o\u011flunun t\u00fcrb\u0259l\u0259ri, onlarca dig\u0259r abid\u0259l\u0259r erm\u0259ni v\u0259h\u015filiyinin qurban\u0131na \u00e7evrilib. Erm\u0259nil\u0259r A\u011fdam rayonunda olan muzeyl\u0259rd\u0259ki eksponatlar\u0131 da talay\u0131b apar\u0131blar. Bel\u0259 muzeyl\u0259rd\u0259n 3 mind\u0259n art\u0131q eksponat\u0131 olan A\u011fdam tarix-diyar\u015f\u00fcnasl\u0131q muzeyinin, \u00c7\u00f6r\u0259k muzeyinin, tarz\u0259n Qurban Pirimovun xatir\u0259 muzeyinin, \u015f\u0259kil qalereyas\u0131n\u0131n adlar\u0131n\u0131 \u00e7\u0259km\u0259k olar. Bir s\u00f6zl\u0259, rayon \u0259razisind\u0259 m\u00f6vcud olan abid\u0259l\u0259r erm\u0259ni i\u015f\u011fal\u00e7\u0131lar\u0131 t\u0259r\u0259find\u0259n da\u011f\u0131d\u0131l\u0131b, m\u0259hv edilib. Vaxtil\u0259 Az\u0259rbaycan\u0131n \u0259n g\u00f6z\u0259l \u015f\u0259h\u0259rl\u0259rind\u0259n olan A\u011fdam\u0131n yerind\u0259 indi xarabal\u0131qlar qal\u0131b. Prezident \u0130lham \u018fliyev erm\u0259ni vandall\u0131\u011f\u0131 haqq\u0131nda dan\u0131\u015fark\u0259n deyib: \u201cA\u011fdam \u015f\u0259h\u0259ri yoxdur, o, da\u011f\u0131d\u0131l\u0131b. A\u011fdam \u015f\u0259h\u0259rind\u0259 qism\u0259n da\u011f\u0131d\u0131lm\u0131\u015f bir m\u0259scid qal\u0131b. Biz maraqlananda ki, b\u00fct\u00fcn ba\u015fqa m\u0259scidl\u0259r kimi onu n\u0259 \u00fc\u00e7\u00fcn da\u011f\u0131tmay\u0131blar, biz\u0259 dedil\u0259r ki, bu, bir n\u00f6v oriyentir idi, \u0259razid\u0259 s\u0259mti m\u00fc\u0259yy\u0259nl\u0259\u015fdirm\u0259k \u00fc\u00e7\u00fcn idi ki, \u0259g\u0259r Az\u0259rbaycan Ordusu bu istiqam\u0259td\u0259 h\u00fccuma ke\u00e7\u0259rs\u0259, artilleriyaya h\u00fccumun d\u0259qiq oriyentirl\u0259rini ver\u0259 bilsinl\u0259r. Ke\u00e7mi\u015f A\u011fdam \u015f\u0259h\u0259rind\u0259, ondan qalan \u0259razid\u0259 s\u0259f\u0259rd\u0259 olmu\u015f xarici jurnalistl\u0259r onu Qafqaz\u0131n Xirosimas\u0131 adland\u0131r\u0131rlar. M\u0259n hesab edir\u0259m ki, bu, Xirosimadan da pisdir. Ona g\u00f6r\u0259 ki, Xirosima n\u00fcv\u0259 faci\u0259si, atom z\u0259rb\u0259si idi. Lakin oradan vandallar v\u0259 barbarlar d\u0259st\u0259si ke\u00e7m\u0259mi\u015fdi. Biz\u0259 g\u0259ldikd\u0259 is\u0259 A\u011fdam \u015f\u0259h\u0259ri i\u015f\u011fal edil\u0259nd\u0259n sonra da\u011f\u0131d\u0131l\u0131b. F\u00fczuli \u015f\u0259h\u0259ri kimi, o da bil\u0259r\u0259kd\u0259n, m\u0259qs\u0259dy\u00f6nl\u00fc \u015f\u0259kild\u0259 da\u011f\u0131d\u0131l\u0131b. Biz A\u011fdam\u0131 azad ed\u0259nd\u0259 m\u0259n \u015f\u0259h\u0259rd\u0259ki evl\u0259rin birinin \u00fcz\u0259rind\u0259 Az\u0259rbaycan bayra\u011f\u0131 qald\u0131r\u0131lmas\u0131n\u0131 \u0259mr ed\u0259nd\u0259 dedil\u0259r ki, bel\u0259 bina yoxdur, minl\u0259rl\u0259, on minl\u0259rl\u0259 insan\u0131n ya\u015fad\u0131\u011f\u0131 b\u00f6y\u00fck \u015f\u0259h\u0259rd\u0259 birc\u0259 bina da qalmay\u0131b. Ham\u0131s\u0131 yerl\u0259-yeksan edilib. Bu, h\u0259rbi cinay\u0259tdir\u201d.<\/p>\n<p>Ali Ba\u015f Komandan \u0130lham \u018fliyevin diplomatik m\u0259har\u0259ti il\u0259 bir g\u00fcll\u0259 at\u0131lmadan d\u00fc\u015fm\u0259nin geri qaytard\u0131\u011f\u0131 A\u011fdam indi quruculu\u011fun ba\u015f meydan\u0131na \u00e7evrilib. \u00dc\u00e7 il \u00f6nc\u0259 Prezident \u0130lham \u018fliyev noyabr\u0131n 20-d\u0259 xalqa m\u00fcraci\u0259tind\u0259 A\u011fdam \u00fc\u00e7\u00fcn yeni d\u00f6vr\u00fcn ba\u015fland\u0131\u011f\u0131n\u0131, rayonun b\u0259rpas\u0131n\u0131n g\u0259l\u0259c\u0259k planlarda x\u00fcsusi yer tutaca\u011f\u0131n\u0131 bildirmi\u015fdi: &#8220;Biz A\u011fdam \u015f\u0259h\u0259rini d\u0259 b\u0259rpa ed\u0259c\u0259yik. \u018flb\u0259tt\u0259 ki, bunun \u00fc\u00e7\u00fcn biz b\u00fct\u00fcn i\u015fl\u0259ri \u0259sasl\u0131 \u015f\u0259kild\u0259 etm\u0259liyik. Ba\u015f plan haz\u0131rlanacaq, m\u00fct\u0259x\u0259ssisl\u0259r c\u0259lb olunacaq, infrastruktur layih\u0259l\u0259ri planl\u0131 \u015f\u0259kild\u0259 icra edil\u0259c\u0259k, inzibati binalar, sosial obyektl\u0259r, yollar v\u0259 dig\u0259r laz\u0131m olan i\u015fl\u0259r g\u00f6r\u00fcl\u0259c\u0259k. V\u0259t\u0259nda\u015flara oraya qay\u0131tmaq \u00fc\u00e7\u00fcn d\u00f6vl\u0259t t\u0259r\u0259find\u0259n k\u00f6m\u0259k g\u00f6st\u0259ril\u0259c\u0259k. Ona g\u00f6r\u0259 A\u011fdam rayonunun b\u0259rpas\u0131 bizim g\u0259l\u0259c\u0259k planlar\u0131m\u0131zda x\u00fcsusi yer tutacaq. \u00c7\u00fcnki h\u0259m \u0259razi bax\u0131m\u0131ndan b\u00f6y\u00fck rayondur, eyni zamanda, dediyim kimi, \u0259hali bax\u0131m\u0131ndan \u0259n b\u00f6y\u00fck rayondur&#8221;.<\/p>\n<p>\u015eanl\u0131 q\u0259l\u0259b\u0259 n\u0259tic\u0259sind\u0259 i\u015f\u011faldan azad edilmi\u015f dig\u0259r \u0259razil\u0259rimizd\u0259 oldu\u011fu kimi, A\u011fdamada da h\u0259yat yenid\u0259n canlan\u0131r. Azadl\u0131\u011f\u0131na qovu\u015fmu\u015f bu \u015f\u0259h\u0259r b\u00f6y\u00fck quruculuq, t\u0259mir-b\u0259rpa i\u015fl\u0259rinin \u015fahidin\u0259 \u00e7evrilib. Bir zamanlar n\u0259inki Qaraba\u011f\u0131n, el\u0259c\u0259 d\u0259 respublikam\u0131z\u0131n \u0259n inki\u015faf etmi\u015f, abad \u015f\u0259h\u0259rl\u0259rind\u0259n olan A\u011fdamda haz\u0131rda b\u00f6y\u00fck tikinti bumu ya\u015fan\u0131r. 2021-ci il 28 may tarixind\u0259 Az\u0259rbaycan ictimaiyy\u0259tin\u0259 t\u0259qdim olunmu\u015f Ba\u015f plan \u0259sas\u0131nda A\u011fdam tamamil\u0259 b\u0259rpa olunur. Prezident \u0130lham \u018fliyevin 2021-ci il may\u0131n 28-d\u0259 A\u011fdama s\u0259f\u0259ri zaman\u0131 avtomobil yolunun, ya\u015fay\u0131\u015f binas\u0131n\u0131n, S\u0259naye Park\u0131n\u0131n, 1 sayl\u0131 m\u0259kt\u0259bin yeni binas\u0131n\u0131n t\u0259m\u0259linin qoymas\u0131, park-me\u015f\u0259d\u0259 a\u011fac \u0259km\u0259si rayona yeni n\u0259f\u0259s g\u0259tirir. Ba\u015f plana \u0259sas\u0259n A\u011fdam \u015f\u0259h\u0259rinin \u0259razisi 1750 hektar, \u015f\u0259h\u0259r\u0259traf\u0131 ba\u011flar 2450 hektar olacaq. Burada a\u011f\u0131ll\u0131 v\u0259 dayan\u0131ql\u0131 sosial infrastruktur yarad\u0131lacaq. A\u011fdam \u015f\u0259h\u0259rind\u0259 h\u0259m f\u0259rdi evl\u0259r, h\u0259m d\u0259 y\u00fcks\u0259km\u0259rt\u0259b\u0259li ya\u015fay\u0131\u015f binalar\u0131 in\u015fa olunacaq. \u018fhalinin 30 faiz f\u0259rdi evl\u0259rd\u0259 ya\u015fayacaq. Y\u00fcks\u0259km\u0259rt\u0259b\u0259li binalar is\u0259 A\u011fdam \u015f\u0259h\u0259rinin \u0259razisinin 30 faizini, \u0259halinin 70 faizini \u0259hat\u0259 ed\u0259c\u0259k. \u015e\u0259h\u0259rin ya\u015f\u0131lla\u015fd\u0131r\u0131lmas\u0131 x\u00fcsusi diqq\u0259td\u0259 saxlan\u0131lacaq. Bel\u0259 ki, burada 4 b\u00f6y\u00fck me\u015f\u0259 sah\u0259si, 23 \u0259d\u0259d \u015f\u0259h\u0259r park\u0131 sal\u0131nacaq. \u00dcmumilikd\u0259 \u015f\u0259h\u0259rin \u0259razisinin 20 faizi ya\u015f\u0131ll\u0131qla t\u0259min olunacaq. Bu ya\u015f\u0131ll\u0131q h\u0259m \u015f\u0259h\u0259rin ekologiyas\u0131na, h\u0259m d\u0259 g\u00f6z\u0259lliyin\u0259 t\u00f6hf\u0259 ver\u0259c\u0259k. \u015e\u0259h\u0259rin i\u00e7\u0259risind\u0259 \u2013 su kanal\u0131n\u0131n ke\u00e7\u0259c\u0259yi yerd\u0259 art\u0131q me\u015f\u0259 park\u0131 sal\u0131n\u0131b. M\u00fch\u00fcm infrastruktur layih\u0259l\u0259ri icra edilir Bunlardan biri B\u0259rd\u0259-A\u011fdam avtomobil yolunun in\u015fas\u0131d\u0131r. Ba\u015flan\u011f\u0131c\u0131n\u0131 B\u0259rd\u0259 \u015f\u0259h\u0259rind\u0259n g\u00f6t\u00fcr\u0259n B\u0259rd\u0259-A\u011fdam avtomobil yolunun uzunlu\u011fu 44,5 kilometrdir. Avtomobil yolu Qaraba\u011f\u0131n inki\u015faf plan\u0131 n\u0259z\u0259r\u0259 al\u0131nmaqla, 4 h\u0259r\u0259k\u0259t zolaql\u0131 olmaqla I texniki d\u0259r\u0259c\u0259y\u0259 uy\u011fun olaraq in\u015fa edilir. Qaraba\u011fda ba\u015flan\u0131lan quruculuq i\u015fl\u0259ri \u00e7\u0259r\u00e7iv\u0259sind\u0259 d\u0259mir yolu infrastrukturu layih\u0259l\u0259ri d\u0259 intensiv \u015f\u0259kild\u0259 h\u0259yata ke\u00e7irilir. Bel\u0259 layih\u0259l\u0259rd\u0259n biri d\u0259 B\u0259rd\u0259-A\u011fdam d\u0259mir yolu x\u0259ttinin yenid\u0259n qurulmas\u0131d\u0131r. \u0130\u015f\u011faldan azad olunmu\u015f \u0259razil\u0259rin b\u0259rpas\u0131 v\u0259 A\u011fdam rayonunun dayan\u0131ql\u0131 sosial-iqtisadi inki\u015faf\u0131n\u0131n t\u0259min edilm\u0259si m\u0259qs\u0259dil\u0259 in\u015fa edil\u0259c\u0259k B\u0259rd\u0259-A\u011fdam d\u0259mir yolunun \u00fcmumi uzunlu\u011fu 45 kilometrdir. A\u011fdam rayonunun i\u015f\u011faldan azad edilmi\u015f hiss\u0259sind\u0259 h\u0259yata ke\u00e7iril\u0259n infrastruktur layih\u0259l\u0259ri aras\u0131nda elektrik t\u0259chizat\u0131 x\u00fcsusi \u00f6n\u0259m k\u0259sb edir. A\u011fdam rayonunun Az\u0259rbaycan\u0131n \u00fcmumi enerji sistemin\u0259 qo\u015fulmas\u0131, dayan\u0131ql\u0131 v\u0259 fasil\u0259siz elektrik enerjisi il\u0259 t\u0259chiz edilm\u0259si m\u0259qs\u0259dil\u0259 Prezident \u0130lham \u018fliyevin tap\u015f\u0131r\u0131\u011f\u0131na uy\u011fun olaraq \u201cAz\u0259renerji\u201d ASC t\u0259r\u0259find\u0259n art\u0131q h\u0259r biri 110\/35\/10 kilovoltluq \u201cA\u011fdam-1\u201d v\u0259 \u201cA\u011fdam-2\u201d yar\u0131mstansiyalar\u0131n\u0131n tikintisi yekunla\u015f\u0131b. Bu yar\u0131mstansiyalarda r\u0259q\u0259msal idar\u0259etm\u0259 m\u0259rk\u0259zi yarad\u0131l\u0131b.<\/p>\n<p>\u0130\u015f\u011faldan azad edilmi\u015f \u0259razil\u0259rd\u0259 apar\u0131lacaq quruculuq i\u015fl\u0259ri \u00e7\u0259r\u00e7iv\u0259sind\u0259 tarixi, m\u0259d\u0259ni v\u0259 dini irsimizin d\u0259 b\u0259rpas\u0131 n\u0259z\u0259rd\u0259 tutulub. Plana \u0259sas\u0259n P\u0259nah\u0259li xan\u0131n imar\u0259ti, karvansaray, hamam, t\u00fcrb\u0259l\u0259r, tribuna b\u0259rpa edil\u0259c\u0259k, atlar \u00fc\u00e7\u00fcn c\u0131d\u0131r, axur v\u0259 suvarma yeri yarad\u0131lacaq, \u0259raziy\u0259 \u00e7inar v\u0259 meyv\u0259 a\u011faclar\u0131 \u0259kil\u0259c\u0259k. A\u011fdam rayonunda iqtisadiyyat\u0131n, yerli istehsal\u0131n inki\u015faf\u0131na b\u00f6y\u00fck t\u0259kan ver\u0259c\u0259k, \u0259halinin m\u0259\u015f\u011fulluq s\u0259viyy\u0259sinin y\u00fcks\u0259lm\u0259sin\u0259 \u0259lav\u0259 imkanlar yaradacaq, layih\u0259l\u0259r icra olunacaq. Bel\u0259 layih\u0259l\u0259rd\u0259n biri A\u011fdam S\u0259naye Park\u0131d\u0131r. S\u0259naye park\u0131nda sosial sah\u0259, \u0130qtisadi Zonalar\u0131n \u0130nki\u015faf\u0131 Agentliyi \u00fc\u00e7\u00fcn mobilizasiya, Qida s\u0259nayesi m\u00fc\u0259ssis\u0259l\u0259ri, ki\u00e7ik istehsal v\u0259 xidm\u0259t m\u00fc\u0259ssis\u0259l\u0259ri, istehsal sah\u0259si, tikinti materiallar\u0131n\u0131n sat\u0131\u015f\u0131, TIR park\u0131, texnika t\u0259miri sah\u0259si, texniki zona v\u0259 iri s\u0259naye m\u00fc\u0259ssis\u0259l\u0259ri \u00fc\u00e7\u00fcn n\u0259z\u0259rd\u0259 tutulmu\u015f sah\u0259l\u0259r olacaq. Burada tikinti materiallar\u0131n\u0131n istehsal\u0131 m\u00fc\u0259ssis\u0259l\u0259rinin yarad\u0131lmas\u0131, k\u0259nd t\u0259s\u0259rr\u00fcfat\u0131 m\u0259hsullar\u0131n\u0131n qabla\u015fd\u0131r\u0131lmas\u0131n\u0131n, meyv\u0259-t\u0259r\u0259v\u0259z konservl\u0259rinin, \u0259t v\u0259 s\u00fcd m\u0259hsullar\u0131n\u0131n, \u015f\u0259rab, yem, g\u00fcbr\u0259 istehsal\u0131 v\u0259 emal\u0131n\u0131n, eyni zamanda, xidm\u0259t sah\u0259l\u0259rinin, soyuducu kameralar\u0131n t\u0259\u015fkili planla\u015fd\u0131r\u0131l\u0131r. Art\u0131q A\u011fdam\u0131n b\u0259rpa, yenid\u0259nqurma, inki\u015faf, \u00e7i\u00e7\u0259kl\u0259nm\u0259 d\u00f6vr\u00fc ba\u015flay\u0131b. D\u00fc\u015fm\u0259nin 30 il\u0259 yax\u0131n m\u00fcdd\u0259td\u0259 talay\u0131b da\u011f\u0131td\u0131\u011f\u0131 \u015f\u0259h\u0259r\u0259 indi yeni n\u0259f\u0259s g\u0259lir.<\/p>\n","protected":false},"excerpt":{"rendered":"<p>Bu il ilk d\u0259f\u0259 A\u011fdam \u015e\u0259h\u0259ri G\u00fcn\u00fc qeyd olundu. Prezident \u0130lham \u018fliyevin 2023-c\u00fc il iyulun 31-d\u0259 imzalad\u0131\u011f\u0131 S\u0259r\u0259ncama \u0259sas\u0259n, h\u0259r il noyabr\u0131n 20-si A\u011fdam \u015e\u0259h\u0259ri G\u00fcn\u00fc olacaq. Bu \u0259lam\u0259tdar g\u00fcn\u00fcn t\u0259sis olunmas\u0131 A\u011fdam \u015f\u0259h\u0259rinin Erm\u0259nistan silahl\u0131 q\u00fcvv\u0259l\u0259rinin i\u015f\u011fal\u0131ndan azad edilm\u0259si tarixi il\u0259 ba\u011fl\u0131d\u0131r. Olduqca g\u00f6z\u0259l, f\u00fcs\u00fcnkar t\u0259bi\u0259t\u0259, m\u0259hsuldar torpa\u011fa\u00a0 malik olan q\u0259dim A\u011fdam rayonu Qaraba\u011f\u0131n m\u0259rk\u0259zind\u0259 yerl\u0259\u015fir. A\u011fdam s\u00f6z\u00fc q\u0259dim t\u00fcrk dilind\u0259 \u201cki\u00e7ik qala\u201d dem\u0259kdir. Ke\u00e7mi\u015f zamanlarda burada q\u0259dim t\u00fcrk q\u0259bil\u0259l\u0259ri d\u00fc\u015fm\u0259nd\u0259n qorunmaq \u00fc\u00e7\u00fcn \u00f6zl\u0259rin\u0259 ki\u00e7ik qalalar tikibl\u0259r. XVIII \u0259srin birinci yar\u0131s\u0131nda is\u0259 P\u0259nah\u0259li xan burada \u00f6z\u00fc \u00fc\u00e7\u00fcn a\u011f da\u015fdan&hellip;<\/p>\n","protected":false},"author":2,"featured_media":659780,"comment_status":"closed","ping_status":"closed","sticky":false,"template":"","format":"standard","meta":{"om_disable_all_campaigns":false,"_monsterinsights_skip_tracking":false,"_monsterinsights_sitenote_active":false,"_monsterinsights_sitenote_note":"","_monsterinsights_sitenote_category":0},"categories":[1],"tags":[],"aioseo_notices":[],"gutentor_comment":0,"rttpg_featured_image_url":{"full":["https:\/\/arantv.az\/wp-content\/uploads\/2023\/11\/1868f17c160602692280291171110028109.jpg",975,540,false],"landscape":["https:\/\/arantv.az\/wp-content\/uploads\/2023\/11\/1868f17c160602692280291171110028109.jpg",975,540,false],"portraits":["https:\/\/arantv.az\/wp-content\/uploads\/2023\/11\/1868f17c160602692280291171110028109.jpg",975,540,false],"thumbnail":["https:\/\/arantv.az\/wp-content\/uploads\/2023\/11\/1868f17c160602692280291171110028109-500x280.jpg",500,280,true],"medium":["https:\/\/arantv.az\/wp-content\/uploads\/2023\/11\/1868f17c160602692280291171110028109-660x365.jpg",660,365,true],"large":["https:\/\/arantv.az\/wp-content\/uploads\/2023\/11\/1868f17c160602692280291171110028109-840x465.jpg",640,354,true],"1536x1536":["https:\/\/arantv.az\/wp-content\/uploads\/2023\/11\/1868f17c160602692280291171110028109.jpg",975,540,false],"2048x2048":["https:\/\/arantv.az\/wp-content\/uploads\/2023\/11\/1868f17c160602692280291171110028109.jpg",975,540,false],"post-thumbnail":["https:\/\/arantv.az\/wp-content\/uploads\/2023\/11\/1868f17c160602692280291171110028109-240x172.jpg",240,172,true],"advps-thumb-one":["https:\/\/arantv.az\/wp-content\/uploads\/2023\/11\/1868f17c160602692280291171110028109.jpg",975,540,false]},"rttpg_author":{"display_name":"V\u00fcsal Rafiqo\u011flu","author_link":"https:\/\/arantv.az\/?author=2"},"rttpg_comment":0,"rttpg_category":"<a href=\"https:\/\/arantv.az\/?cat=1\" rel=\"category\">C\u0259miyy\u0259t<\/a>","rttpg_excerpt":"Bu il ilk d\u0259f\u0259 A\u011fdam \u015e\u0259h\u0259ri G\u00fcn\u00fc qeyd olundu. Prezident \u0130lham \u018fliyevin 2023-c\u00fc il iyulun 31-d\u0259 imzalad\u0131\u011f\u0131 S\u0259r\u0259ncama \u0259sas\u0259n, h\u0259r il noyabr\u0131n 20-si A\u011fdam \u015e\u0259h\u0259ri G\u00fcn\u00fc olacaq. Bu \u0259lam\u0259tdar g\u00fcn\u00fcn t\u0259sis olunmas\u0131 A\u011fdam \u015f\u0259h\u0259rinin Erm\u0259nistan silahl\u0131 q\u00fcvv\u0259l\u0259rinin i\u015f\u011fal\u0131ndan azad edilm\u0259si tarixi il\u0259 ba\u011fl\u0131d\u0131r. Olduqca g\u00f6z\u0259l, f\u00fcs\u00fcnkar t\u0259bi\u0259t\u0259, m\u0259hsuldar torpa\u011fa\u00a0 malik olan q\u0259dim A\u011fdam rayonu Qaraba\u011f\u0131n&hellip;","_links":{"self":[{"href":"https:\/\/arantv.az\/index.php?rest_route=\/wp\/v2\/posts\/659773"}],"collection":[{"href":"https:\/\/arantv.az\/index.php?rest_route=\/wp\/v2\/posts"}],"about":[{"href":"https:\/\/arantv.az\/index.php?rest_route=\/wp\/v2\/types\/post"}],"author":[{"embeddable":true,"href":"https:\/\/arantv.az\/index.php?rest_route=\/wp\/v2\/users\/2"}],"replies":[{"embeddable":true,"href":"https:\/\/arantv.az\/index.php?rest_route=%2Fwp%2Fv2%2Fcomments&post=659773"}],"version-history":[{"count":0,"href":"https:\/\/arantv.az\/index.php?rest_route=\/wp\/v2\/posts\/659773\/revisions"}],"wp:featuredmedia":[{"embeddable":true,"href":"https:\/\/arantv.az\/index.php?rest_route=\/wp\/v2\/media\/659780"}],"wp:attachment":[{"href":"https:\/\/arantv.az\/index.php?rest_route=%2Fwp%2Fv2%2Fmedia&parent=659773"}],"wp:term":[{"taxonomy":"category","embeddable":true,"href":"https:\/\/arantv.az\/index.php?rest_route=%2Fwp%2Fv2%2Fcategories&post=659773"},{"taxonomy":"post_tag","embeddable":true,"href":"https:\/\/arantv.az\/index.php?rest_route=%2Fwp%2Fv2%2Ftags&post=659773"}],"curies":[{"name":"wp","href":"https:\/\/api.w.org\/{rel}","templated":true}]}}